{"id":129737,"date":"2026-03-11T11:34:53","date_gmt":"2026-03-11T11:34:53","guid":{"rendered":"https:\/\/www.altominho.tv\/site\/?p=129737"},"modified":"2026-03-11T11:36:36","modified_gmt":"2026-03-11T11:36:36","slug":"homem-detido-por-trafico-de-droga","status":"publish","type":"post","link":"https:\/\/www.altominho.tv\/site\/2026\/03\/11\/homem-detido-por-trafico-de-droga\/","title":{"rendered":"Homem detido por tr\u00e1fico de droga"},"content":{"rendered":"<p class=\"p1\">Um homem de 49 anos foi detido por tr\u00e1fico de droga no concelho de Viana do Castelo, no dia 5 de mar\u00e7o.<\/p>\n<p class=\"p1\">A deten\u00e7\u00e3o foi feita pelo Comando Territorial de Viana do Castelo da GNR, atrav\u00e9s do N\u00facleo de Investiga\u00e7\u00e3o Criminal (NIC) de Viana do Castelo, no \u00e2mbito de uma investiga\u00e7\u00e3o relacionada com tr\u00e1fico de estupefacientes.<\/p>\n<p class=\"p1\">Durante a opera\u00e7\u00e3o, os militares da GNR realizaram tr\u00eas buscas, duas em casas e uma num ve\u00edculo, que levaram \u00e0 deten\u00e7\u00e3o do suspeito.<\/p>\n<p class=\"p1\">No decorrer da a\u00e7\u00e3o policial, os militares recuperaram ainda um ve\u00edculo que tinha sido furtado e apreenderam v\u00e1rios materiais.<\/p>\n<p class=\"p1\">Entre o material apreendido est\u00e3o 96 doses de coca\u00edna, 25 doses de hero\u00edna e quatro doses de haxixe. Foram tamb\u00e9m apreendidas quatro armas brancas, tr\u00eas armas de ar comprimido, uma arma de fogo transformada e v\u00e1rias muni\u00e7\u00f5es.<\/p>\n<p class=\"p1\">As autoridades apreenderam ainda tr\u00eas telem\u00f3veis e um ciclomotor.<\/p>\n<p class=\"p1\">O detido foi presente ao Tribunal Judicial de Viana do Castelo, tendo-lhe sido aplicada a medida de coa\u00e7\u00e3o de\u00a0pris\u00e3o preventiva.<\/p>\n","protected":false},"excerpt":{"rendered":"<p>Um homem de 49 anos foi detido por tr\u00e1fico de droga no concelho de Viana do Castelo, no dia 5 de mar\u00e7o. A deten\u00e7\u00e3o foi feita pelo Comando Territorial de Viana do Castelo da GNR, atrav\u00e9s do N\u00facleo de Investiga\u00e7\u00e3o Criminal (NIC) de Viana do Castelo, no \u00e2mbito de uma investiga\u00e7\u00e3o relacionada com tr\u00e1fico de [&hellip;]<\/p>\n","protected":false},"author":30,"featured_media":123014,"comment_status":"closed","ping_status":"closed","sticky":false,"template":"","format":"standard","meta":{"_exactmetrics_skip_tracking":false,"_exactmetrics_sitenote_active":false,"_exactmetrics_sitenote_note":"","_exactmetrics_sitenote_category":0,"footnotes":""},"categories":[14],"tags":[27],"class_list":["post-129737","post","type-post","status-publish","format-standard","has-post-thumbnail","hentry","category-viana-do-castelo","tag-sociedade"],"yoast_head":"<!-- This site is optimized with the Yoast SEO Premium plugin v27.4 (Yoast SEO v27.4) - https:\/\/yoast.com\/product\/yoast-seo-premium-wordpress\/ -->\n<title>Homem detido por tr\u00e1fico de droga<\/title>\n<meta name=\"description\" content=\"A deten\u00e7\u00e3o foi feita pelo Comando Territorial de Viana do Castelo da GNR, atrav\u00e9s do N\u00facleo de Investiga\u00e7\u00e3o Criminal (NIC) de Viana do Castelo, no \u00e2mbito de uma investiga\u00e7\u00e3o relacionada com tr\u00e1fico de estupefacientes.\" \/>\n<meta name=\"robots\" content=\"index, follow, max-snippet:-1, max-image-preview:large, max-video-preview:-1\" \/>\n<link rel=\"canonical\" href=\"https:\/\/www.altominho.tv\/site\/2026\/03\/11\/homem-detido-por-trafico-de-droga\/\" \/>\n<meta property=\"og:locale\" content=\"pt_PT\" \/>\n<meta property=\"og:type\" content=\"article\" \/>\n<meta property=\"og:title\" content=\"Homem detido por tr\u00e1fico de droga\" \/>\n<meta property=\"og:description\" content=\"A deten\u00e7\u00e3o foi feita pelo Comando Territorial de Viana do Castelo da GNR, atrav\u00e9s do N\u00facleo de Investiga\u00e7\u00e3o Criminal (NIC) de Viana do Castelo, no \u00e2mbito de uma investiga\u00e7\u00e3o relacionada com tr\u00e1fico de estupefacientes.\" \/>\n<meta property=\"og:url\" content=\"https:\/\/www.altominho.tv\/site\/2026\/03\/11\/homem-detido-por-trafico-de-droga\/\" \/>\n<meta property=\"og:site_name\" content=\"Altominho.tv\" \/>\n<meta property=\"article:publisher\" content=\"https:\/\/www.facebook.com\/altominhotv\" \/>\n<meta property=\"article:published_time\" content=\"2026-03-11T11:34:53+00:00\" \/>\n<meta property=\"article:modified_time\" content=\"2026-03-11T11:36:36+00:00\" \/>\n<meta property=\"og:image\" content=\"https:\/\/www.altominho.tv\/site\/wp-content\/uploads\/2025\/09\/detido.jpg\" \/>\n\t<meta property=\"og:image:width\" content=\"1200\" \/>\n\t<meta property=\"og:image:height\" content=\"630\" \/>\n\t<meta property=\"og:image:type\" content=\"image\/jpeg\" \/>\n<meta name=\"author\" content=\"Eduarda Cardoso\" \/>\n<meta name=\"twitter:card\" content=\"summary_large_image\" \/>\n<meta name=\"twitter:creator\" content=\"@altominhoTV\" \/>\n<meta name=\"twitter:site\" content=\"@altominhoTV\" \/>\n<meta name=\"twitter:label1\" content=\"Escrito por\" \/>\n\t<meta name=\"twitter:data1\" content=\"Eduarda Cardoso\" \/>\n\t<meta name=\"twitter:label2\" content=\"Tempo estimado de leitura\" \/>\n\t<meta name=\"twitter:data2\" content=\"2 minutos\" \/>\n<script type=\"application\/ld+json\" class=\"yoast-schema-graph\">{\"@context\":\"https:\\\/\\\/schema.org\",\"@graph\":[{\"@type\":\"Article\",\"@id\":\"https:\\\/\\\/www.altominho.tv\\\/site\\\/2026\\\/03\\\/11\\\/homem-detido-por-trafico-de-droga\\\/#article\",\"isPartOf\":{\"@id\":\"https:\\\/\\\/www.altominho.tv\\\/site\\\/2026\\\/03\\\/11\\\/homem-detido-por-trafico-de-droga\\\/\"},\"author\":{\"name\":\"Eduarda Cardoso\",\"@id\":\"https:\\\/\\\/www.altominho.tv\\\/site\\\/#\\\/schema\\\/person\\\/9e351387b727413d005ccf1152c93539\"},\"headline\":\"Homem detido por tr\u00e1fico de droga\",\"datePublished\":\"2026-03-11T11:34:53+00:00\",\"dateModified\":\"2026-03-11T11:36:36+00:00\",\"mainEntityOfPage\":{\"@id\":\"https:\\\/\\\/www.altominho.tv\\\/site\\\/2026\\\/03\\\/11\\\/homem-detido-por-trafico-de-droga\\\/\"},\"wordCount\":193,\"image\":{\"@id\":\"https:\\\/\\\/www.altominho.tv\\\/site\\\/2026\\\/03\\\/11\\\/homem-detido-por-trafico-de-droga\\\/#primaryimage\"},\"thumbnailUrl\":\"https:\\\/\\\/www.altominho.tv\\\/site\\\/wp-content\\\/uploads\\\/2025\\\/09\\\/detido.jpg\",\"keywords\":[\"Sociedade\"],\"articleSection\":[\"Viana do Castelo\"],\"inLanguage\":\"pt-PT\",\"copyrightYear\":\"2026\",\"copyrightHolder\":{\"@id\":\"https:\\\/\\\/www.altominho.tv\\\/site\\\/#organization\"}},{\"@type\":\"WebPage\",\"@id\":\"https:\\\/\\\/www.altominho.tv\\\/site\\\/2026\\\/03\\\/11\\\/homem-detido-por-trafico-de-droga\\\/\",\"url\":\"https:\\\/\\\/www.altominho.tv\\\/site\\\/2026\\\/03\\\/11\\\/homem-detido-por-trafico-de-droga\\\/\",\"name\":\"Homem detido por tr\u00e1fico de droga\",\"isPartOf\":{\"@id\":\"https:\\\/\\\/www.altominho.tv\\\/site\\\/#website\"},\"primaryImageOfPage\":{\"@id\":\"https:\\\/\\\/www.altominho.tv\\\/site\\\/2026\\\/03\\\/11\\\/homem-detido-por-trafico-de-droga\\\/#primaryimage\"},\"image\":{\"@id\":\"https:\\\/\\\/www.altominho.tv\\\/site\\\/2026\\\/03\\\/11\\\/homem-detido-por-trafico-de-droga\\\/#primaryimage\"},\"thumbnailUrl\":\"https:\\\/\\\/www.altominho.tv\\\/site\\\/wp-content\\\/uploads\\\/2025\\\/09\\\/detido.jpg\",\"datePublished\":\"2026-03-11T11:34:53+00:00\",\"dateModified\":\"2026-03-11T11:36:36+00:00\",\"author\":{\"@id\":\"https:\\\/\\\/www.altominho.tv\\\/site\\\/#\\\/schema\\\/person\\\/9e351387b727413d005ccf1152c93539\"},\"description\":\"A deten\u00e7\u00e3o foi feita pelo Comando Territorial de Viana do Castelo da GNR, atrav\u00e9s do N\u00facleo de Investiga\u00e7\u00e3o Criminal (NIC) de Viana do Castelo, no \u00e2mbito de uma investiga\u00e7\u00e3o relacionada com tr\u00e1fico de estupefacientes.\",\"breadcrumb\":{\"@id\":\"https:\\\/\\\/www.altominho.tv\\\/site\\\/2026\\\/03\\\/11\\\/homem-detido-por-trafico-de-droga\\\/#breadcrumb\"},\"inLanguage\":\"pt-PT\",\"potentialAction\":[{\"@type\":\"ReadAction\",\"target\":[\"https:\\\/\\\/www.altominho.tv\\\/site\\\/2026\\\/03\\\/11\\\/homem-detido-por-trafico-de-droga\\\/\"]}]},{\"@type\":\"ImageObject\",\"inLanguage\":\"pt-PT\",\"@id\":\"https:\\\/\\\/www.altominho.tv\\\/site\\\/2026\\\/03\\\/11\\\/homem-detido-por-trafico-de-droga\\\/#primaryimage\",\"url\":\"https:\\\/\\\/www.altominho.tv\\\/site\\\/wp-content\\\/uploads\\\/2025\\\/09\\\/detido.jpg\",\"contentUrl\":\"https:\\\/\\\/www.altominho.tv\\\/site\\\/wp-content\\\/uploads\\\/2025\\\/09\\\/detido.jpg\",\"width\":1200,\"height\":630},{\"@type\":\"BreadcrumbList\",\"@id\":\"https:\\\/\\\/www.altominho.tv\\\/site\\\/2026\\\/03\\\/11\\\/homem-detido-por-trafico-de-droga\\\/#breadcrumb\",\"itemListElement\":[{\"@type\":\"ListItem\",\"position\":1,\"name\":\"In\u00edcio\",\"item\":\"https:\\\/\\\/www.altominho.tv\\\/site\\\/\"},{\"@type\":\"ListItem\",\"position\":2,\"name\":\"Homem detido por tr\u00e1fico de droga\"}]},{\"@type\":\"WebSite\",\"@id\":\"https:\\\/\\\/www.altominho.tv\\\/site\\\/#website\",\"url\":\"https:\\\/\\\/www.altominho.tv\\\/site\\\/\",\"name\":\"Altominho.tv\",\"description\":\"A sua regi\u00e3o \u00e0 dist\u00e2ncia de um clique...\",\"potentialAction\":[{\"@type\":\"SearchAction\",\"target\":{\"@type\":\"EntryPoint\",\"urlTemplate\":\"https:\\\/\\\/www.altominho.tv\\\/site\\\/?s={search_term_string}\"},\"query-input\":{\"@type\":\"PropertyValueSpecification\",\"valueRequired\":true,\"valueName\":\"search_term_string\"}}],\"inLanguage\":\"pt-PT\"},{\"@type\":\"Person\",\"@id\":\"https:\\\/\\\/www.altominho.tv\\\/site\\\/#\\\/schema\\\/person\\\/9e351387b727413d005ccf1152c93539\",\"name\":\"Eduarda Cardoso\",\"image\":{\"@type\":\"ImageObject\",\"inLanguage\":\"pt-PT\",\"@id\":\"https:\\\/\\\/www.altominho.tv\\\/site\\\/wp-content\\\/uploads\\\/2021\\\/01\\\/cropped-Logo-ATV_WEB-150x150.png\",\"url\":\"https:\\\/\\\/www.altominho.tv\\\/site\\\/wp-content\\\/uploads\\\/2021\\\/01\\\/cropped-Logo-ATV_WEB-150x150.png\",\"contentUrl\":\"https:\\\/\\\/www.altominho.tv\\\/site\\\/wp-content\\\/uploads\\\/2021\\\/01\\\/cropped-Logo-ATV_WEB-150x150.png\",\"caption\":\"Eduarda Cardoso\"},\"url\":\"https:\\\/\\\/www.altominho.tv\\\/site\\\/author\\\/eduarda-cardoso\\\/\"}]}<\/script>\n<!-- \/ Yoast SEO Premium plugin. -->","yoast_head_json":{"title":"Homem detido por tr\u00e1fico de droga","description":"A deten\u00e7\u00e3o foi feita pelo Comando Territorial de Viana do Castelo da GNR, atrav\u00e9s do N\u00facleo de Investiga\u00e7\u00e3o Criminal (NIC) de Viana do Castelo, no \u00e2mbito de uma investiga\u00e7\u00e3o relacionada com tr\u00e1fico de estupefacientes.","robots":{"index":"index","follow":"follow","max-snippet":"max-snippet:-1","max-image-preview":"max-image-preview:large","max-video-preview":"max-video-preview:-1"},"canonical":"https:\/\/www.altominho.tv\/site\/2026\/03\/11\/homem-detido-por-trafico-de-droga\/","og_locale":"pt_PT","og_type":"article","og_title":"Homem detido por tr\u00e1fico de droga","og_description":"A deten\u00e7\u00e3o foi feita pelo Comando Territorial de Viana do Castelo da GNR, atrav\u00e9s do N\u00facleo de Investiga\u00e7\u00e3o Criminal (NIC) de Viana do Castelo, no \u00e2mbito de uma investiga\u00e7\u00e3o relacionada com tr\u00e1fico de estupefacientes.","og_url":"https:\/\/www.altominho.tv\/site\/2026\/03\/11\/homem-detido-por-trafico-de-droga\/","og_site_name":"Altominho.tv","article_publisher":"https:\/\/www.facebook.com\/altominhotv","article_published_time":"2026-03-11T11:34:53+00:00","article_modified_time":"2026-03-11T11:36:36+00:00","og_image":[{"width":1200,"height":630,"url":"https:\/\/www.altominho.tv\/site\/wp-content\/uploads\/2025\/09\/detido.jpg","type":"image\/jpeg"}],"author":"Eduarda Cardoso","twitter_card":"summary_large_image","twitter_creator":"@altominhoTV","twitter_site":"@altominhoTV","twitter_misc":{"Escrito por":"Eduarda Cardoso","Tempo estimado de leitura":"2 minutos"},"schema":{"@context":"https:\/\/schema.org","@graph":[{"@type":"Article","@id":"https:\/\/www.altominho.tv\/site\/2026\/03\/11\/homem-detido-por-trafico-de-droga\/#article","isPartOf":{"@id":"https:\/\/www.altominho.tv\/site\/2026\/03\/11\/homem-detido-por-trafico-de-droga\/"},"author":{"name":"Eduarda Cardoso","@id":"https:\/\/www.altominho.tv\/site\/#\/schema\/person\/9e351387b727413d005ccf1152c93539"},"headline":"Homem detido por tr\u00e1fico de droga","datePublished":"2026-03-11T11:34:53+00:00","dateModified":"2026-03-11T11:36:36+00:00","mainEntityOfPage":{"@id":"https:\/\/www.altominho.tv\/site\/2026\/03\/11\/homem-detido-por-trafico-de-droga\/"},"wordCount":193,"image":{"@id":"https:\/\/www.altominho.tv\/site\/2026\/03\/11\/homem-detido-por-trafico-de-droga\/#primaryimage"},"thumbnailUrl":"https:\/\/www.altominho.tv\/site\/wp-content\/uploads\/2025\/09\/detido.jpg","keywords":["Sociedade"],"articleSection":["Viana do Castelo"],"inLanguage":"pt-PT","copyrightYear":"2026","copyrightHolder":{"@id":"https:\/\/www.altominho.tv\/site\/#organization"}},{"@type":"WebPage","@id":"https:\/\/www.altominho.tv\/site\/2026\/03\/11\/homem-detido-por-trafico-de-droga\/","url":"https:\/\/www.altominho.tv\/site\/2026\/03\/11\/homem-detido-por-trafico-de-droga\/","name":"Homem detido por tr\u00e1fico de droga","isPartOf":{"@id":"https:\/\/www.altominho.tv\/site\/#website"},"primaryImageOfPage":{"@id":"https:\/\/www.altominho.tv\/site\/2026\/03\/11\/homem-detido-por-trafico-de-droga\/#primaryimage"},"image":{"@id":"https:\/\/www.altominho.tv\/site\/2026\/03\/11\/homem-detido-por-trafico-de-droga\/#primaryimage"},"thumbnailUrl":"https:\/\/www.altominho.tv\/site\/wp-content\/uploads\/2025\/09\/detido.jpg","datePublished":"2026-03-11T11:34:53+00:00","dateModified":"2026-03-11T11:36:36+00:00","author":{"@id":"https:\/\/www.altominho.tv\/site\/#\/schema\/person\/9e351387b727413d005ccf1152c93539"},"description":"A deten\u00e7\u00e3o foi feita pelo Comando Territorial de Viana do Castelo da GNR, atrav\u00e9s do N\u00facleo de Investiga\u00e7\u00e3o Criminal (NIC) de Viana do Castelo, no \u00e2mbito de uma investiga\u00e7\u00e3o relacionada com tr\u00e1fico de estupefacientes.","breadcrumb":{"@id":"https:\/\/www.altominho.tv\/site\/2026\/03\/11\/homem-detido-por-trafico-de-droga\/#breadcrumb"},"inLanguage":"pt-PT","potentialAction":[{"@type":"ReadAction","target":["https:\/\/www.altominho.tv\/site\/2026\/03\/11\/homem-detido-por-trafico-de-droga\/"]}]},{"@type":"ImageObject","inLanguage":"pt-PT","@id":"https:\/\/www.altominho.tv\/site\/2026\/03\/11\/homem-detido-por-trafico-de-droga\/#primaryimage","url":"https:\/\/www.altominho.tv\/site\/wp-content\/uploads\/2025\/09\/detido.jpg","contentUrl":"https:\/\/www.altominho.tv\/site\/wp-content\/uploads\/2025\/09\/detido.jpg","width":1200,"height":630},{"@type":"BreadcrumbList","@id":"https:\/\/www.altominho.tv\/site\/2026\/03\/11\/homem-detido-por-trafico-de-droga\/#breadcrumb","itemListElement":[{"@type":"ListItem","position":1,"name":"In\u00edcio","item":"https:\/\/www.altominho.tv\/site\/"},{"@type":"ListItem","position":2,"name":"Homem detido por tr\u00e1fico de droga"}]},{"@type":"WebSite","@id":"https:\/\/www.altominho.tv\/site\/#website","url":"https:\/\/www.altominho.tv\/site\/","name":"Altominho.tv","description":"A sua regi\u00e3o \u00e0 dist\u00e2ncia de um clique...","potentialAction":[{"@type":"SearchAction","target":{"@type":"EntryPoint","urlTemplate":"https:\/\/www.altominho.tv\/site\/?s={search_term_string}"},"query-input":{"@type":"PropertyValueSpecification","valueRequired":true,"valueName":"search_term_string"}}],"inLanguage":"pt-PT"},{"@type":"Person","@id":"https:\/\/www.altominho.tv\/site\/#\/schema\/person\/9e351387b727413d005ccf1152c93539","name":"Eduarda Cardoso","image":{"@type":"ImageObject","inLanguage":"pt-PT","@id":"https:\/\/www.altominho.tv\/site\/wp-content\/uploads\/2021\/01\/cropped-Logo-ATV_WEB-150x150.png","url":"https:\/\/www.altominho.tv\/site\/wp-content\/uploads\/2021\/01\/cropped-Logo-ATV_WEB-150x150.png","contentUrl":"https:\/\/www.altominho.tv\/site\/wp-content\/uploads\/2021\/01\/cropped-Logo-ATV_WEB-150x150.png","caption":"Eduarda Cardoso"},"url":"https:\/\/www.altominho.tv\/site\/author\/eduarda-cardoso\/"}]}},"_links":{"self":[{"href":"https:\/\/www.altominho.tv\/site\/wp-json\/wp\/v2\/posts\/129737","targetHints":{"allow":["GET"]}}],"collection":[{"href":"https:\/\/www.altominho.tv\/site\/wp-json\/wp\/v2\/posts"}],"about":[{"href":"https:\/\/www.altominho.tv\/site\/wp-json\/wp\/v2\/types\/post"}],"author":[{"embeddable":true,"href":"https:\/\/www.altominho.tv\/site\/wp-json\/wp\/v2\/users\/30"}],"replies":[{"embeddable":true,"href":"https:\/\/www.altominho.tv\/site\/wp-json\/wp\/v2\/comments?post=129737"}],"version-history":[{"count":2,"href":"https:\/\/www.altominho.tv\/site\/wp-json\/wp\/v2\/posts\/129737\/revisions"}],"predecessor-version":[{"id":129739,"href":"https:\/\/www.altominho.tv\/site\/wp-json\/wp\/v2\/posts\/129737\/revisions\/129739"}],"wp:featuredmedia":[{"embeddable":true,"href":"https:\/\/www.altominho.tv\/site\/wp-json\/wp\/v2\/media\/123014"}],"wp:attachment":[{"href":"https:\/\/www.altominho.tv\/site\/wp-json\/wp\/v2\/media?parent=129737"}],"wp:term":[{"taxonomy":"category","embeddable":true,"href":"https:\/\/www.altominho.tv\/site\/wp-json\/wp\/v2\/categories?post=129737"},{"taxonomy":"post_tag","embeddable":true,"href":"https:\/\/www.altominho.tv\/site\/wp-json\/wp\/v2\/tags?post=129737"}],"curies":[{"name":"wp","href":"https:\/\/api.w.org\/{rel}","templated":true}]}}