{"id":129714,"date":"2026-03-11T08:59:36","date_gmt":"2026-03-11T08:59:36","guid":{"rendered":"https:\/\/www.altominho.tv\/site\/?p=129714"},"modified":"2026-03-11T08:59:38","modified_gmt":"2026-03-11T08:59:38","slug":"a-melhor-coisa-que-portugal-pode-fazer-e-preservar-a-sua-estabilidade","status":"publish","type":"post","link":"https:\/\/www.altominho.tv\/site\/2026\/03\/11\/a-melhor-coisa-que-portugal-pode-fazer-e-preservar-a-sua-estabilidade\/","title":{"rendered":"Portas defende que &#8220;a melhor coisa que Portugal pode fazer \u00e9 preservar a sua estabilidade\u201d"},"content":{"rendered":"<p>O antigo vice-primeiro-ministro Paulo Portas defendeu\u00a0 que &#8220;a melhor coisa que Portugal pode fazer \u00e9 preservar a sua estabilidade&#8221; num mundo &#8220;vol\u00e1til e perigoso&#8221; e avisou que \u00fanica forma de melhorar sal\u00e1rios m\u00e9dios \u00e9 aumentando a produtividade.<\/p>\n<p>O antigo l\u00edder do CDS-PP foi o orador convidado do jantar das jornadas parlamentares do PSD, que decorrem em Caminha (Viana do Castelo), e que contaram com a presen\u00e7a n\u00e3o previamente anunciada do presidente do PSD e primeiro-ministro, Lu\u00eds Montenegro, e seis ministros do atual Governo.<\/p>\n<p>\u00c0 entrada, Montenegro n\u00e3o prestou declara\u00e7\u00f5es \u00e0 comunica\u00e7\u00e3o social, dizendo que veio &#8220;ouvir o dr. Paulo Portas&#8221;, remetendo para a sua interven\u00e7\u00e3o de encerramento das jornadas, na quarta-feira, pela hora de almo\u00e7o.<\/p>\n<p>Numa interven\u00e7\u00e3o de quase 50 minutos sobre a situa\u00e7\u00e3o europeia e mundial, Paulo Portas, que foi vice-primeiro-ministro no Governo PSD\/CDS-PP liderado por Pedro Passos Coelho, deixou, no final, apenas uma breve refer\u00eancia sobre a situa\u00e7\u00e3o nacional.<\/p>\n<p>&#8220;Perante um mundo assim, o que h\u00e1 de pensar um portugu\u00eas? O mundo est\u00e1 muito vol\u00e1til, frequentemente perigoso, \u00e0s vezes irracional e \u00e9 motivo de muita preocupa\u00e7\u00e3o&#8221;, afirmou.<\/p>\n<p>E deixou um conselho: &#8220;A melhor coisa que Portugal pode fazer em nome dos seus interesses e dos portugueses \u00e9 preservar a sua estabilidade, quando \u00e0 nossa volta h\u00e1 tanta instabilidade&#8221;, disse.<\/p>\n<p>Antes, sobre a situa\u00e7\u00e3o mundial, Portas j\u00e1 tinha deixado outro apelo \u00e0 estabilidade, dizendo que nenhum dos principais problemas atuais se resolvem com &#8220;tweets ou posts&#8221; nas redes sociais: \u201cImplicam compromisso entre for\u00e7as pol\u00edticas e const\u00e2ncia de governos\u201d, insitiu.<\/p>\n<p>J\u00e1 sobre a posi\u00e7\u00e3o da Europa em rela\u00e7\u00e3o ao resto do mundo, defendeu que este continente deve concentrar-se &#8220;no que s\u00f3 depende de si&#8221;, apontando como maiores desafios a demografia, a produtividade e a inova\u00e7\u00e3o.<\/p>\n<p>Sobre a produtividade, alertou que a Europa j\u00e1 \u00e9 menos produtiva do que os Estados Unidos e Portugal e Espanha ainda menos do que a m\u00e9dia da Uni\u00e3o Europeia.<\/p>\n<p>&#8220;Aquilo que me impressiona na sociedade portuguesa &#8211; com melhorias significativas nos \u00faltimos tr\u00eas anos &#8211; n\u00e3o \u00e9 tanto que o sal\u00e1rio m\u00ednimo seja baixo porque ele progrediu e progride todos os anos, \u00e9 que o sal\u00e1rio m\u00e9dio l\u00edquido seja demasiado pr\u00f3ximo do sal\u00e1rio m\u00ednimo&#8221;, afirmou, lembrando que o sal\u00e1rio m\u00e9dio l\u00edquido paga impostos e o m\u00ednimo n\u00e3o.<\/p>\n<p>Numa altura em que o pacote laboral do Governo est\u00e1 no centro da agenda pol\u00edtica, o antigo l\u00edder do CDS-PP defendeu que &#8220;a \u00fanica maneira de melhorar o rendimento m\u00e9dio l\u00edquido dos portugueses \u00e9 aumentando a produtividade&#8221;.<\/p>\n<p>&#8220;\u00c9 uma oferta pelos trabalhadores e pelas empresas melhorar a produtividade, porque \u00e9 a \u00fanica maneira de n\u00f3s melhorarmos o nosso sal\u00e1rio m\u00e9dio l\u00edquido, onde eu concentraria as aten\u00e7\u00f5es que pudesse ter&#8221;, aconselhou.<\/p>\n<p>O antigo n\u00famero dois do Governo admitiu que, se a Europa nada fizer para vencer os seus desafios, a come\u00e7ar pelo demogr\u00e1fico, pode juntar a um decl\u00ednio geopol\u00edtico tamb\u00e9m um geoecon\u00f3mico.<\/p>\n<p>\u201cN\u00f3s somos o continente mais velho do mundo, estamos com uma idade meridiana de 44,3 anos e n\u00f3s portugueses temos 47,1 anos de idade meridiana. N\u00e3o somos os piores, mas conv\u00e9m ter aten\u00e7\u00e3o\u201d, alertou.<\/p>\n<p>Portas sublinhou que \u201c\u00e9 preciso muito tempo para inverter um decl\u00ednio demogr\u00e1fico\u201d e que tal s\u00f3 ser\u00e1 poss\u00edvel com uma combina\u00e7\u00e3o de pol\u00edticas e continuadas no tempo.<br \/>\u201c\u00c9 preciso que pol\u00edticas de fam\u00edlia, pol\u00edticas fiscais, pol\u00edticas de habita\u00e7\u00e3o, pol\u00edticas de mercado laboral e pol\u00edticas de imigra\u00e7\u00e3o regulada estejam alinhadas nas estrelas com const\u00e2ncia. N\u00e3o \u00e9 v\u00eam uns e tiram isto, v\u00eam aqueles e tiram aquele outro, porque sen\u00e3o n\u00f3s n\u00e3o conseguimos vencer este decl\u00ednio\u201d, disse.<\/p>\n<p>Na sua interven\u00e7\u00e3o, Portas passou em revista os principais desafios geopol\u00edticos e fez quest\u00e3o de dizer que n\u00e3o \u00e9 nem \u201cum pessimista antropol\u00f3gico nem um otimista irritante\u201d, deixando uma palavra de esperan\u00e7a sobre um fim r\u00e1pido do conflito no Ir\u00e3o.<\/p>\n<p>\u201cAcho que podemos dizer que o impacto geoecon\u00f3mico foi t\u00e3o grande nos primeiros dias que isso \u00e9 um grande incentivo a que n\u00e3o se prolongue muito, em particular por parte das democracias que t\u00eam tem de enfrentar desafios eleitorais em 2026\u201d, disse, referindo-se em concreto ao presidente dos Estados Unidos, Donald Trump, que tem elei\u00e7\u00f5es intercalares em novembro.<\/p>\n<p>No jantar, estiveram tamb\u00e9m os ministros Paulo Rangel, Miguel Pinto Luz, Manuel Castro Almeida, Gra\u00e7a Carvalho, Carlos Abreu Amorim e Gon\u00e7alo Matias, al\u00e9m do secret\u00e1rio de Estado e dirigente do CDS-PP Telmo Correia, bem como os dois atuais deputados democratas-crist\u00e3os, Paulo N\u00fancio e Jo\u00e3o Almeida.<br \/><br \/><\/p>\n<p>Fotografia: Partido Social Democrata<\/p>\n\n\n<p><\/p>\n","protected":false},"excerpt":{"rendered":"<p>O antigo vice-primeiro-ministro Paulo Portas defendeu\u00a0 que &#8220;a melhor coisa que Portugal pode fazer \u00e9 preservar a sua estabilidade&#8221; num mundo &#8220;vol\u00e1til e perigoso&#8221; e avisou que \u00fanica forma de melhorar sal\u00e1rios m\u00e9dios \u00e9 aumentando a produtividade. O antigo l\u00edder do CDS-PP foi o orador convidado do jantar das jornadas parlamentares do PSD, que decorrem [&hellip;]<\/p>\n","protected":false},"author":13,"featured_media":129715,"comment_status":"closed","ping_status":"closed","sticky":false,"template":"","format":"standard","meta":{"_exactmetrics_skip_tracking":false,"_exactmetrics_sitenote_active":false,"_exactmetrics_sitenote_note":"","_exactmetrics_sitenote_category":0,"footnotes":""},"categories":[7],"tags":[56326],"class_list":["post-129714","post","type-post","status-publish","format-standard","has-post-thumbnail","hentry","category-caminha","tag-politica"],"yoast_head":"<!-- This site is optimized with the Yoast SEO Premium plugin v27.5 (Yoast SEO v27.5) - https:\/\/yoast.com\/product\/yoast-seo-premium-wordpress\/ -->\n<title>Portas defende que &quot;a melhor coisa que Portugal pode fazer \u00e9 preservar a sua estabilidade\u201d<\/title>\n<meta name=\"description\" content=\"Numa interven\u00e7\u00e3o de quase 50 minutos sobre a situa\u00e7\u00e3o europeia e mundial.\" \/>\n<meta name=\"robots\" content=\"index, follow, max-snippet:-1, max-image-preview:large, max-video-preview:-1\" \/>\n<link rel=\"canonical\" href=\"https:\/\/www.altominho.tv\/site\/2026\/03\/11\/a-melhor-coisa-que-portugal-pode-fazer-e-preservar-a-sua-estabilidade\/\" \/>\n<meta property=\"og:locale\" content=\"pt_PT\" \/>\n<meta property=\"og:type\" content=\"article\" \/>\n<meta property=\"og:title\" content=\"Portas defende que &quot;a melhor coisa que Portugal pode fazer \u00e9 preservar a sua estabilidade\u201d\" \/>\n<meta property=\"og:description\" content=\"Numa interven\u00e7\u00e3o de quase 50 minutos sobre a situa\u00e7\u00e3o europeia e mundial.\" \/>\n<meta property=\"og:url\" content=\"https:\/\/www.altominho.tv\/site\/2026\/03\/11\/a-melhor-coisa-que-portugal-pode-fazer-e-preservar-a-sua-estabilidade\/\" \/>\n<meta property=\"og:site_name\" content=\"Altominho.tv\" \/>\n<meta property=\"article:publisher\" content=\"https:\/\/www.facebook.com\/altominhotv\" \/>\n<meta property=\"article:published_time\" content=\"2026-03-11T08:59:36+00:00\" \/>\n<meta property=\"article:modified_time\" content=\"2026-03-11T08:59:38+00:00\" \/>\n<meta property=\"og:image\" content=\"https:\/\/www.altominho.tv\/site\/wp-content\/uploads\/2026\/03\/Paulo-Portas.png\" \/>\n\t<meta property=\"og:image:width\" content=\"1200\" \/>\n\t<meta property=\"og:image:height\" content=\"630\" \/>\n\t<meta property=\"og:image:type\" content=\"image\/png\" \/>\n<meta name=\"author\" content=\"Lusa\" \/>\n<meta name=\"twitter:card\" content=\"summary_large_image\" \/>\n<meta name=\"twitter:creator\" content=\"@altominhoTV\" \/>\n<meta name=\"twitter:site\" content=\"@altominhoTV\" \/>\n<meta name=\"twitter:label1\" content=\"Escrito por\" \/>\n\t<meta name=\"twitter:data1\" content=\"Lusa\" \/>\n\t<meta name=\"twitter:label2\" content=\"Tempo estimado de leitura\" \/>\n\t<meta name=\"twitter:data2\" content=\"5 minutos\" \/>\n<script type=\"application\/ld+json\" class=\"yoast-schema-graph\">{\"@context\":\"https:\\\/\\\/schema.org\",\"@graph\":[{\"@type\":\"Article\",\"@id\":\"https:\\\/\\\/www.altominho.tv\\\/site\\\/2026\\\/03\\\/11\\\/a-melhor-coisa-que-portugal-pode-fazer-e-preservar-a-sua-estabilidade\\\/#article\",\"isPartOf\":{\"@id\":\"https:\\\/\\\/www.altominho.tv\\\/site\\\/2026\\\/03\\\/11\\\/a-melhor-coisa-que-portugal-pode-fazer-e-preservar-a-sua-estabilidade\\\/\"},\"author\":{\"name\":\"Lusa\",\"@id\":\"https:\\\/\\\/www.altominho.tv\\\/site\\\/#\\\/schema\\\/person\\\/63f693da3e1899361cbe955c46f3232e\"},\"headline\":\"Portas defende que &#8220;a melhor coisa que Portugal pode fazer \u00e9 preservar a sua estabilidade\u201d\",\"datePublished\":\"2026-03-11T08:59:36+00:00\",\"dateModified\":\"2026-03-11T08:59:38+00:00\",\"mainEntityOfPage\":{\"@id\":\"https:\\\/\\\/www.altominho.tv\\\/site\\\/2026\\\/03\\\/11\\\/a-melhor-coisa-que-portugal-pode-fazer-e-preservar-a-sua-estabilidade\\\/\"},\"wordCount\":827,\"image\":{\"@id\":\"https:\\\/\\\/www.altominho.tv\\\/site\\\/2026\\\/03\\\/11\\\/a-melhor-coisa-que-portugal-pode-fazer-e-preservar-a-sua-estabilidade\\\/#primaryimage\"},\"thumbnailUrl\":\"https:\\\/\\\/www.altominho.tv\\\/site\\\/wp-content\\\/uploads\\\/2026\\\/03\\\/Paulo-Portas.png\",\"keywords\":[\"Pol\u00edtica\"],\"articleSection\":[\"Caminha\"],\"inLanguage\":\"pt-PT\",\"copyrightYear\":\"2026\",\"copyrightHolder\":{\"@id\":\"https:\\\/\\\/www.altominho.tv\\\/site\\\/#organization\"}},{\"@type\":\"WebPage\",\"@id\":\"https:\\\/\\\/www.altominho.tv\\\/site\\\/2026\\\/03\\\/11\\\/a-melhor-coisa-que-portugal-pode-fazer-e-preservar-a-sua-estabilidade\\\/\",\"url\":\"https:\\\/\\\/www.altominho.tv\\\/site\\\/2026\\\/03\\\/11\\\/a-melhor-coisa-que-portugal-pode-fazer-e-preservar-a-sua-estabilidade\\\/\",\"name\":\"Portas defende que \\\"a melhor coisa que Portugal pode fazer \u00e9 preservar a sua estabilidade\u201d\",\"isPartOf\":{\"@id\":\"https:\\\/\\\/www.altominho.tv\\\/site\\\/#website\"},\"primaryImageOfPage\":{\"@id\":\"https:\\\/\\\/www.altominho.tv\\\/site\\\/2026\\\/03\\\/11\\\/a-melhor-coisa-que-portugal-pode-fazer-e-preservar-a-sua-estabilidade\\\/#primaryimage\"},\"image\":{\"@id\":\"https:\\\/\\\/www.altominho.tv\\\/site\\\/2026\\\/03\\\/11\\\/a-melhor-coisa-que-portugal-pode-fazer-e-preservar-a-sua-estabilidade\\\/#primaryimage\"},\"thumbnailUrl\":\"https:\\\/\\\/www.altominho.tv\\\/site\\\/wp-content\\\/uploads\\\/2026\\\/03\\\/Paulo-Portas.png\",\"datePublished\":\"2026-03-11T08:59:36+00:00\",\"dateModified\":\"2026-03-11T08:59:38+00:00\",\"author\":{\"@id\":\"https:\\\/\\\/www.altominho.tv\\\/site\\\/#\\\/schema\\\/person\\\/63f693da3e1899361cbe955c46f3232e\"},\"description\":\"Numa interven\u00e7\u00e3o de quase 50 minutos sobre a situa\u00e7\u00e3o europeia e mundial.\",\"breadcrumb\":{\"@id\":\"https:\\\/\\\/www.altominho.tv\\\/site\\\/2026\\\/03\\\/11\\\/a-melhor-coisa-que-portugal-pode-fazer-e-preservar-a-sua-estabilidade\\\/#breadcrumb\"},\"inLanguage\":\"pt-PT\",\"potentialAction\":[{\"@type\":\"ReadAction\",\"target\":[\"https:\\\/\\\/www.altominho.tv\\\/site\\\/2026\\\/03\\\/11\\\/a-melhor-coisa-que-portugal-pode-fazer-e-preservar-a-sua-estabilidade\\\/\"]}]},{\"@type\":\"ImageObject\",\"inLanguage\":\"pt-PT\",\"@id\":\"https:\\\/\\\/www.altominho.tv\\\/site\\\/2026\\\/03\\\/11\\\/a-melhor-coisa-que-portugal-pode-fazer-e-preservar-a-sua-estabilidade\\\/#primaryimage\",\"url\":\"https:\\\/\\\/www.altominho.tv\\\/site\\\/wp-content\\\/uploads\\\/2026\\\/03\\\/Paulo-Portas.png\",\"contentUrl\":\"https:\\\/\\\/www.altominho.tv\\\/site\\\/wp-content\\\/uploads\\\/2026\\\/03\\\/Paulo-Portas.png\",\"width\":1200,\"height\":630},{\"@type\":\"BreadcrumbList\",\"@id\":\"https:\\\/\\\/www.altominho.tv\\\/site\\\/2026\\\/03\\\/11\\\/a-melhor-coisa-que-portugal-pode-fazer-e-preservar-a-sua-estabilidade\\\/#breadcrumb\",\"itemListElement\":[{\"@type\":\"ListItem\",\"position\":1,\"name\":\"In\u00edcio\",\"item\":\"https:\\\/\\\/www.altominho.tv\\\/site\\\/\"},{\"@type\":\"ListItem\",\"position\":2,\"name\":\"Portas defende que &#8220;a melhor coisa que Portugal pode fazer \u00e9 preservar a sua estabilidade\u201d\"}]},{\"@type\":\"WebSite\",\"@id\":\"https:\\\/\\\/www.altominho.tv\\\/site\\\/#website\",\"url\":\"https:\\\/\\\/www.altominho.tv\\\/site\\\/\",\"name\":\"Altominho.tv\",\"description\":\"A sua regi\u00e3o \u00e0 dist\u00e2ncia de um clique...\",\"potentialAction\":[{\"@type\":\"SearchAction\",\"target\":{\"@type\":\"EntryPoint\",\"urlTemplate\":\"https:\\\/\\\/www.altominho.tv\\\/site\\\/?s={search_term_string}\"},\"query-input\":{\"@type\":\"PropertyValueSpecification\",\"valueRequired\":true,\"valueName\":\"search_term_string\"}}],\"inLanguage\":\"pt-PT\"},{\"@type\":\"Person\",\"@id\":\"https:\\\/\\\/www.altominho.tv\\\/site\\\/#\\\/schema\\\/person\\\/63f693da3e1899361cbe955c46f3232e\",\"name\":\"Lusa\",\"image\":{\"@type\":\"ImageObject\",\"inLanguage\":\"pt-PT\",\"@id\":\"https:\\\/\\\/www.altominho.tv\\\/site\\\/wp-content\\\/uploads\\\/2019\\\/08\\\/LUSA_Logo.gif\",\"url\":\"https:\\\/\\\/www.altominho.tv\\\/site\\\/wp-content\\\/uploads\\\/2019\\\/08\\\/LUSA_Logo.gif\",\"contentUrl\":\"https:\\\/\\\/www.altominho.tv\\\/site\\\/wp-content\\\/uploads\\\/2019\\\/08\\\/LUSA_Logo.gif\",\"caption\":\"Lusa\"},\"sameAs\":[\"http:\\\/\\\/\\\/\\\/www.altominho.tv\\\/site\"],\"url\":\"https:\\\/\\\/www.altominho.tv\\\/site\\\/author\\\/lusa\\\/\"}]}<\/script>\n<!-- \/ Yoast SEO Premium plugin. -->","yoast_head_json":{"title":"Portas defende que \"a melhor coisa que Portugal pode fazer \u00e9 preservar a sua estabilidade\u201d","description":"Numa interven\u00e7\u00e3o de quase 50 minutos sobre a situa\u00e7\u00e3o europeia e mundial.","robots":{"index":"index","follow":"follow","max-snippet":"max-snippet:-1","max-image-preview":"max-image-preview:large","max-video-preview":"max-video-preview:-1"},"canonical":"https:\/\/www.altominho.tv\/site\/2026\/03\/11\/a-melhor-coisa-que-portugal-pode-fazer-e-preservar-a-sua-estabilidade\/","og_locale":"pt_PT","og_type":"article","og_title":"Portas defende que \"a melhor coisa que Portugal pode fazer \u00e9 preservar a sua estabilidade\u201d","og_description":"Numa interven\u00e7\u00e3o de quase 50 minutos sobre a situa\u00e7\u00e3o europeia e mundial.","og_url":"https:\/\/www.altominho.tv\/site\/2026\/03\/11\/a-melhor-coisa-que-portugal-pode-fazer-e-preservar-a-sua-estabilidade\/","og_site_name":"Altominho.tv","article_publisher":"https:\/\/www.facebook.com\/altominhotv","article_published_time":"2026-03-11T08:59:36+00:00","article_modified_time":"2026-03-11T08:59:38+00:00","og_image":[{"width":1200,"height":630,"url":"https:\/\/www.altominho.tv\/site\/wp-content\/uploads\/2026\/03\/Paulo-Portas.png","type":"image\/png"}],"author":"Lusa","twitter_card":"summary_large_image","twitter_creator":"@altominhoTV","twitter_site":"@altominhoTV","twitter_misc":{"Escrito por":"Lusa","Tempo estimado de leitura":"5 minutos"},"schema":{"@context":"https:\/\/schema.org","@graph":[{"@type":"Article","@id":"https:\/\/www.altominho.tv\/site\/2026\/03\/11\/a-melhor-coisa-que-portugal-pode-fazer-e-preservar-a-sua-estabilidade\/#article","isPartOf":{"@id":"https:\/\/www.altominho.tv\/site\/2026\/03\/11\/a-melhor-coisa-que-portugal-pode-fazer-e-preservar-a-sua-estabilidade\/"},"author":{"name":"Lusa","@id":"https:\/\/www.altominho.tv\/site\/#\/schema\/person\/63f693da3e1899361cbe955c46f3232e"},"headline":"Portas defende que &#8220;a melhor coisa que Portugal pode fazer \u00e9 preservar a sua estabilidade\u201d","datePublished":"2026-03-11T08:59:36+00:00","dateModified":"2026-03-11T08:59:38+00:00","mainEntityOfPage":{"@id":"https:\/\/www.altominho.tv\/site\/2026\/03\/11\/a-melhor-coisa-que-portugal-pode-fazer-e-preservar-a-sua-estabilidade\/"},"wordCount":827,"image":{"@id":"https:\/\/www.altominho.tv\/site\/2026\/03\/11\/a-melhor-coisa-que-portugal-pode-fazer-e-preservar-a-sua-estabilidade\/#primaryimage"},"thumbnailUrl":"https:\/\/www.altominho.tv\/site\/wp-content\/uploads\/2026\/03\/Paulo-Portas.png","keywords":["Pol\u00edtica"],"articleSection":["Caminha"],"inLanguage":"pt-PT","copyrightYear":"2026","copyrightHolder":{"@id":"https:\/\/www.altominho.tv\/site\/#organization"}},{"@type":"WebPage","@id":"https:\/\/www.altominho.tv\/site\/2026\/03\/11\/a-melhor-coisa-que-portugal-pode-fazer-e-preservar-a-sua-estabilidade\/","url":"https:\/\/www.altominho.tv\/site\/2026\/03\/11\/a-melhor-coisa-que-portugal-pode-fazer-e-preservar-a-sua-estabilidade\/","name":"Portas defende que \"a melhor coisa que Portugal pode fazer \u00e9 preservar a sua estabilidade\u201d","isPartOf":{"@id":"https:\/\/www.altominho.tv\/site\/#website"},"primaryImageOfPage":{"@id":"https:\/\/www.altominho.tv\/site\/2026\/03\/11\/a-melhor-coisa-que-portugal-pode-fazer-e-preservar-a-sua-estabilidade\/#primaryimage"},"image":{"@id":"https:\/\/www.altominho.tv\/site\/2026\/03\/11\/a-melhor-coisa-que-portugal-pode-fazer-e-preservar-a-sua-estabilidade\/#primaryimage"},"thumbnailUrl":"https:\/\/www.altominho.tv\/site\/wp-content\/uploads\/2026\/03\/Paulo-Portas.png","datePublished":"2026-03-11T08:59:36+00:00","dateModified":"2026-03-11T08:59:38+00:00","author":{"@id":"https:\/\/www.altominho.tv\/site\/#\/schema\/person\/63f693da3e1899361cbe955c46f3232e"},"description":"Numa interven\u00e7\u00e3o de quase 50 minutos sobre a situa\u00e7\u00e3o europeia e mundial.","breadcrumb":{"@id":"https:\/\/www.altominho.tv\/site\/2026\/03\/11\/a-melhor-coisa-que-portugal-pode-fazer-e-preservar-a-sua-estabilidade\/#breadcrumb"},"inLanguage":"pt-PT","potentialAction":[{"@type":"ReadAction","target":["https:\/\/www.altominho.tv\/site\/2026\/03\/11\/a-melhor-coisa-que-portugal-pode-fazer-e-preservar-a-sua-estabilidade\/"]}]},{"@type":"ImageObject","inLanguage":"pt-PT","@id":"https:\/\/www.altominho.tv\/site\/2026\/03\/11\/a-melhor-coisa-que-portugal-pode-fazer-e-preservar-a-sua-estabilidade\/#primaryimage","url":"https:\/\/www.altominho.tv\/site\/wp-content\/uploads\/2026\/03\/Paulo-Portas.png","contentUrl":"https:\/\/www.altominho.tv\/site\/wp-content\/uploads\/2026\/03\/Paulo-Portas.png","width":1200,"height":630},{"@type":"BreadcrumbList","@id":"https:\/\/www.altominho.tv\/site\/2026\/03\/11\/a-melhor-coisa-que-portugal-pode-fazer-e-preservar-a-sua-estabilidade\/#breadcrumb","itemListElement":[{"@type":"ListItem","position":1,"name":"In\u00edcio","item":"https:\/\/www.altominho.tv\/site\/"},{"@type":"ListItem","position":2,"name":"Portas defende que &#8220;a melhor coisa que Portugal pode fazer \u00e9 preservar a sua estabilidade\u201d"}]},{"@type":"WebSite","@id":"https:\/\/www.altominho.tv\/site\/#website","url":"https:\/\/www.altominho.tv\/site\/","name":"Altominho.tv","description":"A sua regi\u00e3o \u00e0 dist\u00e2ncia de um clique...","potentialAction":[{"@type":"SearchAction","target":{"@type":"EntryPoint","urlTemplate":"https:\/\/www.altominho.tv\/site\/?s={search_term_string}"},"query-input":{"@type":"PropertyValueSpecification","valueRequired":true,"valueName":"search_term_string"}}],"inLanguage":"pt-PT"},{"@type":"Person","@id":"https:\/\/www.altominho.tv\/site\/#\/schema\/person\/63f693da3e1899361cbe955c46f3232e","name":"Lusa","image":{"@type":"ImageObject","inLanguage":"pt-PT","@id":"https:\/\/www.altominho.tv\/site\/wp-content\/uploads\/2019\/08\/LUSA_Logo.gif","url":"https:\/\/www.altominho.tv\/site\/wp-content\/uploads\/2019\/08\/LUSA_Logo.gif","contentUrl":"https:\/\/www.altominho.tv\/site\/wp-content\/uploads\/2019\/08\/LUSA_Logo.gif","caption":"Lusa"},"sameAs":["http:\/\/\/\/www.altominho.tv\/site"],"url":"https:\/\/www.altominho.tv\/site\/author\/lusa\/"}]}},"_links":{"self":[{"href":"https:\/\/www.altominho.tv\/site\/wp-json\/wp\/v2\/posts\/129714","targetHints":{"allow":["GET"]}}],"collection":[{"href":"https:\/\/www.altominho.tv\/site\/wp-json\/wp\/v2\/posts"}],"about":[{"href":"https:\/\/www.altominho.tv\/site\/wp-json\/wp\/v2\/types\/post"}],"author":[{"embeddable":true,"href":"https:\/\/www.altominho.tv\/site\/wp-json\/wp\/v2\/users\/13"}],"replies":[{"embeddable":true,"href":"https:\/\/www.altominho.tv\/site\/wp-json\/wp\/v2\/comments?post=129714"}],"version-history":[{"count":1,"href":"https:\/\/www.altominho.tv\/site\/wp-json\/wp\/v2\/posts\/129714\/revisions"}],"predecessor-version":[{"id":129716,"href":"https:\/\/www.altominho.tv\/site\/wp-json\/wp\/v2\/posts\/129714\/revisions\/129716"}],"wp:featuredmedia":[{"embeddable":true,"href":"https:\/\/www.altominho.tv\/site\/wp-json\/wp\/v2\/media\/129715"}],"wp:attachment":[{"href":"https:\/\/www.altominho.tv\/site\/wp-json\/wp\/v2\/media?parent=129714"}],"wp:term":[{"taxonomy":"category","embeddable":true,"href":"https:\/\/www.altominho.tv\/site\/wp-json\/wp\/v2\/categories?post=129714"},{"taxonomy":"post_tag","embeddable":true,"href":"https:\/\/www.altominho.tv\/site\/wp-json\/wp\/v2\/tags?post=129714"}],"curies":[{"name":"wp","href":"https:\/\/api.w.org\/{rel}","templated":true}]}}