{"id":129703,"date":"2026-03-10T17:35:09","date_gmt":"2026-03-10T17:35:09","guid":{"rendered":"https:\/\/www.altominho.tv\/site\/?p=129703"},"modified":"2026-03-10T17:35:13","modified_gmt":"2026-03-10T17:35:13","slug":"casa-do-conhecimento-acolhe-sessao-territorios-de-fronteira-lugares-de-encontro","status":"publish","type":"post","link":"https:\/\/www.altominho.tv\/site\/2026\/03\/10\/casa-do-conhecimento-acolhe-sessao-territorios-de-fronteira-lugares-de-encontro\/","title":{"rendered":"Casa do Conhecimento acolhe sess\u00e3o \u201cTerrit\u00f3rios de Fronteira, Lugares de Encontro\u201d"},"content":{"rendered":"<p>A Casa do Conhecimento, em Ponte da Barca, acolhe a sess\u00e3o \u201cTerrit\u00f3rios de Fronteira, Lugares de Encontro\u201d, no pr\u00f3ximo dia 23 de mar\u00e7o, \u00e0s 18h00, e conta com Patr\u00edcia Reis como oradora convidada, arquiteta formada pela FAUP e atualmente no Programa de Doutoramento em Arquitetura.<\/p>\n<p class=\"p1\">Na sess\u00e3o ser\u00e3o apresentados tr\u00eas casos de estudo: Couto Misto e Tour\u00e9m, Povos Prom\u00edscuos e Rio de Onor\/Rihonor de Castilla, que mostram como a fronteira atravessa e \u00e9 atravessada pela paisagem, comunidade, economia e l\u00edngua.<\/p>\n<p class=\"p1\">Ser\u00e1 apresentada tamb\u00e9m a proposta \u201cO Extremo (j\u00e1 n\u00e3o) mora aqui\u201d, desenvolvida pelos estudantes da FAUP Bruna K\u00fchn, Hugo Costa e Marta Ferreira, em colabora\u00e7\u00e3o com Patr\u00edcia Reis. O projeto, que foi selecionado para a 14.\u00aa Bienal Internacional de Arquitetura de S\u00e3o Paulo, no \u00e2mbito do Concurso Internacional de Escolas de Arquitetura e Urbanismo, centra-se na Barragem do Lindoso, na raia fronteiri\u00e7a entre Portugal e Espanha, e na aldeia galega de Aceredo, que ficou submersa aquando da constru\u00e7\u00e3o da barragem.<\/p>\n<p class=\"p1\">A sess\u00e3o serve tamb\u00e9m para assinalar o Dia Mundial da \u00c1gua, celebrado a 22 de mar\u00e7o.<\/p>\n","protected":false},"excerpt":{"rendered":"<p>A Casa do Conhecimento, em Ponte da Barca, acolhe a sess\u00e3o \u201cTerrit\u00f3rios de Fronteira, Lugares de Encontro\u201d, no pr\u00f3ximo dia 23 de mar\u00e7o, \u00e0s 18h00, e conta com Patr\u00edcia Reis como oradora convidada, arquiteta formada pela FAUP e atualmente no Programa de Doutoramento em Arquitetura. Na sess\u00e3o ser\u00e3o apresentados tr\u00eas casos de estudo: Couto Misto [&hellip;]<\/p>\n","protected":false},"author":30,"featured_media":127069,"comment_status":"closed","ping_status":"closed","sticky":false,"template":"","format":"standard","meta":{"_exactmetrics_skip_tracking":false,"_exactmetrics_sitenote_active":false,"_exactmetrics_sitenote_note":"","_exactmetrics_sitenote_category":0,"footnotes":""},"categories":[11],"tags":[27],"class_list":["post-129703","post","type-post","status-publish","format-standard","has-post-thumbnail","hentry","category-ponte-da-barca","tag-sociedade"],"yoast_head":"<!-- This site is optimized with the Yoast SEO Premium plugin v27.5 (Yoast SEO v27.5) - https:\/\/yoast.com\/product\/yoast-seo-premium-wordpress\/ -->\n<title>Casa do Conhecimento acolhe sess\u00e3o \u201cTerrit\u00f3rios de Fronteira, Lugares de Encontro\u201d<\/title>\n<meta name=\"description\" content=\"A Casa do Conhecimento, em Ponte da Barca, acolhe a sess\u00e3o \u201cTerrit\u00f3rios de Fronteira, Lugares de Encontro\u201d, no pr\u00f3ximo dia 23 de mar\u00e7o, \u00e0s 18h00, e conta com Patr\u00edcia Reis como oradora convidada, arquiteta formada pela FAUP e atualmente no Programa de Doutoramento em Arquitetura.\" \/>\n<meta name=\"robots\" content=\"index, follow, max-snippet:-1, max-image-preview:large, max-video-preview:-1\" \/>\n<link rel=\"canonical\" href=\"https:\/\/www.altominho.tv\/site\/2026\/03\/10\/casa-do-conhecimento-acolhe-sessao-territorios-de-fronteira-lugares-de-encontro\/\" \/>\n<meta property=\"og:locale\" content=\"pt_PT\" \/>\n<meta property=\"og:type\" content=\"article\" \/>\n<meta property=\"og:title\" content=\"Casa do Conhecimento acolhe sess\u00e3o \u201cTerrit\u00f3rios de Fronteira, Lugares de Encontro\u201d\" \/>\n<meta property=\"og:description\" content=\"A Casa do Conhecimento, em Ponte da Barca, acolhe a sess\u00e3o \u201cTerrit\u00f3rios de Fronteira, Lugares de Encontro\u201d, no pr\u00f3ximo dia 23 de mar\u00e7o, \u00e0s 18h00, e conta com Patr\u00edcia Reis como oradora convidada, arquiteta formada pela FAUP e atualmente no Programa de Doutoramento em Arquitetura.\" \/>\n<meta property=\"og:url\" content=\"https:\/\/www.altominho.tv\/site\/2026\/03\/10\/casa-do-conhecimento-acolhe-sessao-territorios-de-fronteira-lugares-de-encontro\/\" \/>\n<meta property=\"og:site_name\" content=\"Altominho.tv\" \/>\n<meta property=\"article:publisher\" content=\"https:\/\/www.facebook.com\/altominhotv\" \/>\n<meta property=\"article:published_time\" content=\"2026-03-10T17:35:09+00:00\" \/>\n<meta property=\"article:modified_time\" content=\"2026-03-10T17:35:13+00:00\" \/>\n<meta property=\"og:image\" content=\"https:\/\/www.altominho.tv\/site\/wp-content\/uploads\/2026\/01\/casa-do-conhecimento-ponte-da-barca.jpg\" \/>\n\t<meta property=\"og:image:width\" content=\"1200\" \/>\n\t<meta property=\"og:image:height\" content=\"630\" \/>\n\t<meta property=\"og:image:type\" content=\"image\/jpeg\" \/>\n<meta name=\"author\" content=\"Eduarda Cardoso\" \/>\n<meta name=\"twitter:card\" content=\"summary_large_image\" \/>\n<meta name=\"twitter:creator\" content=\"@altominhoTV\" \/>\n<meta name=\"twitter:site\" content=\"@altominhoTV\" \/>\n<meta name=\"twitter:label1\" content=\"Escrito por\" \/>\n\t<meta name=\"twitter:data1\" content=\"Eduarda Cardoso\" \/>\n\t<meta name=\"twitter:label2\" content=\"Tempo estimado de leitura\" \/>\n\t<meta name=\"twitter:data2\" content=\"2 minutos\" \/>\n<script type=\"application\/ld+json\" class=\"yoast-schema-graph\">{\"@context\":\"https:\\\/\\\/schema.org\",\"@graph\":[{\"@type\":\"Article\",\"@id\":\"https:\\\/\\\/www.altominho.tv\\\/site\\\/2026\\\/03\\\/10\\\/casa-do-conhecimento-acolhe-sessao-territorios-de-fronteira-lugares-de-encontro\\\/#article\",\"isPartOf\":{\"@id\":\"https:\\\/\\\/www.altominho.tv\\\/site\\\/2026\\\/03\\\/10\\\/casa-do-conhecimento-acolhe-sessao-territorios-de-fronteira-lugares-de-encontro\\\/\"},\"author\":{\"name\":\"Eduarda Cardoso\",\"@id\":\"https:\\\/\\\/www.altominho.tv\\\/site\\\/#\\\/schema\\\/person\\\/9e351387b727413d005ccf1152c93539\"},\"headline\":\"Casa do Conhecimento acolhe sess\u00e3o \u201cTerrit\u00f3rios de Fronteira, Lugares de Encontro\u201d\",\"datePublished\":\"2026-03-10T17:35:09+00:00\",\"dateModified\":\"2026-03-10T17:35:13+00:00\",\"mainEntityOfPage\":{\"@id\":\"https:\\\/\\\/www.altominho.tv\\\/site\\\/2026\\\/03\\\/10\\\/casa-do-conhecimento-acolhe-sessao-territorios-de-fronteira-lugares-de-encontro\\\/\"},\"wordCount\":208,\"image\":{\"@id\":\"https:\\\/\\\/www.altominho.tv\\\/site\\\/2026\\\/03\\\/10\\\/casa-do-conhecimento-acolhe-sessao-territorios-de-fronteira-lugares-de-encontro\\\/#primaryimage\"},\"thumbnailUrl\":\"https:\\\/\\\/www.altominho.tv\\\/site\\\/wp-content\\\/uploads\\\/2026\\\/01\\\/casa-do-conhecimento-ponte-da-barca.jpg\",\"keywords\":[\"Sociedade\"],\"articleSection\":[\"Ponte da Barca\"],\"inLanguage\":\"pt-PT\",\"copyrightYear\":\"2026\",\"copyrightHolder\":{\"@id\":\"https:\\\/\\\/www.altominho.tv\\\/site\\\/#organization\"}},{\"@type\":\"WebPage\",\"@id\":\"https:\\\/\\\/www.altominho.tv\\\/site\\\/2026\\\/03\\\/10\\\/casa-do-conhecimento-acolhe-sessao-territorios-de-fronteira-lugares-de-encontro\\\/\",\"url\":\"https:\\\/\\\/www.altominho.tv\\\/site\\\/2026\\\/03\\\/10\\\/casa-do-conhecimento-acolhe-sessao-territorios-de-fronteira-lugares-de-encontro\\\/\",\"name\":\"Casa do Conhecimento acolhe sess\u00e3o \u201cTerrit\u00f3rios de Fronteira, Lugares de Encontro\u201d\",\"isPartOf\":{\"@id\":\"https:\\\/\\\/www.altominho.tv\\\/site\\\/#website\"},\"primaryImageOfPage\":{\"@id\":\"https:\\\/\\\/www.altominho.tv\\\/site\\\/2026\\\/03\\\/10\\\/casa-do-conhecimento-acolhe-sessao-territorios-de-fronteira-lugares-de-encontro\\\/#primaryimage\"},\"image\":{\"@id\":\"https:\\\/\\\/www.altominho.tv\\\/site\\\/2026\\\/03\\\/10\\\/casa-do-conhecimento-acolhe-sessao-territorios-de-fronteira-lugares-de-encontro\\\/#primaryimage\"},\"thumbnailUrl\":\"https:\\\/\\\/www.altominho.tv\\\/site\\\/wp-content\\\/uploads\\\/2026\\\/01\\\/casa-do-conhecimento-ponte-da-barca.jpg\",\"datePublished\":\"2026-03-10T17:35:09+00:00\",\"dateModified\":\"2026-03-10T17:35:13+00:00\",\"author\":{\"@id\":\"https:\\\/\\\/www.altominho.tv\\\/site\\\/#\\\/schema\\\/person\\\/9e351387b727413d005ccf1152c93539\"},\"description\":\"A Casa do Conhecimento, em Ponte da Barca, acolhe a sess\u00e3o \u201cTerrit\u00f3rios de Fronteira, Lugares de Encontro\u201d, no pr\u00f3ximo dia 23 de mar\u00e7o, \u00e0s 18h00, e conta com Patr\u00edcia Reis como oradora convidada, arquiteta formada pela FAUP e atualmente no Programa de Doutoramento em Arquitetura.\",\"breadcrumb\":{\"@id\":\"https:\\\/\\\/www.altominho.tv\\\/site\\\/2026\\\/03\\\/10\\\/casa-do-conhecimento-acolhe-sessao-territorios-de-fronteira-lugares-de-encontro\\\/#breadcrumb\"},\"inLanguage\":\"pt-PT\",\"potentialAction\":[{\"@type\":\"ReadAction\",\"target\":[\"https:\\\/\\\/www.altominho.tv\\\/site\\\/2026\\\/03\\\/10\\\/casa-do-conhecimento-acolhe-sessao-territorios-de-fronteira-lugares-de-encontro\\\/\"]}]},{\"@type\":\"ImageObject\",\"inLanguage\":\"pt-PT\",\"@id\":\"https:\\\/\\\/www.altominho.tv\\\/site\\\/2026\\\/03\\\/10\\\/casa-do-conhecimento-acolhe-sessao-territorios-de-fronteira-lugares-de-encontro\\\/#primaryimage\",\"url\":\"https:\\\/\\\/www.altominho.tv\\\/site\\\/wp-content\\\/uploads\\\/2026\\\/01\\\/casa-do-conhecimento-ponte-da-barca.jpg\",\"contentUrl\":\"https:\\\/\\\/www.altominho.tv\\\/site\\\/wp-content\\\/uploads\\\/2026\\\/01\\\/casa-do-conhecimento-ponte-da-barca.jpg\",\"width\":1200,\"height\":630},{\"@type\":\"BreadcrumbList\",\"@id\":\"https:\\\/\\\/www.altominho.tv\\\/site\\\/2026\\\/03\\\/10\\\/casa-do-conhecimento-acolhe-sessao-territorios-de-fronteira-lugares-de-encontro\\\/#breadcrumb\",\"itemListElement\":[{\"@type\":\"ListItem\",\"position\":1,\"name\":\"In\u00edcio\",\"item\":\"https:\\\/\\\/www.altominho.tv\\\/site\\\/\"},{\"@type\":\"ListItem\",\"position\":2,\"name\":\"Casa do Conhecimento acolhe sess\u00e3o \u201cTerrit\u00f3rios de Fronteira, Lugares de Encontro\u201d\"}]},{\"@type\":\"WebSite\",\"@id\":\"https:\\\/\\\/www.altominho.tv\\\/site\\\/#website\",\"url\":\"https:\\\/\\\/www.altominho.tv\\\/site\\\/\",\"name\":\"Altominho.tv\",\"description\":\"A sua regi\u00e3o \u00e0 dist\u00e2ncia de um clique...\",\"potentialAction\":[{\"@type\":\"SearchAction\",\"target\":{\"@type\":\"EntryPoint\",\"urlTemplate\":\"https:\\\/\\\/www.altominho.tv\\\/site\\\/?s={search_term_string}\"},\"query-input\":{\"@type\":\"PropertyValueSpecification\",\"valueRequired\":true,\"valueName\":\"search_term_string\"}}],\"inLanguage\":\"pt-PT\"},{\"@type\":\"Person\",\"@id\":\"https:\\\/\\\/www.altominho.tv\\\/site\\\/#\\\/schema\\\/person\\\/9e351387b727413d005ccf1152c93539\",\"name\":\"Eduarda Cardoso\",\"image\":{\"@type\":\"ImageObject\",\"inLanguage\":\"pt-PT\",\"@id\":\"https:\\\/\\\/www.altominho.tv\\\/site\\\/wp-content\\\/uploads\\\/2021\\\/01\\\/cropped-Logo-ATV_WEB-150x150.png\",\"url\":\"https:\\\/\\\/www.altominho.tv\\\/site\\\/wp-content\\\/uploads\\\/2021\\\/01\\\/cropped-Logo-ATV_WEB-150x150.png\",\"contentUrl\":\"https:\\\/\\\/www.altominho.tv\\\/site\\\/wp-content\\\/uploads\\\/2021\\\/01\\\/cropped-Logo-ATV_WEB-150x150.png\",\"caption\":\"Eduarda Cardoso\"},\"url\":\"https:\\\/\\\/www.altominho.tv\\\/site\\\/author\\\/eduarda-cardoso\\\/\"}]}<\/script>\n<!-- \/ Yoast SEO Premium plugin. -->","yoast_head_json":{"title":"Casa do Conhecimento acolhe sess\u00e3o \u201cTerrit\u00f3rios de Fronteira, Lugares de Encontro\u201d","description":"A Casa do Conhecimento, em Ponte da Barca, acolhe a sess\u00e3o \u201cTerrit\u00f3rios de Fronteira, Lugares de Encontro\u201d, no pr\u00f3ximo dia 23 de mar\u00e7o, \u00e0s 18h00, e conta com Patr\u00edcia Reis como oradora convidada, arquiteta formada pela FAUP e atualmente no Programa de Doutoramento em Arquitetura.","robots":{"index":"index","follow":"follow","max-snippet":"max-snippet:-1","max-image-preview":"max-image-preview:large","max-video-preview":"max-video-preview:-1"},"canonical":"https:\/\/www.altominho.tv\/site\/2026\/03\/10\/casa-do-conhecimento-acolhe-sessao-territorios-de-fronteira-lugares-de-encontro\/","og_locale":"pt_PT","og_type":"article","og_title":"Casa do Conhecimento acolhe sess\u00e3o \u201cTerrit\u00f3rios de Fronteira, Lugares de Encontro\u201d","og_description":"A Casa do Conhecimento, em Ponte da Barca, acolhe a sess\u00e3o \u201cTerrit\u00f3rios de Fronteira, Lugares de Encontro\u201d, no pr\u00f3ximo dia 23 de mar\u00e7o, \u00e0s 18h00, e conta com Patr\u00edcia Reis como oradora convidada, arquiteta formada pela FAUP e atualmente no Programa de Doutoramento em Arquitetura.","og_url":"https:\/\/www.altominho.tv\/site\/2026\/03\/10\/casa-do-conhecimento-acolhe-sessao-territorios-de-fronteira-lugares-de-encontro\/","og_site_name":"Altominho.tv","article_publisher":"https:\/\/www.facebook.com\/altominhotv","article_published_time":"2026-03-10T17:35:09+00:00","article_modified_time":"2026-03-10T17:35:13+00:00","og_image":[{"width":1200,"height":630,"url":"https:\/\/www.altominho.tv\/site\/wp-content\/uploads\/2026\/01\/casa-do-conhecimento-ponte-da-barca.jpg","type":"image\/jpeg"}],"author":"Eduarda Cardoso","twitter_card":"summary_large_image","twitter_creator":"@altominhoTV","twitter_site":"@altominhoTV","twitter_misc":{"Escrito por":"Eduarda Cardoso","Tempo estimado de leitura":"2 minutos"},"schema":{"@context":"https:\/\/schema.org","@graph":[{"@type":"Article","@id":"https:\/\/www.altominho.tv\/site\/2026\/03\/10\/casa-do-conhecimento-acolhe-sessao-territorios-de-fronteira-lugares-de-encontro\/#article","isPartOf":{"@id":"https:\/\/www.altominho.tv\/site\/2026\/03\/10\/casa-do-conhecimento-acolhe-sessao-territorios-de-fronteira-lugares-de-encontro\/"},"author":{"name":"Eduarda Cardoso","@id":"https:\/\/www.altominho.tv\/site\/#\/schema\/person\/9e351387b727413d005ccf1152c93539"},"headline":"Casa do Conhecimento acolhe sess\u00e3o \u201cTerrit\u00f3rios de Fronteira, Lugares de Encontro\u201d","datePublished":"2026-03-10T17:35:09+00:00","dateModified":"2026-03-10T17:35:13+00:00","mainEntityOfPage":{"@id":"https:\/\/www.altominho.tv\/site\/2026\/03\/10\/casa-do-conhecimento-acolhe-sessao-territorios-de-fronteira-lugares-de-encontro\/"},"wordCount":208,"image":{"@id":"https:\/\/www.altominho.tv\/site\/2026\/03\/10\/casa-do-conhecimento-acolhe-sessao-territorios-de-fronteira-lugares-de-encontro\/#primaryimage"},"thumbnailUrl":"https:\/\/www.altominho.tv\/site\/wp-content\/uploads\/2026\/01\/casa-do-conhecimento-ponte-da-barca.jpg","keywords":["Sociedade"],"articleSection":["Ponte da Barca"],"inLanguage":"pt-PT","copyrightYear":"2026","copyrightHolder":{"@id":"https:\/\/www.altominho.tv\/site\/#organization"}},{"@type":"WebPage","@id":"https:\/\/www.altominho.tv\/site\/2026\/03\/10\/casa-do-conhecimento-acolhe-sessao-territorios-de-fronteira-lugares-de-encontro\/","url":"https:\/\/www.altominho.tv\/site\/2026\/03\/10\/casa-do-conhecimento-acolhe-sessao-territorios-de-fronteira-lugares-de-encontro\/","name":"Casa do Conhecimento acolhe sess\u00e3o \u201cTerrit\u00f3rios de Fronteira, Lugares de Encontro\u201d","isPartOf":{"@id":"https:\/\/www.altominho.tv\/site\/#website"},"primaryImageOfPage":{"@id":"https:\/\/www.altominho.tv\/site\/2026\/03\/10\/casa-do-conhecimento-acolhe-sessao-territorios-de-fronteira-lugares-de-encontro\/#primaryimage"},"image":{"@id":"https:\/\/www.altominho.tv\/site\/2026\/03\/10\/casa-do-conhecimento-acolhe-sessao-territorios-de-fronteira-lugares-de-encontro\/#primaryimage"},"thumbnailUrl":"https:\/\/www.altominho.tv\/site\/wp-content\/uploads\/2026\/01\/casa-do-conhecimento-ponte-da-barca.jpg","datePublished":"2026-03-10T17:35:09+00:00","dateModified":"2026-03-10T17:35:13+00:00","author":{"@id":"https:\/\/www.altominho.tv\/site\/#\/schema\/person\/9e351387b727413d005ccf1152c93539"},"description":"A Casa do Conhecimento, em Ponte da Barca, acolhe a sess\u00e3o \u201cTerrit\u00f3rios de Fronteira, Lugares de Encontro\u201d, no pr\u00f3ximo dia 23 de mar\u00e7o, \u00e0s 18h00, e conta com Patr\u00edcia Reis como oradora convidada, arquiteta formada pela FAUP e atualmente no Programa de Doutoramento em Arquitetura.","breadcrumb":{"@id":"https:\/\/www.altominho.tv\/site\/2026\/03\/10\/casa-do-conhecimento-acolhe-sessao-territorios-de-fronteira-lugares-de-encontro\/#breadcrumb"},"inLanguage":"pt-PT","potentialAction":[{"@type":"ReadAction","target":["https:\/\/www.altominho.tv\/site\/2026\/03\/10\/casa-do-conhecimento-acolhe-sessao-territorios-de-fronteira-lugares-de-encontro\/"]}]},{"@type":"ImageObject","inLanguage":"pt-PT","@id":"https:\/\/www.altominho.tv\/site\/2026\/03\/10\/casa-do-conhecimento-acolhe-sessao-territorios-de-fronteira-lugares-de-encontro\/#primaryimage","url":"https:\/\/www.altominho.tv\/site\/wp-content\/uploads\/2026\/01\/casa-do-conhecimento-ponte-da-barca.jpg","contentUrl":"https:\/\/www.altominho.tv\/site\/wp-content\/uploads\/2026\/01\/casa-do-conhecimento-ponte-da-barca.jpg","width":1200,"height":630},{"@type":"BreadcrumbList","@id":"https:\/\/www.altominho.tv\/site\/2026\/03\/10\/casa-do-conhecimento-acolhe-sessao-territorios-de-fronteira-lugares-de-encontro\/#breadcrumb","itemListElement":[{"@type":"ListItem","position":1,"name":"In\u00edcio","item":"https:\/\/www.altominho.tv\/site\/"},{"@type":"ListItem","position":2,"name":"Casa do Conhecimento acolhe sess\u00e3o \u201cTerrit\u00f3rios de Fronteira, Lugares de Encontro\u201d"}]},{"@type":"WebSite","@id":"https:\/\/www.altominho.tv\/site\/#website","url":"https:\/\/www.altominho.tv\/site\/","name":"Altominho.tv","description":"A sua regi\u00e3o \u00e0 dist\u00e2ncia de um clique...","potentialAction":[{"@type":"SearchAction","target":{"@type":"EntryPoint","urlTemplate":"https:\/\/www.altominho.tv\/site\/?s={search_term_string}"},"query-input":{"@type":"PropertyValueSpecification","valueRequired":true,"valueName":"search_term_string"}}],"inLanguage":"pt-PT"},{"@type":"Person","@id":"https:\/\/www.altominho.tv\/site\/#\/schema\/person\/9e351387b727413d005ccf1152c93539","name":"Eduarda Cardoso","image":{"@type":"ImageObject","inLanguage":"pt-PT","@id":"https:\/\/www.altominho.tv\/site\/wp-content\/uploads\/2021\/01\/cropped-Logo-ATV_WEB-150x150.png","url":"https:\/\/www.altominho.tv\/site\/wp-content\/uploads\/2021\/01\/cropped-Logo-ATV_WEB-150x150.png","contentUrl":"https:\/\/www.altominho.tv\/site\/wp-content\/uploads\/2021\/01\/cropped-Logo-ATV_WEB-150x150.png","caption":"Eduarda Cardoso"},"url":"https:\/\/www.altominho.tv\/site\/author\/eduarda-cardoso\/"}]}},"_links":{"self":[{"href":"https:\/\/www.altominho.tv\/site\/wp-json\/wp\/v2\/posts\/129703","targetHints":{"allow":["GET"]}}],"collection":[{"href":"https:\/\/www.altominho.tv\/site\/wp-json\/wp\/v2\/posts"}],"about":[{"href":"https:\/\/www.altominho.tv\/site\/wp-json\/wp\/v2\/types\/post"}],"author":[{"embeddable":true,"href":"https:\/\/www.altominho.tv\/site\/wp-json\/wp\/v2\/users\/30"}],"replies":[{"embeddable":true,"href":"https:\/\/www.altominho.tv\/site\/wp-json\/wp\/v2\/comments?post=129703"}],"version-history":[{"count":1,"href":"https:\/\/www.altominho.tv\/site\/wp-json\/wp\/v2\/posts\/129703\/revisions"}],"predecessor-version":[{"id":129704,"href":"https:\/\/www.altominho.tv\/site\/wp-json\/wp\/v2\/posts\/129703\/revisions\/129704"}],"wp:featuredmedia":[{"embeddable":true,"href":"https:\/\/www.altominho.tv\/site\/wp-json\/wp\/v2\/media\/127069"}],"wp:attachment":[{"href":"https:\/\/www.altominho.tv\/site\/wp-json\/wp\/v2\/media?parent=129703"}],"wp:term":[{"taxonomy":"category","embeddable":true,"href":"https:\/\/www.altominho.tv\/site\/wp-json\/wp\/v2\/categories?post=129703"},{"taxonomy":"post_tag","embeddable":true,"href":"https:\/\/www.altominho.tv\/site\/wp-json\/wp\/v2\/tags?post=129703"}],"curies":[{"name":"wp","href":"https:\/\/api.w.org\/{rel}","templated":true}]}}