{"id":129691,"date":"2026-03-10T16:14:41","date_gmt":"2026-03-10T16:14:41","guid":{"rendered":"https:\/\/www.altominho.tv\/site\/?p=129691"},"modified":"2026-03-10T16:14:45","modified_gmt":"2026-03-10T16:14:45","slug":"ipvc-promove-ciclo-seminarios-de-eletronica-eletrificacao-automovel-alto-minho","status":"publish","type":"post","link":"https:\/\/www.altominho.tv\/site\/2026\/03\/10\/ipvc-promove-ciclo-seminarios-de-eletronica-eletrificacao-automovel-alto-minho\/","title":{"rendered":"IPVC promove ciclo de\u00a0Semin\u00e1rios de Eletr\u00f3nica e Eletrifica\u00e7\u00e3o Autom\u00f3vel do Alto Minho"},"content":{"rendered":"<p class=\"p1\">O Instituto Polit\u00e9cnico de Viana do Castelo vai promover, entre mar\u00e7o e abril, um novo ciclo de Semin\u00e1rios de Eletr\u00f3nica e Eletrifica\u00e7\u00e3o Autom\u00f3vel do Alto Minho, dedicado a temas atuais do setor autom\u00f3vel, como digital twins, baterias e transi\u00e7\u00e3o el\u00e9trica.<\/p>\n<p class=\"p1\">A iniciativa pretende juntar estudantes, docentes, investigadores e profissionais da ind\u00fastria para discutir desafios tecnol\u00f3gicos e refor\u00e7ar a liga\u00e7\u00e3o entre a academia e as empresas.<\/p>\n<p class=\"p1\">O ciclo \u00e9 organizado em parceria com o Centro de Interface Tecnol\u00f3gico Industrial (CiTin) e a Mobinov \u2013 Cluster Autom\u00f3vel e da Mobilidade, e inclui tr\u00eas semin\u00e1rios focados na transforma\u00e7\u00e3o digital e el\u00e9trica do setor autom\u00f3vel e na Ind\u00fastria 5.0.<\/p>\n<p class=\"p1\">Os semin\u00e1rios est\u00e3o tamb\u00e9m ligados ao mestrado em Eletr\u00f3nica e Eletrifica\u00e7\u00e3o Autom\u00f3vel da Escola Superior de Tecnologia e Gest\u00e3o do polit\u00e9cnico, refor\u00e7ando a aposta da institui\u00e7\u00e3o na forma\u00e7\u00e3o avan\u00e7ada com liga\u00e7\u00e3o ao setor empresarial.<\/p>\n<p class=\"p1\">Entre os convidados encontram-se especialistas e investigadores de refer\u00eancia ligados ao setor, como Ant\u00f3nio Almeida, do INESC-TEC, ou Rubipiara Fernandes e Adriano Bresolin, ambos do Instituto Federal de Santa Catarina, no Brasil.<\/p>\n\n\n<figure class=\"wp-block-image size-large\"><img loading=\"lazy\" decoding=\"async\" width=\"1024\" height=\"576\" src=\"https:\/\/www.altominho.tv\/site\/wp-content\/uploads\/2026\/03\/Seminarios_IPVC_CITIN-1-1024x576.png\" alt=\"\" class=\"wp-image-129696\" srcset=\"https:\/\/www.altominho.tv\/site\/wp-content\/uploads\/2026\/03\/Seminarios_IPVC_CITIN-1-1024x576.png 1024w, https:\/\/www.altominho.tv\/site\/wp-content\/uploads\/2026\/03\/Seminarios_IPVC_CITIN-1-770x433.png 770w, https:\/\/www.altominho.tv\/site\/wp-content\/uploads\/2026\/03\/Seminarios_IPVC_CITIN-1-768x432.png 768w, https:\/\/www.altominho.tv\/site\/wp-content\/uploads\/2026\/03\/Seminarios_IPVC_CITIN-1-1536x864.png 1536w, https:\/\/www.altominho.tv\/site\/wp-content\/uploads\/2026\/03\/Seminarios_IPVC_CITIN-1-2048x1152.png 2048w, https:\/\/www.altominho.tv\/site\/wp-content\/uploads\/2026\/03\/Seminarios_IPVC_CITIN-1-370x208.png 370w, https:\/\/www.altominho.tv\/site\/wp-content\/uploads\/2026\/03\/Seminarios_IPVC_CITIN-1-270x152.png 270w, https:\/\/www.altominho.tv\/site\/wp-content\/uploads\/2026\/03\/Seminarios_IPVC_CITIN-1-570x321.png 570w, https:\/\/www.altominho.tv\/site\/wp-content\/uploads\/2026\/03\/Seminarios_IPVC_CITIN-1-740x416.png 740w\" sizes=\"auto, (max-width: 1024px) 100vw, 1024px\" \/><\/figure>\n","protected":false},"excerpt":{"rendered":"<p>O Instituto Polit\u00e9cnico de Viana do Castelo vai promover, entre mar\u00e7o e abril, um novo ciclo de Semin\u00e1rios de Eletr\u00f3nica e Eletrifica\u00e7\u00e3o Autom\u00f3vel do Alto Minho, dedicado a temas atuais do setor autom\u00f3vel, como digital twins, baterias e transi\u00e7\u00e3o el\u00e9trica. A iniciativa pretende juntar estudantes, docentes, investigadores e profissionais da ind\u00fastria para discutir desafios tecnol\u00f3gicos [&hellip;]<\/p>\n","protected":false},"author":30,"featured_media":129697,"comment_status":"closed","ping_status":"closed","sticky":false,"template":"","format":"standard","meta":{"_exactmetrics_skip_tracking":false,"_exactmetrics_sitenote_active":false,"_exactmetrics_sitenote_note":"","_exactmetrics_sitenote_category":0,"footnotes":""},"categories":[14],"tags":[22],"class_list":["post-129691","post","type-post","status-publish","format-standard","has-post-thumbnail","hentry","category-viana-do-castelo","tag-educacao"],"yoast_head":"<!-- This site is optimized with the Yoast SEO Premium plugin v27.4 (Yoast SEO v27.4) - https:\/\/yoast.com\/product\/yoast-seo-premium-wordpress\/ -->\n<title>IPVC promove ciclo de\u00a0Semin\u00e1rios de Eletr\u00f3nica e Eletrifica\u00e7\u00e3o Autom\u00f3vel do Alto Minho<\/title>\n<meta name=\"description\" content=\"O Instituto Polit\u00e9cnico de Viana do Castelo vai promover, entre mar\u00e7o e abril, um novo ciclo de Semin\u00e1rios de Eletr\u00f3nica e Eletrifica\u00e7\u00e3o Autom\u00f3vel do Alto Minho, dedicado a temas atuais do setor autom\u00f3vel, como digital twins, baterias e transi\u00e7\u00e3o el\u00e9trica.\" \/>\n<meta name=\"robots\" content=\"index, follow, max-snippet:-1, max-image-preview:large, max-video-preview:-1\" \/>\n<link rel=\"canonical\" href=\"https:\/\/www.altominho.tv\/site\/2026\/03\/10\/ipvc-promove-ciclo-seminarios-de-eletronica-eletrificacao-automovel-alto-minho\/\" \/>\n<meta property=\"og:locale\" content=\"pt_PT\" \/>\n<meta property=\"og:type\" content=\"article\" \/>\n<meta property=\"og:title\" content=\"IPVC promove ciclo de\u00a0Semin\u00e1rios de Eletr\u00f3nica e Eletrifica\u00e7\u00e3o Autom\u00f3vel do Alto Minho\" \/>\n<meta property=\"og:description\" content=\"O Instituto Polit\u00e9cnico de Viana do Castelo vai promover, entre mar\u00e7o e abril, um novo ciclo de Semin\u00e1rios de Eletr\u00f3nica e Eletrifica\u00e7\u00e3o Autom\u00f3vel do Alto Minho, dedicado a temas atuais do setor autom\u00f3vel, como digital twins, baterias e transi\u00e7\u00e3o el\u00e9trica.\" \/>\n<meta property=\"og:url\" content=\"https:\/\/www.altominho.tv\/site\/2026\/03\/10\/ipvc-promove-ciclo-seminarios-de-eletronica-eletrificacao-automovel-alto-minho\/\" \/>\n<meta property=\"og:site_name\" content=\"Altominho.tv\" \/>\n<meta property=\"article:publisher\" content=\"https:\/\/www.facebook.com\/altominhotv\" \/>\n<meta property=\"article:published_time\" content=\"2026-03-10T16:14:41+00:00\" \/>\n<meta property=\"article:modified_time\" content=\"2026-03-10T16:14:45+00:00\" \/>\n<meta property=\"og:image\" content=\"https:\/\/www.altominho.tv\/site\/wp-content\/uploads\/2026\/03\/Design-sem-nome-2026-03-10T160341.978.jpg\" \/>\n\t<meta property=\"og:image:width\" content=\"1200\" \/>\n\t<meta property=\"og:image:height\" content=\"630\" \/>\n\t<meta property=\"og:image:type\" content=\"image\/jpeg\" \/>\n<meta name=\"author\" content=\"Eduarda Cardoso\" \/>\n<meta name=\"twitter:card\" content=\"summary_large_image\" \/>\n<meta name=\"twitter:creator\" content=\"@altominhoTV\" \/>\n<meta name=\"twitter:site\" content=\"@altominhoTV\" \/>\n<meta name=\"twitter:label1\" content=\"Escrito por\" \/>\n\t<meta name=\"twitter:data1\" content=\"Eduarda Cardoso\" \/>\n\t<meta name=\"twitter:label2\" content=\"Tempo estimado de leitura\" \/>\n\t<meta name=\"twitter:data2\" content=\"2 minutos\" \/>\n<script type=\"application\/ld+json\" class=\"yoast-schema-graph\">{\"@context\":\"https:\\\/\\\/schema.org\",\"@graph\":[{\"@type\":\"Article\",\"@id\":\"https:\\\/\\\/www.altominho.tv\\\/site\\\/2026\\\/03\\\/10\\\/ipvc-promove-ciclo-seminarios-de-eletronica-eletrificacao-automovel-alto-minho\\\/#article\",\"isPartOf\":{\"@id\":\"https:\\\/\\\/www.altominho.tv\\\/site\\\/2026\\\/03\\\/10\\\/ipvc-promove-ciclo-seminarios-de-eletronica-eletrificacao-automovel-alto-minho\\\/\"},\"author\":{\"name\":\"Eduarda Cardoso\",\"@id\":\"https:\\\/\\\/www.altominho.tv\\\/site\\\/#\\\/schema\\\/person\\\/9e351387b727413d005ccf1152c93539\"},\"headline\":\"IPVC promove ciclo de\u00a0Semin\u00e1rios de Eletr\u00f3nica e Eletrifica\u00e7\u00e3o Autom\u00f3vel do Alto Minho\",\"datePublished\":\"2026-03-10T16:14:41+00:00\",\"dateModified\":\"2026-03-10T16:14:45+00:00\",\"mainEntityOfPage\":{\"@id\":\"https:\\\/\\\/www.altominho.tv\\\/site\\\/2026\\\/03\\\/10\\\/ipvc-promove-ciclo-seminarios-de-eletronica-eletrificacao-automovel-alto-minho\\\/\"},\"wordCount\":221,\"image\":{\"@id\":\"https:\\\/\\\/www.altominho.tv\\\/site\\\/2026\\\/03\\\/10\\\/ipvc-promove-ciclo-seminarios-de-eletronica-eletrificacao-automovel-alto-minho\\\/#primaryimage\"},\"thumbnailUrl\":\"https:\\\/\\\/www.altominho.tv\\\/site\\\/wp-content\\\/uploads\\\/2026\\\/03\\\/Design-sem-nome-2026-03-10T160341.978.jpg\",\"keywords\":[\"Educa\u00e7\u00e3o\"],\"articleSection\":[\"Viana do Castelo\"],\"inLanguage\":\"pt-PT\",\"copyrightYear\":\"2026\",\"copyrightHolder\":{\"@id\":\"https:\\\/\\\/www.altominho.tv\\\/site\\\/#organization\"}},{\"@type\":\"WebPage\",\"@id\":\"https:\\\/\\\/www.altominho.tv\\\/site\\\/2026\\\/03\\\/10\\\/ipvc-promove-ciclo-seminarios-de-eletronica-eletrificacao-automovel-alto-minho\\\/\",\"url\":\"https:\\\/\\\/www.altominho.tv\\\/site\\\/2026\\\/03\\\/10\\\/ipvc-promove-ciclo-seminarios-de-eletronica-eletrificacao-automovel-alto-minho\\\/\",\"name\":\"IPVC promove ciclo de\u00a0Semin\u00e1rios de Eletr\u00f3nica e Eletrifica\u00e7\u00e3o Autom\u00f3vel do Alto Minho\",\"isPartOf\":{\"@id\":\"https:\\\/\\\/www.altominho.tv\\\/site\\\/#website\"},\"primaryImageOfPage\":{\"@id\":\"https:\\\/\\\/www.altominho.tv\\\/site\\\/2026\\\/03\\\/10\\\/ipvc-promove-ciclo-seminarios-de-eletronica-eletrificacao-automovel-alto-minho\\\/#primaryimage\"},\"image\":{\"@id\":\"https:\\\/\\\/www.altominho.tv\\\/site\\\/2026\\\/03\\\/10\\\/ipvc-promove-ciclo-seminarios-de-eletronica-eletrificacao-automovel-alto-minho\\\/#primaryimage\"},\"thumbnailUrl\":\"https:\\\/\\\/www.altominho.tv\\\/site\\\/wp-content\\\/uploads\\\/2026\\\/03\\\/Design-sem-nome-2026-03-10T160341.978.jpg\",\"datePublished\":\"2026-03-10T16:14:41+00:00\",\"dateModified\":\"2026-03-10T16:14:45+00:00\",\"author\":{\"@id\":\"https:\\\/\\\/www.altominho.tv\\\/site\\\/#\\\/schema\\\/person\\\/9e351387b727413d005ccf1152c93539\"},\"description\":\"O Instituto Polit\u00e9cnico de Viana do Castelo vai promover, entre mar\u00e7o e abril, um novo ciclo de Semin\u00e1rios de Eletr\u00f3nica e Eletrifica\u00e7\u00e3o Autom\u00f3vel do Alto Minho, dedicado a temas atuais do setor autom\u00f3vel, como digital twins, baterias e transi\u00e7\u00e3o el\u00e9trica.\",\"breadcrumb\":{\"@id\":\"https:\\\/\\\/www.altominho.tv\\\/site\\\/2026\\\/03\\\/10\\\/ipvc-promove-ciclo-seminarios-de-eletronica-eletrificacao-automovel-alto-minho\\\/#breadcrumb\"},\"inLanguage\":\"pt-PT\",\"potentialAction\":[{\"@type\":\"ReadAction\",\"target\":[\"https:\\\/\\\/www.altominho.tv\\\/site\\\/2026\\\/03\\\/10\\\/ipvc-promove-ciclo-seminarios-de-eletronica-eletrificacao-automovel-alto-minho\\\/\"]}]},{\"@type\":\"ImageObject\",\"inLanguage\":\"pt-PT\",\"@id\":\"https:\\\/\\\/www.altominho.tv\\\/site\\\/2026\\\/03\\\/10\\\/ipvc-promove-ciclo-seminarios-de-eletronica-eletrificacao-automovel-alto-minho\\\/#primaryimage\",\"url\":\"https:\\\/\\\/www.altominho.tv\\\/site\\\/wp-content\\\/uploads\\\/2026\\\/03\\\/Design-sem-nome-2026-03-10T160341.978.jpg\",\"contentUrl\":\"https:\\\/\\\/www.altominho.tv\\\/site\\\/wp-content\\\/uploads\\\/2026\\\/03\\\/Design-sem-nome-2026-03-10T160341.978.jpg\",\"width\":1200,\"height\":630},{\"@type\":\"BreadcrumbList\",\"@id\":\"https:\\\/\\\/www.altominho.tv\\\/site\\\/2026\\\/03\\\/10\\\/ipvc-promove-ciclo-seminarios-de-eletronica-eletrificacao-automovel-alto-minho\\\/#breadcrumb\",\"itemListElement\":[{\"@type\":\"ListItem\",\"position\":1,\"name\":\"In\u00edcio\",\"item\":\"https:\\\/\\\/www.altominho.tv\\\/site\\\/\"},{\"@type\":\"ListItem\",\"position\":2,\"name\":\"IPVC promove ciclo de\u00a0Semin\u00e1rios de Eletr\u00f3nica e Eletrifica\u00e7\u00e3o Autom\u00f3vel do Alto Minho\"}]},{\"@type\":\"WebSite\",\"@id\":\"https:\\\/\\\/www.altominho.tv\\\/site\\\/#website\",\"url\":\"https:\\\/\\\/www.altominho.tv\\\/site\\\/\",\"name\":\"Altominho.tv\",\"description\":\"A sua regi\u00e3o \u00e0 dist\u00e2ncia de um clique...\",\"potentialAction\":[{\"@type\":\"SearchAction\",\"target\":{\"@type\":\"EntryPoint\",\"urlTemplate\":\"https:\\\/\\\/www.altominho.tv\\\/site\\\/?s={search_term_string}\"},\"query-input\":{\"@type\":\"PropertyValueSpecification\",\"valueRequired\":true,\"valueName\":\"search_term_string\"}}],\"inLanguage\":\"pt-PT\"},{\"@type\":\"Person\",\"@id\":\"https:\\\/\\\/www.altominho.tv\\\/site\\\/#\\\/schema\\\/person\\\/9e351387b727413d005ccf1152c93539\",\"name\":\"Eduarda Cardoso\",\"image\":{\"@type\":\"ImageObject\",\"inLanguage\":\"pt-PT\",\"@id\":\"https:\\\/\\\/www.altominho.tv\\\/site\\\/wp-content\\\/uploads\\\/2021\\\/01\\\/cropped-Logo-ATV_WEB-150x150.png\",\"url\":\"https:\\\/\\\/www.altominho.tv\\\/site\\\/wp-content\\\/uploads\\\/2021\\\/01\\\/cropped-Logo-ATV_WEB-150x150.png\",\"contentUrl\":\"https:\\\/\\\/www.altominho.tv\\\/site\\\/wp-content\\\/uploads\\\/2021\\\/01\\\/cropped-Logo-ATV_WEB-150x150.png\",\"caption\":\"Eduarda Cardoso\"},\"url\":\"https:\\\/\\\/www.altominho.tv\\\/site\\\/author\\\/eduarda-cardoso\\\/\"}]}<\/script>\n<!-- \/ Yoast SEO Premium plugin. -->","yoast_head_json":{"title":"IPVC promove ciclo de\u00a0Semin\u00e1rios de Eletr\u00f3nica e Eletrifica\u00e7\u00e3o Autom\u00f3vel do Alto Minho","description":"O Instituto Polit\u00e9cnico de Viana do Castelo vai promover, entre mar\u00e7o e abril, um novo ciclo de Semin\u00e1rios de Eletr\u00f3nica e Eletrifica\u00e7\u00e3o Autom\u00f3vel do Alto Minho, dedicado a temas atuais do setor autom\u00f3vel, como digital twins, baterias e transi\u00e7\u00e3o el\u00e9trica.","robots":{"index":"index","follow":"follow","max-snippet":"max-snippet:-1","max-image-preview":"max-image-preview:large","max-video-preview":"max-video-preview:-1"},"canonical":"https:\/\/www.altominho.tv\/site\/2026\/03\/10\/ipvc-promove-ciclo-seminarios-de-eletronica-eletrificacao-automovel-alto-minho\/","og_locale":"pt_PT","og_type":"article","og_title":"IPVC promove ciclo de\u00a0Semin\u00e1rios de Eletr\u00f3nica e Eletrifica\u00e7\u00e3o Autom\u00f3vel do Alto Minho","og_description":"O Instituto Polit\u00e9cnico de Viana do Castelo vai promover, entre mar\u00e7o e abril, um novo ciclo de Semin\u00e1rios de Eletr\u00f3nica e Eletrifica\u00e7\u00e3o Autom\u00f3vel do Alto Minho, dedicado a temas atuais do setor autom\u00f3vel, como digital twins, baterias e transi\u00e7\u00e3o el\u00e9trica.","og_url":"https:\/\/www.altominho.tv\/site\/2026\/03\/10\/ipvc-promove-ciclo-seminarios-de-eletronica-eletrificacao-automovel-alto-minho\/","og_site_name":"Altominho.tv","article_publisher":"https:\/\/www.facebook.com\/altominhotv","article_published_time":"2026-03-10T16:14:41+00:00","article_modified_time":"2026-03-10T16:14:45+00:00","og_image":[{"width":1200,"height":630,"url":"https:\/\/www.altominho.tv\/site\/wp-content\/uploads\/2026\/03\/Design-sem-nome-2026-03-10T160341.978.jpg","type":"image\/jpeg"}],"author":"Eduarda Cardoso","twitter_card":"summary_large_image","twitter_creator":"@altominhoTV","twitter_site":"@altominhoTV","twitter_misc":{"Escrito por":"Eduarda Cardoso","Tempo estimado de leitura":"2 minutos"},"schema":{"@context":"https:\/\/schema.org","@graph":[{"@type":"Article","@id":"https:\/\/www.altominho.tv\/site\/2026\/03\/10\/ipvc-promove-ciclo-seminarios-de-eletronica-eletrificacao-automovel-alto-minho\/#article","isPartOf":{"@id":"https:\/\/www.altominho.tv\/site\/2026\/03\/10\/ipvc-promove-ciclo-seminarios-de-eletronica-eletrificacao-automovel-alto-minho\/"},"author":{"name":"Eduarda Cardoso","@id":"https:\/\/www.altominho.tv\/site\/#\/schema\/person\/9e351387b727413d005ccf1152c93539"},"headline":"IPVC promove ciclo de\u00a0Semin\u00e1rios de Eletr\u00f3nica e Eletrifica\u00e7\u00e3o Autom\u00f3vel do Alto Minho","datePublished":"2026-03-10T16:14:41+00:00","dateModified":"2026-03-10T16:14:45+00:00","mainEntityOfPage":{"@id":"https:\/\/www.altominho.tv\/site\/2026\/03\/10\/ipvc-promove-ciclo-seminarios-de-eletronica-eletrificacao-automovel-alto-minho\/"},"wordCount":221,"image":{"@id":"https:\/\/www.altominho.tv\/site\/2026\/03\/10\/ipvc-promove-ciclo-seminarios-de-eletronica-eletrificacao-automovel-alto-minho\/#primaryimage"},"thumbnailUrl":"https:\/\/www.altominho.tv\/site\/wp-content\/uploads\/2026\/03\/Design-sem-nome-2026-03-10T160341.978.jpg","keywords":["Educa\u00e7\u00e3o"],"articleSection":["Viana do Castelo"],"inLanguage":"pt-PT","copyrightYear":"2026","copyrightHolder":{"@id":"https:\/\/www.altominho.tv\/site\/#organization"}},{"@type":"WebPage","@id":"https:\/\/www.altominho.tv\/site\/2026\/03\/10\/ipvc-promove-ciclo-seminarios-de-eletronica-eletrificacao-automovel-alto-minho\/","url":"https:\/\/www.altominho.tv\/site\/2026\/03\/10\/ipvc-promove-ciclo-seminarios-de-eletronica-eletrificacao-automovel-alto-minho\/","name":"IPVC promove ciclo de\u00a0Semin\u00e1rios de Eletr\u00f3nica e Eletrifica\u00e7\u00e3o Autom\u00f3vel do Alto Minho","isPartOf":{"@id":"https:\/\/www.altominho.tv\/site\/#website"},"primaryImageOfPage":{"@id":"https:\/\/www.altominho.tv\/site\/2026\/03\/10\/ipvc-promove-ciclo-seminarios-de-eletronica-eletrificacao-automovel-alto-minho\/#primaryimage"},"image":{"@id":"https:\/\/www.altominho.tv\/site\/2026\/03\/10\/ipvc-promove-ciclo-seminarios-de-eletronica-eletrificacao-automovel-alto-minho\/#primaryimage"},"thumbnailUrl":"https:\/\/www.altominho.tv\/site\/wp-content\/uploads\/2026\/03\/Design-sem-nome-2026-03-10T160341.978.jpg","datePublished":"2026-03-10T16:14:41+00:00","dateModified":"2026-03-10T16:14:45+00:00","author":{"@id":"https:\/\/www.altominho.tv\/site\/#\/schema\/person\/9e351387b727413d005ccf1152c93539"},"description":"O Instituto Polit\u00e9cnico de Viana do Castelo vai promover, entre mar\u00e7o e abril, um novo ciclo de Semin\u00e1rios de Eletr\u00f3nica e Eletrifica\u00e7\u00e3o Autom\u00f3vel do Alto Minho, dedicado a temas atuais do setor autom\u00f3vel, como digital twins, baterias e transi\u00e7\u00e3o el\u00e9trica.","breadcrumb":{"@id":"https:\/\/www.altominho.tv\/site\/2026\/03\/10\/ipvc-promove-ciclo-seminarios-de-eletronica-eletrificacao-automovel-alto-minho\/#breadcrumb"},"inLanguage":"pt-PT","potentialAction":[{"@type":"ReadAction","target":["https:\/\/www.altominho.tv\/site\/2026\/03\/10\/ipvc-promove-ciclo-seminarios-de-eletronica-eletrificacao-automovel-alto-minho\/"]}]},{"@type":"ImageObject","inLanguage":"pt-PT","@id":"https:\/\/www.altominho.tv\/site\/2026\/03\/10\/ipvc-promove-ciclo-seminarios-de-eletronica-eletrificacao-automovel-alto-minho\/#primaryimage","url":"https:\/\/www.altominho.tv\/site\/wp-content\/uploads\/2026\/03\/Design-sem-nome-2026-03-10T160341.978.jpg","contentUrl":"https:\/\/www.altominho.tv\/site\/wp-content\/uploads\/2026\/03\/Design-sem-nome-2026-03-10T160341.978.jpg","width":1200,"height":630},{"@type":"BreadcrumbList","@id":"https:\/\/www.altominho.tv\/site\/2026\/03\/10\/ipvc-promove-ciclo-seminarios-de-eletronica-eletrificacao-automovel-alto-minho\/#breadcrumb","itemListElement":[{"@type":"ListItem","position":1,"name":"In\u00edcio","item":"https:\/\/www.altominho.tv\/site\/"},{"@type":"ListItem","position":2,"name":"IPVC promove ciclo de\u00a0Semin\u00e1rios de Eletr\u00f3nica e Eletrifica\u00e7\u00e3o Autom\u00f3vel do Alto Minho"}]},{"@type":"WebSite","@id":"https:\/\/www.altominho.tv\/site\/#website","url":"https:\/\/www.altominho.tv\/site\/","name":"Altominho.tv","description":"A sua regi\u00e3o \u00e0 dist\u00e2ncia de um clique...","potentialAction":[{"@type":"SearchAction","target":{"@type":"EntryPoint","urlTemplate":"https:\/\/www.altominho.tv\/site\/?s={search_term_string}"},"query-input":{"@type":"PropertyValueSpecification","valueRequired":true,"valueName":"search_term_string"}}],"inLanguage":"pt-PT"},{"@type":"Person","@id":"https:\/\/www.altominho.tv\/site\/#\/schema\/person\/9e351387b727413d005ccf1152c93539","name":"Eduarda Cardoso","image":{"@type":"ImageObject","inLanguage":"pt-PT","@id":"https:\/\/www.altominho.tv\/site\/wp-content\/uploads\/2021\/01\/cropped-Logo-ATV_WEB-150x150.png","url":"https:\/\/www.altominho.tv\/site\/wp-content\/uploads\/2021\/01\/cropped-Logo-ATV_WEB-150x150.png","contentUrl":"https:\/\/www.altominho.tv\/site\/wp-content\/uploads\/2021\/01\/cropped-Logo-ATV_WEB-150x150.png","caption":"Eduarda Cardoso"},"url":"https:\/\/www.altominho.tv\/site\/author\/eduarda-cardoso\/"}]}},"_links":{"self":[{"href":"https:\/\/www.altominho.tv\/site\/wp-json\/wp\/v2\/posts\/129691","targetHints":{"allow":["GET"]}}],"collection":[{"href":"https:\/\/www.altominho.tv\/site\/wp-json\/wp\/v2\/posts"}],"about":[{"href":"https:\/\/www.altominho.tv\/site\/wp-json\/wp\/v2\/types\/post"}],"author":[{"embeddable":true,"href":"https:\/\/www.altominho.tv\/site\/wp-json\/wp\/v2\/users\/30"}],"replies":[{"embeddable":true,"href":"https:\/\/www.altominho.tv\/site\/wp-json\/wp\/v2\/comments?post=129691"}],"version-history":[{"count":1,"href":"https:\/\/www.altominho.tv\/site\/wp-json\/wp\/v2\/posts\/129691\/revisions"}],"predecessor-version":[{"id":129698,"href":"https:\/\/www.altominho.tv\/site\/wp-json\/wp\/v2\/posts\/129691\/revisions\/129698"}],"wp:featuredmedia":[{"embeddable":true,"href":"https:\/\/www.altominho.tv\/site\/wp-json\/wp\/v2\/media\/129697"}],"wp:attachment":[{"href":"https:\/\/www.altominho.tv\/site\/wp-json\/wp\/v2\/media?parent=129691"}],"wp:term":[{"taxonomy":"category","embeddable":true,"href":"https:\/\/www.altominho.tv\/site\/wp-json\/wp\/v2\/categories?post=129691"},{"taxonomy":"post_tag","embeddable":true,"href":"https:\/\/www.altominho.tv\/site\/wp-json\/wp\/v2\/tags?post=129691"}],"curies":[{"name":"wp","href":"https:\/\/api.w.org\/{rel}","templated":true}]}}