{"id":129666,"date":"2026-03-10T10:28:11","date_gmt":"2026-03-10T10:28:11","guid":{"rendered":"https:\/\/www.altominho.tv\/site\/?p=129666"},"modified":"2026-03-10T10:28:14","modified_gmt":"2026-03-10T10:28:14","slug":"caminha-psd-jornadas-parlamentares-2","status":"publish","type":"post","link":"https:\/\/www.altominho.tv\/site\/2026\/03\/10\/caminha-psd-jornadas-parlamentares-2\/","title":{"rendered":"PSD inicia hoje jornadas parlamentares com antigo vice-primeiro-ministro Paulo Portas como convidado"},"content":{"rendered":"\n<p>O PSD inicia hoje as jornadas parlamentares de dois dias em Caminha (Viana do Castelo), que contar\u00e3o com a participa\u00e7\u00e3o do antigo vice-primeiro-ministro Paulo Portas, como orador convidado, e de tr\u00eas ministros num painel sobre o PTRR.<\/p>\n\n\n\n<p>O encerramento, na quarta-feira pela hora de almo\u00e7o, ser\u00e1 feito pelo presidente do PSD e primeiro-ministro, Lu\u00eds Montenegro.<\/p>\n\n\n\n<p>Hoje de manh\u00e3, as jornadas, com o tema \u201cPortugal resili\u00eancia e ambi\u00e7\u00e3o\u201d, come\u00e7am com visitas ao Porto de Mar de Vila Praia de \u00c2ncora e ao pared\u00e3o da praia de Moledo, no munic\u00edpio de Caminha (distrito de Viana do Castelo), antes da sess\u00e3o formal de abertura das jornadas, marcada para as 15h30, que contar\u00e1 com a interven\u00e7\u00e3o do l\u00edder parlamentar e secret\u00e1rio-geral do PSD, Hugo Soares.<\/p>\n\n\n\n<p>O primeiro painel ser\u00e1 dedicado ao tema \u201cAs crian\u00e7as e os ambientes digitais\u201d, depois de o parlamento ter aprovado na generalidade um diploma do PSD que regula o acesso \u00e0s redes sociais a menores de 16 anos e, ao jantar, o orador convidado ser\u00e1 o ex-vice-primeiro-ministro Paulo Portas.<\/p>\n\n\n\n<p>Paulo Portas foi l\u00edder do CDS-PP entre 1998 e 2005 e, novamente, entre 2007 e 2016.<\/p>\n\n\n\n<p>Foi ministro da Defesa durante os governos PSD\/CDS-PP liderados por Dur\u00e3o Barroso e Santana Lopes e come\u00e7ou por assumir a pasta dos Neg\u00f3cios Estrangeiros no executivo PSD\/CDS-PP de Pedro Passos Coelho. Na segunda metade deste Governo, subiu a vice-primeiro-ministro.<\/p>\n\n\n\n<p>As jornadas acontecem numa altura em que antigo primeiro-ministro Passos Coelho tem estado no centro da agenda pol\u00edtico-medi\u00e1tica: depois de v\u00e1rias interven\u00e7\u00f5es cr\u00edticas para o atual Governo PSD\/CDS-PP, o presidente do PSD e primeiro-ministro, Lu\u00eds Montenegro, desafiou quem tem um \u201ccaminho diferente e alternativo\u201d a apresentar-se como candidato \u00e0 lideran\u00e7a e prop\u00f4s que as elei\u00e7\u00f5es diretas se realizassem j\u00e1 em maio, em vez de depois do ver\u00e3o, como h\u00e1 dois anos.<\/p>\n\n\n\n<p>Na resposta, Passos recomendou a Montenegro que se concentre na miss\u00e3o de chefiar o Governo \u201ce se distraia pouco com o resto\u201d, dizendo n\u00e3o ser &#8220;candidato a cois\u00edssima nenhuma\u201d neste momento.<\/p>\n\n\n\n<p>Na quarta-feira, o segundo dia das jornadas parlamentares do PSD ter\u00e1 um painel sobre o programa Portugal Transforma\u00e7\u00e3o Recupera\u00e7\u00e3o Resili\u00eancia (PTRR), lan\u00e7ado pelo Governo depois da sucess\u00e3o de tempestades que atingiram o pa\u00eds e causaram 18 mortes e centenas de desalojados.<\/p>\n\n\n\n<p>Para debater o programa, que est\u00e1 em fase de discuss\u00e3o p\u00fablica, o PSD convidou os ministros da Economia e da Coes\u00e3o Territorial, Manuel Castro Almeida, o ministro das Infraestruturas e Habita\u00e7\u00e3o, Miguel Pinto Luz, e a ministra do Ambiente e Energia, Maria da Gra\u00e7a Carvalho, antes da sess\u00e3o de encerramento pelo l\u00edder Lu\u00eds Montenegro.<\/p>\n\n\n\n<p>As jornadas parlamentares do PSD estiveram inicialmente previstas para 09 e 10 de fevereiro, mas foram adiadas devido ao mau tempo. Agora, acontecem um dia depois de o novo Presidente da Rep\u00fablica, Ant\u00f3nio Jos\u00e9 Seguro, ser investido e fazer o seu discurso inaugural perante a Assembleia da Rep\u00fablica.<\/p>\n\n\n\n<p>Na cerim\u00f3nia de tomada de posse, o novo chefe de Estado afirmou que tudo far\u00e1 para travar o &#8220;frenesim eleitoral&#8221; dos \u00faltimos anos e pediu aos partidos com representa\u00e7\u00e3o parlamentar &#8220;um compromisso pol\u00edtico claro&#8221; pela estabilidade.<\/p>\n\n\n\n<p>Na rea\u00e7\u00e3o, o l\u00edder parlamentar do PSD considerou que esta era uma \u201cmensagem muito alinhada\u201d com a do seu partido e do Governo, dizendo que todos concordam que a estabilidade n\u00e3o \u00e9 um fim, mas um meio para \u201ctransformar a vida das pessoas\u201d.<\/p>\n\n\n\n<p>Fotografia: <strong>ANT\u00d3NIO PEDRO SANTOS<\/strong><\/p>\n","protected":false},"excerpt":{"rendered":"<p>O PSD inicia hoje as jornadas parlamentares de dois dias em Caminha (Viana do Castelo), que contar\u00e3o com a participa\u00e7\u00e3o do antigo vice-primeiro-ministro Paulo Portas, como orador convidado, e de tr\u00eas ministros num painel sobre o PTRR. O encerramento, na quarta-feira pela hora de almo\u00e7o, ser\u00e1 feito pelo presidente do PSD e primeiro-ministro, Lu\u00eds Montenegro. [&hellip;]<\/p>\n","protected":false},"author":13,"featured_media":129670,"comment_status":"closed","ping_status":"closed","sticky":false,"template":"","format":"standard","meta":{"_exactmetrics_skip_tracking":false,"_exactmetrics_sitenote_active":false,"_exactmetrics_sitenote_note":"","_exactmetrics_sitenote_category":0,"footnotes":""},"categories":[7],"tags":[56326],"class_list":["post-129666","post","type-post","status-publish","format-standard","has-post-thumbnail","hentry","category-caminha","tag-politica"],"yoast_head":"<!-- This site is optimized with the Yoast SEO Premium plugin v27.5 (Yoast SEO v27.5) - https:\/\/yoast.com\/product\/yoast-seo-premium-wordpress\/ -->\n<title>PSD inicia hoje jornadas parlamentares com antigo vice-primeiro-ministro Paulo Portas como convidado<\/title>\n<meta name=\"description\" content=\"O PSD come\u00e7a hoje as jornadas parlamentares em Caminha, com o antigo vice-primeiro-ministro Paulo Portas como convidado.\" \/>\n<meta name=\"robots\" content=\"index, follow, max-snippet:-1, max-image-preview:large, max-video-preview:-1\" \/>\n<link rel=\"canonical\" href=\"https:\/\/www.altominho.tv\/site\/2026\/03\/10\/caminha-psd-jornadas-parlamentares-2\/\" \/>\n<meta property=\"og:locale\" content=\"pt_PT\" \/>\n<meta property=\"og:type\" content=\"article\" \/>\n<meta property=\"og:title\" content=\"PSD inicia hoje jornadas parlamentares com antigo vice-primeiro-ministro Paulo Portas como convidado\" \/>\n<meta property=\"og:description\" content=\"O PSD come\u00e7a hoje as jornadas parlamentares em Caminha, com o antigo vice-primeiro-ministro Paulo Portas como convidado.\" \/>\n<meta property=\"og:url\" content=\"https:\/\/www.altominho.tv\/site\/2026\/03\/10\/caminha-psd-jornadas-parlamentares-2\/\" \/>\n<meta property=\"og:site_name\" content=\"Altominho.tv\" \/>\n<meta property=\"article:publisher\" content=\"https:\/\/www.facebook.com\/altominhotv\" \/>\n<meta property=\"article:published_time\" content=\"2026-03-10T10:28:11+00:00\" \/>\n<meta property=\"article:modified_time\" content=\"2026-03-10T10:28:14+00:00\" \/>\n<meta property=\"og:image\" content=\"https:\/\/www.altominho.tv\/site\/wp-content\/uploads\/2026\/03\/p.-portas.png\" \/>\n\t<meta property=\"og:image:width\" content=\"1200\" \/>\n\t<meta property=\"og:image:height\" content=\"630\" \/>\n\t<meta property=\"og:image:type\" content=\"image\/png\" \/>\n<meta name=\"author\" content=\"Lusa\" \/>\n<meta name=\"twitter:card\" content=\"summary_large_image\" \/>\n<meta name=\"twitter:creator\" content=\"@altominhoTV\" \/>\n<meta name=\"twitter:site\" content=\"@altominhoTV\" \/>\n<meta name=\"twitter:label1\" content=\"Escrito por\" \/>\n\t<meta name=\"twitter:data1\" content=\"Lusa\" \/>\n\t<meta name=\"twitter:label2\" content=\"Tempo estimado de leitura\" \/>\n\t<meta name=\"twitter:data2\" content=\"4 minutos\" \/>\n<script type=\"application\/ld+json\" class=\"yoast-schema-graph\">{\"@context\":\"https:\\\/\\\/schema.org\",\"@graph\":[{\"@type\":\"Article\",\"@id\":\"https:\\\/\\\/www.altominho.tv\\\/site\\\/2026\\\/03\\\/10\\\/caminha-psd-jornadas-parlamentares-2\\\/#article\",\"isPartOf\":{\"@id\":\"https:\\\/\\\/www.altominho.tv\\\/site\\\/2026\\\/03\\\/10\\\/caminha-psd-jornadas-parlamentares-2\\\/\"},\"author\":{\"name\":\"Lusa\",\"@id\":\"https:\\\/\\\/www.altominho.tv\\\/site\\\/#\\\/schema\\\/person\\\/63f693da3e1899361cbe955c46f3232e\"},\"headline\":\"PSD inicia hoje jornadas parlamentares com antigo vice-primeiro-ministro Paulo Portas como convidado\",\"datePublished\":\"2026-03-10T10:28:11+00:00\",\"dateModified\":\"2026-03-10T10:28:14+00:00\",\"mainEntityOfPage\":{\"@id\":\"https:\\\/\\\/www.altominho.tv\\\/site\\\/2026\\\/03\\\/10\\\/caminha-psd-jornadas-parlamentares-2\\\/\"},\"wordCount\":613,\"image\":{\"@id\":\"https:\\\/\\\/www.altominho.tv\\\/site\\\/2026\\\/03\\\/10\\\/caminha-psd-jornadas-parlamentares-2\\\/#primaryimage\"},\"thumbnailUrl\":\"https:\\\/\\\/www.altominho.tv\\\/site\\\/wp-content\\\/uploads\\\/2026\\\/03\\\/p.-portas.png\",\"keywords\":[\"Pol\u00edtica\"],\"articleSection\":[\"Caminha\"],\"inLanguage\":\"pt-PT\",\"copyrightYear\":\"2026\",\"copyrightHolder\":{\"@id\":\"https:\\\/\\\/www.altominho.tv\\\/site\\\/#organization\"}},{\"@type\":\"WebPage\",\"@id\":\"https:\\\/\\\/www.altominho.tv\\\/site\\\/2026\\\/03\\\/10\\\/caminha-psd-jornadas-parlamentares-2\\\/\",\"url\":\"https:\\\/\\\/www.altominho.tv\\\/site\\\/2026\\\/03\\\/10\\\/caminha-psd-jornadas-parlamentares-2\\\/\",\"name\":\"PSD inicia hoje jornadas parlamentares com antigo vice-primeiro-ministro Paulo Portas como convidado\",\"isPartOf\":{\"@id\":\"https:\\\/\\\/www.altominho.tv\\\/site\\\/#website\"},\"primaryImageOfPage\":{\"@id\":\"https:\\\/\\\/www.altominho.tv\\\/site\\\/2026\\\/03\\\/10\\\/caminha-psd-jornadas-parlamentares-2\\\/#primaryimage\"},\"image\":{\"@id\":\"https:\\\/\\\/www.altominho.tv\\\/site\\\/2026\\\/03\\\/10\\\/caminha-psd-jornadas-parlamentares-2\\\/#primaryimage\"},\"thumbnailUrl\":\"https:\\\/\\\/www.altominho.tv\\\/site\\\/wp-content\\\/uploads\\\/2026\\\/03\\\/p.-portas.png\",\"datePublished\":\"2026-03-10T10:28:11+00:00\",\"dateModified\":\"2026-03-10T10:28:14+00:00\",\"author\":{\"@id\":\"https:\\\/\\\/www.altominho.tv\\\/site\\\/#\\\/schema\\\/person\\\/63f693da3e1899361cbe955c46f3232e\"},\"description\":\"O PSD come\u00e7a hoje as jornadas parlamentares em Caminha, com o antigo vice-primeiro-ministro Paulo Portas como convidado.\",\"breadcrumb\":{\"@id\":\"https:\\\/\\\/www.altominho.tv\\\/site\\\/2026\\\/03\\\/10\\\/caminha-psd-jornadas-parlamentares-2\\\/#breadcrumb\"},\"inLanguage\":\"pt-PT\",\"potentialAction\":[{\"@type\":\"ReadAction\",\"target\":[\"https:\\\/\\\/www.altominho.tv\\\/site\\\/2026\\\/03\\\/10\\\/caminha-psd-jornadas-parlamentares-2\\\/\"]}]},{\"@type\":\"ImageObject\",\"inLanguage\":\"pt-PT\",\"@id\":\"https:\\\/\\\/www.altominho.tv\\\/site\\\/2026\\\/03\\\/10\\\/caminha-psd-jornadas-parlamentares-2\\\/#primaryimage\",\"url\":\"https:\\\/\\\/www.altominho.tv\\\/site\\\/wp-content\\\/uploads\\\/2026\\\/03\\\/p.-portas.png\",\"contentUrl\":\"https:\\\/\\\/www.altominho.tv\\\/site\\\/wp-content\\\/uploads\\\/2026\\\/03\\\/p.-portas.png\",\"width\":1200,\"height\":630},{\"@type\":\"BreadcrumbList\",\"@id\":\"https:\\\/\\\/www.altominho.tv\\\/site\\\/2026\\\/03\\\/10\\\/caminha-psd-jornadas-parlamentares-2\\\/#breadcrumb\",\"itemListElement\":[{\"@type\":\"ListItem\",\"position\":1,\"name\":\"In\u00edcio\",\"item\":\"https:\\\/\\\/www.altominho.tv\\\/site\\\/\"},{\"@type\":\"ListItem\",\"position\":2,\"name\":\"PSD inicia hoje jornadas parlamentares com antigo vice-primeiro-ministro Paulo Portas como convidado\"}]},{\"@type\":\"WebSite\",\"@id\":\"https:\\\/\\\/www.altominho.tv\\\/site\\\/#website\",\"url\":\"https:\\\/\\\/www.altominho.tv\\\/site\\\/\",\"name\":\"Altominho.tv\",\"description\":\"A sua regi\u00e3o \u00e0 dist\u00e2ncia de um clique...\",\"potentialAction\":[{\"@type\":\"SearchAction\",\"target\":{\"@type\":\"EntryPoint\",\"urlTemplate\":\"https:\\\/\\\/www.altominho.tv\\\/site\\\/?s={search_term_string}\"},\"query-input\":{\"@type\":\"PropertyValueSpecification\",\"valueRequired\":true,\"valueName\":\"search_term_string\"}}],\"inLanguage\":\"pt-PT\"},{\"@type\":\"Person\",\"@id\":\"https:\\\/\\\/www.altominho.tv\\\/site\\\/#\\\/schema\\\/person\\\/63f693da3e1899361cbe955c46f3232e\",\"name\":\"Lusa\",\"image\":{\"@type\":\"ImageObject\",\"inLanguage\":\"pt-PT\",\"@id\":\"https:\\\/\\\/www.altominho.tv\\\/site\\\/wp-content\\\/uploads\\\/2019\\\/08\\\/LUSA_Logo.gif\",\"url\":\"https:\\\/\\\/www.altominho.tv\\\/site\\\/wp-content\\\/uploads\\\/2019\\\/08\\\/LUSA_Logo.gif\",\"contentUrl\":\"https:\\\/\\\/www.altominho.tv\\\/site\\\/wp-content\\\/uploads\\\/2019\\\/08\\\/LUSA_Logo.gif\",\"caption\":\"Lusa\"},\"sameAs\":[\"http:\\\/\\\/\\\/\\\/www.altominho.tv\\\/site\"],\"url\":\"https:\\\/\\\/www.altominho.tv\\\/site\\\/author\\\/lusa\\\/\"}]}<\/script>\n<!-- \/ Yoast SEO Premium plugin. -->","yoast_head_json":{"title":"PSD inicia hoje jornadas parlamentares com antigo vice-primeiro-ministro Paulo Portas como convidado","description":"O PSD come\u00e7a hoje as jornadas parlamentares em Caminha, com o antigo vice-primeiro-ministro Paulo Portas como convidado.","robots":{"index":"index","follow":"follow","max-snippet":"max-snippet:-1","max-image-preview":"max-image-preview:large","max-video-preview":"max-video-preview:-1"},"canonical":"https:\/\/www.altominho.tv\/site\/2026\/03\/10\/caminha-psd-jornadas-parlamentares-2\/","og_locale":"pt_PT","og_type":"article","og_title":"PSD inicia hoje jornadas parlamentares com antigo vice-primeiro-ministro Paulo Portas como convidado","og_description":"O PSD come\u00e7a hoje as jornadas parlamentares em Caminha, com o antigo vice-primeiro-ministro Paulo Portas como convidado.","og_url":"https:\/\/www.altominho.tv\/site\/2026\/03\/10\/caminha-psd-jornadas-parlamentares-2\/","og_site_name":"Altominho.tv","article_publisher":"https:\/\/www.facebook.com\/altominhotv","article_published_time":"2026-03-10T10:28:11+00:00","article_modified_time":"2026-03-10T10:28:14+00:00","og_image":[{"width":1200,"height":630,"url":"https:\/\/www.altominho.tv\/site\/wp-content\/uploads\/2026\/03\/p.-portas.png","type":"image\/png"}],"author":"Lusa","twitter_card":"summary_large_image","twitter_creator":"@altominhoTV","twitter_site":"@altominhoTV","twitter_misc":{"Escrito por":"Lusa","Tempo estimado de leitura":"4 minutos"},"schema":{"@context":"https:\/\/schema.org","@graph":[{"@type":"Article","@id":"https:\/\/www.altominho.tv\/site\/2026\/03\/10\/caminha-psd-jornadas-parlamentares-2\/#article","isPartOf":{"@id":"https:\/\/www.altominho.tv\/site\/2026\/03\/10\/caminha-psd-jornadas-parlamentares-2\/"},"author":{"name":"Lusa","@id":"https:\/\/www.altominho.tv\/site\/#\/schema\/person\/63f693da3e1899361cbe955c46f3232e"},"headline":"PSD inicia hoje jornadas parlamentares com antigo vice-primeiro-ministro Paulo Portas como convidado","datePublished":"2026-03-10T10:28:11+00:00","dateModified":"2026-03-10T10:28:14+00:00","mainEntityOfPage":{"@id":"https:\/\/www.altominho.tv\/site\/2026\/03\/10\/caminha-psd-jornadas-parlamentares-2\/"},"wordCount":613,"image":{"@id":"https:\/\/www.altominho.tv\/site\/2026\/03\/10\/caminha-psd-jornadas-parlamentares-2\/#primaryimage"},"thumbnailUrl":"https:\/\/www.altominho.tv\/site\/wp-content\/uploads\/2026\/03\/p.-portas.png","keywords":["Pol\u00edtica"],"articleSection":["Caminha"],"inLanguage":"pt-PT","copyrightYear":"2026","copyrightHolder":{"@id":"https:\/\/www.altominho.tv\/site\/#organization"}},{"@type":"WebPage","@id":"https:\/\/www.altominho.tv\/site\/2026\/03\/10\/caminha-psd-jornadas-parlamentares-2\/","url":"https:\/\/www.altominho.tv\/site\/2026\/03\/10\/caminha-psd-jornadas-parlamentares-2\/","name":"PSD inicia hoje jornadas parlamentares com antigo vice-primeiro-ministro Paulo Portas como convidado","isPartOf":{"@id":"https:\/\/www.altominho.tv\/site\/#website"},"primaryImageOfPage":{"@id":"https:\/\/www.altominho.tv\/site\/2026\/03\/10\/caminha-psd-jornadas-parlamentares-2\/#primaryimage"},"image":{"@id":"https:\/\/www.altominho.tv\/site\/2026\/03\/10\/caminha-psd-jornadas-parlamentares-2\/#primaryimage"},"thumbnailUrl":"https:\/\/www.altominho.tv\/site\/wp-content\/uploads\/2026\/03\/p.-portas.png","datePublished":"2026-03-10T10:28:11+00:00","dateModified":"2026-03-10T10:28:14+00:00","author":{"@id":"https:\/\/www.altominho.tv\/site\/#\/schema\/person\/63f693da3e1899361cbe955c46f3232e"},"description":"O PSD come\u00e7a hoje as jornadas parlamentares em Caminha, com o antigo vice-primeiro-ministro Paulo Portas como convidado.","breadcrumb":{"@id":"https:\/\/www.altominho.tv\/site\/2026\/03\/10\/caminha-psd-jornadas-parlamentares-2\/#breadcrumb"},"inLanguage":"pt-PT","potentialAction":[{"@type":"ReadAction","target":["https:\/\/www.altominho.tv\/site\/2026\/03\/10\/caminha-psd-jornadas-parlamentares-2\/"]}]},{"@type":"ImageObject","inLanguage":"pt-PT","@id":"https:\/\/www.altominho.tv\/site\/2026\/03\/10\/caminha-psd-jornadas-parlamentares-2\/#primaryimage","url":"https:\/\/www.altominho.tv\/site\/wp-content\/uploads\/2026\/03\/p.-portas.png","contentUrl":"https:\/\/www.altominho.tv\/site\/wp-content\/uploads\/2026\/03\/p.-portas.png","width":1200,"height":630},{"@type":"BreadcrumbList","@id":"https:\/\/www.altominho.tv\/site\/2026\/03\/10\/caminha-psd-jornadas-parlamentares-2\/#breadcrumb","itemListElement":[{"@type":"ListItem","position":1,"name":"In\u00edcio","item":"https:\/\/www.altominho.tv\/site\/"},{"@type":"ListItem","position":2,"name":"PSD inicia hoje jornadas parlamentares com antigo vice-primeiro-ministro Paulo Portas como convidado"}]},{"@type":"WebSite","@id":"https:\/\/www.altominho.tv\/site\/#website","url":"https:\/\/www.altominho.tv\/site\/","name":"Altominho.tv","description":"A sua regi\u00e3o \u00e0 dist\u00e2ncia de um clique...","potentialAction":[{"@type":"SearchAction","target":{"@type":"EntryPoint","urlTemplate":"https:\/\/www.altominho.tv\/site\/?s={search_term_string}"},"query-input":{"@type":"PropertyValueSpecification","valueRequired":true,"valueName":"search_term_string"}}],"inLanguage":"pt-PT"},{"@type":"Person","@id":"https:\/\/www.altominho.tv\/site\/#\/schema\/person\/63f693da3e1899361cbe955c46f3232e","name":"Lusa","image":{"@type":"ImageObject","inLanguage":"pt-PT","@id":"https:\/\/www.altominho.tv\/site\/wp-content\/uploads\/2019\/08\/LUSA_Logo.gif","url":"https:\/\/www.altominho.tv\/site\/wp-content\/uploads\/2019\/08\/LUSA_Logo.gif","contentUrl":"https:\/\/www.altominho.tv\/site\/wp-content\/uploads\/2019\/08\/LUSA_Logo.gif","caption":"Lusa"},"sameAs":["http:\/\/\/\/www.altominho.tv\/site"],"url":"https:\/\/www.altominho.tv\/site\/author\/lusa\/"}]}},"_links":{"self":[{"href":"https:\/\/www.altominho.tv\/site\/wp-json\/wp\/v2\/posts\/129666","targetHints":{"allow":["GET"]}}],"collection":[{"href":"https:\/\/www.altominho.tv\/site\/wp-json\/wp\/v2\/posts"}],"about":[{"href":"https:\/\/www.altominho.tv\/site\/wp-json\/wp\/v2\/types\/post"}],"author":[{"embeddable":true,"href":"https:\/\/www.altominho.tv\/site\/wp-json\/wp\/v2\/users\/13"}],"replies":[{"embeddable":true,"href":"https:\/\/www.altominho.tv\/site\/wp-json\/wp\/v2\/comments?post=129666"}],"version-history":[{"count":1,"href":"https:\/\/www.altominho.tv\/site\/wp-json\/wp\/v2\/posts\/129666\/revisions"}],"predecessor-version":[{"id":129671,"href":"https:\/\/www.altominho.tv\/site\/wp-json\/wp\/v2\/posts\/129666\/revisions\/129671"}],"wp:featuredmedia":[{"embeddable":true,"href":"https:\/\/www.altominho.tv\/site\/wp-json\/wp\/v2\/media\/129670"}],"wp:attachment":[{"href":"https:\/\/www.altominho.tv\/site\/wp-json\/wp\/v2\/media?parent=129666"}],"wp:term":[{"taxonomy":"category","embeddable":true,"href":"https:\/\/www.altominho.tv\/site\/wp-json\/wp\/v2\/categories?post=129666"},{"taxonomy":"post_tag","embeddable":true,"href":"https:\/\/www.altominho.tv\/site\/wp-json\/wp\/v2\/tags?post=129666"}],"curies":[{"name":"wp","href":"https:\/\/api.w.org\/{rel}","templated":true}]}}