{"id":129660,"date":"2026-03-10T09:16:06","date_gmt":"2026-03-10T09:16:06","guid":{"rendered":"https:\/\/www.altominho.tv\/site\/?p=129660"},"modified":"2026-03-10T09:19:03","modified_gmt":"2026-03-10T09:19:03","slug":"colisao-em-viana-do-castelo-provoca-tres-feridos","status":"publish","type":"post","link":"https:\/\/www.altominho.tv\/site\/2026\/03\/10\/colisao-em-viana-do-castelo-provoca-tres-feridos\/","title":{"rendered":"Colis\u00e3o em Viana do Castelo provoca tr\u00eas feridos"},"content":{"rendered":"<p>Tr\u00eas pessoas ficaram hoje feridas numa colis\u00e3o de dois ve\u00edculos ligeiros de mercadorias, na freguesia do Outeiro, em Viana do Castelo.<\/p>\n<p>Segundo fonte do Comando Sub-Regional do Alto Minho da Autoridade nacional de Emerg\u00eancia e Prote\u00e7\u00e3o Civil (ANEPC), pelas 08h40, um dos feridos j\u00e1 tinha sido transportado para o Hospital de Viana do Castelo e os outros estavam a ser avaliados no local.<\/p>\n<p>A colis\u00e3o ocorreu cerca das 07h41 e, pelas 08h40, estavam no local quatro viaturas dos bombeiros de Viana do Castelo e a Viatura M\u00e9dica de Emerg\u00eancia e Reanima\u00e7\u00e3o (VMER), num total de 14 elementos dos bombeiros volunt\u00e1rios e sapadores.<\/p>\n<p>O acidente obrigou ao corte da estrada de S\u00e3o Martinho, na freguesia do Outeiro, onde ocorreu o acidente.<\/p>\n<p>Foto: <strong>DR<\/strong><\/p>\n","protected":false},"excerpt":{"rendered":"<p>Tr\u00eas pessoas ficaram hoje feridas numa colis\u00e3o de dois ve\u00edculos ligeiros de mercadorias, na freguesia do Outeiro, em Viana do Castelo. Segundo fonte do Comando Sub-Regional do Alto Minho da Autoridade nacional de Emerg\u00eancia e Prote\u00e7\u00e3o Civil (ANEPC), pelas 08h40, um dos feridos j\u00e1 tinha sido transportado para o Hospital de Viana do Castelo e [&hellip;]<\/p>\n","protected":false},"author":13,"featured_media":122709,"comment_status":"closed","ping_status":"closed","sticky":false,"template":"","format":"standard","meta":{"_exactmetrics_skip_tracking":false,"_exactmetrics_sitenote_active":false,"_exactmetrics_sitenote_note":"","_exactmetrics_sitenote_category":0,"footnotes":""},"categories":[14],"tags":[27],"class_list":["post-129660","post","type-post","status-publish","format-standard","has-post-thumbnail","hentry","category-viana-do-castelo","tag-sociedade"],"yoast_head":"<!-- This site is optimized with the Yoast SEO Premium plugin v27.5 (Yoast SEO v27.5) - https:\/\/yoast.com\/product\/yoast-seo-premium-wordpress\/ -->\n<title>Colis\u00e3o em Viana do Castelo provoca tr\u00eas feridos<\/title>\n<meta name=\"description\" content=\"Tr\u00eas pessoas ficaram hoje feridas numa colis\u00e3o de dois ve\u00edculos ligeiros de mercadorias, na freguesia do Outeiro, em Viana do Castelo.\" \/>\n<meta name=\"robots\" content=\"index, follow, max-snippet:-1, max-image-preview:large, max-video-preview:-1\" \/>\n<link rel=\"canonical\" href=\"https:\/\/www.altominho.tv\/site\/2026\/03\/10\/colisao-em-viana-do-castelo-provoca-tres-feridos\/\" \/>\n<meta property=\"og:locale\" content=\"pt_PT\" \/>\n<meta property=\"og:type\" content=\"article\" \/>\n<meta property=\"og:title\" content=\"Colis\u00e3o em Viana do Castelo provoca tr\u00eas feridos\" \/>\n<meta property=\"og:description\" content=\"Tr\u00eas pessoas ficaram hoje feridas numa colis\u00e3o de dois ve\u00edculos ligeiros de mercadorias, na freguesia do Outeiro, em Viana do Castelo.\" \/>\n<meta property=\"og:url\" content=\"https:\/\/www.altominho.tv\/site\/2026\/03\/10\/colisao-em-viana-do-castelo-provoca-tres-feridos\/\" \/>\n<meta property=\"og:site_name\" content=\"Altominho.tv\" \/>\n<meta property=\"article:publisher\" content=\"https:\/\/www.facebook.com\/altominhotv\" \/>\n<meta property=\"article:published_time\" content=\"2026-03-10T09:16:06+00:00\" \/>\n<meta property=\"article:modified_time\" content=\"2026-03-10T09:19:03+00:00\" \/>\n<meta property=\"og:image\" content=\"https:\/\/www.altominho.tv\/site\/wp-content\/uploads\/2025\/09\/Design-sem-nome-2025-09-08T150215.926.jpg\" \/>\n\t<meta property=\"og:image:width\" content=\"1200\" \/>\n\t<meta property=\"og:image:height\" content=\"630\" \/>\n\t<meta property=\"og:image:type\" content=\"image\/jpeg\" \/>\n<meta name=\"author\" content=\"Lusa\" \/>\n<meta name=\"twitter:card\" content=\"summary_large_image\" \/>\n<meta name=\"twitter:creator\" content=\"@altominhoTV\" \/>\n<meta name=\"twitter:site\" content=\"@altominhoTV\" \/>\n<meta name=\"twitter:label1\" content=\"Escrito por\" \/>\n\t<meta name=\"twitter:data1\" content=\"Lusa\" \/>\n\t<meta name=\"twitter:label2\" content=\"Tempo estimado de leitura\" \/>\n\t<meta name=\"twitter:data2\" content=\"1 minuto\" \/>\n<script type=\"application\/ld+json\" class=\"yoast-schema-graph\">{\"@context\":\"https:\\\/\\\/schema.org\",\"@graph\":[{\"@type\":\"Article\",\"@id\":\"https:\\\/\\\/www.altominho.tv\\\/site\\\/2026\\\/03\\\/10\\\/colisao-em-viana-do-castelo-provoca-tres-feridos\\\/#article\",\"isPartOf\":{\"@id\":\"https:\\\/\\\/www.altominho.tv\\\/site\\\/2026\\\/03\\\/10\\\/colisao-em-viana-do-castelo-provoca-tres-feridos\\\/\"},\"author\":{\"name\":\"Lusa\",\"@id\":\"https:\\\/\\\/www.altominho.tv\\\/site\\\/#\\\/schema\\\/person\\\/63f693da3e1899361cbe955c46f3232e\"},\"headline\":\"Colis\u00e3o em Viana do Castelo provoca tr\u00eas feridos\",\"datePublished\":\"2026-03-10T09:16:06+00:00\",\"dateModified\":\"2026-03-10T09:19:03+00:00\",\"mainEntityOfPage\":{\"@id\":\"https:\\\/\\\/www.altominho.tv\\\/site\\\/2026\\\/03\\\/10\\\/colisao-em-viana-do-castelo-provoca-tres-feridos\\\/\"},\"wordCount\":142,\"image\":{\"@id\":\"https:\\\/\\\/www.altominho.tv\\\/site\\\/2026\\\/03\\\/10\\\/colisao-em-viana-do-castelo-provoca-tres-feridos\\\/#primaryimage\"},\"thumbnailUrl\":\"https:\\\/\\\/www.altominho.tv\\\/site\\\/wp-content\\\/uploads\\\/2025\\\/09\\\/Design-sem-nome-2025-09-08T150215.926.jpg\",\"keywords\":[\"Sociedade\"],\"articleSection\":[\"Viana do Castelo\"],\"inLanguage\":\"pt-PT\",\"copyrightYear\":\"2026\",\"copyrightHolder\":{\"@id\":\"https:\\\/\\\/www.altominho.tv\\\/site\\\/#organization\"}},{\"@type\":\"WebPage\",\"@id\":\"https:\\\/\\\/www.altominho.tv\\\/site\\\/2026\\\/03\\\/10\\\/colisao-em-viana-do-castelo-provoca-tres-feridos\\\/\",\"url\":\"https:\\\/\\\/www.altominho.tv\\\/site\\\/2026\\\/03\\\/10\\\/colisao-em-viana-do-castelo-provoca-tres-feridos\\\/\",\"name\":\"Colis\u00e3o em Viana do Castelo provoca tr\u00eas feridos\",\"isPartOf\":{\"@id\":\"https:\\\/\\\/www.altominho.tv\\\/site\\\/#website\"},\"primaryImageOfPage\":{\"@id\":\"https:\\\/\\\/www.altominho.tv\\\/site\\\/2026\\\/03\\\/10\\\/colisao-em-viana-do-castelo-provoca-tres-feridos\\\/#primaryimage\"},\"image\":{\"@id\":\"https:\\\/\\\/www.altominho.tv\\\/site\\\/2026\\\/03\\\/10\\\/colisao-em-viana-do-castelo-provoca-tres-feridos\\\/#primaryimage\"},\"thumbnailUrl\":\"https:\\\/\\\/www.altominho.tv\\\/site\\\/wp-content\\\/uploads\\\/2025\\\/09\\\/Design-sem-nome-2025-09-08T150215.926.jpg\",\"datePublished\":\"2026-03-10T09:16:06+00:00\",\"dateModified\":\"2026-03-10T09:19:03+00:00\",\"author\":{\"@id\":\"https:\\\/\\\/www.altominho.tv\\\/site\\\/#\\\/schema\\\/person\\\/63f693da3e1899361cbe955c46f3232e\"},\"description\":\"Tr\u00eas pessoas ficaram hoje feridas numa colis\u00e3o de dois ve\u00edculos ligeiros de mercadorias, na freguesia do Outeiro, em Viana do Castelo.\",\"breadcrumb\":{\"@id\":\"https:\\\/\\\/www.altominho.tv\\\/site\\\/2026\\\/03\\\/10\\\/colisao-em-viana-do-castelo-provoca-tres-feridos\\\/#breadcrumb\"},\"inLanguage\":\"pt-PT\",\"potentialAction\":[{\"@type\":\"ReadAction\",\"target\":[\"https:\\\/\\\/www.altominho.tv\\\/site\\\/2026\\\/03\\\/10\\\/colisao-em-viana-do-castelo-provoca-tres-feridos\\\/\"]}]},{\"@type\":\"ImageObject\",\"inLanguage\":\"pt-PT\",\"@id\":\"https:\\\/\\\/www.altominho.tv\\\/site\\\/2026\\\/03\\\/10\\\/colisao-em-viana-do-castelo-provoca-tres-feridos\\\/#primaryimage\",\"url\":\"https:\\\/\\\/www.altominho.tv\\\/site\\\/wp-content\\\/uploads\\\/2025\\\/09\\\/Design-sem-nome-2025-09-08T150215.926.jpg\",\"contentUrl\":\"https:\\\/\\\/www.altominho.tv\\\/site\\\/wp-content\\\/uploads\\\/2025\\\/09\\\/Design-sem-nome-2025-09-08T150215.926.jpg\",\"width\":1200,\"height\":630},{\"@type\":\"BreadcrumbList\",\"@id\":\"https:\\\/\\\/www.altominho.tv\\\/site\\\/2026\\\/03\\\/10\\\/colisao-em-viana-do-castelo-provoca-tres-feridos\\\/#breadcrumb\",\"itemListElement\":[{\"@type\":\"ListItem\",\"position\":1,\"name\":\"In\u00edcio\",\"item\":\"https:\\\/\\\/www.altominho.tv\\\/site\\\/\"},{\"@type\":\"ListItem\",\"position\":2,\"name\":\"Colis\u00e3o em Viana do Castelo provoca tr\u00eas feridos\"}]},{\"@type\":\"WebSite\",\"@id\":\"https:\\\/\\\/www.altominho.tv\\\/site\\\/#website\",\"url\":\"https:\\\/\\\/www.altominho.tv\\\/site\\\/\",\"name\":\"Altominho.tv\",\"description\":\"A sua regi\u00e3o \u00e0 dist\u00e2ncia de um clique...\",\"potentialAction\":[{\"@type\":\"SearchAction\",\"target\":{\"@type\":\"EntryPoint\",\"urlTemplate\":\"https:\\\/\\\/www.altominho.tv\\\/site\\\/?s={search_term_string}\"},\"query-input\":{\"@type\":\"PropertyValueSpecification\",\"valueRequired\":true,\"valueName\":\"search_term_string\"}}],\"inLanguage\":\"pt-PT\"},{\"@type\":\"Person\",\"@id\":\"https:\\\/\\\/www.altominho.tv\\\/site\\\/#\\\/schema\\\/person\\\/63f693da3e1899361cbe955c46f3232e\",\"name\":\"Lusa\",\"image\":{\"@type\":\"ImageObject\",\"inLanguage\":\"pt-PT\",\"@id\":\"https:\\\/\\\/www.altominho.tv\\\/site\\\/wp-content\\\/uploads\\\/2019\\\/08\\\/LUSA_Logo.gif\",\"url\":\"https:\\\/\\\/www.altominho.tv\\\/site\\\/wp-content\\\/uploads\\\/2019\\\/08\\\/LUSA_Logo.gif\",\"contentUrl\":\"https:\\\/\\\/www.altominho.tv\\\/site\\\/wp-content\\\/uploads\\\/2019\\\/08\\\/LUSA_Logo.gif\",\"caption\":\"Lusa\"},\"sameAs\":[\"http:\\\/\\\/\\\/\\\/www.altominho.tv\\\/site\"],\"url\":\"https:\\\/\\\/www.altominho.tv\\\/site\\\/author\\\/lusa\\\/\"}]}<\/script>\n<!-- \/ Yoast SEO Premium plugin. -->","yoast_head_json":{"title":"Colis\u00e3o em Viana do Castelo provoca tr\u00eas feridos","description":"Tr\u00eas pessoas ficaram hoje feridas numa colis\u00e3o de dois ve\u00edculos ligeiros de mercadorias, na freguesia do Outeiro, em Viana do Castelo.","robots":{"index":"index","follow":"follow","max-snippet":"max-snippet:-1","max-image-preview":"max-image-preview:large","max-video-preview":"max-video-preview:-1"},"canonical":"https:\/\/www.altominho.tv\/site\/2026\/03\/10\/colisao-em-viana-do-castelo-provoca-tres-feridos\/","og_locale":"pt_PT","og_type":"article","og_title":"Colis\u00e3o em Viana do Castelo provoca tr\u00eas feridos","og_description":"Tr\u00eas pessoas ficaram hoje feridas numa colis\u00e3o de dois ve\u00edculos ligeiros de mercadorias, na freguesia do Outeiro, em Viana do Castelo.","og_url":"https:\/\/www.altominho.tv\/site\/2026\/03\/10\/colisao-em-viana-do-castelo-provoca-tres-feridos\/","og_site_name":"Altominho.tv","article_publisher":"https:\/\/www.facebook.com\/altominhotv","article_published_time":"2026-03-10T09:16:06+00:00","article_modified_time":"2026-03-10T09:19:03+00:00","og_image":[{"width":1200,"height":630,"url":"https:\/\/www.altominho.tv\/site\/wp-content\/uploads\/2025\/09\/Design-sem-nome-2025-09-08T150215.926.jpg","type":"image\/jpeg"}],"author":"Lusa","twitter_card":"summary_large_image","twitter_creator":"@altominhoTV","twitter_site":"@altominhoTV","twitter_misc":{"Escrito por":"Lusa","Tempo estimado de leitura":"1 minuto"},"schema":{"@context":"https:\/\/schema.org","@graph":[{"@type":"Article","@id":"https:\/\/www.altominho.tv\/site\/2026\/03\/10\/colisao-em-viana-do-castelo-provoca-tres-feridos\/#article","isPartOf":{"@id":"https:\/\/www.altominho.tv\/site\/2026\/03\/10\/colisao-em-viana-do-castelo-provoca-tres-feridos\/"},"author":{"name":"Lusa","@id":"https:\/\/www.altominho.tv\/site\/#\/schema\/person\/63f693da3e1899361cbe955c46f3232e"},"headline":"Colis\u00e3o em Viana do Castelo provoca tr\u00eas feridos","datePublished":"2026-03-10T09:16:06+00:00","dateModified":"2026-03-10T09:19:03+00:00","mainEntityOfPage":{"@id":"https:\/\/www.altominho.tv\/site\/2026\/03\/10\/colisao-em-viana-do-castelo-provoca-tres-feridos\/"},"wordCount":142,"image":{"@id":"https:\/\/www.altominho.tv\/site\/2026\/03\/10\/colisao-em-viana-do-castelo-provoca-tres-feridos\/#primaryimage"},"thumbnailUrl":"https:\/\/www.altominho.tv\/site\/wp-content\/uploads\/2025\/09\/Design-sem-nome-2025-09-08T150215.926.jpg","keywords":["Sociedade"],"articleSection":["Viana do Castelo"],"inLanguage":"pt-PT","copyrightYear":"2026","copyrightHolder":{"@id":"https:\/\/www.altominho.tv\/site\/#organization"}},{"@type":"WebPage","@id":"https:\/\/www.altominho.tv\/site\/2026\/03\/10\/colisao-em-viana-do-castelo-provoca-tres-feridos\/","url":"https:\/\/www.altominho.tv\/site\/2026\/03\/10\/colisao-em-viana-do-castelo-provoca-tres-feridos\/","name":"Colis\u00e3o em Viana do Castelo provoca tr\u00eas feridos","isPartOf":{"@id":"https:\/\/www.altominho.tv\/site\/#website"},"primaryImageOfPage":{"@id":"https:\/\/www.altominho.tv\/site\/2026\/03\/10\/colisao-em-viana-do-castelo-provoca-tres-feridos\/#primaryimage"},"image":{"@id":"https:\/\/www.altominho.tv\/site\/2026\/03\/10\/colisao-em-viana-do-castelo-provoca-tres-feridos\/#primaryimage"},"thumbnailUrl":"https:\/\/www.altominho.tv\/site\/wp-content\/uploads\/2025\/09\/Design-sem-nome-2025-09-08T150215.926.jpg","datePublished":"2026-03-10T09:16:06+00:00","dateModified":"2026-03-10T09:19:03+00:00","author":{"@id":"https:\/\/www.altominho.tv\/site\/#\/schema\/person\/63f693da3e1899361cbe955c46f3232e"},"description":"Tr\u00eas pessoas ficaram hoje feridas numa colis\u00e3o de dois ve\u00edculos ligeiros de mercadorias, na freguesia do Outeiro, em Viana do Castelo.","breadcrumb":{"@id":"https:\/\/www.altominho.tv\/site\/2026\/03\/10\/colisao-em-viana-do-castelo-provoca-tres-feridos\/#breadcrumb"},"inLanguage":"pt-PT","potentialAction":[{"@type":"ReadAction","target":["https:\/\/www.altominho.tv\/site\/2026\/03\/10\/colisao-em-viana-do-castelo-provoca-tres-feridos\/"]}]},{"@type":"ImageObject","inLanguage":"pt-PT","@id":"https:\/\/www.altominho.tv\/site\/2026\/03\/10\/colisao-em-viana-do-castelo-provoca-tres-feridos\/#primaryimage","url":"https:\/\/www.altominho.tv\/site\/wp-content\/uploads\/2025\/09\/Design-sem-nome-2025-09-08T150215.926.jpg","contentUrl":"https:\/\/www.altominho.tv\/site\/wp-content\/uploads\/2025\/09\/Design-sem-nome-2025-09-08T150215.926.jpg","width":1200,"height":630},{"@type":"BreadcrumbList","@id":"https:\/\/www.altominho.tv\/site\/2026\/03\/10\/colisao-em-viana-do-castelo-provoca-tres-feridos\/#breadcrumb","itemListElement":[{"@type":"ListItem","position":1,"name":"In\u00edcio","item":"https:\/\/www.altominho.tv\/site\/"},{"@type":"ListItem","position":2,"name":"Colis\u00e3o em Viana do Castelo provoca tr\u00eas feridos"}]},{"@type":"WebSite","@id":"https:\/\/www.altominho.tv\/site\/#website","url":"https:\/\/www.altominho.tv\/site\/","name":"Altominho.tv","description":"A sua regi\u00e3o \u00e0 dist\u00e2ncia de um clique...","potentialAction":[{"@type":"SearchAction","target":{"@type":"EntryPoint","urlTemplate":"https:\/\/www.altominho.tv\/site\/?s={search_term_string}"},"query-input":{"@type":"PropertyValueSpecification","valueRequired":true,"valueName":"search_term_string"}}],"inLanguage":"pt-PT"},{"@type":"Person","@id":"https:\/\/www.altominho.tv\/site\/#\/schema\/person\/63f693da3e1899361cbe955c46f3232e","name":"Lusa","image":{"@type":"ImageObject","inLanguage":"pt-PT","@id":"https:\/\/www.altominho.tv\/site\/wp-content\/uploads\/2019\/08\/LUSA_Logo.gif","url":"https:\/\/www.altominho.tv\/site\/wp-content\/uploads\/2019\/08\/LUSA_Logo.gif","contentUrl":"https:\/\/www.altominho.tv\/site\/wp-content\/uploads\/2019\/08\/LUSA_Logo.gif","caption":"Lusa"},"sameAs":["http:\/\/\/\/www.altominho.tv\/site"],"url":"https:\/\/www.altominho.tv\/site\/author\/lusa\/"}]}},"_links":{"self":[{"href":"https:\/\/www.altominho.tv\/site\/wp-json\/wp\/v2\/posts\/129660","targetHints":{"allow":["GET"]}}],"collection":[{"href":"https:\/\/www.altominho.tv\/site\/wp-json\/wp\/v2\/posts"}],"about":[{"href":"https:\/\/www.altominho.tv\/site\/wp-json\/wp\/v2\/types\/post"}],"author":[{"embeddable":true,"href":"https:\/\/www.altominho.tv\/site\/wp-json\/wp\/v2\/users\/13"}],"replies":[{"embeddable":true,"href":"https:\/\/www.altominho.tv\/site\/wp-json\/wp\/v2\/comments?post=129660"}],"version-history":[{"count":2,"href":"https:\/\/www.altominho.tv\/site\/wp-json\/wp\/v2\/posts\/129660\/revisions"}],"predecessor-version":[{"id":129662,"href":"https:\/\/www.altominho.tv\/site\/wp-json\/wp\/v2\/posts\/129660\/revisions\/129662"}],"wp:featuredmedia":[{"embeddable":true,"href":"https:\/\/www.altominho.tv\/site\/wp-json\/wp\/v2\/media\/122709"}],"wp:attachment":[{"href":"https:\/\/www.altominho.tv\/site\/wp-json\/wp\/v2\/media?parent=129660"}],"wp:term":[{"taxonomy":"category","embeddable":true,"href":"https:\/\/www.altominho.tv\/site\/wp-json\/wp\/v2\/categories?post=129660"},{"taxonomy":"post_tag","embeddable":true,"href":"https:\/\/www.altominho.tv\/site\/wp-json\/wp\/v2\/tags?post=129660"}],"curies":[{"name":"wp","href":"https:\/\/api.w.org\/{rel}","templated":true}]}}