{"id":129650,"date":"2026-03-10T08:26:17","date_gmt":"2026-03-10T08:26:17","guid":{"rendered":"https:\/\/www.altominho.tv\/site\/?p=129650"},"modified":"2026-03-10T08:27:11","modified_gmt":"2026-03-10T08:27:11","slug":"ponte-de-lima-recebe-congresso-transfronteirico-sobre-meteorologia-e-alteracoes-climaticas","status":"publish","type":"post","link":"https:\/\/www.altominho.tv\/site\/2026\/03\/10\/ponte-de-lima-recebe-congresso-transfronteirico-sobre-meteorologia-e-alteracoes-climaticas\/","title":{"rendered":"Ponte de Lima recebe congresso transfronteiri\u00e7o sobre meteorologia"},"content":{"rendered":"<p>O congresso transfronteiri\u00e7o de meteorologia e altera\u00e7\u00f5es clim\u00e1ticas vai decorrer na sexta-feira e no s\u00e1bado, no audit\u00f3rio da escola de Freixo, em Ponte de Lima, com a presen\u00e7a de mais de 200 participantes, foi divulgado.<\/p>\n<p>Na s\u00e9tima edi\u00e7\u00e3o do congresso, numa organiza\u00e7\u00e3o conjunta da C\u00e2mara de Ponte de Lima, do Cenfipe\u00a0 Centro de Forma\u00e7\u00e3o e Inova\u00e7\u00e3o dos Profissionais de Educa\u00e7\u00e3o, e agrupamento de escolas de Freixo, v\u00e3o participar especialistas de Portugal e Galiza, abordando a tem\u00e1tica da meteorologia, impactos clim\u00e1ticos e estrat\u00e9gias de adapta\u00e7\u00e3o como o ordenamento territorial.<\/p>\n<p>Durante o congresso, que tem como subtema a \u201cresili\u00eancia e adapta\u00e7\u00e3o clim\u00e1tica\u201d, ser\u00e1 inaugurado \u201co maior bar\u00f3metro artesanal de Portugal e \u00fanico no pa\u00eds com duplo sistema de medi\u00e7\u00e3o (tubo e ponta)\u201d.<\/p>\n<p>Foto: DR<\/p>\n","protected":false},"excerpt":{"rendered":"<p>O congresso transfronteiri\u00e7o de meteorologia e altera\u00e7\u00f5es clim\u00e1ticas vai decorrer na sexta-feira e no s\u00e1bado, no audit\u00f3rio da escola de Freixo, em Ponte de Lima, com a presen\u00e7a de mais de 200 participantes, foi divulgado. Na s\u00e9tima edi\u00e7\u00e3o do congresso, numa organiza\u00e7\u00e3o conjunta da C\u00e2mara de Ponte de Lima, do Cenfipe\u00a0 Centro de Forma\u00e7\u00e3o e [&hellip;]<\/p>\n","protected":false},"author":1,"featured_media":129651,"comment_status":"closed","ping_status":"closed","sticky":false,"template":"","format":"standard","meta":{"_exactmetrics_skip_tracking":false,"_exactmetrics_sitenote_active":false,"_exactmetrics_sitenote_note":"","_exactmetrics_sitenote_category":0,"footnotes":""},"categories":[12],"tags":[27],"class_list":["post-129650","post","type-post","status-publish","format-standard","has-post-thumbnail","hentry","category-ponte-de-lima","tag-sociedade"],"yoast_head":"<!-- This site is optimized with the Yoast SEO Premium plugin v27.5 (Yoast SEO v27.5) - https:\/\/yoast.com\/product\/yoast-seo-premium-wordpress\/ -->\n<title>Ponte de Lima recebe congresso transfronteiri\u00e7o sobre meteorologia<\/title>\n<meta name=\"robots\" content=\"index, follow, max-snippet:-1, max-image-preview:large, max-video-preview:-1\" \/>\n<link rel=\"canonical\" href=\"https:\/\/www.altominho.tv\/site\/2026\/03\/10\/ponte-de-lima-recebe-congresso-transfronteirico-sobre-meteorologia-e-alteracoes-climaticas\/\" \/>\n<meta property=\"og:locale\" content=\"pt_PT\" \/>\n<meta property=\"og:type\" content=\"article\" \/>\n<meta property=\"og:title\" content=\"Ponte de Lima recebe congresso transfronteiri\u00e7o sobre meteorologia\" \/>\n<meta property=\"og:description\" content=\"O congresso transfronteiri\u00e7o de meteorologia e altera\u00e7\u00f5es clim\u00e1ticas vai decorrer na sexta-feira e no s\u00e1bado, no audit\u00f3rio da escola de Freixo, em Ponte de Lima, com a presen\u00e7a de mais de 200 participantes, foi divulgado. Na s\u00e9tima edi\u00e7\u00e3o do congresso, numa organiza\u00e7\u00e3o conjunta da C\u00e2mara de Ponte de Lima, do Cenfipe\u00a0 Centro de Forma\u00e7\u00e3o e [&hellip;]\" \/>\n<meta property=\"og:url\" content=\"https:\/\/www.altominho.tv\/site\/2026\/03\/10\/ponte-de-lima-recebe-congresso-transfronteirico-sobre-meteorologia-e-alteracoes-climaticas\/\" \/>\n<meta property=\"og:site_name\" content=\"Altominho.tv\" \/>\n<meta property=\"article:publisher\" content=\"https:\/\/www.facebook.com\/altominhotv\" \/>\n<meta property=\"article:published_time\" content=\"2026-03-10T08:26:17+00:00\" \/>\n<meta property=\"article:modified_time\" content=\"2026-03-10T08:27:11+00:00\" \/>\n<meta property=\"og:image\" content=\"https:\/\/www.altominho.tv\/site\/wp-content\/uploads\/2026\/03\/BASE-FB-logo-Branco-1200-x-630-px-25.png\" \/>\n\t<meta property=\"og:image:width\" content=\"1200\" \/>\n\t<meta property=\"og:image:height\" content=\"630\" \/>\n\t<meta property=\"og:image:type\" content=\"image\/png\" \/>\n<meta name=\"author\" content=\"Altominho.tv\" \/>\n<meta name=\"twitter:card\" content=\"summary_large_image\" \/>\n<meta name=\"twitter:creator\" content=\"@altominhoTV\" \/>\n<meta name=\"twitter:site\" content=\"@altominhoTV\" \/>\n<meta name=\"twitter:label1\" content=\"Escrito por\" \/>\n\t<meta name=\"twitter:data1\" content=\"Altominho.tv\" \/>\n\t<meta name=\"twitter:label2\" content=\"Tempo estimado de leitura\" \/>\n\t<meta name=\"twitter:data2\" content=\"1 minuto\" \/>\n<script type=\"application\/ld+json\" class=\"yoast-schema-graph\">{\"@context\":\"https:\\\/\\\/schema.org\",\"@graph\":[{\"@type\":\"Article\",\"@id\":\"https:\\\/\\\/www.altominho.tv\\\/site\\\/2026\\\/03\\\/10\\\/ponte-de-lima-recebe-congresso-transfronteirico-sobre-meteorologia-e-alteracoes-climaticas\\\/#article\",\"isPartOf\":{\"@id\":\"https:\\\/\\\/www.altominho.tv\\\/site\\\/2026\\\/03\\\/10\\\/ponte-de-lima-recebe-congresso-transfronteirico-sobre-meteorologia-e-alteracoes-climaticas\\\/\"},\"author\":{\"name\":\"Altominho.tv\",\"@id\":\"https:\\\/\\\/www.altominho.tv\\\/site\\\/#\\\/schema\\\/person\\\/4e536851627d7914baf3dac752b6af22\"},\"headline\":\"Ponte de Lima recebe congresso transfronteiri\u00e7o sobre meteorologia\",\"datePublished\":\"2026-03-10T08:26:17+00:00\",\"dateModified\":\"2026-03-10T08:27:11+00:00\",\"mainEntityOfPage\":{\"@id\":\"https:\\\/\\\/www.altominho.tv\\\/site\\\/2026\\\/03\\\/10\\\/ponte-de-lima-recebe-congresso-transfronteirico-sobre-meteorologia-e-alteracoes-climaticas\\\/\"},\"wordCount\":154,\"image\":{\"@id\":\"https:\\\/\\\/www.altominho.tv\\\/site\\\/2026\\\/03\\\/10\\\/ponte-de-lima-recebe-congresso-transfronteirico-sobre-meteorologia-e-alteracoes-climaticas\\\/#primaryimage\"},\"thumbnailUrl\":\"https:\\\/\\\/www.altominho.tv\\\/site\\\/wp-content\\\/uploads\\\/2026\\\/03\\\/BASE-FB-logo-Branco-1200-x-630-px-25.png\",\"keywords\":[\"Sociedade\"],\"articleSection\":[\"Ponte de Lima\"],\"inLanguage\":\"pt-PT\",\"copyrightYear\":\"2026\",\"copyrightHolder\":{\"@id\":\"https:\\\/\\\/www.altominho.tv\\\/site\\\/#organization\"}},{\"@type\":\"WebPage\",\"@id\":\"https:\\\/\\\/www.altominho.tv\\\/site\\\/2026\\\/03\\\/10\\\/ponte-de-lima-recebe-congresso-transfronteirico-sobre-meteorologia-e-alteracoes-climaticas\\\/\",\"url\":\"https:\\\/\\\/www.altominho.tv\\\/site\\\/2026\\\/03\\\/10\\\/ponte-de-lima-recebe-congresso-transfronteirico-sobre-meteorologia-e-alteracoes-climaticas\\\/\",\"name\":\"Ponte de Lima recebe congresso transfronteiri\u00e7o sobre meteorologia\",\"isPartOf\":{\"@id\":\"https:\\\/\\\/www.altominho.tv\\\/site\\\/#website\"},\"primaryImageOfPage\":{\"@id\":\"https:\\\/\\\/www.altominho.tv\\\/site\\\/2026\\\/03\\\/10\\\/ponte-de-lima-recebe-congresso-transfronteirico-sobre-meteorologia-e-alteracoes-climaticas\\\/#primaryimage\"},\"image\":{\"@id\":\"https:\\\/\\\/www.altominho.tv\\\/site\\\/2026\\\/03\\\/10\\\/ponte-de-lima-recebe-congresso-transfronteirico-sobre-meteorologia-e-alteracoes-climaticas\\\/#primaryimage\"},\"thumbnailUrl\":\"https:\\\/\\\/www.altominho.tv\\\/site\\\/wp-content\\\/uploads\\\/2026\\\/03\\\/BASE-FB-logo-Branco-1200-x-630-px-25.png\",\"datePublished\":\"2026-03-10T08:26:17+00:00\",\"dateModified\":\"2026-03-10T08:27:11+00:00\",\"author\":{\"@id\":\"https:\\\/\\\/www.altominho.tv\\\/site\\\/#\\\/schema\\\/person\\\/4e536851627d7914baf3dac752b6af22\"},\"breadcrumb\":{\"@id\":\"https:\\\/\\\/www.altominho.tv\\\/site\\\/2026\\\/03\\\/10\\\/ponte-de-lima-recebe-congresso-transfronteirico-sobre-meteorologia-e-alteracoes-climaticas\\\/#breadcrumb\"},\"inLanguage\":\"pt-PT\",\"potentialAction\":[{\"@type\":\"ReadAction\",\"target\":[\"https:\\\/\\\/www.altominho.tv\\\/site\\\/2026\\\/03\\\/10\\\/ponte-de-lima-recebe-congresso-transfronteirico-sobre-meteorologia-e-alteracoes-climaticas\\\/\"]}]},{\"@type\":\"ImageObject\",\"inLanguage\":\"pt-PT\",\"@id\":\"https:\\\/\\\/www.altominho.tv\\\/site\\\/2026\\\/03\\\/10\\\/ponte-de-lima-recebe-congresso-transfronteirico-sobre-meteorologia-e-alteracoes-climaticas\\\/#primaryimage\",\"url\":\"https:\\\/\\\/www.altominho.tv\\\/site\\\/wp-content\\\/uploads\\\/2026\\\/03\\\/BASE-FB-logo-Branco-1200-x-630-px-25.png\",\"contentUrl\":\"https:\\\/\\\/www.altominho.tv\\\/site\\\/wp-content\\\/uploads\\\/2026\\\/03\\\/BASE-FB-logo-Branco-1200-x-630-px-25.png\",\"width\":1200,\"height\":630},{\"@type\":\"BreadcrumbList\",\"@id\":\"https:\\\/\\\/www.altominho.tv\\\/site\\\/2026\\\/03\\\/10\\\/ponte-de-lima-recebe-congresso-transfronteirico-sobre-meteorologia-e-alteracoes-climaticas\\\/#breadcrumb\",\"itemListElement\":[{\"@type\":\"ListItem\",\"position\":1,\"name\":\"In\u00edcio\",\"item\":\"https:\\\/\\\/www.altominho.tv\\\/site\\\/\"},{\"@type\":\"ListItem\",\"position\":2,\"name\":\"Ponte de Lima recebe congresso transfronteiri\u00e7o sobre meteorologia\"}]},{\"@type\":\"WebSite\",\"@id\":\"https:\\\/\\\/www.altominho.tv\\\/site\\\/#website\",\"url\":\"https:\\\/\\\/www.altominho.tv\\\/site\\\/\",\"name\":\"Altominho.tv\",\"description\":\"A sua regi\u00e3o \u00e0 dist\u00e2ncia de um clique...\",\"potentialAction\":[{\"@type\":\"SearchAction\",\"target\":{\"@type\":\"EntryPoint\",\"urlTemplate\":\"https:\\\/\\\/www.altominho.tv\\\/site\\\/?s={search_term_string}\"},\"query-input\":{\"@type\":\"PropertyValueSpecification\",\"valueRequired\":true,\"valueName\":\"search_term_string\"}}],\"inLanguage\":\"pt-PT\"},{\"@type\":\"Person\",\"@id\":\"https:\\\/\\\/www.altominho.tv\\\/site\\\/#\\\/schema\\\/person\\\/4e536851627d7914baf3dac752b6af22\",\"name\":\"Altominho.tv\",\"image\":{\"@type\":\"ImageObject\",\"inLanguage\":\"pt-PT\",\"@id\":\"https:\\\/\\\/www.altominho.tv\\\/site\\\/wp-content\\\/uploads\\\/2019\\\/11\\\/Logo_Avatar_2-150x150.jpg\",\"url\":\"https:\\\/\\\/www.altominho.tv\\\/site\\\/wp-content\\\/uploads\\\/2019\\\/11\\\/Logo_Avatar_2-150x150.jpg\",\"contentUrl\":\"https:\\\/\\\/www.altominho.tv\\\/site\\\/wp-content\\\/uploads\\\/2019\\\/11\\\/Logo_Avatar_2-150x150.jpg\",\"caption\":\"Altominho.tv\"},\"url\":\"https:\\\/\\\/www.altominho.tv\\\/site\\\/author\\\/altominhotv-tecnico\\\/\"}]}<\/script>\n<!-- \/ Yoast SEO Premium plugin. -->","yoast_head_json":{"title":"Ponte de Lima recebe congresso transfronteiri\u00e7o sobre meteorologia","robots":{"index":"index","follow":"follow","max-snippet":"max-snippet:-1","max-image-preview":"max-image-preview:large","max-video-preview":"max-video-preview:-1"},"canonical":"https:\/\/www.altominho.tv\/site\/2026\/03\/10\/ponte-de-lima-recebe-congresso-transfronteirico-sobre-meteorologia-e-alteracoes-climaticas\/","og_locale":"pt_PT","og_type":"article","og_title":"Ponte de Lima recebe congresso transfronteiri\u00e7o sobre meteorologia","og_description":"O congresso transfronteiri\u00e7o de meteorologia e altera\u00e7\u00f5es clim\u00e1ticas vai decorrer na sexta-feira e no s\u00e1bado, no audit\u00f3rio da escola de Freixo, em Ponte de Lima, com a presen\u00e7a de mais de 200 participantes, foi divulgado. Na s\u00e9tima edi\u00e7\u00e3o do congresso, numa organiza\u00e7\u00e3o conjunta da C\u00e2mara de Ponte de Lima, do Cenfipe\u00a0 Centro de Forma\u00e7\u00e3o e [&hellip;]","og_url":"https:\/\/www.altominho.tv\/site\/2026\/03\/10\/ponte-de-lima-recebe-congresso-transfronteirico-sobre-meteorologia-e-alteracoes-climaticas\/","og_site_name":"Altominho.tv","article_publisher":"https:\/\/www.facebook.com\/altominhotv","article_published_time":"2026-03-10T08:26:17+00:00","article_modified_time":"2026-03-10T08:27:11+00:00","og_image":[{"width":1200,"height":630,"url":"https:\/\/www.altominho.tv\/site\/wp-content\/uploads\/2026\/03\/BASE-FB-logo-Branco-1200-x-630-px-25.png","type":"image\/png"}],"author":"Altominho.tv","twitter_card":"summary_large_image","twitter_creator":"@altominhoTV","twitter_site":"@altominhoTV","twitter_misc":{"Escrito por":"Altominho.tv","Tempo estimado de leitura":"1 minuto"},"schema":{"@context":"https:\/\/schema.org","@graph":[{"@type":"Article","@id":"https:\/\/www.altominho.tv\/site\/2026\/03\/10\/ponte-de-lima-recebe-congresso-transfronteirico-sobre-meteorologia-e-alteracoes-climaticas\/#article","isPartOf":{"@id":"https:\/\/www.altominho.tv\/site\/2026\/03\/10\/ponte-de-lima-recebe-congresso-transfronteirico-sobre-meteorologia-e-alteracoes-climaticas\/"},"author":{"name":"Altominho.tv","@id":"https:\/\/www.altominho.tv\/site\/#\/schema\/person\/4e536851627d7914baf3dac752b6af22"},"headline":"Ponte de Lima recebe congresso transfronteiri\u00e7o sobre meteorologia","datePublished":"2026-03-10T08:26:17+00:00","dateModified":"2026-03-10T08:27:11+00:00","mainEntityOfPage":{"@id":"https:\/\/www.altominho.tv\/site\/2026\/03\/10\/ponte-de-lima-recebe-congresso-transfronteirico-sobre-meteorologia-e-alteracoes-climaticas\/"},"wordCount":154,"image":{"@id":"https:\/\/www.altominho.tv\/site\/2026\/03\/10\/ponte-de-lima-recebe-congresso-transfronteirico-sobre-meteorologia-e-alteracoes-climaticas\/#primaryimage"},"thumbnailUrl":"https:\/\/www.altominho.tv\/site\/wp-content\/uploads\/2026\/03\/BASE-FB-logo-Branco-1200-x-630-px-25.png","keywords":["Sociedade"],"articleSection":["Ponte de Lima"],"inLanguage":"pt-PT","copyrightYear":"2026","copyrightHolder":{"@id":"https:\/\/www.altominho.tv\/site\/#organization"}},{"@type":"WebPage","@id":"https:\/\/www.altominho.tv\/site\/2026\/03\/10\/ponte-de-lima-recebe-congresso-transfronteirico-sobre-meteorologia-e-alteracoes-climaticas\/","url":"https:\/\/www.altominho.tv\/site\/2026\/03\/10\/ponte-de-lima-recebe-congresso-transfronteirico-sobre-meteorologia-e-alteracoes-climaticas\/","name":"Ponte de Lima recebe congresso transfronteiri\u00e7o sobre meteorologia","isPartOf":{"@id":"https:\/\/www.altominho.tv\/site\/#website"},"primaryImageOfPage":{"@id":"https:\/\/www.altominho.tv\/site\/2026\/03\/10\/ponte-de-lima-recebe-congresso-transfronteirico-sobre-meteorologia-e-alteracoes-climaticas\/#primaryimage"},"image":{"@id":"https:\/\/www.altominho.tv\/site\/2026\/03\/10\/ponte-de-lima-recebe-congresso-transfronteirico-sobre-meteorologia-e-alteracoes-climaticas\/#primaryimage"},"thumbnailUrl":"https:\/\/www.altominho.tv\/site\/wp-content\/uploads\/2026\/03\/BASE-FB-logo-Branco-1200-x-630-px-25.png","datePublished":"2026-03-10T08:26:17+00:00","dateModified":"2026-03-10T08:27:11+00:00","author":{"@id":"https:\/\/www.altominho.tv\/site\/#\/schema\/person\/4e536851627d7914baf3dac752b6af22"},"breadcrumb":{"@id":"https:\/\/www.altominho.tv\/site\/2026\/03\/10\/ponte-de-lima-recebe-congresso-transfronteirico-sobre-meteorologia-e-alteracoes-climaticas\/#breadcrumb"},"inLanguage":"pt-PT","potentialAction":[{"@type":"ReadAction","target":["https:\/\/www.altominho.tv\/site\/2026\/03\/10\/ponte-de-lima-recebe-congresso-transfronteirico-sobre-meteorologia-e-alteracoes-climaticas\/"]}]},{"@type":"ImageObject","inLanguage":"pt-PT","@id":"https:\/\/www.altominho.tv\/site\/2026\/03\/10\/ponte-de-lima-recebe-congresso-transfronteirico-sobre-meteorologia-e-alteracoes-climaticas\/#primaryimage","url":"https:\/\/www.altominho.tv\/site\/wp-content\/uploads\/2026\/03\/BASE-FB-logo-Branco-1200-x-630-px-25.png","contentUrl":"https:\/\/www.altominho.tv\/site\/wp-content\/uploads\/2026\/03\/BASE-FB-logo-Branco-1200-x-630-px-25.png","width":1200,"height":630},{"@type":"BreadcrumbList","@id":"https:\/\/www.altominho.tv\/site\/2026\/03\/10\/ponte-de-lima-recebe-congresso-transfronteirico-sobre-meteorologia-e-alteracoes-climaticas\/#breadcrumb","itemListElement":[{"@type":"ListItem","position":1,"name":"In\u00edcio","item":"https:\/\/www.altominho.tv\/site\/"},{"@type":"ListItem","position":2,"name":"Ponte de Lima recebe congresso transfronteiri\u00e7o sobre meteorologia"}]},{"@type":"WebSite","@id":"https:\/\/www.altominho.tv\/site\/#website","url":"https:\/\/www.altominho.tv\/site\/","name":"Altominho.tv","description":"A sua regi\u00e3o \u00e0 dist\u00e2ncia de um clique...","potentialAction":[{"@type":"SearchAction","target":{"@type":"EntryPoint","urlTemplate":"https:\/\/www.altominho.tv\/site\/?s={search_term_string}"},"query-input":{"@type":"PropertyValueSpecification","valueRequired":true,"valueName":"search_term_string"}}],"inLanguage":"pt-PT"},{"@type":"Person","@id":"https:\/\/www.altominho.tv\/site\/#\/schema\/person\/4e536851627d7914baf3dac752b6af22","name":"Altominho.tv","image":{"@type":"ImageObject","inLanguage":"pt-PT","@id":"https:\/\/www.altominho.tv\/site\/wp-content\/uploads\/2019\/11\/Logo_Avatar_2-150x150.jpg","url":"https:\/\/www.altominho.tv\/site\/wp-content\/uploads\/2019\/11\/Logo_Avatar_2-150x150.jpg","contentUrl":"https:\/\/www.altominho.tv\/site\/wp-content\/uploads\/2019\/11\/Logo_Avatar_2-150x150.jpg","caption":"Altominho.tv"},"url":"https:\/\/www.altominho.tv\/site\/author\/altominhotv-tecnico\/"}]}},"_links":{"self":[{"href":"https:\/\/www.altominho.tv\/site\/wp-json\/wp\/v2\/posts\/129650","targetHints":{"allow":["GET"]}}],"collection":[{"href":"https:\/\/www.altominho.tv\/site\/wp-json\/wp\/v2\/posts"}],"about":[{"href":"https:\/\/www.altominho.tv\/site\/wp-json\/wp\/v2\/types\/post"}],"author":[{"embeddable":true,"href":"https:\/\/www.altominho.tv\/site\/wp-json\/wp\/v2\/users\/1"}],"replies":[{"embeddable":true,"href":"https:\/\/www.altominho.tv\/site\/wp-json\/wp\/v2\/comments?post=129650"}],"version-history":[{"count":3,"href":"https:\/\/www.altominho.tv\/site\/wp-json\/wp\/v2\/posts\/129650\/revisions"}],"predecessor-version":[{"id":129655,"href":"https:\/\/www.altominho.tv\/site\/wp-json\/wp\/v2\/posts\/129650\/revisions\/129655"}],"wp:featuredmedia":[{"embeddable":true,"href":"https:\/\/www.altominho.tv\/site\/wp-json\/wp\/v2\/media\/129651"}],"wp:attachment":[{"href":"https:\/\/www.altominho.tv\/site\/wp-json\/wp\/v2\/media?parent=129650"}],"wp:term":[{"taxonomy":"category","embeddable":true,"href":"https:\/\/www.altominho.tv\/site\/wp-json\/wp\/v2\/categories?post=129650"},{"taxonomy":"post_tag","embeddable":true,"href":"https:\/\/www.altominho.tv\/site\/wp-json\/wp\/v2\/tags?post=129650"}],"curies":[{"name":"wp","href":"https:\/\/api.w.org\/{rel}","templated":true}]}}