{"id":129638,"date":"2026-03-09T17:09:18","date_gmt":"2026-03-09T17:09:18","guid":{"rendered":"https:\/\/www.altominho.tv\/site\/?p=129638"},"modified":"2026-03-09T17:09:20","modified_gmt":"2026-03-09T17:09:20","slug":"arcos-de-valdevez-marco-mes-da-mulher","status":"publish","type":"post","link":"https:\/\/www.altominho.tv\/site\/2026\/03\/09\/arcos-de-valdevez-marco-mes-da-mulher\/","title":{"rendered":"Exposi\u00e7\u00e3o \u201cRostos Inabal\u00e1veis\u201d marca arranque das celebra\u00e7\u00f5es de Mar\u00e7o \u2013 M\u00eas da Mulher"},"content":{"rendered":"\n<p>A Biblioteca Municipal Tomaz de Figueiredo foi o local escolhido para iniciar as celebra\u00e7\u00f5es da programa\u00e7\u00e3o Mar\u00e7o \u2013 M\u00eas da Mulher, atrav\u00e9s da inaugura\u00e7\u00e3o de uma exposi\u00e7\u00e3o, antecedida de uma palestra.<\/p>\n\n\n\n<p>O presidente, Oleg\u00e1rio Gon\u00e7alves, e as vereadoras Marlene Barros e Ang\u00e9lica Leite Costa, marcaram presen\u00e7a no evento. <\/p>\n\n\n\n<p>Na ocasi\u00e3o, o autarca lembrou a import\u00e2ncia das mulheres na sociedade, real\u00e7ando o papel feminino na constru\u00e7\u00e3o de uma sociedade mais equilibrada e igualit\u00e1ria.<\/p>\n\n\n\n<p>O edil arcuense destacou ainda as v\u00e1rias conquistas ao longo dos anos, mas apontou o caminho que ainda \u00e9 preciso percorrer para que as mulheres possam ter o devido reconhecimento.<\/p>\n\n\n\n<p>A exposi\u00e7\u00e3o \u201cRostos Inabal\u00e1veis\u201d, de S\u00edlvia Mota Lopes, re\u00fane 15 pinturas dedicadas a 15 mulheres escritoras, cujas vidas refletem um exemplo de persist\u00eancia, tenacidade, intelig\u00eancia e luta pelos direitos femininos.<\/p>\n\n\n\n<p>As obras homenageiam o percurso e a escrita de Agustina Bessa-Lu\u00eds, Ana Lu\u00edsa Amaral, Gra\u00e7a Pires, H\u00e9lia Correia, L\u00eddia Jorge, Maria do C\u00e9u Nogueira (presente no evento), Maria Judite de Carvalho, Maria Ondina Braga, Maria Teresa Horta, Maria Velho da Costa, Marta Cristina de Ara\u00fajo, Nat\u00e1lia Correia, Rosalia de Castro e<br>Teolinda Gers\u00e3o.<\/p>\n\n\n\n<p>Antes da inaugura\u00e7\u00e3o, a palestra \u201cO Lugar das Mulheres na Arte Cultura\u201d abriu a conversa e o pensamento, com a interven\u00e7\u00e3o de C\u00e2ndido de Oliveira Martins, professor e investigador da Universidade Cat\u00f3lica Portuguesa, em Braga.<\/p>\n\n\n\n<p>O Munic\u00edpio de Arcos de Valdevez preparou uma programa\u00e7\u00e3o especial para celebrar Mar\u00e7o \u2013 M\u00eas da Mulher, enaltecendo e elogiando o papel da Mulher na sociedade.<\/p>\n\n\n\n<p>Durante todo o m\u00eas, Arcos de Valdevez comemora a Mulher com exposi\u00e7\u00f5es, cinema, palestras e entrega de flores nas f\u00e1bricas, escolas e IPSS\u00b4s, numa programa\u00e7\u00e3o extensiva a v\u00e1rios equipamentos culturais e cient\u00edficos, e sempre com entrada gratuita.<\/p>\n","protected":false},"excerpt":{"rendered":"<p>A Biblioteca Municipal Tomaz de Figueiredo foi o local escolhido para iniciar as celebra\u00e7\u00f5es da programa\u00e7\u00e3o Mar\u00e7o \u2013 M\u00eas da Mulher, atrav\u00e9s da inaugura\u00e7\u00e3o de uma exposi\u00e7\u00e3o, antecedida de uma palestra. O presidente, Oleg\u00e1rio Gon\u00e7alves, e as vereadoras Marlene Barros e Ang\u00e9lica Leite Costa, marcaram presen\u00e7a no evento. Na ocasi\u00e3o, o autarca lembrou a import\u00e2ncia [&hellip;]<\/p>\n","protected":false},"author":7,"featured_media":129641,"comment_status":"closed","ping_status":"closed","sticky":false,"template":"","format":"standard","meta":{"_exactmetrics_skip_tracking":false,"_exactmetrics_sitenote_active":false,"_exactmetrics_sitenote_note":"","_exactmetrics_sitenote_category":0,"footnotes":""},"categories":[2],"tags":[27],"class_list":["post-129638","post","type-post","status-publish","format-standard","has-post-thumbnail","hentry","category-arcos-de-valdevez","tag-sociedade"],"yoast_head":"<!-- This site is optimized with the Yoast SEO Premium plugin v27.4 (Yoast SEO v27.4) - https:\/\/yoast.com\/product\/yoast-seo-premium-wordpress\/ -->\n<title>Exposi\u00e7\u00e3o \u201cRostos Inabal\u00e1veis\u201d marca arranque das celebra\u00e7\u00f5es de Mar\u00e7o \u2013 M\u00eas da Mulher<\/title>\n<meta name=\"description\" content=\"Exposi\u00e7\u00e3o \u201cRostos Inabal\u00e1veis\u201d marca o arranque das celebra\u00e7\u00f5es de mar\u00e7o \u2013 M\u00eas da Mulher, em Arcos de Valdevez.\" \/>\n<meta name=\"robots\" content=\"index, follow, max-snippet:-1, max-image-preview:large, max-video-preview:-1\" \/>\n<link rel=\"canonical\" href=\"https:\/\/www.altominho.tv\/site\/2026\/03\/09\/arcos-de-valdevez-marco-mes-da-mulher\/\" \/>\n<meta property=\"og:locale\" content=\"pt_PT\" \/>\n<meta property=\"og:type\" content=\"article\" \/>\n<meta property=\"og:title\" content=\"Exposi\u00e7\u00e3o \u201cRostos Inabal\u00e1veis\u201d marca arranque das celebra\u00e7\u00f5es de Mar\u00e7o \u2013 M\u00eas da Mulher\" \/>\n<meta property=\"og:description\" content=\"Exposi\u00e7\u00e3o \u201cRostos Inabal\u00e1veis\u201d marca o arranque das celebra\u00e7\u00f5es de mar\u00e7o \u2013 M\u00eas da Mulher, em Arcos de Valdevez.\" \/>\n<meta property=\"og:url\" content=\"https:\/\/www.altominho.tv\/site\/2026\/03\/09\/arcos-de-valdevez-marco-mes-da-mulher\/\" \/>\n<meta property=\"og:site_name\" content=\"Altominho.tv\" \/>\n<meta property=\"article:publisher\" content=\"https:\/\/www.facebook.com\/altominhotv\" \/>\n<meta property=\"article:published_time\" content=\"2026-03-09T17:09:18+00:00\" \/>\n<meta property=\"article:modified_time\" content=\"2026-03-09T17:09:20+00:00\" \/>\n<meta property=\"og:image\" content=\"https:\/\/www.altominho.tv\/site\/wp-content\/uploads\/2026\/03\/EXPOSICAO.png\" \/>\n\t<meta property=\"og:image:width\" content=\"1200\" \/>\n\t<meta property=\"og:image:height\" content=\"630\" \/>\n\t<meta property=\"og:image:type\" content=\"image\/png\" \/>\n<meta name=\"author\" content=\"Andreia Cunha\" \/>\n<meta name=\"twitter:card\" content=\"summary_large_image\" \/>\n<meta name=\"twitter:creator\" content=\"@altominhoTV\" \/>\n<meta name=\"twitter:site\" content=\"@altominhoTV\" \/>\n<meta name=\"twitter:label1\" content=\"Escrito por\" \/>\n\t<meta name=\"twitter:data1\" content=\"Andreia Cunha\" \/>\n\t<meta name=\"twitter:label2\" content=\"Tempo estimado de leitura\" \/>\n\t<meta name=\"twitter:data2\" content=\"2 minutos\" \/>\n<script type=\"application\/ld+json\" class=\"yoast-schema-graph\">{\"@context\":\"https:\\\/\\\/schema.org\",\"@graph\":[{\"@type\":\"Article\",\"@id\":\"https:\\\/\\\/www.altominho.tv\\\/site\\\/2026\\\/03\\\/09\\\/arcos-de-valdevez-marco-mes-da-mulher\\\/#article\",\"isPartOf\":{\"@id\":\"https:\\\/\\\/www.altominho.tv\\\/site\\\/2026\\\/03\\\/09\\\/arcos-de-valdevez-marco-mes-da-mulher\\\/\"},\"author\":{\"name\":\"Andreia Cunha\",\"@id\":\"https:\\\/\\\/www.altominho.tv\\\/site\\\/#\\\/schema\\\/person\\\/a0e4ef6d041f98ca284393d8f1d97153\"},\"headline\":\"Exposi\u00e7\u00e3o \u201cRostos Inabal\u00e1veis\u201d marca arranque das celebra\u00e7\u00f5es de Mar\u00e7o \u2013 M\u00eas da Mulher\",\"datePublished\":\"2026-03-09T17:09:18+00:00\",\"dateModified\":\"2026-03-09T17:09:20+00:00\",\"mainEntityOfPage\":{\"@id\":\"https:\\\/\\\/www.altominho.tv\\\/site\\\/2026\\\/03\\\/09\\\/arcos-de-valdevez-marco-mes-da-mulher\\\/\"},\"wordCount\":341,\"image\":{\"@id\":\"https:\\\/\\\/www.altominho.tv\\\/site\\\/2026\\\/03\\\/09\\\/arcos-de-valdevez-marco-mes-da-mulher\\\/#primaryimage\"},\"thumbnailUrl\":\"https:\\\/\\\/www.altominho.tv\\\/site\\\/wp-content\\\/uploads\\\/2026\\\/03\\\/EXPOSICAO.png\",\"keywords\":[\"Sociedade\"],\"articleSection\":[\"Arcos de Valdevez\"],\"inLanguage\":\"pt-PT\",\"copyrightYear\":\"2026\",\"copyrightHolder\":{\"@id\":\"https:\\\/\\\/www.altominho.tv\\\/site\\\/#organization\"}},{\"@type\":\"WebPage\",\"@id\":\"https:\\\/\\\/www.altominho.tv\\\/site\\\/2026\\\/03\\\/09\\\/arcos-de-valdevez-marco-mes-da-mulher\\\/\",\"url\":\"https:\\\/\\\/www.altominho.tv\\\/site\\\/2026\\\/03\\\/09\\\/arcos-de-valdevez-marco-mes-da-mulher\\\/\",\"name\":\"Exposi\u00e7\u00e3o \u201cRostos Inabal\u00e1veis\u201d marca arranque das celebra\u00e7\u00f5es de Mar\u00e7o \u2013 M\u00eas da Mulher\",\"isPartOf\":{\"@id\":\"https:\\\/\\\/www.altominho.tv\\\/site\\\/#website\"},\"primaryImageOfPage\":{\"@id\":\"https:\\\/\\\/www.altominho.tv\\\/site\\\/2026\\\/03\\\/09\\\/arcos-de-valdevez-marco-mes-da-mulher\\\/#primaryimage\"},\"image\":{\"@id\":\"https:\\\/\\\/www.altominho.tv\\\/site\\\/2026\\\/03\\\/09\\\/arcos-de-valdevez-marco-mes-da-mulher\\\/#primaryimage\"},\"thumbnailUrl\":\"https:\\\/\\\/www.altominho.tv\\\/site\\\/wp-content\\\/uploads\\\/2026\\\/03\\\/EXPOSICAO.png\",\"datePublished\":\"2026-03-09T17:09:18+00:00\",\"dateModified\":\"2026-03-09T17:09:20+00:00\",\"author\":{\"@id\":\"https:\\\/\\\/www.altominho.tv\\\/site\\\/#\\\/schema\\\/person\\\/a0e4ef6d041f98ca284393d8f1d97153\"},\"description\":\"Exposi\u00e7\u00e3o \u201cRostos Inabal\u00e1veis\u201d marca o arranque das celebra\u00e7\u00f5es de mar\u00e7o \u2013 M\u00eas da Mulher, em Arcos de Valdevez.\",\"breadcrumb\":{\"@id\":\"https:\\\/\\\/www.altominho.tv\\\/site\\\/2026\\\/03\\\/09\\\/arcos-de-valdevez-marco-mes-da-mulher\\\/#breadcrumb\"},\"inLanguage\":\"pt-PT\",\"potentialAction\":[{\"@type\":\"ReadAction\",\"target\":[\"https:\\\/\\\/www.altominho.tv\\\/site\\\/2026\\\/03\\\/09\\\/arcos-de-valdevez-marco-mes-da-mulher\\\/\"]}]},{\"@type\":\"ImageObject\",\"inLanguage\":\"pt-PT\",\"@id\":\"https:\\\/\\\/www.altominho.tv\\\/site\\\/2026\\\/03\\\/09\\\/arcos-de-valdevez-marco-mes-da-mulher\\\/#primaryimage\",\"url\":\"https:\\\/\\\/www.altominho.tv\\\/site\\\/wp-content\\\/uploads\\\/2026\\\/03\\\/EXPOSICAO.png\",\"contentUrl\":\"https:\\\/\\\/www.altominho.tv\\\/site\\\/wp-content\\\/uploads\\\/2026\\\/03\\\/EXPOSICAO.png\",\"width\":1200,\"height\":630},{\"@type\":\"BreadcrumbList\",\"@id\":\"https:\\\/\\\/www.altominho.tv\\\/site\\\/2026\\\/03\\\/09\\\/arcos-de-valdevez-marco-mes-da-mulher\\\/#breadcrumb\",\"itemListElement\":[{\"@type\":\"ListItem\",\"position\":1,\"name\":\"In\u00edcio\",\"item\":\"https:\\\/\\\/www.altominho.tv\\\/site\\\/\"},{\"@type\":\"ListItem\",\"position\":2,\"name\":\"Exposi\u00e7\u00e3o \u201cRostos Inabal\u00e1veis\u201d marca arranque das celebra\u00e7\u00f5es de Mar\u00e7o \u2013 M\u00eas da Mulher\"}]},{\"@type\":\"WebSite\",\"@id\":\"https:\\\/\\\/www.altominho.tv\\\/site\\\/#website\",\"url\":\"https:\\\/\\\/www.altominho.tv\\\/site\\\/\",\"name\":\"Altominho.tv\",\"description\":\"A sua regi\u00e3o \u00e0 dist\u00e2ncia de um clique...\",\"potentialAction\":[{\"@type\":\"SearchAction\",\"target\":{\"@type\":\"EntryPoint\",\"urlTemplate\":\"https:\\\/\\\/www.altominho.tv\\\/site\\\/?s={search_term_string}\"},\"query-input\":{\"@type\":\"PropertyValueSpecification\",\"valueRequired\":true,\"valueName\":\"search_term_string\"}}],\"inLanguage\":\"pt-PT\"},{\"@type\":\"Person\",\"@id\":\"https:\\\/\\\/www.altominho.tv\\\/site\\\/#\\\/schema\\\/person\\\/a0e4ef6d041f98ca284393d8f1d97153\",\"name\":\"Andreia Cunha\",\"image\":{\"@type\":\"ImageObject\",\"inLanguage\":\"pt-PT\",\"@id\":\"https:\\\/\\\/www.altominho.tv\\\/site\\\/wp-content\\\/uploads\\\/2017\\\/11\\\/Andreia_Cunha-1-150x150.jpg\",\"url\":\"https:\\\/\\\/www.altominho.tv\\\/site\\\/wp-content\\\/uploads\\\/2017\\\/11\\\/Andreia_Cunha-1-150x150.jpg\",\"contentUrl\":\"https:\\\/\\\/www.altominho.tv\\\/site\\\/wp-content\\\/uploads\\\/2017\\\/11\\\/Andreia_Cunha-1-150x150.jpg\",\"caption\":\"Andreia Cunha\"},\"url\":\"https:\\\/\\\/www.altominho.tv\\\/site\\\/author\\\/andreiacunha\\\/\"}]}<\/script>\n<!-- \/ Yoast SEO Premium plugin. -->","yoast_head_json":{"title":"Exposi\u00e7\u00e3o \u201cRostos Inabal\u00e1veis\u201d marca arranque das celebra\u00e7\u00f5es de Mar\u00e7o \u2013 M\u00eas da Mulher","description":"Exposi\u00e7\u00e3o \u201cRostos Inabal\u00e1veis\u201d marca o arranque das celebra\u00e7\u00f5es de mar\u00e7o \u2013 M\u00eas da Mulher, em Arcos de Valdevez.","robots":{"index":"index","follow":"follow","max-snippet":"max-snippet:-1","max-image-preview":"max-image-preview:large","max-video-preview":"max-video-preview:-1"},"canonical":"https:\/\/www.altominho.tv\/site\/2026\/03\/09\/arcos-de-valdevez-marco-mes-da-mulher\/","og_locale":"pt_PT","og_type":"article","og_title":"Exposi\u00e7\u00e3o \u201cRostos Inabal\u00e1veis\u201d marca arranque das celebra\u00e7\u00f5es de Mar\u00e7o \u2013 M\u00eas da Mulher","og_description":"Exposi\u00e7\u00e3o \u201cRostos Inabal\u00e1veis\u201d marca o arranque das celebra\u00e7\u00f5es de mar\u00e7o \u2013 M\u00eas da Mulher, em Arcos de Valdevez.","og_url":"https:\/\/www.altominho.tv\/site\/2026\/03\/09\/arcos-de-valdevez-marco-mes-da-mulher\/","og_site_name":"Altominho.tv","article_publisher":"https:\/\/www.facebook.com\/altominhotv","article_published_time":"2026-03-09T17:09:18+00:00","article_modified_time":"2026-03-09T17:09:20+00:00","og_image":[{"width":1200,"height":630,"url":"https:\/\/www.altominho.tv\/site\/wp-content\/uploads\/2026\/03\/EXPOSICAO.png","type":"image\/png"}],"author":"Andreia Cunha","twitter_card":"summary_large_image","twitter_creator":"@altominhoTV","twitter_site":"@altominhoTV","twitter_misc":{"Escrito por":"Andreia Cunha","Tempo estimado de leitura":"2 minutos"},"schema":{"@context":"https:\/\/schema.org","@graph":[{"@type":"Article","@id":"https:\/\/www.altominho.tv\/site\/2026\/03\/09\/arcos-de-valdevez-marco-mes-da-mulher\/#article","isPartOf":{"@id":"https:\/\/www.altominho.tv\/site\/2026\/03\/09\/arcos-de-valdevez-marco-mes-da-mulher\/"},"author":{"name":"Andreia Cunha","@id":"https:\/\/www.altominho.tv\/site\/#\/schema\/person\/a0e4ef6d041f98ca284393d8f1d97153"},"headline":"Exposi\u00e7\u00e3o \u201cRostos Inabal\u00e1veis\u201d marca arranque das celebra\u00e7\u00f5es de Mar\u00e7o \u2013 M\u00eas da Mulher","datePublished":"2026-03-09T17:09:18+00:00","dateModified":"2026-03-09T17:09:20+00:00","mainEntityOfPage":{"@id":"https:\/\/www.altominho.tv\/site\/2026\/03\/09\/arcos-de-valdevez-marco-mes-da-mulher\/"},"wordCount":341,"image":{"@id":"https:\/\/www.altominho.tv\/site\/2026\/03\/09\/arcos-de-valdevez-marco-mes-da-mulher\/#primaryimage"},"thumbnailUrl":"https:\/\/www.altominho.tv\/site\/wp-content\/uploads\/2026\/03\/EXPOSICAO.png","keywords":["Sociedade"],"articleSection":["Arcos de Valdevez"],"inLanguage":"pt-PT","copyrightYear":"2026","copyrightHolder":{"@id":"https:\/\/www.altominho.tv\/site\/#organization"}},{"@type":"WebPage","@id":"https:\/\/www.altominho.tv\/site\/2026\/03\/09\/arcos-de-valdevez-marco-mes-da-mulher\/","url":"https:\/\/www.altominho.tv\/site\/2026\/03\/09\/arcos-de-valdevez-marco-mes-da-mulher\/","name":"Exposi\u00e7\u00e3o \u201cRostos Inabal\u00e1veis\u201d marca arranque das celebra\u00e7\u00f5es de Mar\u00e7o \u2013 M\u00eas da Mulher","isPartOf":{"@id":"https:\/\/www.altominho.tv\/site\/#website"},"primaryImageOfPage":{"@id":"https:\/\/www.altominho.tv\/site\/2026\/03\/09\/arcos-de-valdevez-marco-mes-da-mulher\/#primaryimage"},"image":{"@id":"https:\/\/www.altominho.tv\/site\/2026\/03\/09\/arcos-de-valdevez-marco-mes-da-mulher\/#primaryimage"},"thumbnailUrl":"https:\/\/www.altominho.tv\/site\/wp-content\/uploads\/2026\/03\/EXPOSICAO.png","datePublished":"2026-03-09T17:09:18+00:00","dateModified":"2026-03-09T17:09:20+00:00","author":{"@id":"https:\/\/www.altominho.tv\/site\/#\/schema\/person\/a0e4ef6d041f98ca284393d8f1d97153"},"description":"Exposi\u00e7\u00e3o \u201cRostos Inabal\u00e1veis\u201d marca o arranque das celebra\u00e7\u00f5es de mar\u00e7o \u2013 M\u00eas da Mulher, em Arcos de Valdevez.","breadcrumb":{"@id":"https:\/\/www.altominho.tv\/site\/2026\/03\/09\/arcos-de-valdevez-marco-mes-da-mulher\/#breadcrumb"},"inLanguage":"pt-PT","potentialAction":[{"@type":"ReadAction","target":["https:\/\/www.altominho.tv\/site\/2026\/03\/09\/arcos-de-valdevez-marco-mes-da-mulher\/"]}]},{"@type":"ImageObject","inLanguage":"pt-PT","@id":"https:\/\/www.altominho.tv\/site\/2026\/03\/09\/arcos-de-valdevez-marco-mes-da-mulher\/#primaryimage","url":"https:\/\/www.altominho.tv\/site\/wp-content\/uploads\/2026\/03\/EXPOSICAO.png","contentUrl":"https:\/\/www.altominho.tv\/site\/wp-content\/uploads\/2026\/03\/EXPOSICAO.png","width":1200,"height":630},{"@type":"BreadcrumbList","@id":"https:\/\/www.altominho.tv\/site\/2026\/03\/09\/arcos-de-valdevez-marco-mes-da-mulher\/#breadcrumb","itemListElement":[{"@type":"ListItem","position":1,"name":"In\u00edcio","item":"https:\/\/www.altominho.tv\/site\/"},{"@type":"ListItem","position":2,"name":"Exposi\u00e7\u00e3o \u201cRostos Inabal\u00e1veis\u201d marca arranque das celebra\u00e7\u00f5es de Mar\u00e7o \u2013 M\u00eas da Mulher"}]},{"@type":"WebSite","@id":"https:\/\/www.altominho.tv\/site\/#website","url":"https:\/\/www.altominho.tv\/site\/","name":"Altominho.tv","description":"A sua regi\u00e3o \u00e0 dist\u00e2ncia de um clique...","potentialAction":[{"@type":"SearchAction","target":{"@type":"EntryPoint","urlTemplate":"https:\/\/www.altominho.tv\/site\/?s={search_term_string}"},"query-input":{"@type":"PropertyValueSpecification","valueRequired":true,"valueName":"search_term_string"}}],"inLanguage":"pt-PT"},{"@type":"Person","@id":"https:\/\/www.altominho.tv\/site\/#\/schema\/person\/a0e4ef6d041f98ca284393d8f1d97153","name":"Andreia Cunha","image":{"@type":"ImageObject","inLanguage":"pt-PT","@id":"https:\/\/www.altominho.tv\/site\/wp-content\/uploads\/2017\/11\/Andreia_Cunha-1-150x150.jpg","url":"https:\/\/www.altominho.tv\/site\/wp-content\/uploads\/2017\/11\/Andreia_Cunha-1-150x150.jpg","contentUrl":"https:\/\/www.altominho.tv\/site\/wp-content\/uploads\/2017\/11\/Andreia_Cunha-1-150x150.jpg","caption":"Andreia Cunha"},"url":"https:\/\/www.altominho.tv\/site\/author\/andreiacunha\/"}]}},"_links":{"self":[{"href":"https:\/\/www.altominho.tv\/site\/wp-json\/wp\/v2\/posts\/129638","targetHints":{"allow":["GET"]}}],"collection":[{"href":"https:\/\/www.altominho.tv\/site\/wp-json\/wp\/v2\/posts"}],"about":[{"href":"https:\/\/www.altominho.tv\/site\/wp-json\/wp\/v2\/types\/post"}],"author":[{"embeddable":true,"href":"https:\/\/www.altominho.tv\/site\/wp-json\/wp\/v2\/users\/7"}],"replies":[{"embeddable":true,"href":"https:\/\/www.altominho.tv\/site\/wp-json\/wp\/v2\/comments?post=129638"}],"version-history":[{"count":1,"href":"https:\/\/www.altominho.tv\/site\/wp-json\/wp\/v2\/posts\/129638\/revisions"}],"predecessor-version":[{"id":129642,"href":"https:\/\/www.altominho.tv\/site\/wp-json\/wp\/v2\/posts\/129638\/revisions\/129642"}],"wp:featuredmedia":[{"embeddable":true,"href":"https:\/\/www.altominho.tv\/site\/wp-json\/wp\/v2\/media\/129641"}],"wp:attachment":[{"href":"https:\/\/www.altominho.tv\/site\/wp-json\/wp\/v2\/media?parent=129638"}],"wp:term":[{"taxonomy":"category","embeddable":true,"href":"https:\/\/www.altominho.tv\/site\/wp-json\/wp\/v2\/categories?post=129638"},{"taxonomy":"post_tag","embeddable":true,"href":"https:\/\/www.altominho.tv\/site\/wp-json\/wp\/v2\/tags?post=129638"}],"curies":[{"name":"wp","href":"https:\/\/api.w.org\/{rel}","templated":true}]}}