{"id":129633,"date":"2026-03-09T16:02:53","date_gmt":"2026-03-09T16:02:53","guid":{"rendered":"https:\/\/www.altominho.tv\/site\/?p=129633"},"modified":"2026-03-09T16:02:55","modified_gmt":"2026-03-09T16:02:55","slug":"escolas-vao-ter-orientacoes-para-proibir-atividades-contrarias-aos-fins-educativos","status":"publish","type":"post","link":"https:\/\/www.altominho.tv\/site\/2026\/03\/09\/escolas-vao-ter-orientacoes-para-proibir-atividades-contrarias-aos-fins-educativos\/","title":{"rendered":"Escolas v\u00e3o ter orienta\u00e7\u00f5es para proibir atividades contr\u00e1rias aos fins educativos"},"content":{"rendered":"<p class=\"p1\">O Minist\u00e9rio da Educa\u00e7\u00e3o anunciou a cria\u00e7\u00e3o de um grupo de trabalho para elaborar orienta\u00e7\u00f5es no sentido de os diretores proibirem atividades contr\u00e1rias aos fins educativos, ap\u00f3s presen\u00e7as de &#8220;influencers&#8221; nas escolas.<\/p>\n<p class=\"p1\">O grupo de trabalho, coordenado pelo secret\u00e1rio de Estado Adjunto e da Educa\u00e7\u00e3o, Alexandre Homem Cristo, integra outros representantes do Minist\u00e9rio da Educa\u00e7\u00e3o, Ci\u00eancia e Inova\u00e7\u00e3o (MECI), dos diretores e encarregados de educa\u00e7\u00e3o.<\/p>\n<p class=\"p1\">A equipa dever\u00e1 apresentar as conclus\u00f5es at\u00e9 ao final do m\u00eas de mar\u00e7o, cabendo-lhe produzir de orienta\u00e7\u00f5es &#8220;relativas ao controlo e \u00e0 proibi\u00e7\u00e3o do desenvolvimento de atividades contr\u00e1rias aos fins visados pelas institui\u00e7\u00f5es educativas&#8221;.<\/p>\n<p class=\"p1\">No despacho divulgado, que aguarda publica\u00e7\u00e3o em Di\u00e1rio da Rep\u00fablica, o ministro Fernando Alexandre justifica a decis\u00e3o apontando a &#8220;crescente diversidade de iniciativas&#8221; promovidas nas escolas e sem enquadramento pedag\u00f3gico que d\u00e3o origem a &#8220;situa\u00e7\u00f5es suscet\u00edveis de afetar a integridade, a neutralidade e a seguran\u00e7a do espa\u00e7o escolar&#8221;.<\/p>\n<p class=\"p1\">O governante refere, em concreto, os casos noticiados pelo jornal P\u00fablico de 79 escolas p\u00fablicas que receberam, nos dois \u00faltimos anos letivos, influenciadores digitais que promovem conte\u00fados sexuais e mis\u00f3ginos, no \u00e2mbito de campanhas de associa\u00e7\u00f5es de estudantes.<\/p>\n<p class=\"p1\">Na sequ\u00eancia da reportagem do P\u00fablico, a Inspe\u00e7\u00e3o-Geral da Educa\u00e7\u00e3o e Ci\u00eancia instaurou um inqu\u00e9rito aos dois diretores de escolas citados pelo jornal.<\/p>\n<p class=\"p1\">Segundo Fernando Alexandre, os casos noticiados revelam a necessidade de &#8220;clarificar os crit\u00e9rios aplic\u00e1veis \u00e0 admiss\u00e3o destas presen\u00e7as nas escolas e \u00e0 autoriza\u00e7\u00e3o para a realiza\u00e7\u00e3o de atividades que fere os valores de cidadania democr\u00e1tica&#8221;.<\/p>\n<p class=\"p1\">O ministro da Educa\u00e7\u00e3o considera ainda que as responsabilidades dos \u00f3rg\u00e3os de dire\u00e7\u00e3o devem ser real\u00e7adas, em particular dos diretores escolares a quem &#8211; escreve Fernando Alexandre &#8211; compete gerir as instala\u00e7\u00f5es e assegurar que as escolas cumprem &#8220;os princ\u00edpios da \u00e9tica p\u00fablica, da neutralidade institucional e dos valores de cidadania democr\u00e1tica&#8221;.<\/p>\n<p class=\"p1\">Na quarta-feira, Fernando Alexandre deu conta da inten\u00e7\u00e3o de criar este grupo de trabalho e explicou, na altura, que o objetivo \u00e9 que os &#8220;diretores que t\u00eam mais d\u00favidas sobre como devem atuar nestas circunst\u00e2ncias&#8221; possam &#8220;proteger o espa\u00e7o escolar da entrada de entidades ou indiv\u00edduos que n\u00e3o t\u00eam legitimidade de entrar e que perturbam o processo educativo e a forma\u00e7\u00e3o das crian\u00e7as e jovens&#8221;.<\/p>\n","protected":false},"excerpt":{"rendered":"<p>O Minist\u00e9rio da Educa\u00e7\u00e3o anunciou a cria\u00e7\u00e3o de um grupo de trabalho para elaborar orienta\u00e7\u00f5es no sentido de os diretores proibirem atividades contr\u00e1rias aos fins educativos, ap\u00f3s presen\u00e7as de &#8220;influencers&#8221; nas escolas. O grupo de trabalho, coordenado pelo secret\u00e1rio de Estado Adjunto e da Educa\u00e7\u00e3o, Alexandre Homem Cristo, integra outros representantes do Minist\u00e9rio da Educa\u00e7\u00e3o, [&hellip;]<\/p>\n","protected":false},"author":13,"featured_media":129636,"comment_status":"closed","ping_status":"closed","sticky":false,"template":"","format":"standard","meta":{"_exactmetrics_skip_tracking":false,"_exactmetrics_sitenote_active":false,"_exactmetrics_sitenote_note":"","_exactmetrics_sitenote_category":0,"footnotes":""},"categories":[56325],"tags":[22],"class_list":["post-129633","post","type-post","status-publish","format-standard","has-post-thumbnail","hentry","category-pais","tag-educacao"],"yoast_head":"<!-- This site is optimized with the Yoast SEO Premium plugin v27.5 (Yoast SEO v27.5) - https:\/\/yoast.com\/product\/yoast-seo-premium-wordpress\/ -->\n<title>Escolas v\u00e3o ter orienta\u00e7\u00f5es para proibir atividades contr\u00e1rias aos fins educativos<\/title>\n<meta name=\"description\" content=\"O Minist\u00e9rio da Educa\u00e7\u00e3o anunciou a cria\u00e7\u00e3o de um grupo de trabalho para elaborar orienta\u00e7\u00f5es no sentido de os diretores proibirem atividades contr\u00e1rias aos fins educativos, ap\u00f3s presen\u00e7as de &quot;influencers&quot; nas escolas.\" \/>\n<meta name=\"robots\" content=\"index, follow, max-snippet:-1, max-image-preview:large, max-video-preview:-1\" \/>\n<link rel=\"canonical\" href=\"https:\/\/www.altominho.tv\/site\/2026\/03\/09\/escolas-vao-ter-orientacoes-para-proibir-atividades-contrarias-aos-fins-educativos\/\" \/>\n<meta property=\"og:locale\" content=\"pt_PT\" \/>\n<meta property=\"og:type\" content=\"article\" \/>\n<meta property=\"og:title\" content=\"Escolas v\u00e3o ter orienta\u00e7\u00f5es para proibir atividades contr\u00e1rias aos fins educativos\" \/>\n<meta property=\"og:description\" content=\"O Minist\u00e9rio da Educa\u00e7\u00e3o anunciou a cria\u00e7\u00e3o de um grupo de trabalho para elaborar orienta\u00e7\u00f5es no sentido de os diretores proibirem atividades contr\u00e1rias aos fins educativos, ap\u00f3s presen\u00e7as de &quot;influencers&quot; nas escolas.\" \/>\n<meta property=\"og:url\" content=\"https:\/\/www.altominho.tv\/site\/2026\/03\/09\/escolas-vao-ter-orientacoes-para-proibir-atividades-contrarias-aos-fins-educativos\/\" \/>\n<meta property=\"og:site_name\" content=\"Altominho.tv\" \/>\n<meta property=\"article:publisher\" content=\"https:\/\/www.facebook.com\/altominhotv\" \/>\n<meta property=\"article:published_time\" content=\"2026-03-09T16:02:53+00:00\" \/>\n<meta property=\"article:modified_time\" content=\"2026-03-09T16:02:55+00:00\" \/>\n<meta property=\"og:image\" content=\"https:\/\/www.altominho.tv\/site\/wp-content\/uploads\/2026\/03\/sala-aula.jpg\" \/>\n\t<meta property=\"og:image:width\" content=\"1200\" \/>\n\t<meta property=\"og:image:height\" content=\"630\" \/>\n\t<meta property=\"og:image:type\" content=\"image\/jpeg\" \/>\n<meta name=\"author\" content=\"Lusa\" \/>\n<meta name=\"twitter:card\" content=\"summary_large_image\" \/>\n<meta name=\"twitter:creator\" content=\"@altominhoTV\" \/>\n<meta name=\"twitter:site\" content=\"@altominhoTV\" \/>\n<meta name=\"twitter:label1\" content=\"Escrito por\" \/>\n\t<meta name=\"twitter:data1\" content=\"Lusa\" \/>\n\t<meta name=\"twitter:label2\" content=\"Tempo estimado de leitura\" \/>\n\t<meta name=\"twitter:data2\" content=\"3 minutos\" \/>\n<script type=\"application\/ld+json\" class=\"yoast-schema-graph\">{\"@context\":\"https:\\\/\\\/schema.org\",\"@graph\":[{\"@type\":\"Article\",\"@id\":\"https:\\\/\\\/www.altominho.tv\\\/site\\\/2026\\\/03\\\/09\\\/escolas-vao-ter-orientacoes-para-proibir-atividades-contrarias-aos-fins-educativos\\\/#article\",\"isPartOf\":{\"@id\":\"https:\\\/\\\/www.altominho.tv\\\/site\\\/2026\\\/03\\\/09\\\/escolas-vao-ter-orientacoes-para-proibir-atividades-contrarias-aos-fins-educativos\\\/\"},\"author\":{\"name\":\"Lusa\",\"@id\":\"https:\\\/\\\/www.altominho.tv\\\/site\\\/#\\\/schema\\\/person\\\/63f693da3e1899361cbe955c46f3232e\"},\"headline\":\"Escolas v\u00e3o ter orienta\u00e7\u00f5es para proibir atividades contr\u00e1rias aos fins educativos\",\"datePublished\":\"2026-03-09T16:02:53+00:00\",\"dateModified\":\"2026-03-09T16:02:55+00:00\",\"mainEntityOfPage\":{\"@id\":\"https:\\\/\\\/www.altominho.tv\\\/site\\\/2026\\\/03\\\/09\\\/escolas-vao-ter-orientacoes-para-proibir-atividades-contrarias-aos-fins-educativos\\\/\"},\"wordCount\":436,\"image\":{\"@id\":\"https:\\\/\\\/www.altominho.tv\\\/site\\\/2026\\\/03\\\/09\\\/escolas-vao-ter-orientacoes-para-proibir-atividades-contrarias-aos-fins-educativos\\\/#primaryimage\"},\"thumbnailUrl\":\"https:\\\/\\\/www.altominho.tv\\\/site\\\/wp-content\\\/uploads\\\/2026\\\/03\\\/sala-aula.jpg\",\"keywords\":[\"Educa\u00e7\u00e3o\"],\"articleSection\":[\"Pa\u00eds\"],\"inLanguage\":\"pt-PT\",\"copyrightYear\":\"2026\",\"copyrightHolder\":{\"@id\":\"https:\\\/\\\/www.altominho.tv\\\/site\\\/#organization\"}},{\"@type\":\"WebPage\",\"@id\":\"https:\\\/\\\/www.altominho.tv\\\/site\\\/2026\\\/03\\\/09\\\/escolas-vao-ter-orientacoes-para-proibir-atividades-contrarias-aos-fins-educativos\\\/\",\"url\":\"https:\\\/\\\/www.altominho.tv\\\/site\\\/2026\\\/03\\\/09\\\/escolas-vao-ter-orientacoes-para-proibir-atividades-contrarias-aos-fins-educativos\\\/\",\"name\":\"Escolas v\u00e3o ter orienta\u00e7\u00f5es para proibir atividades contr\u00e1rias aos fins educativos\",\"isPartOf\":{\"@id\":\"https:\\\/\\\/www.altominho.tv\\\/site\\\/#website\"},\"primaryImageOfPage\":{\"@id\":\"https:\\\/\\\/www.altominho.tv\\\/site\\\/2026\\\/03\\\/09\\\/escolas-vao-ter-orientacoes-para-proibir-atividades-contrarias-aos-fins-educativos\\\/#primaryimage\"},\"image\":{\"@id\":\"https:\\\/\\\/www.altominho.tv\\\/site\\\/2026\\\/03\\\/09\\\/escolas-vao-ter-orientacoes-para-proibir-atividades-contrarias-aos-fins-educativos\\\/#primaryimage\"},\"thumbnailUrl\":\"https:\\\/\\\/www.altominho.tv\\\/site\\\/wp-content\\\/uploads\\\/2026\\\/03\\\/sala-aula.jpg\",\"datePublished\":\"2026-03-09T16:02:53+00:00\",\"dateModified\":\"2026-03-09T16:02:55+00:00\",\"author\":{\"@id\":\"https:\\\/\\\/www.altominho.tv\\\/site\\\/#\\\/schema\\\/person\\\/63f693da3e1899361cbe955c46f3232e\"},\"description\":\"O Minist\u00e9rio da Educa\u00e7\u00e3o anunciou a cria\u00e7\u00e3o de um grupo de trabalho para elaborar orienta\u00e7\u00f5es no sentido de os diretores proibirem atividades contr\u00e1rias aos fins educativos, ap\u00f3s presen\u00e7as de \\\"influencers\\\" nas escolas.\",\"breadcrumb\":{\"@id\":\"https:\\\/\\\/www.altominho.tv\\\/site\\\/2026\\\/03\\\/09\\\/escolas-vao-ter-orientacoes-para-proibir-atividades-contrarias-aos-fins-educativos\\\/#breadcrumb\"},\"inLanguage\":\"pt-PT\",\"potentialAction\":[{\"@type\":\"ReadAction\",\"target\":[\"https:\\\/\\\/www.altominho.tv\\\/site\\\/2026\\\/03\\\/09\\\/escolas-vao-ter-orientacoes-para-proibir-atividades-contrarias-aos-fins-educativos\\\/\"]}]},{\"@type\":\"ImageObject\",\"inLanguage\":\"pt-PT\",\"@id\":\"https:\\\/\\\/www.altominho.tv\\\/site\\\/2026\\\/03\\\/09\\\/escolas-vao-ter-orientacoes-para-proibir-atividades-contrarias-aos-fins-educativos\\\/#primaryimage\",\"url\":\"https:\\\/\\\/www.altominho.tv\\\/site\\\/wp-content\\\/uploads\\\/2026\\\/03\\\/sala-aula.jpg\",\"contentUrl\":\"https:\\\/\\\/www.altominho.tv\\\/site\\\/wp-content\\\/uploads\\\/2026\\\/03\\\/sala-aula.jpg\",\"width\":1200,\"height\":630},{\"@type\":\"BreadcrumbList\",\"@id\":\"https:\\\/\\\/www.altominho.tv\\\/site\\\/2026\\\/03\\\/09\\\/escolas-vao-ter-orientacoes-para-proibir-atividades-contrarias-aos-fins-educativos\\\/#breadcrumb\",\"itemListElement\":[{\"@type\":\"ListItem\",\"position\":1,\"name\":\"In\u00edcio\",\"item\":\"https:\\\/\\\/www.altominho.tv\\\/site\\\/\"},{\"@type\":\"ListItem\",\"position\":2,\"name\":\"Escolas v\u00e3o ter orienta\u00e7\u00f5es para proibir atividades contr\u00e1rias aos fins educativos\"}]},{\"@type\":\"WebSite\",\"@id\":\"https:\\\/\\\/www.altominho.tv\\\/site\\\/#website\",\"url\":\"https:\\\/\\\/www.altominho.tv\\\/site\\\/\",\"name\":\"Altominho.tv\",\"description\":\"A sua regi\u00e3o \u00e0 dist\u00e2ncia de um clique...\",\"potentialAction\":[{\"@type\":\"SearchAction\",\"target\":{\"@type\":\"EntryPoint\",\"urlTemplate\":\"https:\\\/\\\/www.altominho.tv\\\/site\\\/?s={search_term_string}\"},\"query-input\":{\"@type\":\"PropertyValueSpecification\",\"valueRequired\":true,\"valueName\":\"search_term_string\"}}],\"inLanguage\":\"pt-PT\"},{\"@type\":\"Person\",\"@id\":\"https:\\\/\\\/www.altominho.tv\\\/site\\\/#\\\/schema\\\/person\\\/63f693da3e1899361cbe955c46f3232e\",\"name\":\"Lusa\",\"image\":{\"@type\":\"ImageObject\",\"inLanguage\":\"pt-PT\",\"@id\":\"https:\\\/\\\/www.altominho.tv\\\/site\\\/wp-content\\\/uploads\\\/2019\\\/08\\\/LUSA_Logo.gif\",\"url\":\"https:\\\/\\\/www.altominho.tv\\\/site\\\/wp-content\\\/uploads\\\/2019\\\/08\\\/LUSA_Logo.gif\",\"contentUrl\":\"https:\\\/\\\/www.altominho.tv\\\/site\\\/wp-content\\\/uploads\\\/2019\\\/08\\\/LUSA_Logo.gif\",\"caption\":\"Lusa\"},\"sameAs\":[\"http:\\\/\\\/\\\/\\\/www.altominho.tv\\\/site\"],\"url\":\"https:\\\/\\\/www.altominho.tv\\\/site\\\/author\\\/lusa\\\/\"}]}<\/script>\n<!-- \/ Yoast SEO Premium plugin. -->","yoast_head_json":{"title":"Escolas v\u00e3o ter orienta\u00e7\u00f5es para proibir atividades contr\u00e1rias aos fins educativos","description":"O Minist\u00e9rio da Educa\u00e7\u00e3o anunciou a cria\u00e7\u00e3o de um grupo de trabalho para elaborar orienta\u00e7\u00f5es no sentido de os diretores proibirem atividades contr\u00e1rias aos fins educativos, ap\u00f3s presen\u00e7as de \"influencers\" nas escolas.","robots":{"index":"index","follow":"follow","max-snippet":"max-snippet:-1","max-image-preview":"max-image-preview:large","max-video-preview":"max-video-preview:-1"},"canonical":"https:\/\/www.altominho.tv\/site\/2026\/03\/09\/escolas-vao-ter-orientacoes-para-proibir-atividades-contrarias-aos-fins-educativos\/","og_locale":"pt_PT","og_type":"article","og_title":"Escolas v\u00e3o ter orienta\u00e7\u00f5es para proibir atividades contr\u00e1rias aos fins educativos","og_description":"O Minist\u00e9rio da Educa\u00e7\u00e3o anunciou a cria\u00e7\u00e3o de um grupo de trabalho para elaborar orienta\u00e7\u00f5es no sentido de os diretores proibirem atividades contr\u00e1rias aos fins educativos, ap\u00f3s presen\u00e7as de \"influencers\" nas escolas.","og_url":"https:\/\/www.altominho.tv\/site\/2026\/03\/09\/escolas-vao-ter-orientacoes-para-proibir-atividades-contrarias-aos-fins-educativos\/","og_site_name":"Altominho.tv","article_publisher":"https:\/\/www.facebook.com\/altominhotv","article_published_time":"2026-03-09T16:02:53+00:00","article_modified_time":"2026-03-09T16:02:55+00:00","og_image":[{"width":1200,"height":630,"url":"https:\/\/www.altominho.tv\/site\/wp-content\/uploads\/2026\/03\/sala-aula.jpg","type":"image\/jpeg"}],"author":"Lusa","twitter_card":"summary_large_image","twitter_creator":"@altominhoTV","twitter_site":"@altominhoTV","twitter_misc":{"Escrito por":"Lusa","Tempo estimado de leitura":"3 minutos"},"schema":{"@context":"https:\/\/schema.org","@graph":[{"@type":"Article","@id":"https:\/\/www.altominho.tv\/site\/2026\/03\/09\/escolas-vao-ter-orientacoes-para-proibir-atividades-contrarias-aos-fins-educativos\/#article","isPartOf":{"@id":"https:\/\/www.altominho.tv\/site\/2026\/03\/09\/escolas-vao-ter-orientacoes-para-proibir-atividades-contrarias-aos-fins-educativos\/"},"author":{"name":"Lusa","@id":"https:\/\/www.altominho.tv\/site\/#\/schema\/person\/63f693da3e1899361cbe955c46f3232e"},"headline":"Escolas v\u00e3o ter orienta\u00e7\u00f5es para proibir atividades contr\u00e1rias aos fins educativos","datePublished":"2026-03-09T16:02:53+00:00","dateModified":"2026-03-09T16:02:55+00:00","mainEntityOfPage":{"@id":"https:\/\/www.altominho.tv\/site\/2026\/03\/09\/escolas-vao-ter-orientacoes-para-proibir-atividades-contrarias-aos-fins-educativos\/"},"wordCount":436,"image":{"@id":"https:\/\/www.altominho.tv\/site\/2026\/03\/09\/escolas-vao-ter-orientacoes-para-proibir-atividades-contrarias-aos-fins-educativos\/#primaryimage"},"thumbnailUrl":"https:\/\/www.altominho.tv\/site\/wp-content\/uploads\/2026\/03\/sala-aula.jpg","keywords":["Educa\u00e7\u00e3o"],"articleSection":["Pa\u00eds"],"inLanguage":"pt-PT","copyrightYear":"2026","copyrightHolder":{"@id":"https:\/\/www.altominho.tv\/site\/#organization"}},{"@type":"WebPage","@id":"https:\/\/www.altominho.tv\/site\/2026\/03\/09\/escolas-vao-ter-orientacoes-para-proibir-atividades-contrarias-aos-fins-educativos\/","url":"https:\/\/www.altominho.tv\/site\/2026\/03\/09\/escolas-vao-ter-orientacoes-para-proibir-atividades-contrarias-aos-fins-educativos\/","name":"Escolas v\u00e3o ter orienta\u00e7\u00f5es para proibir atividades contr\u00e1rias aos fins educativos","isPartOf":{"@id":"https:\/\/www.altominho.tv\/site\/#website"},"primaryImageOfPage":{"@id":"https:\/\/www.altominho.tv\/site\/2026\/03\/09\/escolas-vao-ter-orientacoes-para-proibir-atividades-contrarias-aos-fins-educativos\/#primaryimage"},"image":{"@id":"https:\/\/www.altominho.tv\/site\/2026\/03\/09\/escolas-vao-ter-orientacoes-para-proibir-atividades-contrarias-aos-fins-educativos\/#primaryimage"},"thumbnailUrl":"https:\/\/www.altominho.tv\/site\/wp-content\/uploads\/2026\/03\/sala-aula.jpg","datePublished":"2026-03-09T16:02:53+00:00","dateModified":"2026-03-09T16:02:55+00:00","author":{"@id":"https:\/\/www.altominho.tv\/site\/#\/schema\/person\/63f693da3e1899361cbe955c46f3232e"},"description":"O Minist\u00e9rio da Educa\u00e7\u00e3o anunciou a cria\u00e7\u00e3o de um grupo de trabalho para elaborar orienta\u00e7\u00f5es no sentido de os diretores proibirem atividades contr\u00e1rias aos fins educativos, ap\u00f3s presen\u00e7as de \"influencers\" nas escolas.","breadcrumb":{"@id":"https:\/\/www.altominho.tv\/site\/2026\/03\/09\/escolas-vao-ter-orientacoes-para-proibir-atividades-contrarias-aos-fins-educativos\/#breadcrumb"},"inLanguage":"pt-PT","potentialAction":[{"@type":"ReadAction","target":["https:\/\/www.altominho.tv\/site\/2026\/03\/09\/escolas-vao-ter-orientacoes-para-proibir-atividades-contrarias-aos-fins-educativos\/"]}]},{"@type":"ImageObject","inLanguage":"pt-PT","@id":"https:\/\/www.altominho.tv\/site\/2026\/03\/09\/escolas-vao-ter-orientacoes-para-proibir-atividades-contrarias-aos-fins-educativos\/#primaryimage","url":"https:\/\/www.altominho.tv\/site\/wp-content\/uploads\/2026\/03\/sala-aula.jpg","contentUrl":"https:\/\/www.altominho.tv\/site\/wp-content\/uploads\/2026\/03\/sala-aula.jpg","width":1200,"height":630},{"@type":"BreadcrumbList","@id":"https:\/\/www.altominho.tv\/site\/2026\/03\/09\/escolas-vao-ter-orientacoes-para-proibir-atividades-contrarias-aos-fins-educativos\/#breadcrumb","itemListElement":[{"@type":"ListItem","position":1,"name":"In\u00edcio","item":"https:\/\/www.altominho.tv\/site\/"},{"@type":"ListItem","position":2,"name":"Escolas v\u00e3o ter orienta\u00e7\u00f5es para proibir atividades contr\u00e1rias aos fins educativos"}]},{"@type":"WebSite","@id":"https:\/\/www.altominho.tv\/site\/#website","url":"https:\/\/www.altominho.tv\/site\/","name":"Altominho.tv","description":"A sua regi\u00e3o \u00e0 dist\u00e2ncia de um clique...","potentialAction":[{"@type":"SearchAction","target":{"@type":"EntryPoint","urlTemplate":"https:\/\/www.altominho.tv\/site\/?s={search_term_string}"},"query-input":{"@type":"PropertyValueSpecification","valueRequired":true,"valueName":"search_term_string"}}],"inLanguage":"pt-PT"},{"@type":"Person","@id":"https:\/\/www.altominho.tv\/site\/#\/schema\/person\/63f693da3e1899361cbe955c46f3232e","name":"Lusa","image":{"@type":"ImageObject","inLanguage":"pt-PT","@id":"https:\/\/www.altominho.tv\/site\/wp-content\/uploads\/2019\/08\/LUSA_Logo.gif","url":"https:\/\/www.altominho.tv\/site\/wp-content\/uploads\/2019\/08\/LUSA_Logo.gif","contentUrl":"https:\/\/www.altominho.tv\/site\/wp-content\/uploads\/2019\/08\/LUSA_Logo.gif","caption":"Lusa"},"sameAs":["http:\/\/\/\/www.altominho.tv\/site"],"url":"https:\/\/www.altominho.tv\/site\/author\/lusa\/"}]}},"_links":{"self":[{"href":"https:\/\/www.altominho.tv\/site\/wp-json\/wp\/v2\/posts\/129633","targetHints":{"allow":["GET"]}}],"collection":[{"href":"https:\/\/www.altominho.tv\/site\/wp-json\/wp\/v2\/posts"}],"about":[{"href":"https:\/\/www.altominho.tv\/site\/wp-json\/wp\/v2\/types\/post"}],"author":[{"embeddable":true,"href":"https:\/\/www.altominho.tv\/site\/wp-json\/wp\/v2\/users\/13"}],"replies":[{"embeddable":true,"href":"https:\/\/www.altominho.tv\/site\/wp-json\/wp\/v2\/comments?post=129633"}],"version-history":[{"count":1,"href":"https:\/\/www.altominho.tv\/site\/wp-json\/wp\/v2\/posts\/129633\/revisions"}],"predecessor-version":[{"id":129637,"href":"https:\/\/www.altominho.tv\/site\/wp-json\/wp\/v2\/posts\/129633\/revisions\/129637"}],"wp:featuredmedia":[{"embeddable":true,"href":"https:\/\/www.altominho.tv\/site\/wp-json\/wp\/v2\/media\/129636"}],"wp:attachment":[{"href":"https:\/\/www.altominho.tv\/site\/wp-json\/wp\/v2\/media?parent=129633"}],"wp:term":[{"taxonomy":"category","embeddable":true,"href":"https:\/\/www.altominho.tv\/site\/wp-json\/wp\/v2\/categories?post=129633"},{"taxonomy":"post_tag","embeddable":true,"href":"https:\/\/www.altominho.tv\/site\/wp-json\/wp\/v2\/tags?post=129633"}],"curies":[{"name":"wp","href":"https:\/\/api.w.org\/{rel}","templated":true}]}}