{"id":129632,"date":"2026-03-09T16:00:32","date_gmt":"2026-03-09T16:00:32","guid":{"rendered":"https:\/\/www.altominho.tv\/site\/?p=129632"},"modified":"2026-03-09T16:00:35","modified_gmt":"2026-03-09T16:00:35","slug":"pais-presidente-da-republica","status":"publish","type":"post","link":"https:\/\/www.altominho.tv\/site\/2026\/03\/09\/pais-presidente-da-republica\/","title":{"rendered":"Ant\u00f3nio Jos\u00e9 Seguro tomou posse como XXI Presidente da Rep\u00fablica de Portugal"},"content":{"rendered":"\n<p>Ant\u00f3nio Jos\u00e9 Seguro tomou esta segunda-feira posse como XXI Presidente da Rep\u00fablica de Portugal, numa cerim\u00f3nia realizada na Assembleia da Rep\u00fablica.<\/p>\n\n\n\n<p>O antigo secret\u00e1rio-geral do PS, foi eleito Presidente da Rep\u00fablica a 8 de fevereiro, na segunda volta das elei\u00e7\u00f5es, contra o candidato Andr\u00e9 Ventura.<\/p>\n\n\n\n<p>Seguro conseguiu mais de 3,5 milh\u00f5es de votos, correspondentes a 66,84% dos votos expressos, estabelecendo um recorde hist\u00f3rico de apoio popular.<\/p>\n\n\n\n<p>O ato de tomada de posse, incluiu o juramento com a m\u00e3o direita sobre a Constitui\u00e7\u00e3o, seguido da execu\u00e7\u00e3o do Hino Nacional e uma salva de 21 tiros de artilharia.<\/p>\n\n\n\n<p>A cerim\u00f3nia contou com a presen\u00e7a de individualidades estrangeiras, incluindo o Rei Filipe VI de Espanha e os Presidentes da Rep\u00fablica de Angola, Jo\u00e3o Louren\u00e7o, de S\u00e3o Tom\u00e9 e Pr\u00edncipe, Carlos Manuel Vila Nova, de Cabo Verde, Jos\u00e9 Maria das Neves, de Timor-Leste e Presidente da CPLP, Jos\u00e9 Ramos-Horta, e de Mo\u00e7ambique, Daniel Chapo.<\/p>\n\n\n\n<p>O novo Presidente expressou gratid\u00e3o ao seu antecessor, Marcelo Rebelo de Sousa, destacando a continuidade institucional e homenageando figuras hist\u00f3ricas como M\u00e1rio Soares e Jorge Sampaio.<\/p>\n\n\n\n<p>Fotografia: <strong>Presid\u00eancia da Rep\u00fablica<\/strong><\/p>\n","protected":false},"excerpt":{"rendered":"<p>Ant\u00f3nio Jos\u00e9 Seguro tomou esta segunda-feira posse como XXI Presidente da Rep\u00fablica de Portugal, numa cerim\u00f3nia realizada na Assembleia da Rep\u00fablica. O antigo secret\u00e1rio-geral do PS, foi eleito Presidente da Rep\u00fablica a 8 de fevereiro, na segunda volta das elei\u00e7\u00f5es, contra o candidato Andr\u00e9 Ventura. Seguro conseguiu mais de 3,5 milh\u00f5es de votos, correspondentes a [&hellip;]<\/p>\n","protected":false},"author":7,"featured_media":129634,"comment_status":"closed","ping_status":"closed","sticky":false,"template":"","format":"standard","meta":{"_exactmetrics_skip_tracking":false,"_exactmetrics_sitenote_active":false,"_exactmetrics_sitenote_note":"","_exactmetrics_sitenote_category":0,"footnotes":""},"categories":[56325],"tags":[56326],"class_list":["post-129632","post","type-post","status-publish","format-standard","has-post-thumbnail","hentry","category-pais","tag-politica"],"yoast_head":"<!-- This site is optimized with the Yoast SEO Premium plugin v27.5 (Yoast SEO v27.5) - https:\/\/yoast.com\/product\/yoast-seo-premium-wordpress\/ -->\n<title>Ant\u00f3nio Jos\u00e9 Seguro tomou posse como XXI Presidente da Rep\u00fablica de Portugal<\/title>\n<meta name=\"description\" content=\"Ant\u00f3nio Jos\u00e9 Seguro tomou hoje posse como XXI Presidente da Rep\u00fablica de Portugal, sucedendo assim a Marcelo Rebelo de Sousa.\" \/>\n<meta name=\"robots\" content=\"index, follow, max-snippet:-1, max-image-preview:large, max-video-preview:-1\" \/>\n<link rel=\"canonical\" href=\"https:\/\/www.altominho.tv\/site\/2026\/03\/09\/pais-presidente-da-republica\/\" \/>\n<meta property=\"og:locale\" content=\"pt_PT\" \/>\n<meta property=\"og:type\" content=\"article\" \/>\n<meta property=\"og:title\" content=\"Ant\u00f3nio Jos\u00e9 Seguro tomou posse como XXI Presidente da Rep\u00fablica de Portugal\" \/>\n<meta property=\"og:description\" content=\"Ant\u00f3nio Jos\u00e9 Seguro tomou hoje posse como XXI Presidente da Rep\u00fablica de Portugal, sucedendo assim a Marcelo Rebelo de Sousa.\" \/>\n<meta property=\"og:url\" content=\"https:\/\/www.altominho.tv\/site\/2026\/03\/09\/pais-presidente-da-republica\/\" \/>\n<meta property=\"og:site_name\" content=\"Altominho.tv\" \/>\n<meta property=\"article:publisher\" content=\"https:\/\/www.facebook.com\/altominhotv\" \/>\n<meta property=\"article:published_time\" content=\"2026-03-09T16:00:32+00:00\" \/>\n<meta property=\"article:modified_time\" content=\"2026-03-09T16:00:35+00:00\" \/>\n<meta property=\"og:image\" content=\"https:\/\/www.altominho.tv\/site\/wp-content\/uploads\/2026\/03\/aj-seguro.png\" \/>\n\t<meta property=\"og:image:width\" content=\"1200\" \/>\n\t<meta property=\"og:image:height\" content=\"630\" \/>\n\t<meta property=\"og:image:type\" content=\"image\/png\" \/>\n<meta name=\"author\" content=\"Andreia Cunha\" \/>\n<meta name=\"twitter:card\" content=\"summary_large_image\" \/>\n<meta name=\"twitter:creator\" content=\"@altominhoTV\" \/>\n<meta name=\"twitter:site\" content=\"@altominhoTV\" \/>\n<meta name=\"twitter:label1\" content=\"Escrito por\" \/>\n\t<meta name=\"twitter:data1\" content=\"Andreia Cunha\" \/>\n\t<meta name=\"twitter:label2\" content=\"Tempo estimado de leitura\" \/>\n\t<meta name=\"twitter:data2\" content=\"2 minutos\" \/>\n<script type=\"application\/ld+json\" class=\"yoast-schema-graph\">{\"@context\":\"https:\\\/\\\/schema.org\",\"@graph\":[{\"@type\":\"Article\",\"@id\":\"https:\\\/\\\/www.altominho.tv\\\/site\\\/2026\\\/03\\\/09\\\/pais-presidente-da-republica\\\/#article\",\"isPartOf\":{\"@id\":\"https:\\\/\\\/www.altominho.tv\\\/site\\\/2026\\\/03\\\/09\\\/pais-presidente-da-republica\\\/\"},\"author\":{\"name\":\"Andreia Cunha\",\"@id\":\"https:\\\/\\\/www.altominho.tv\\\/site\\\/#\\\/schema\\\/person\\\/a0e4ef6d041f98ca284393d8f1d97153\"},\"headline\":\"Ant\u00f3nio Jos\u00e9 Seguro tomou posse como XXI Presidente da Rep\u00fablica de Portugal\",\"datePublished\":\"2026-03-09T16:00:32+00:00\",\"dateModified\":\"2026-03-09T16:00:35+00:00\",\"mainEntityOfPage\":{\"@id\":\"https:\\\/\\\/www.altominho.tv\\\/site\\\/2026\\\/03\\\/09\\\/pais-presidente-da-republica\\\/\"},\"wordCount\":215,\"image\":{\"@id\":\"https:\\\/\\\/www.altominho.tv\\\/site\\\/2026\\\/03\\\/09\\\/pais-presidente-da-republica\\\/#primaryimage\"},\"thumbnailUrl\":\"https:\\\/\\\/www.altominho.tv\\\/site\\\/wp-content\\\/uploads\\\/2026\\\/03\\\/aj-seguro.png\",\"keywords\":[\"Pol\u00edtica\"],\"articleSection\":[\"Pa\u00eds\"],\"inLanguage\":\"pt-PT\",\"copyrightYear\":\"2026\",\"copyrightHolder\":{\"@id\":\"https:\\\/\\\/www.altominho.tv\\\/site\\\/#organization\"}},{\"@type\":\"WebPage\",\"@id\":\"https:\\\/\\\/www.altominho.tv\\\/site\\\/2026\\\/03\\\/09\\\/pais-presidente-da-republica\\\/\",\"url\":\"https:\\\/\\\/www.altominho.tv\\\/site\\\/2026\\\/03\\\/09\\\/pais-presidente-da-republica\\\/\",\"name\":\"Ant\u00f3nio Jos\u00e9 Seguro tomou posse como XXI Presidente da Rep\u00fablica de Portugal\",\"isPartOf\":{\"@id\":\"https:\\\/\\\/www.altominho.tv\\\/site\\\/#website\"},\"primaryImageOfPage\":{\"@id\":\"https:\\\/\\\/www.altominho.tv\\\/site\\\/2026\\\/03\\\/09\\\/pais-presidente-da-republica\\\/#primaryimage\"},\"image\":{\"@id\":\"https:\\\/\\\/www.altominho.tv\\\/site\\\/2026\\\/03\\\/09\\\/pais-presidente-da-republica\\\/#primaryimage\"},\"thumbnailUrl\":\"https:\\\/\\\/www.altominho.tv\\\/site\\\/wp-content\\\/uploads\\\/2026\\\/03\\\/aj-seguro.png\",\"datePublished\":\"2026-03-09T16:00:32+00:00\",\"dateModified\":\"2026-03-09T16:00:35+00:00\",\"author\":{\"@id\":\"https:\\\/\\\/www.altominho.tv\\\/site\\\/#\\\/schema\\\/person\\\/a0e4ef6d041f98ca284393d8f1d97153\"},\"description\":\"Ant\u00f3nio Jos\u00e9 Seguro tomou hoje posse como XXI Presidente da Rep\u00fablica de Portugal, sucedendo assim a Marcelo Rebelo de Sousa.\",\"breadcrumb\":{\"@id\":\"https:\\\/\\\/www.altominho.tv\\\/site\\\/2026\\\/03\\\/09\\\/pais-presidente-da-republica\\\/#breadcrumb\"},\"inLanguage\":\"pt-PT\",\"potentialAction\":[{\"@type\":\"ReadAction\",\"target\":[\"https:\\\/\\\/www.altominho.tv\\\/site\\\/2026\\\/03\\\/09\\\/pais-presidente-da-republica\\\/\"]}]},{\"@type\":\"ImageObject\",\"inLanguage\":\"pt-PT\",\"@id\":\"https:\\\/\\\/www.altominho.tv\\\/site\\\/2026\\\/03\\\/09\\\/pais-presidente-da-republica\\\/#primaryimage\",\"url\":\"https:\\\/\\\/www.altominho.tv\\\/site\\\/wp-content\\\/uploads\\\/2026\\\/03\\\/aj-seguro.png\",\"contentUrl\":\"https:\\\/\\\/www.altominho.tv\\\/site\\\/wp-content\\\/uploads\\\/2026\\\/03\\\/aj-seguro.png\",\"width\":1200,\"height\":630},{\"@type\":\"BreadcrumbList\",\"@id\":\"https:\\\/\\\/www.altominho.tv\\\/site\\\/2026\\\/03\\\/09\\\/pais-presidente-da-republica\\\/#breadcrumb\",\"itemListElement\":[{\"@type\":\"ListItem\",\"position\":1,\"name\":\"In\u00edcio\",\"item\":\"https:\\\/\\\/www.altominho.tv\\\/site\\\/\"},{\"@type\":\"ListItem\",\"position\":2,\"name\":\"Ant\u00f3nio Jos\u00e9 Seguro tomou posse como XXI Presidente da Rep\u00fablica de Portugal\"}]},{\"@type\":\"WebSite\",\"@id\":\"https:\\\/\\\/www.altominho.tv\\\/site\\\/#website\",\"url\":\"https:\\\/\\\/www.altominho.tv\\\/site\\\/\",\"name\":\"Altominho.tv\",\"description\":\"A sua regi\u00e3o \u00e0 dist\u00e2ncia de um clique...\",\"potentialAction\":[{\"@type\":\"SearchAction\",\"target\":{\"@type\":\"EntryPoint\",\"urlTemplate\":\"https:\\\/\\\/www.altominho.tv\\\/site\\\/?s={search_term_string}\"},\"query-input\":{\"@type\":\"PropertyValueSpecification\",\"valueRequired\":true,\"valueName\":\"search_term_string\"}}],\"inLanguage\":\"pt-PT\"},{\"@type\":\"Person\",\"@id\":\"https:\\\/\\\/www.altominho.tv\\\/site\\\/#\\\/schema\\\/person\\\/a0e4ef6d041f98ca284393d8f1d97153\",\"name\":\"Andreia Cunha\",\"image\":{\"@type\":\"ImageObject\",\"inLanguage\":\"pt-PT\",\"@id\":\"https:\\\/\\\/www.altominho.tv\\\/site\\\/wp-content\\\/uploads\\\/2017\\\/11\\\/Andreia_Cunha-1-150x150.jpg\",\"url\":\"https:\\\/\\\/www.altominho.tv\\\/site\\\/wp-content\\\/uploads\\\/2017\\\/11\\\/Andreia_Cunha-1-150x150.jpg\",\"contentUrl\":\"https:\\\/\\\/www.altominho.tv\\\/site\\\/wp-content\\\/uploads\\\/2017\\\/11\\\/Andreia_Cunha-1-150x150.jpg\",\"caption\":\"Andreia Cunha\"},\"url\":\"https:\\\/\\\/www.altominho.tv\\\/site\\\/author\\\/andreiacunha\\\/\"}]}<\/script>\n<!-- \/ Yoast SEO Premium plugin. -->","yoast_head_json":{"title":"Ant\u00f3nio Jos\u00e9 Seguro tomou posse como XXI Presidente da Rep\u00fablica de Portugal","description":"Ant\u00f3nio Jos\u00e9 Seguro tomou hoje posse como XXI Presidente da Rep\u00fablica de Portugal, sucedendo assim a Marcelo Rebelo de Sousa.","robots":{"index":"index","follow":"follow","max-snippet":"max-snippet:-1","max-image-preview":"max-image-preview:large","max-video-preview":"max-video-preview:-1"},"canonical":"https:\/\/www.altominho.tv\/site\/2026\/03\/09\/pais-presidente-da-republica\/","og_locale":"pt_PT","og_type":"article","og_title":"Ant\u00f3nio Jos\u00e9 Seguro tomou posse como XXI Presidente da Rep\u00fablica de Portugal","og_description":"Ant\u00f3nio Jos\u00e9 Seguro tomou hoje posse como XXI Presidente da Rep\u00fablica de Portugal, sucedendo assim a Marcelo Rebelo de Sousa.","og_url":"https:\/\/www.altominho.tv\/site\/2026\/03\/09\/pais-presidente-da-republica\/","og_site_name":"Altominho.tv","article_publisher":"https:\/\/www.facebook.com\/altominhotv","article_published_time":"2026-03-09T16:00:32+00:00","article_modified_time":"2026-03-09T16:00:35+00:00","og_image":[{"width":1200,"height":630,"url":"https:\/\/www.altominho.tv\/site\/wp-content\/uploads\/2026\/03\/aj-seguro.png","type":"image\/png"}],"author":"Andreia Cunha","twitter_card":"summary_large_image","twitter_creator":"@altominhoTV","twitter_site":"@altominhoTV","twitter_misc":{"Escrito por":"Andreia Cunha","Tempo estimado de leitura":"2 minutos"},"schema":{"@context":"https:\/\/schema.org","@graph":[{"@type":"Article","@id":"https:\/\/www.altominho.tv\/site\/2026\/03\/09\/pais-presidente-da-republica\/#article","isPartOf":{"@id":"https:\/\/www.altominho.tv\/site\/2026\/03\/09\/pais-presidente-da-republica\/"},"author":{"name":"Andreia Cunha","@id":"https:\/\/www.altominho.tv\/site\/#\/schema\/person\/a0e4ef6d041f98ca284393d8f1d97153"},"headline":"Ant\u00f3nio Jos\u00e9 Seguro tomou posse como XXI Presidente da Rep\u00fablica de Portugal","datePublished":"2026-03-09T16:00:32+00:00","dateModified":"2026-03-09T16:00:35+00:00","mainEntityOfPage":{"@id":"https:\/\/www.altominho.tv\/site\/2026\/03\/09\/pais-presidente-da-republica\/"},"wordCount":215,"image":{"@id":"https:\/\/www.altominho.tv\/site\/2026\/03\/09\/pais-presidente-da-republica\/#primaryimage"},"thumbnailUrl":"https:\/\/www.altominho.tv\/site\/wp-content\/uploads\/2026\/03\/aj-seguro.png","keywords":["Pol\u00edtica"],"articleSection":["Pa\u00eds"],"inLanguage":"pt-PT","copyrightYear":"2026","copyrightHolder":{"@id":"https:\/\/www.altominho.tv\/site\/#organization"}},{"@type":"WebPage","@id":"https:\/\/www.altominho.tv\/site\/2026\/03\/09\/pais-presidente-da-republica\/","url":"https:\/\/www.altominho.tv\/site\/2026\/03\/09\/pais-presidente-da-republica\/","name":"Ant\u00f3nio Jos\u00e9 Seguro tomou posse como XXI Presidente da Rep\u00fablica de Portugal","isPartOf":{"@id":"https:\/\/www.altominho.tv\/site\/#website"},"primaryImageOfPage":{"@id":"https:\/\/www.altominho.tv\/site\/2026\/03\/09\/pais-presidente-da-republica\/#primaryimage"},"image":{"@id":"https:\/\/www.altominho.tv\/site\/2026\/03\/09\/pais-presidente-da-republica\/#primaryimage"},"thumbnailUrl":"https:\/\/www.altominho.tv\/site\/wp-content\/uploads\/2026\/03\/aj-seguro.png","datePublished":"2026-03-09T16:00:32+00:00","dateModified":"2026-03-09T16:00:35+00:00","author":{"@id":"https:\/\/www.altominho.tv\/site\/#\/schema\/person\/a0e4ef6d041f98ca284393d8f1d97153"},"description":"Ant\u00f3nio Jos\u00e9 Seguro tomou hoje posse como XXI Presidente da Rep\u00fablica de Portugal, sucedendo assim a Marcelo Rebelo de Sousa.","breadcrumb":{"@id":"https:\/\/www.altominho.tv\/site\/2026\/03\/09\/pais-presidente-da-republica\/#breadcrumb"},"inLanguage":"pt-PT","potentialAction":[{"@type":"ReadAction","target":["https:\/\/www.altominho.tv\/site\/2026\/03\/09\/pais-presidente-da-republica\/"]}]},{"@type":"ImageObject","inLanguage":"pt-PT","@id":"https:\/\/www.altominho.tv\/site\/2026\/03\/09\/pais-presidente-da-republica\/#primaryimage","url":"https:\/\/www.altominho.tv\/site\/wp-content\/uploads\/2026\/03\/aj-seguro.png","contentUrl":"https:\/\/www.altominho.tv\/site\/wp-content\/uploads\/2026\/03\/aj-seguro.png","width":1200,"height":630},{"@type":"BreadcrumbList","@id":"https:\/\/www.altominho.tv\/site\/2026\/03\/09\/pais-presidente-da-republica\/#breadcrumb","itemListElement":[{"@type":"ListItem","position":1,"name":"In\u00edcio","item":"https:\/\/www.altominho.tv\/site\/"},{"@type":"ListItem","position":2,"name":"Ant\u00f3nio Jos\u00e9 Seguro tomou posse como XXI Presidente da Rep\u00fablica de Portugal"}]},{"@type":"WebSite","@id":"https:\/\/www.altominho.tv\/site\/#website","url":"https:\/\/www.altominho.tv\/site\/","name":"Altominho.tv","description":"A sua regi\u00e3o \u00e0 dist\u00e2ncia de um clique...","potentialAction":[{"@type":"SearchAction","target":{"@type":"EntryPoint","urlTemplate":"https:\/\/www.altominho.tv\/site\/?s={search_term_string}"},"query-input":{"@type":"PropertyValueSpecification","valueRequired":true,"valueName":"search_term_string"}}],"inLanguage":"pt-PT"},{"@type":"Person","@id":"https:\/\/www.altominho.tv\/site\/#\/schema\/person\/a0e4ef6d041f98ca284393d8f1d97153","name":"Andreia Cunha","image":{"@type":"ImageObject","inLanguage":"pt-PT","@id":"https:\/\/www.altominho.tv\/site\/wp-content\/uploads\/2017\/11\/Andreia_Cunha-1-150x150.jpg","url":"https:\/\/www.altominho.tv\/site\/wp-content\/uploads\/2017\/11\/Andreia_Cunha-1-150x150.jpg","contentUrl":"https:\/\/www.altominho.tv\/site\/wp-content\/uploads\/2017\/11\/Andreia_Cunha-1-150x150.jpg","caption":"Andreia Cunha"},"url":"https:\/\/www.altominho.tv\/site\/author\/andreiacunha\/"}]}},"_links":{"self":[{"href":"https:\/\/www.altominho.tv\/site\/wp-json\/wp\/v2\/posts\/129632","targetHints":{"allow":["GET"]}}],"collection":[{"href":"https:\/\/www.altominho.tv\/site\/wp-json\/wp\/v2\/posts"}],"about":[{"href":"https:\/\/www.altominho.tv\/site\/wp-json\/wp\/v2\/types\/post"}],"author":[{"embeddable":true,"href":"https:\/\/www.altominho.tv\/site\/wp-json\/wp\/v2\/users\/7"}],"replies":[{"embeddable":true,"href":"https:\/\/www.altominho.tv\/site\/wp-json\/wp\/v2\/comments?post=129632"}],"version-history":[{"count":1,"href":"https:\/\/www.altominho.tv\/site\/wp-json\/wp\/v2\/posts\/129632\/revisions"}],"predecessor-version":[{"id":129635,"href":"https:\/\/www.altominho.tv\/site\/wp-json\/wp\/v2\/posts\/129632\/revisions\/129635"}],"wp:featuredmedia":[{"embeddable":true,"href":"https:\/\/www.altominho.tv\/site\/wp-json\/wp\/v2\/media\/129634"}],"wp:attachment":[{"href":"https:\/\/www.altominho.tv\/site\/wp-json\/wp\/v2\/media?parent=129632"}],"wp:term":[{"taxonomy":"category","embeddable":true,"href":"https:\/\/www.altominho.tv\/site\/wp-json\/wp\/v2\/categories?post=129632"},{"taxonomy":"post_tag","embeddable":true,"href":"https:\/\/www.altominho.tv\/site\/wp-json\/wp\/v2\/tags?post=129632"}],"curies":[{"name":"wp","href":"https:\/\/api.w.org\/{rel}","templated":true}]}}