{"id":129629,"date":"2026-03-09T15:43:51","date_gmt":"2026-03-09T15:43:51","guid":{"rendered":"https:\/\/www.altominho.tv\/site\/?p=129629"},"modified":"2026-03-09T15:43:55","modified_gmt":"2026-03-09T15:43:55","slug":"alto-minho-arcos-de-valdevez-educacao-science-fest","status":"publish","type":"post","link":"https:\/\/www.altominho.tv\/site\/2026\/03\/09\/alto-minho-arcos-de-valdevez-educacao-science-fest\/","title":{"rendered":"CIM Alto Minho mobiliza alunos para a School Fest integrada no Alto Minho Science Fest"},"content":{"rendered":"\n<p>Cerca de 600 alunos do 3.\u00ba ciclo do Ensino B\u00e1sico e do Ensino Secund\u00e1rio dos dez munic\u00edpios do Alto Minho v\u00e3o participar na primeira edi\u00e7\u00e3o da School Fest, que decorre nos dias 12 e 13 de mar\u00e7o, em Arcos de Valdevez.<\/p>\n\n\n\n<p>A iniciativa, promovida pela Comunidade Intermunicipal do Alto Minho (CIM Alto Minho), integra a programa\u00e7\u00e3o da segunda edi\u00e7\u00e3o do Alto Minho Science Fest, festival organizado pelo Munic\u00edpio de Arcos de Valdevez e pelo Centro de Ci\u00eancia Viva dos Arcos \u2013 Oficinas de Criatividade Himalaya.<\/p>\n\n\n\n<p>Inserida no projeto SCHOOL4ALL 2G | Alto Minho, Territ\u00f3rio Educador, cofinanciado pelo Programa NORTE 2030, a School Fest pretende proporcionar aos estudantes uma experi\u00eancia educativa em contexto n\u00e3o formal, centrada na ci\u00eancia, inova\u00e7\u00e3o, sa\u00fade e bem-estar \u2014 temas que marcam esta segunda edi\u00e7\u00e3o do festival.<\/p>\n\n\n\n<p>A participa\u00e7\u00e3o das escolas &#8220;ser\u00e1 organizada por agrupamentos e por per\u00edodos hor\u00e1rios, garantindo uma gest\u00e3o equilibrada dos fluxos e a adequada frui\u00e7\u00e3o das atividades  cient\u00edficas, pedag\u00f3gicas e culturais previstas&#8221;, deu nota a Comunidade Intermunicipal do Alto Minho.<\/p>\n\n\n\n<p>A CIM Alto Minho &#8220;assegura a articula\u00e7\u00e3o intermunicipal e a log\u00edstica de transporte, garantindo a igualdade de acesso a experi\u00eancias educativas diferenciadoras e refor\u00e7ando a coopera\u00e7\u00e3o entre munic\u00edpios e comunidades escolares&#8221;.<\/p>\n\n\n\n<p>A integra\u00e7\u00e3o da School Fest no Alto Minho Science Fest &#8220;refor\u00e7a a dimens\u00e3o intermunicipal do projeto SCHOOL4ALL 2G, afirmando o Alto Minho como um territ\u00f3rio que valoriza a educa\u00e7\u00e3o e a qualifica\u00e7\u00e3o das novas gera\u00e7\u00f5es&#8221;.<\/p>\n\n\n\n<p>Com esta iniciativa, &#8220;a CIM Alto Minho e os seus munic\u00edpios consolidam o compromisso com a promo\u00e7\u00e3o do sucesso escolar, da orienta\u00e7\u00e3o vocacional e da educa\u00e7\u00e3o como eixo estrat\u00e9gico do desenvolvimento territorial&#8221;.<\/p>\n\n\n\n<p>Com edi\u00e7\u00f5es previstas at\u00e9 2028, &#8220;a School Fest assume-se como uma aposta estruturante na qualifica\u00e7\u00e3o e no sucesso escolar, consolidando o Alto Minho como territ\u00f3rio educador&#8221;.<\/p>\n\n\n\n<p>O programa inclui ainda a mesa-redonda \u201cAlto Minho, Territ\u00f3rio Educador\u201d, no dia 12 de mar\u00e7o, a partir das 11h45, promovida pela CIM Alto Minho, dedicada \u00e0 apresenta\u00e7\u00e3o e reflex\u00e3o sobre as a\u00e7\u00f5es estrat\u00e9gicas do projeto SCHOOL4ALL 2G.<\/p>\n\n\n\n<p>Ser\u00e3o oradores a Professora Doutora F\u00e1tima Pereira, professora adjunta da Escola Superior de Educa\u00e7\u00e3o do Instituto Polit\u00e9cnico de Viana do Castelo, a Dra. Lurdes Cunha, consultora coordenadora na Quarternaire Portugal e a Dra. Sandra Barros, diretora art\u00edstica na Burilar \u2013 Processos Criativos na Media\u00e7\u00e3o de P\u00fablicos.<\/p>\n\n\n\n<p>Fotografia: <strong>Altominho TV<\/strong><\/p>\n","protected":false},"excerpt":{"rendered":"<p>Cerca de 600 alunos do 3.\u00ba ciclo do Ensino B\u00e1sico e do Ensino Secund\u00e1rio dos dez munic\u00edpios do Alto Minho v\u00e3o participar na primeira edi\u00e7\u00e3o da School Fest, que decorre nos dias 12 e 13 de mar\u00e7o, em Arcos de Valdevez. A iniciativa, promovida pela Comunidade Intermunicipal do Alto Minho (CIM Alto Minho), integra a [&hellip;]<\/p>\n","protected":false},"author":7,"featured_media":129630,"comment_status":"closed","ping_status":"closed","sticky":false,"template":"","format":"standard","meta":{"_exactmetrics_skip_tracking":false,"_exactmetrics_sitenote_active":false,"_exactmetrics_sitenote_note":"","_exactmetrics_sitenote_category":0,"footnotes":""},"categories":[73],"tags":[22],"class_list":["post-129629","post","type-post","status-publish","format-standard","has-post-thumbnail","hentry","category-alto-minho","tag-educacao"],"yoast_head":"<!-- This site is optimized with the Yoast SEO Premium plugin v27.5 (Yoast SEO v27.5) - https:\/\/yoast.com\/product\/yoast-seo-premium-wordpress\/ -->\n<title>CIM Alto Minho mobiliza alunos para a School Fest integrada no Alto Minho Science Fest<\/title>\n<meta name=\"description\" content=\"A Comunidade Intermunicipal do Alto Minho vai mobilizar os alunos para a School Fest integrada no Alto Minho Science Fest.\" \/>\n<meta name=\"robots\" content=\"index, follow, max-snippet:-1, max-image-preview:large, max-video-preview:-1\" \/>\n<link rel=\"canonical\" href=\"https:\/\/www.altominho.tv\/site\/2026\/03\/09\/alto-minho-arcos-de-valdevez-educacao-science-fest\/\" \/>\n<meta property=\"og:locale\" content=\"pt_PT\" \/>\n<meta property=\"og:type\" content=\"article\" \/>\n<meta property=\"og:title\" content=\"CIM Alto Minho mobiliza alunos para a School Fest integrada no Alto Minho Science Fest\" \/>\n<meta property=\"og:description\" content=\"A Comunidade Intermunicipal do Alto Minho vai mobilizar os alunos para a School Fest integrada no Alto Minho Science Fest.\" \/>\n<meta property=\"og:url\" content=\"https:\/\/www.altominho.tv\/site\/2026\/03\/09\/alto-minho-arcos-de-valdevez-educacao-science-fest\/\" \/>\n<meta property=\"og:site_name\" content=\"Altominho.tv\" \/>\n<meta property=\"article:publisher\" content=\"https:\/\/www.facebook.com\/altominhotv\" \/>\n<meta property=\"article:published_time\" content=\"2026-03-09T15:43:51+00:00\" \/>\n<meta property=\"article:modified_time\" content=\"2026-03-09T15:43:55+00:00\" \/>\n<meta property=\"og:image\" content=\"https:\/\/www.altominho.tv\/site\/wp-content\/uploads\/2026\/03\/science-fest.png\" \/>\n\t<meta property=\"og:image:width\" content=\"1200\" \/>\n\t<meta property=\"og:image:height\" content=\"630\" \/>\n\t<meta property=\"og:image:type\" content=\"image\/png\" \/>\n<meta name=\"author\" content=\"Andreia Cunha\" \/>\n<meta name=\"twitter:card\" content=\"summary_large_image\" \/>\n<meta name=\"twitter:creator\" content=\"@altominhoTV\" \/>\n<meta name=\"twitter:site\" content=\"@altominhoTV\" \/>\n<meta name=\"twitter:label1\" content=\"Escrito por\" \/>\n\t<meta name=\"twitter:data1\" content=\"Andreia Cunha\" \/>\n\t<meta name=\"twitter:label2\" content=\"Tempo estimado de leitura\" \/>\n\t<meta name=\"twitter:data2\" content=\"3 minutos\" \/>\n<script type=\"application\/ld+json\" class=\"yoast-schema-graph\">{\"@context\":\"https:\\\/\\\/schema.org\",\"@graph\":[{\"@type\":\"Article\",\"@id\":\"https:\\\/\\\/www.altominho.tv\\\/site\\\/2026\\\/03\\\/09\\\/alto-minho-arcos-de-valdevez-educacao-science-fest\\\/#article\",\"isPartOf\":{\"@id\":\"https:\\\/\\\/www.altominho.tv\\\/site\\\/2026\\\/03\\\/09\\\/alto-minho-arcos-de-valdevez-educacao-science-fest\\\/\"},\"author\":{\"name\":\"Andreia Cunha\",\"@id\":\"https:\\\/\\\/www.altominho.tv\\\/site\\\/#\\\/schema\\\/person\\\/a0e4ef6d041f98ca284393d8f1d97153\"},\"headline\":\"CIM Alto Minho mobiliza alunos para a School Fest integrada no Alto Minho Science Fest\",\"datePublished\":\"2026-03-09T15:43:51+00:00\",\"dateModified\":\"2026-03-09T15:43:55+00:00\",\"mainEntityOfPage\":{\"@id\":\"https:\\\/\\\/www.altominho.tv\\\/site\\\/2026\\\/03\\\/09\\\/alto-minho-arcos-de-valdevez-educacao-science-fest\\\/\"},\"wordCount\":441,\"image\":{\"@id\":\"https:\\\/\\\/www.altominho.tv\\\/site\\\/2026\\\/03\\\/09\\\/alto-minho-arcos-de-valdevez-educacao-science-fest\\\/#primaryimage\"},\"thumbnailUrl\":\"https:\\\/\\\/www.altominho.tv\\\/site\\\/wp-content\\\/uploads\\\/2026\\\/03\\\/science-fest.png\",\"keywords\":[\"Educa\u00e7\u00e3o\"],\"articleSection\":[\"Alto Minho\"],\"inLanguage\":\"pt-PT\",\"copyrightYear\":\"2026\",\"copyrightHolder\":{\"@id\":\"https:\\\/\\\/www.altominho.tv\\\/site\\\/#organization\"}},{\"@type\":\"WebPage\",\"@id\":\"https:\\\/\\\/www.altominho.tv\\\/site\\\/2026\\\/03\\\/09\\\/alto-minho-arcos-de-valdevez-educacao-science-fest\\\/\",\"url\":\"https:\\\/\\\/www.altominho.tv\\\/site\\\/2026\\\/03\\\/09\\\/alto-minho-arcos-de-valdevez-educacao-science-fest\\\/\",\"name\":\"CIM Alto Minho mobiliza alunos para a School Fest integrada no Alto Minho Science Fest\",\"isPartOf\":{\"@id\":\"https:\\\/\\\/www.altominho.tv\\\/site\\\/#website\"},\"primaryImageOfPage\":{\"@id\":\"https:\\\/\\\/www.altominho.tv\\\/site\\\/2026\\\/03\\\/09\\\/alto-minho-arcos-de-valdevez-educacao-science-fest\\\/#primaryimage\"},\"image\":{\"@id\":\"https:\\\/\\\/www.altominho.tv\\\/site\\\/2026\\\/03\\\/09\\\/alto-minho-arcos-de-valdevez-educacao-science-fest\\\/#primaryimage\"},\"thumbnailUrl\":\"https:\\\/\\\/www.altominho.tv\\\/site\\\/wp-content\\\/uploads\\\/2026\\\/03\\\/science-fest.png\",\"datePublished\":\"2026-03-09T15:43:51+00:00\",\"dateModified\":\"2026-03-09T15:43:55+00:00\",\"author\":{\"@id\":\"https:\\\/\\\/www.altominho.tv\\\/site\\\/#\\\/schema\\\/person\\\/a0e4ef6d041f98ca284393d8f1d97153\"},\"description\":\"A Comunidade Intermunicipal do Alto Minho vai mobilizar os alunos para a School Fest integrada no Alto Minho Science Fest.\",\"breadcrumb\":{\"@id\":\"https:\\\/\\\/www.altominho.tv\\\/site\\\/2026\\\/03\\\/09\\\/alto-minho-arcos-de-valdevez-educacao-science-fest\\\/#breadcrumb\"},\"inLanguage\":\"pt-PT\",\"potentialAction\":[{\"@type\":\"ReadAction\",\"target\":[\"https:\\\/\\\/www.altominho.tv\\\/site\\\/2026\\\/03\\\/09\\\/alto-minho-arcos-de-valdevez-educacao-science-fest\\\/\"]}]},{\"@type\":\"ImageObject\",\"inLanguage\":\"pt-PT\",\"@id\":\"https:\\\/\\\/www.altominho.tv\\\/site\\\/2026\\\/03\\\/09\\\/alto-minho-arcos-de-valdevez-educacao-science-fest\\\/#primaryimage\",\"url\":\"https:\\\/\\\/www.altominho.tv\\\/site\\\/wp-content\\\/uploads\\\/2026\\\/03\\\/science-fest.png\",\"contentUrl\":\"https:\\\/\\\/www.altominho.tv\\\/site\\\/wp-content\\\/uploads\\\/2026\\\/03\\\/science-fest.png\",\"width\":1200,\"height\":630},{\"@type\":\"BreadcrumbList\",\"@id\":\"https:\\\/\\\/www.altominho.tv\\\/site\\\/2026\\\/03\\\/09\\\/alto-minho-arcos-de-valdevez-educacao-science-fest\\\/#breadcrumb\",\"itemListElement\":[{\"@type\":\"ListItem\",\"position\":1,\"name\":\"In\u00edcio\",\"item\":\"https:\\\/\\\/www.altominho.tv\\\/site\\\/\"},{\"@type\":\"ListItem\",\"position\":2,\"name\":\"CIM Alto Minho mobiliza alunos para a School Fest integrada no Alto Minho Science Fest\"}]},{\"@type\":\"WebSite\",\"@id\":\"https:\\\/\\\/www.altominho.tv\\\/site\\\/#website\",\"url\":\"https:\\\/\\\/www.altominho.tv\\\/site\\\/\",\"name\":\"Altominho.tv\",\"description\":\"A sua regi\u00e3o \u00e0 dist\u00e2ncia de um clique...\",\"potentialAction\":[{\"@type\":\"SearchAction\",\"target\":{\"@type\":\"EntryPoint\",\"urlTemplate\":\"https:\\\/\\\/www.altominho.tv\\\/site\\\/?s={search_term_string}\"},\"query-input\":{\"@type\":\"PropertyValueSpecification\",\"valueRequired\":true,\"valueName\":\"search_term_string\"}}],\"inLanguage\":\"pt-PT\"},{\"@type\":\"Person\",\"@id\":\"https:\\\/\\\/www.altominho.tv\\\/site\\\/#\\\/schema\\\/person\\\/a0e4ef6d041f98ca284393d8f1d97153\",\"name\":\"Andreia Cunha\",\"image\":{\"@type\":\"ImageObject\",\"inLanguage\":\"pt-PT\",\"@id\":\"https:\\\/\\\/www.altominho.tv\\\/site\\\/wp-content\\\/uploads\\\/2017\\\/11\\\/Andreia_Cunha-1-150x150.jpg\",\"url\":\"https:\\\/\\\/www.altominho.tv\\\/site\\\/wp-content\\\/uploads\\\/2017\\\/11\\\/Andreia_Cunha-1-150x150.jpg\",\"contentUrl\":\"https:\\\/\\\/www.altominho.tv\\\/site\\\/wp-content\\\/uploads\\\/2017\\\/11\\\/Andreia_Cunha-1-150x150.jpg\",\"caption\":\"Andreia Cunha\"},\"url\":\"https:\\\/\\\/www.altominho.tv\\\/site\\\/author\\\/andreiacunha\\\/\"}]}<\/script>\n<!-- \/ Yoast SEO Premium plugin. -->","yoast_head_json":{"title":"CIM Alto Minho mobiliza alunos para a School Fest integrada no Alto Minho Science Fest","description":"A Comunidade Intermunicipal do Alto Minho vai mobilizar os alunos para a School Fest integrada no Alto Minho Science Fest.","robots":{"index":"index","follow":"follow","max-snippet":"max-snippet:-1","max-image-preview":"max-image-preview:large","max-video-preview":"max-video-preview:-1"},"canonical":"https:\/\/www.altominho.tv\/site\/2026\/03\/09\/alto-minho-arcos-de-valdevez-educacao-science-fest\/","og_locale":"pt_PT","og_type":"article","og_title":"CIM Alto Minho mobiliza alunos para a School Fest integrada no Alto Minho Science Fest","og_description":"A Comunidade Intermunicipal do Alto Minho vai mobilizar os alunos para a School Fest integrada no Alto Minho Science Fest.","og_url":"https:\/\/www.altominho.tv\/site\/2026\/03\/09\/alto-minho-arcos-de-valdevez-educacao-science-fest\/","og_site_name":"Altominho.tv","article_publisher":"https:\/\/www.facebook.com\/altominhotv","article_published_time":"2026-03-09T15:43:51+00:00","article_modified_time":"2026-03-09T15:43:55+00:00","og_image":[{"width":1200,"height":630,"url":"https:\/\/www.altominho.tv\/site\/wp-content\/uploads\/2026\/03\/science-fest.png","type":"image\/png"}],"author":"Andreia Cunha","twitter_card":"summary_large_image","twitter_creator":"@altominhoTV","twitter_site":"@altominhoTV","twitter_misc":{"Escrito por":"Andreia Cunha","Tempo estimado de leitura":"3 minutos"},"schema":{"@context":"https:\/\/schema.org","@graph":[{"@type":"Article","@id":"https:\/\/www.altominho.tv\/site\/2026\/03\/09\/alto-minho-arcos-de-valdevez-educacao-science-fest\/#article","isPartOf":{"@id":"https:\/\/www.altominho.tv\/site\/2026\/03\/09\/alto-minho-arcos-de-valdevez-educacao-science-fest\/"},"author":{"name":"Andreia Cunha","@id":"https:\/\/www.altominho.tv\/site\/#\/schema\/person\/a0e4ef6d041f98ca284393d8f1d97153"},"headline":"CIM Alto Minho mobiliza alunos para a School Fest integrada no Alto Minho Science Fest","datePublished":"2026-03-09T15:43:51+00:00","dateModified":"2026-03-09T15:43:55+00:00","mainEntityOfPage":{"@id":"https:\/\/www.altominho.tv\/site\/2026\/03\/09\/alto-minho-arcos-de-valdevez-educacao-science-fest\/"},"wordCount":441,"image":{"@id":"https:\/\/www.altominho.tv\/site\/2026\/03\/09\/alto-minho-arcos-de-valdevez-educacao-science-fest\/#primaryimage"},"thumbnailUrl":"https:\/\/www.altominho.tv\/site\/wp-content\/uploads\/2026\/03\/science-fest.png","keywords":["Educa\u00e7\u00e3o"],"articleSection":["Alto Minho"],"inLanguage":"pt-PT","copyrightYear":"2026","copyrightHolder":{"@id":"https:\/\/www.altominho.tv\/site\/#organization"}},{"@type":"WebPage","@id":"https:\/\/www.altominho.tv\/site\/2026\/03\/09\/alto-minho-arcos-de-valdevez-educacao-science-fest\/","url":"https:\/\/www.altominho.tv\/site\/2026\/03\/09\/alto-minho-arcos-de-valdevez-educacao-science-fest\/","name":"CIM Alto Minho mobiliza alunos para a School Fest integrada no Alto Minho Science Fest","isPartOf":{"@id":"https:\/\/www.altominho.tv\/site\/#website"},"primaryImageOfPage":{"@id":"https:\/\/www.altominho.tv\/site\/2026\/03\/09\/alto-minho-arcos-de-valdevez-educacao-science-fest\/#primaryimage"},"image":{"@id":"https:\/\/www.altominho.tv\/site\/2026\/03\/09\/alto-minho-arcos-de-valdevez-educacao-science-fest\/#primaryimage"},"thumbnailUrl":"https:\/\/www.altominho.tv\/site\/wp-content\/uploads\/2026\/03\/science-fest.png","datePublished":"2026-03-09T15:43:51+00:00","dateModified":"2026-03-09T15:43:55+00:00","author":{"@id":"https:\/\/www.altominho.tv\/site\/#\/schema\/person\/a0e4ef6d041f98ca284393d8f1d97153"},"description":"A Comunidade Intermunicipal do Alto Minho vai mobilizar os alunos para a School Fest integrada no Alto Minho Science Fest.","breadcrumb":{"@id":"https:\/\/www.altominho.tv\/site\/2026\/03\/09\/alto-minho-arcos-de-valdevez-educacao-science-fest\/#breadcrumb"},"inLanguage":"pt-PT","potentialAction":[{"@type":"ReadAction","target":["https:\/\/www.altominho.tv\/site\/2026\/03\/09\/alto-minho-arcos-de-valdevez-educacao-science-fest\/"]}]},{"@type":"ImageObject","inLanguage":"pt-PT","@id":"https:\/\/www.altominho.tv\/site\/2026\/03\/09\/alto-minho-arcos-de-valdevez-educacao-science-fest\/#primaryimage","url":"https:\/\/www.altominho.tv\/site\/wp-content\/uploads\/2026\/03\/science-fest.png","contentUrl":"https:\/\/www.altominho.tv\/site\/wp-content\/uploads\/2026\/03\/science-fest.png","width":1200,"height":630},{"@type":"BreadcrumbList","@id":"https:\/\/www.altominho.tv\/site\/2026\/03\/09\/alto-minho-arcos-de-valdevez-educacao-science-fest\/#breadcrumb","itemListElement":[{"@type":"ListItem","position":1,"name":"In\u00edcio","item":"https:\/\/www.altominho.tv\/site\/"},{"@type":"ListItem","position":2,"name":"CIM Alto Minho mobiliza alunos para a School Fest integrada no Alto Minho Science Fest"}]},{"@type":"WebSite","@id":"https:\/\/www.altominho.tv\/site\/#website","url":"https:\/\/www.altominho.tv\/site\/","name":"Altominho.tv","description":"A sua regi\u00e3o \u00e0 dist\u00e2ncia de um clique...","potentialAction":[{"@type":"SearchAction","target":{"@type":"EntryPoint","urlTemplate":"https:\/\/www.altominho.tv\/site\/?s={search_term_string}"},"query-input":{"@type":"PropertyValueSpecification","valueRequired":true,"valueName":"search_term_string"}}],"inLanguage":"pt-PT"},{"@type":"Person","@id":"https:\/\/www.altominho.tv\/site\/#\/schema\/person\/a0e4ef6d041f98ca284393d8f1d97153","name":"Andreia Cunha","image":{"@type":"ImageObject","inLanguage":"pt-PT","@id":"https:\/\/www.altominho.tv\/site\/wp-content\/uploads\/2017\/11\/Andreia_Cunha-1-150x150.jpg","url":"https:\/\/www.altominho.tv\/site\/wp-content\/uploads\/2017\/11\/Andreia_Cunha-1-150x150.jpg","contentUrl":"https:\/\/www.altominho.tv\/site\/wp-content\/uploads\/2017\/11\/Andreia_Cunha-1-150x150.jpg","caption":"Andreia Cunha"},"url":"https:\/\/www.altominho.tv\/site\/author\/andreiacunha\/"}]}},"_links":{"self":[{"href":"https:\/\/www.altominho.tv\/site\/wp-json\/wp\/v2\/posts\/129629","targetHints":{"allow":["GET"]}}],"collection":[{"href":"https:\/\/www.altominho.tv\/site\/wp-json\/wp\/v2\/posts"}],"about":[{"href":"https:\/\/www.altominho.tv\/site\/wp-json\/wp\/v2\/types\/post"}],"author":[{"embeddable":true,"href":"https:\/\/www.altominho.tv\/site\/wp-json\/wp\/v2\/users\/7"}],"replies":[{"embeddable":true,"href":"https:\/\/www.altominho.tv\/site\/wp-json\/wp\/v2\/comments?post=129629"}],"version-history":[{"count":1,"href":"https:\/\/www.altominho.tv\/site\/wp-json\/wp\/v2\/posts\/129629\/revisions"}],"predecessor-version":[{"id":129631,"href":"https:\/\/www.altominho.tv\/site\/wp-json\/wp\/v2\/posts\/129629\/revisions\/129631"}],"wp:featuredmedia":[{"embeddable":true,"href":"https:\/\/www.altominho.tv\/site\/wp-json\/wp\/v2\/media\/129630"}],"wp:attachment":[{"href":"https:\/\/www.altominho.tv\/site\/wp-json\/wp\/v2\/media?parent=129629"}],"wp:term":[{"taxonomy":"category","embeddable":true,"href":"https:\/\/www.altominho.tv\/site\/wp-json\/wp\/v2\/categories?post=129629"},{"taxonomy":"post_tag","embeddable":true,"href":"https:\/\/www.altominho.tv\/site\/wp-json\/wp\/v2\/tags?post=129629"}],"curies":[{"name":"wp","href":"https:\/\/api.w.org\/{rel}","templated":true}]}}