{"id":129596,"date":"2026-03-09T11:25:22","date_gmt":"2026-03-09T11:25:22","guid":{"rendered":"https:\/\/www.altominho.tv\/site\/?p=129596"},"modified":"2026-03-09T11:25:25","modified_gmt":"2026-03-09T11:25:25","slug":"pesca-no-rio-lima-limitada-a-embarcacoes-de-pesca-local","status":"publish","type":"post","link":"https:\/\/www.altominho.tv\/site\/2026\/03\/09\/pesca-no-rio-lima-limitada-a-embarcacoes-de-pesca-local\/","title":{"rendered":"Pesca no rio Lima limitada a embarca\u00e7\u00f5es de pesca local"},"content":{"rendered":"<p>O exerc\u00edcio da pesca comercial nas \u00e1guas interiores n\u00e3o mar\u00edtimas do rio Lima, sob jurisdi\u00e7\u00e3o da Capitania de Viana do Castelo, fica limitado \u00e0 utiliza\u00e7\u00e3o de embarca\u00e7\u00f5es de pesca local de conv\u00e9s aberto a partir de ter\u00e7a-feira.<\/p>\n<p>Em causa est\u00e1 a primeira altera\u00e7\u00e3o da portaria 370\/2024\/1, hoje publicada em Di\u00e1rio da Rep\u00fablica (DR), que estabelece as normas reguladoras do exerc\u00edcio da pesca comercial nas \u00e1guas interiores n\u00e3o mar\u00edtimas do rio Lima, regulando ainda, nos casos expressamente nela previstos, o exerc\u00edcio da pesca l\u00fadica.<\/p>\n<p>A altera\u00e7\u00e3o pro\u00edbe ainda a utiliza\u00e7\u00e3o de \u201cembarca\u00e7\u00f5es de pesca com uma pot\u00eancia propulsora total igual ou inferior a 40 kW\u201d.<\/p>\n<p>A partir de ter\u00e7a-feira, passa tamb\u00e9m a n\u00e3o ser \u201cpermitida a apanha nem a pesca a partir de embarca\u00e7\u00f5es, do p\u00f4r ao nascer do sol, exceto com redes, armadilhas de gaiola para caranguejos e draga de m\u00e3o a partir de embarca\u00e7\u00e3o, desde que respeitadas as restantes restri\u00e7\u00f5es em termos de seguran\u00e7a da navega\u00e7\u00e3o, nomeadamente, a interdi\u00e7\u00e3o de pesca nos canais de navega\u00e7\u00e3o\u201d.<\/p>\n","protected":false},"excerpt":{"rendered":"<p>O exerc\u00edcio da pesca comercial nas \u00e1guas interiores n\u00e3o mar\u00edtimas do rio Lima, sob jurisdi\u00e7\u00e3o da Capitania de Viana do Castelo, fica limitado \u00e0 utiliza\u00e7\u00e3o de embarca\u00e7\u00f5es de pesca local de conv\u00e9s aberto a partir de ter\u00e7a-feira. Em causa est\u00e1 a primeira altera\u00e7\u00e3o da portaria 370\/2024\/1, hoje publicada em Di\u00e1rio da Rep\u00fablica (DR), que estabelece [&hellip;]<\/p>\n","protected":false},"author":13,"featured_media":129597,"comment_status":"closed","ping_status":"closed","sticky":false,"template":"","format":"standard","meta":{"_exactmetrics_skip_tracking":false,"_exactmetrics_sitenote_active":false,"_exactmetrics_sitenote_note":"","_exactmetrics_sitenote_category":0,"footnotes":""},"categories":[14],"tags":[27],"class_list":["post-129596","post","type-post","status-publish","format-standard","has-post-thumbnail","hentry","category-viana-do-castelo","tag-sociedade"],"yoast_head":"<!-- This site is optimized with the Yoast SEO Premium plugin v27.5 (Yoast SEO v27.5) - https:\/\/yoast.com\/product\/yoast-seo-premium-wordpress\/ -->\n<title>Pesca no rio Lima limitada a embarca\u00e7\u00f5es de pesca local<\/title>\n<meta name=\"description\" content=\"\u00a0O exerc\u00edcio da pesca comercial nas \u00e1guas interiores n\u00e3o mar\u00edtimas do rio Lima, sob jurisdi\u00e7\u00e3o da Capitania de Viana do Castelo, fica limitado \u00e0 utiliza\u00e7\u00e3o de embarca\u00e7\u00f5es de pesca local de conv\u00e9s aberto a partir de ter\u00e7a-feira.\" \/>\n<meta name=\"robots\" content=\"index, follow, max-snippet:-1, max-image-preview:large, max-video-preview:-1\" \/>\n<link rel=\"canonical\" href=\"https:\/\/www.altominho.tv\/site\/2026\/03\/09\/pesca-no-rio-lima-limitada-a-embarcacoes-de-pesca-local\/\" \/>\n<meta property=\"og:locale\" content=\"pt_PT\" \/>\n<meta property=\"og:type\" content=\"article\" \/>\n<meta property=\"og:title\" content=\"Pesca no rio Lima limitada a embarca\u00e7\u00f5es de pesca local\" \/>\n<meta property=\"og:description\" content=\"\u00a0O exerc\u00edcio da pesca comercial nas \u00e1guas interiores n\u00e3o mar\u00edtimas do rio Lima, sob jurisdi\u00e7\u00e3o da Capitania de Viana do Castelo, fica limitado \u00e0 utiliza\u00e7\u00e3o de embarca\u00e7\u00f5es de pesca local de conv\u00e9s aberto a partir de ter\u00e7a-feira.\" \/>\n<meta property=\"og:url\" content=\"https:\/\/www.altominho.tv\/site\/2026\/03\/09\/pesca-no-rio-lima-limitada-a-embarcacoes-de-pesca-local\/\" \/>\n<meta property=\"og:site_name\" content=\"Altominho.tv\" \/>\n<meta property=\"article:publisher\" content=\"https:\/\/www.facebook.com\/altominhotv\" \/>\n<meta property=\"article:published_time\" content=\"2026-03-09T11:25:22+00:00\" \/>\n<meta property=\"article:modified_time\" content=\"2026-03-09T11:25:25+00:00\" \/>\n<meta property=\"og:image\" content=\"https:\/\/www.altominho.tv\/site\/wp-content\/uploads\/2026\/03\/rio-lima-barco.jpg\" \/>\n\t<meta property=\"og:image:width\" content=\"1200\" \/>\n\t<meta property=\"og:image:height\" content=\"630\" \/>\n\t<meta property=\"og:image:type\" content=\"image\/jpeg\" \/>\n<meta name=\"author\" content=\"Lusa\" \/>\n<meta name=\"twitter:card\" content=\"summary_large_image\" \/>\n<meta name=\"twitter:creator\" content=\"@altominhoTV\" \/>\n<meta name=\"twitter:site\" content=\"@altominhoTV\" \/>\n<meta name=\"twitter:label1\" content=\"Escrito por\" \/>\n\t<meta name=\"twitter:data1\" content=\"Lusa\" \/>\n\t<meta name=\"twitter:label2\" content=\"Tempo estimado de leitura\" \/>\n\t<meta name=\"twitter:data2\" content=\"2 minutos\" \/>\n<script type=\"application\/ld+json\" class=\"yoast-schema-graph\">{\"@context\":\"https:\\\/\\\/schema.org\",\"@graph\":[{\"@type\":\"Article\",\"@id\":\"https:\\\/\\\/www.altominho.tv\\\/site\\\/2026\\\/03\\\/09\\\/pesca-no-rio-lima-limitada-a-embarcacoes-de-pesca-local\\\/#article\",\"isPartOf\":{\"@id\":\"https:\\\/\\\/www.altominho.tv\\\/site\\\/2026\\\/03\\\/09\\\/pesca-no-rio-lima-limitada-a-embarcacoes-de-pesca-local\\\/\"},\"author\":{\"name\":\"Lusa\",\"@id\":\"https:\\\/\\\/www.altominho.tv\\\/site\\\/#\\\/schema\\\/person\\\/63f693da3e1899361cbe955c46f3232e\"},\"headline\":\"Pesca no rio Lima limitada a embarca\u00e7\u00f5es de pesca local\",\"datePublished\":\"2026-03-09T11:25:22+00:00\",\"dateModified\":\"2026-03-09T11:25:25+00:00\",\"mainEntityOfPage\":{\"@id\":\"https:\\\/\\\/www.altominho.tv\\\/site\\\/2026\\\/03\\\/09\\\/pesca-no-rio-lima-limitada-a-embarcacoes-de-pesca-local\\\/\"},\"wordCount\":207,\"image\":{\"@id\":\"https:\\\/\\\/www.altominho.tv\\\/site\\\/2026\\\/03\\\/09\\\/pesca-no-rio-lima-limitada-a-embarcacoes-de-pesca-local\\\/#primaryimage\"},\"thumbnailUrl\":\"https:\\\/\\\/www.altominho.tv\\\/site\\\/wp-content\\\/uploads\\\/2026\\\/03\\\/rio-lima-barco.jpg\",\"keywords\":[\"Sociedade\"],\"articleSection\":[\"Viana do Castelo\"],\"inLanguage\":\"pt-PT\",\"copyrightYear\":\"2026\",\"copyrightHolder\":{\"@id\":\"https:\\\/\\\/www.altominho.tv\\\/site\\\/#organization\"}},{\"@type\":\"WebPage\",\"@id\":\"https:\\\/\\\/www.altominho.tv\\\/site\\\/2026\\\/03\\\/09\\\/pesca-no-rio-lima-limitada-a-embarcacoes-de-pesca-local\\\/\",\"url\":\"https:\\\/\\\/www.altominho.tv\\\/site\\\/2026\\\/03\\\/09\\\/pesca-no-rio-lima-limitada-a-embarcacoes-de-pesca-local\\\/\",\"name\":\"Pesca no rio Lima limitada a embarca\u00e7\u00f5es de pesca local\",\"isPartOf\":{\"@id\":\"https:\\\/\\\/www.altominho.tv\\\/site\\\/#website\"},\"primaryImageOfPage\":{\"@id\":\"https:\\\/\\\/www.altominho.tv\\\/site\\\/2026\\\/03\\\/09\\\/pesca-no-rio-lima-limitada-a-embarcacoes-de-pesca-local\\\/#primaryimage\"},\"image\":{\"@id\":\"https:\\\/\\\/www.altominho.tv\\\/site\\\/2026\\\/03\\\/09\\\/pesca-no-rio-lima-limitada-a-embarcacoes-de-pesca-local\\\/#primaryimage\"},\"thumbnailUrl\":\"https:\\\/\\\/www.altominho.tv\\\/site\\\/wp-content\\\/uploads\\\/2026\\\/03\\\/rio-lima-barco.jpg\",\"datePublished\":\"2026-03-09T11:25:22+00:00\",\"dateModified\":\"2026-03-09T11:25:25+00:00\",\"author\":{\"@id\":\"https:\\\/\\\/www.altominho.tv\\\/site\\\/#\\\/schema\\\/person\\\/63f693da3e1899361cbe955c46f3232e\"},\"description\":\"\u00a0O exerc\u00edcio da pesca comercial nas \u00e1guas interiores n\u00e3o mar\u00edtimas do rio Lima, sob jurisdi\u00e7\u00e3o da Capitania de Viana do Castelo, fica limitado \u00e0 utiliza\u00e7\u00e3o de embarca\u00e7\u00f5es de pesca local de conv\u00e9s aberto a partir de ter\u00e7a-feira.\",\"breadcrumb\":{\"@id\":\"https:\\\/\\\/www.altominho.tv\\\/site\\\/2026\\\/03\\\/09\\\/pesca-no-rio-lima-limitada-a-embarcacoes-de-pesca-local\\\/#breadcrumb\"},\"inLanguage\":\"pt-PT\",\"potentialAction\":[{\"@type\":\"ReadAction\",\"target\":[\"https:\\\/\\\/www.altominho.tv\\\/site\\\/2026\\\/03\\\/09\\\/pesca-no-rio-lima-limitada-a-embarcacoes-de-pesca-local\\\/\"]}]},{\"@type\":\"ImageObject\",\"inLanguage\":\"pt-PT\",\"@id\":\"https:\\\/\\\/www.altominho.tv\\\/site\\\/2026\\\/03\\\/09\\\/pesca-no-rio-lima-limitada-a-embarcacoes-de-pesca-local\\\/#primaryimage\",\"url\":\"https:\\\/\\\/www.altominho.tv\\\/site\\\/wp-content\\\/uploads\\\/2026\\\/03\\\/rio-lima-barco.jpg\",\"contentUrl\":\"https:\\\/\\\/www.altominho.tv\\\/site\\\/wp-content\\\/uploads\\\/2026\\\/03\\\/rio-lima-barco.jpg\",\"width\":1200,\"height\":630},{\"@type\":\"BreadcrumbList\",\"@id\":\"https:\\\/\\\/www.altominho.tv\\\/site\\\/2026\\\/03\\\/09\\\/pesca-no-rio-lima-limitada-a-embarcacoes-de-pesca-local\\\/#breadcrumb\",\"itemListElement\":[{\"@type\":\"ListItem\",\"position\":1,\"name\":\"In\u00edcio\",\"item\":\"https:\\\/\\\/www.altominho.tv\\\/site\\\/\"},{\"@type\":\"ListItem\",\"position\":2,\"name\":\"Pesca no rio Lima limitada a embarca\u00e7\u00f5es de pesca local\"}]},{\"@type\":\"WebSite\",\"@id\":\"https:\\\/\\\/www.altominho.tv\\\/site\\\/#website\",\"url\":\"https:\\\/\\\/www.altominho.tv\\\/site\\\/\",\"name\":\"Altominho.tv\",\"description\":\"A sua regi\u00e3o \u00e0 dist\u00e2ncia de um clique...\",\"potentialAction\":[{\"@type\":\"SearchAction\",\"target\":{\"@type\":\"EntryPoint\",\"urlTemplate\":\"https:\\\/\\\/www.altominho.tv\\\/site\\\/?s={search_term_string}\"},\"query-input\":{\"@type\":\"PropertyValueSpecification\",\"valueRequired\":true,\"valueName\":\"search_term_string\"}}],\"inLanguage\":\"pt-PT\"},{\"@type\":\"Person\",\"@id\":\"https:\\\/\\\/www.altominho.tv\\\/site\\\/#\\\/schema\\\/person\\\/63f693da3e1899361cbe955c46f3232e\",\"name\":\"Lusa\",\"image\":{\"@type\":\"ImageObject\",\"inLanguage\":\"pt-PT\",\"@id\":\"https:\\\/\\\/www.altominho.tv\\\/site\\\/wp-content\\\/uploads\\\/2019\\\/08\\\/LUSA_Logo.gif\",\"url\":\"https:\\\/\\\/www.altominho.tv\\\/site\\\/wp-content\\\/uploads\\\/2019\\\/08\\\/LUSA_Logo.gif\",\"contentUrl\":\"https:\\\/\\\/www.altominho.tv\\\/site\\\/wp-content\\\/uploads\\\/2019\\\/08\\\/LUSA_Logo.gif\",\"caption\":\"Lusa\"},\"sameAs\":[\"http:\\\/\\\/\\\/\\\/www.altominho.tv\\\/site\"],\"url\":\"https:\\\/\\\/www.altominho.tv\\\/site\\\/author\\\/lusa\\\/\"}]}<\/script>\n<!-- \/ Yoast SEO Premium plugin. -->","yoast_head_json":{"title":"Pesca no rio Lima limitada a embarca\u00e7\u00f5es de pesca local","description":"\u00a0O exerc\u00edcio da pesca comercial nas \u00e1guas interiores n\u00e3o mar\u00edtimas do rio Lima, sob jurisdi\u00e7\u00e3o da Capitania de Viana do Castelo, fica limitado \u00e0 utiliza\u00e7\u00e3o de embarca\u00e7\u00f5es de pesca local de conv\u00e9s aberto a partir de ter\u00e7a-feira.","robots":{"index":"index","follow":"follow","max-snippet":"max-snippet:-1","max-image-preview":"max-image-preview:large","max-video-preview":"max-video-preview:-1"},"canonical":"https:\/\/www.altominho.tv\/site\/2026\/03\/09\/pesca-no-rio-lima-limitada-a-embarcacoes-de-pesca-local\/","og_locale":"pt_PT","og_type":"article","og_title":"Pesca no rio Lima limitada a embarca\u00e7\u00f5es de pesca local","og_description":"\u00a0O exerc\u00edcio da pesca comercial nas \u00e1guas interiores n\u00e3o mar\u00edtimas do rio Lima, sob jurisdi\u00e7\u00e3o da Capitania de Viana do Castelo, fica limitado \u00e0 utiliza\u00e7\u00e3o de embarca\u00e7\u00f5es de pesca local de conv\u00e9s aberto a partir de ter\u00e7a-feira.","og_url":"https:\/\/www.altominho.tv\/site\/2026\/03\/09\/pesca-no-rio-lima-limitada-a-embarcacoes-de-pesca-local\/","og_site_name":"Altominho.tv","article_publisher":"https:\/\/www.facebook.com\/altominhotv","article_published_time":"2026-03-09T11:25:22+00:00","article_modified_time":"2026-03-09T11:25:25+00:00","og_image":[{"width":1200,"height":630,"url":"https:\/\/www.altominho.tv\/site\/wp-content\/uploads\/2026\/03\/rio-lima-barco.jpg","type":"image\/jpeg"}],"author":"Lusa","twitter_card":"summary_large_image","twitter_creator":"@altominhoTV","twitter_site":"@altominhoTV","twitter_misc":{"Escrito por":"Lusa","Tempo estimado de leitura":"2 minutos"},"schema":{"@context":"https:\/\/schema.org","@graph":[{"@type":"Article","@id":"https:\/\/www.altominho.tv\/site\/2026\/03\/09\/pesca-no-rio-lima-limitada-a-embarcacoes-de-pesca-local\/#article","isPartOf":{"@id":"https:\/\/www.altominho.tv\/site\/2026\/03\/09\/pesca-no-rio-lima-limitada-a-embarcacoes-de-pesca-local\/"},"author":{"name":"Lusa","@id":"https:\/\/www.altominho.tv\/site\/#\/schema\/person\/63f693da3e1899361cbe955c46f3232e"},"headline":"Pesca no rio Lima limitada a embarca\u00e7\u00f5es de pesca local","datePublished":"2026-03-09T11:25:22+00:00","dateModified":"2026-03-09T11:25:25+00:00","mainEntityOfPage":{"@id":"https:\/\/www.altominho.tv\/site\/2026\/03\/09\/pesca-no-rio-lima-limitada-a-embarcacoes-de-pesca-local\/"},"wordCount":207,"image":{"@id":"https:\/\/www.altominho.tv\/site\/2026\/03\/09\/pesca-no-rio-lima-limitada-a-embarcacoes-de-pesca-local\/#primaryimage"},"thumbnailUrl":"https:\/\/www.altominho.tv\/site\/wp-content\/uploads\/2026\/03\/rio-lima-barco.jpg","keywords":["Sociedade"],"articleSection":["Viana do Castelo"],"inLanguage":"pt-PT","copyrightYear":"2026","copyrightHolder":{"@id":"https:\/\/www.altominho.tv\/site\/#organization"}},{"@type":"WebPage","@id":"https:\/\/www.altominho.tv\/site\/2026\/03\/09\/pesca-no-rio-lima-limitada-a-embarcacoes-de-pesca-local\/","url":"https:\/\/www.altominho.tv\/site\/2026\/03\/09\/pesca-no-rio-lima-limitada-a-embarcacoes-de-pesca-local\/","name":"Pesca no rio Lima limitada a embarca\u00e7\u00f5es de pesca local","isPartOf":{"@id":"https:\/\/www.altominho.tv\/site\/#website"},"primaryImageOfPage":{"@id":"https:\/\/www.altominho.tv\/site\/2026\/03\/09\/pesca-no-rio-lima-limitada-a-embarcacoes-de-pesca-local\/#primaryimage"},"image":{"@id":"https:\/\/www.altominho.tv\/site\/2026\/03\/09\/pesca-no-rio-lima-limitada-a-embarcacoes-de-pesca-local\/#primaryimage"},"thumbnailUrl":"https:\/\/www.altominho.tv\/site\/wp-content\/uploads\/2026\/03\/rio-lima-barco.jpg","datePublished":"2026-03-09T11:25:22+00:00","dateModified":"2026-03-09T11:25:25+00:00","author":{"@id":"https:\/\/www.altominho.tv\/site\/#\/schema\/person\/63f693da3e1899361cbe955c46f3232e"},"description":"\u00a0O exerc\u00edcio da pesca comercial nas \u00e1guas interiores n\u00e3o mar\u00edtimas do rio Lima, sob jurisdi\u00e7\u00e3o da Capitania de Viana do Castelo, fica limitado \u00e0 utiliza\u00e7\u00e3o de embarca\u00e7\u00f5es de pesca local de conv\u00e9s aberto a partir de ter\u00e7a-feira.","breadcrumb":{"@id":"https:\/\/www.altominho.tv\/site\/2026\/03\/09\/pesca-no-rio-lima-limitada-a-embarcacoes-de-pesca-local\/#breadcrumb"},"inLanguage":"pt-PT","potentialAction":[{"@type":"ReadAction","target":["https:\/\/www.altominho.tv\/site\/2026\/03\/09\/pesca-no-rio-lima-limitada-a-embarcacoes-de-pesca-local\/"]}]},{"@type":"ImageObject","inLanguage":"pt-PT","@id":"https:\/\/www.altominho.tv\/site\/2026\/03\/09\/pesca-no-rio-lima-limitada-a-embarcacoes-de-pesca-local\/#primaryimage","url":"https:\/\/www.altominho.tv\/site\/wp-content\/uploads\/2026\/03\/rio-lima-barco.jpg","contentUrl":"https:\/\/www.altominho.tv\/site\/wp-content\/uploads\/2026\/03\/rio-lima-barco.jpg","width":1200,"height":630},{"@type":"BreadcrumbList","@id":"https:\/\/www.altominho.tv\/site\/2026\/03\/09\/pesca-no-rio-lima-limitada-a-embarcacoes-de-pesca-local\/#breadcrumb","itemListElement":[{"@type":"ListItem","position":1,"name":"In\u00edcio","item":"https:\/\/www.altominho.tv\/site\/"},{"@type":"ListItem","position":2,"name":"Pesca no rio Lima limitada a embarca\u00e7\u00f5es de pesca local"}]},{"@type":"WebSite","@id":"https:\/\/www.altominho.tv\/site\/#website","url":"https:\/\/www.altominho.tv\/site\/","name":"Altominho.tv","description":"A sua regi\u00e3o \u00e0 dist\u00e2ncia de um clique...","potentialAction":[{"@type":"SearchAction","target":{"@type":"EntryPoint","urlTemplate":"https:\/\/www.altominho.tv\/site\/?s={search_term_string}"},"query-input":{"@type":"PropertyValueSpecification","valueRequired":true,"valueName":"search_term_string"}}],"inLanguage":"pt-PT"},{"@type":"Person","@id":"https:\/\/www.altominho.tv\/site\/#\/schema\/person\/63f693da3e1899361cbe955c46f3232e","name":"Lusa","image":{"@type":"ImageObject","inLanguage":"pt-PT","@id":"https:\/\/www.altominho.tv\/site\/wp-content\/uploads\/2019\/08\/LUSA_Logo.gif","url":"https:\/\/www.altominho.tv\/site\/wp-content\/uploads\/2019\/08\/LUSA_Logo.gif","contentUrl":"https:\/\/www.altominho.tv\/site\/wp-content\/uploads\/2019\/08\/LUSA_Logo.gif","caption":"Lusa"},"sameAs":["http:\/\/\/\/www.altominho.tv\/site"],"url":"https:\/\/www.altominho.tv\/site\/author\/lusa\/"}]}},"_links":{"self":[{"href":"https:\/\/www.altominho.tv\/site\/wp-json\/wp\/v2\/posts\/129596","targetHints":{"allow":["GET"]}}],"collection":[{"href":"https:\/\/www.altominho.tv\/site\/wp-json\/wp\/v2\/posts"}],"about":[{"href":"https:\/\/www.altominho.tv\/site\/wp-json\/wp\/v2\/types\/post"}],"author":[{"embeddable":true,"href":"https:\/\/www.altominho.tv\/site\/wp-json\/wp\/v2\/users\/13"}],"replies":[{"embeddable":true,"href":"https:\/\/www.altominho.tv\/site\/wp-json\/wp\/v2\/comments?post=129596"}],"version-history":[{"count":1,"href":"https:\/\/www.altominho.tv\/site\/wp-json\/wp\/v2\/posts\/129596\/revisions"}],"predecessor-version":[{"id":129598,"href":"https:\/\/www.altominho.tv\/site\/wp-json\/wp\/v2\/posts\/129596\/revisions\/129598"}],"wp:featuredmedia":[{"embeddable":true,"href":"https:\/\/www.altominho.tv\/site\/wp-json\/wp\/v2\/media\/129597"}],"wp:attachment":[{"href":"https:\/\/www.altominho.tv\/site\/wp-json\/wp\/v2\/media?parent=129596"}],"wp:term":[{"taxonomy":"category","embeddable":true,"href":"https:\/\/www.altominho.tv\/site\/wp-json\/wp\/v2\/categories?post=129596"},{"taxonomy":"post_tag","embeddable":true,"href":"https:\/\/www.altominho.tv\/site\/wp-json\/wp\/v2\/tags?post=129596"}],"curies":[{"name":"wp","href":"https:\/\/api.w.org\/{rel}","templated":true}]}}