{"id":129593,"date":"2026-03-09T11:04:05","date_gmt":"2026-03-09T11:04:05","guid":{"rendered":"https:\/\/www.altominho.tv\/site\/?p=129593"},"modified":"2026-03-09T11:04:08","modified_gmt":"2026-03-09T11:04:08","slug":"comandante-dos-bombeiros-voluntarios-de-arcos-de-valdevez-cessa-funcoes","status":"publish","type":"post","link":"https:\/\/www.altominho.tv\/site\/2026\/03\/09\/comandante-dos-bombeiros-voluntarios-de-arcos-de-valdevez-cessa-funcoes\/","title":{"rendered":"Comandante dos Bombeiros Volunt\u00e1rios de Arcos de Valdevez cessa fun\u00e7\u00f5es"},"content":{"rendered":"<p>A dire\u00e7\u00e3o da Associa\u00e7\u00e3o Humanit\u00e1ria dos Bombeiros Volunt\u00e1rios de Arcos de Valdevez (AHBAV) revelou hoje que o comandante Filipe Guimar\u00e3es cessou as fun\u00e7\u00f5es que desempenhava h\u00e1 13 anos por motivos de ordem profissional.<\/p>\n<p>Na nota enviada \u00e0s reda\u00e7\u00f5es, a dire\u00e7\u00e3o, presidida por Germano Amorim, adianta que o segundo comandante, S\u00e9rgio Guimar\u00e3es, sai da corpora\u00e7\u00e3o pelas mesmas raz\u00f5es, e manifesta a ambos \u201co seu profundo reconhecimento e agradecimento p\u00fablico pelo trabalho, dedica\u00e7\u00e3o e sentido de miss\u00e3o demonstrados ao longo de d\u00e9cadas ao servi\u00e7o do corpo de bombeiros e da popula\u00e7\u00e3o de Arcos de Valdevez\u201d, no distrito de Viana do Castelo.<\/p>\n<p>\u201cAo longo de quase 30 anos de servi\u00e7o dedicados \u00e0 AHBVAV, ambos demonstraram um compromisso inabal\u00e1vel, lealdade e dignidade, contribuindo de forma muito significativa para o crescimento e desenvolvimento da nossa institui\u00e7\u00e3o\u201d, sublinha a nota.<\/p>\n<p>A ag\u00eancia Lusa tentou ouvir o comandante Filipe Guimar\u00e3es e o presidente da C\u00e2mara de Arcos de Valdevez, Oleg\u00e1rio Gon\u00e7alves, mas ainda sem sucesso.<\/p>\n<p>A dire\u00e7\u00e3o da AHBAV acrescenta estar \u201cj\u00e1 empenhada no processo de identifica\u00e7\u00e3o de um novo comandante para o corpo de bombeiros\u201d, estando \u201ca ser preparado um inqu\u00e9rito interno dirigido aos elementos do corpo ativo, permitindo que os bombeiros possam partilhar a sua opini\u00e3o e identificar perfis que considerem adequados para integrar a futura estrutura de comando\u201d.<\/p>\n<p>Segundo a dire\u00e7\u00e3o, \u201ceste processo pretende refor\u00e7ar a participa\u00e7\u00e3o interna e garantir que a futura lideran\u00e7a represente a confian\u00e7a e o reconhecimento dos seus pares\u201d, sendo que o objetivo \u00e9 \u201cpromover uma vis\u00e3o moderna e inclusiva da lideran\u00e7a, sendo considerada com particular interesse a integra\u00e7\u00e3o de uma mulher na futura equipa de comando\u201d.<\/p>\n<p>\u201cEnquanto decorre este processo, a coordena\u00e7\u00e3o operacional ficar\u00e1 assegurada pelo bombeiro mais graduado, Ant\u00f3nio de Sousa Pinto, contando com o apoio das diferentes chefias e estruturas do corpo de bombeiros\u201d, destaca a dire\u00e7\u00e3o.<\/p>\n<p>Durante o per\u00edodo de transi\u00e7\u00e3o v\u00e3o tamb\u00e9m colaborar os chefes das Equipas de Interven\u00e7\u00e3o Permanente (EIP) Duarte Pereira, Jorge Silva e Daniel Pinto, a chefe OPTEL- Operador de telecomunica\u00e7\u00f5es e Transporte de Doentes N\u00e3o Urgente (TDNU), T\u00e2nia Barros, e o chefe do INEM, Ant\u00f3nio Alves.<\/p>\n<p>\u201cA dire\u00e7\u00e3o acompanhar\u00e1 de perto todo este processo e continuar\u00e1 a prestar o apoio necess\u00e1rio para garantir o normal funcionamento do corpo de bombeiros\u201d, l\u00ea-se no comunicado.<\/p>\n<p>Paralelamente, \u201cexiste um respons\u00e1vel dedicado \u00e0 \u00e1rea de recursos humanos, assegurando que toda a estrutura organizativa e operacional se mant\u00e9m devidamente alinhada e preparada para responder \u00e0s exig\u00eancias do servi\u00e7o\u201d.<\/p>\n<p>A dire\u00e7\u00e3o \u201creafirma o seu compromisso em continuar a trabalhar com responsabilidade, transpar\u00eancia e esp\u00edrito de miss\u00e3o, garantindo que a Associa\u00e7\u00e3o Humanit\u00e1ria dos Bombeiros Volunt\u00e1rios de Arcos de Valdevez continuar\u00e1 a servir, com dedica\u00e7\u00e3o e profissionalismo, toda a comunidade arcuense&#8221;.<\/p>\n","protected":false},"excerpt":{"rendered":"<p>A dire\u00e7\u00e3o da Associa\u00e7\u00e3o Humanit\u00e1ria dos Bombeiros Volunt\u00e1rios de Arcos de Valdevez (AHBAV) revelou hoje que o comandante Filipe Guimar\u00e3es cessou as fun\u00e7\u00f5es que desempenhava h\u00e1 13 anos por motivos de ordem profissional. Na nota enviada \u00e0s reda\u00e7\u00f5es, a dire\u00e7\u00e3o, presidida por Germano Amorim, adianta que o segundo comandante, S\u00e9rgio Guimar\u00e3es, sai da corpora\u00e7\u00e3o pelas [&hellip;]<\/p>\n","protected":false},"author":13,"featured_media":129594,"comment_status":"closed","ping_status":"closed","sticky":false,"template":"","format":"standard","meta":{"_exactmetrics_skip_tracking":false,"_exactmetrics_sitenote_active":false,"_exactmetrics_sitenote_note":"","_exactmetrics_sitenote_category":0,"footnotes":""},"categories":[2],"tags":[23],"class_list":["post-129593","post","type-post","status-publish","format-standard","has-post-thumbnail","hentry","category-arcos-de-valdevez","tag-gente"],"yoast_head":"<!-- This site is optimized with the Yoast SEO Premium plugin v27.5 (Yoast SEO v27.5) - https:\/\/yoast.com\/product\/yoast-seo-premium-wordpress\/ -->\n<title>Comandante dos Bombeiros Volunt\u00e1rios de Arcos de Valdevez cessa fun\u00e7\u00f5es<\/title>\n<meta name=\"description\" content=\"\u201cAo longo de quase 30 anos de servi\u00e7o dedicados \u00e0 AHBVAV, ambos demonstraram um compromisso inabal\u00e1vel, lealdade e dignidade, contribuindo de forma muito significativa para o crescimento e desenvolvimento da nossa institui\u00e7\u00e3o\u201d.\" \/>\n<meta name=\"robots\" content=\"index, follow, max-snippet:-1, max-image-preview:large, max-video-preview:-1\" \/>\n<link rel=\"canonical\" href=\"https:\/\/www.altominho.tv\/site\/2026\/03\/09\/comandante-dos-bombeiros-voluntarios-de-arcos-de-valdevez-cessa-funcoes\/\" \/>\n<meta property=\"og:locale\" content=\"pt_PT\" \/>\n<meta property=\"og:type\" content=\"article\" \/>\n<meta property=\"og:title\" content=\"Comandante dos Bombeiros Volunt\u00e1rios de Arcos de Valdevez cessa fun\u00e7\u00f5es\" \/>\n<meta property=\"og:description\" content=\"\u201cAo longo de quase 30 anos de servi\u00e7o dedicados \u00e0 AHBVAV, ambos demonstraram um compromisso inabal\u00e1vel, lealdade e dignidade, contribuindo de forma muito significativa para o crescimento e desenvolvimento da nossa institui\u00e7\u00e3o\u201d.\" \/>\n<meta property=\"og:url\" content=\"https:\/\/www.altominho.tv\/site\/2026\/03\/09\/comandante-dos-bombeiros-voluntarios-de-arcos-de-valdevez-cessa-funcoes\/\" \/>\n<meta property=\"og:site_name\" content=\"Altominho.tv\" \/>\n<meta property=\"article:publisher\" content=\"https:\/\/www.facebook.com\/altominhotv\" \/>\n<meta property=\"article:published_time\" content=\"2026-03-09T11:04:05+00:00\" \/>\n<meta property=\"article:modified_time\" content=\"2026-03-09T11:04:08+00:00\" \/>\n<meta property=\"og:image\" content=\"https:\/\/www.altominho.tv\/site\/wp-content\/uploads\/2026\/03\/Filipe-Guimaraes.jpg\" \/>\n\t<meta property=\"og:image:width\" content=\"1200\" \/>\n\t<meta property=\"og:image:height\" content=\"630\" \/>\n\t<meta property=\"og:image:type\" content=\"image\/jpeg\" \/>\n<meta name=\"author\" content=\"Lusa\" \/>\n<meta name=\"twitter:card\" content=\"summary_large_image\" \/>\n<meta name=\"twitter:creator\" content=\"@altominhoTV\" \/>\n<meta name=\"twitter:site\" content=\"@altominhoTV\" \/>\n<meta name=\"twitter:label1\" content=\"Escrito por\" \/>\n\t<meta name=\"twitter:data1\" content=\"Lusa\" \/>\n\t<meta name=\"twitter:label2\" content=\"Tempo estimado de leitura\" \/>\n\t<meta name=\"twitter:data2\" content=\"3 minutos\" \/>\n<script type=\"application\/ld+json\" class=\"yoast-schema-graph\">{\"@context\":\"https:\\\/\\\/schema.org\",\"@graph\":[{\"@type\":\"Article\",\"@id\":\"https:\\\/\\\/www.altominho.tv\\\/site\\\/2026\\\/03\\\/09\\\/comandante-dos-bombeiros-voluntarios-de-arcos-de-valdevez-cessa-funcoes\\\/#article\",\"isPartOf\":{\"@id\":\"https:\\\/\\\/www.altominho.tv\\\/site\\\/2026\\\/03\\\/09\\\/comandante-dos-bombeiros-voluntarios-de-arcos-de-valdevez-cessa-funcoes\\\/\"},\"author\":{\"name\":\"Lusa\",\"@id\":\"https:\\\/\\\/www.altominho.tv\\\/site\\\/#\\\/schema\\\/person\\\/63f693da3e1899361cbe955c46f3232e\"},\"headline\":\"Comandante dos Bombeiros Volunt\u00e1rios de Arcos de Valdevez cessa fun\u00e7\u00f5es\",\"datePublished\":\"2026-03-09T11:04:05+00:00\",\"dateModified\":\"2026-03-09T11:04:08+00:00\",\"mainEntityOfPage\":{\"@id\":\"https:\\\/\\\/www.altominho.tv\\\/site\\\/2026\\\/03\\\/09\\\/comandante-dos-bombeiros-voluntarios-de-arcos-de-valdevez-cessa-funcoes\\\/\"},\"wordCount\":514,\"image\":{\"@id\":\"https:\\\/\\\/www.altominho.tv\\\/site\\\/2026\\\/03\\\/09\\\/comandante-dos-bombeiros-voluntarios-de-arcos-de-valdevez-cessa-funcoes\\\/#primaryimage\"},\"thumbnailUrl\":\"https:\\\/\\\/www.altominho.tv\\\/site\\\/wp-content\\\/uploads\\\/2026\\\/03\\\/Filipe-Guimaraes.jpg\",\"keywords\":[\"Gente\"],\"articleSection\":[\"Arcos de Valdevez\"],\"inLanguage\":\"pt-PT\",\"copyrightYear\":\"2026\",\"copyrightHolder\":{\"@id\":\"https:\\\/\\\/www.altominho.tv\\\/site\\\/#organization\"}},{\"@type\":\"WebPage\",\"@id\":\"https:\\\/\\\/www.altominho.tv\\\/site\\\/2026\\\/03\\\/09\\\/comandante-dos-bombeiros-voluntarios-de-arcos-de-valdevez-cessa-funcoes\\\/\",\"url\":\"https:\\\/\\\/www.altominho.tv\\\/site\\\/2026\\\/03\\\/09\\\/comandante-dos-bombeiros-voluntarios-de-arcos-de-valdevez-cessa-funcoes\\\/\",\"name\":\"Comandante dos Bombeiros Volunt\u00e1rios de Arcos de Valdevez cessa fun\u00e7\u00f5es\",\"isPartOf\":{\"@id\":\"https:\\\/\\\/www.altominho.tv\\\/site\\\/#website\"},\"primaryImageOfPage\":{\"@id\":\"https:\\\/\\\/www.altominho.tv\\\/site\\\/2026\\\/03\\\/09\\\/comandante-dos-bombeiros-voluntarios-de-arcos-de-valdevez-cessa-funcoes\\\/#primaryimage\"},\"image\":{\"@id\":\"https:\\\/\\\/www.altominho.tv\\\/site\\\/2026\\\/03\\\/09\\\/comandante-dos-bombeiros-voluntarios-de-arcos-de-valdevez-cessa-funcoes\\\/#primaryimage\"},\"thumbnailUrl\":\"https:\\\/\\\/www.altominho.tv\\\/site\\\/wp-content\\\/uploads\\\/2026\\\/03\\\/Filipe-Guimaraes.jpg\",\"datePublished\":\"2026-03-09T11:04:05+00:00\",\"dateModified\":\"2026-03-09T11:04:08+00:00\",\"author\":{\"@id\":\"https:\\\/\\\/www.altominho.tv\\\/site\\\/#\\\/schema\\\/person\\\/63f693da3e1899361cbe955c46f3232e\"},\"description\":\"\u201cAo longo de quase 30 anos de servi\u00e7o dedicados \u00e0 AHBVAV, ambos demonstraram um compromisso inabal\u00e1vel, lealdade e dignidade, contribuindo de forma muito significativa para o crescimento e desenvolvimento da nossa institui\u00e7\u00e3o\u201d.\",\"breadcrumb\":{\"@id\":\"https:\\\/\\\/www.altominho.tv\\\/site\\\/2026\\\/03\\\/09\\\/comandante-dos-bombeiros-voluntarios-de-arcos-de-valdevez-cessa-funcoes\\\/#breadcrumb\"},\"inLanguage\":\"pt-PT\",\"potentialAction\":[{\"@type\":\"ReadAction\",\"target\":[\"https:\\\/\\\/www.altominho.tv\\\/site\\\/2026\\\/03\\\/09\\\/comandante-dos-bombeiros-voluntarios-de-arcos-de-valdevez-cessa-funcoes\\\/\"]}]},{\"@type\":\"ImageObject\",\"inLanguage\":\"pt-PT\",\"@id\":\"https:\\\/\\\/www.altominho.tv\\\/site\\\/2026\\\/03\\\/09\\\/comandante-dos-bombeiros-voluntarios-de-arcos-de-valdevez-cessa-funcoes\\\/#primaryimage\",\"url\":\"https:\\\/\\\/www.altominho.tv\\\/site\\\/wp-content\\\/uploads\\\/2026\\\/03\\\/Filipe-Guimaraes.jpg\",\"contentUrl\":\"https:\\\/\\\/www.altominho.tv\\\/site\\\/wp-content\\\/uploads\\\/2026\\\/03\\\/Filipe-Guimaraes.jpg\",\"width\":1200,\"height\":630},{\"@type\":\"BreadcrumbList\",\"@id\":\"https:\\\/\\\/www.altominho.tv\\\/site\\\/2026\\\/03\\\/09\\\/comandante-dos-bombeiros-voluntarios-de-arcos-de-valdevez-cessa-funcoes\\\/#breadcrumb\",\"itemListElement\":[{\"@type\":\"ListItem\",\"position\":1,\"name\":\"In\u00edcio\",\"item\":\"https:\\\/\\\/www.altominho.tv\\\/site\\\/\"},{\"@type\":\"ListItem\",\"position\":2,\"name\":\"Comandante dos Bombeiros Volunt\u00e1rios de Arcos de Valdevez cessa fun\u00e7\u00f5es\"}]},{\"@type\":\"WebSite\",\"@id\":\"https:\\\/\\\/www.altominho.tv\\\/site\\\/#website\",\"url\":\"https:\\\/\\\/www.altominho.tv\\\/site\\\/\",\"name\":\"Altominho.tv\",\"description\":\"A sua regi\u00e3o \u00e0 dist\u00e2ncia de um clique...\",\"potentialAction\":[{\"@type\":\"SearchAction\",\"target\":{\"@type\":\"EntryPoint\",\"urlTemplate\":\"https:\\\/\\\/www.altominho.tv\\\/site\\\/?s={search_term_string}\"},\"query-input\":{\"@type\":\"PropertyValueSpecification\",\"valueRequired\":true,\"valueName\":\"search_term_string\"}}],\"inLanguage\":\"pt-PT\"},{\"@type\":\"Person\",\"@id\":\"https:\\\/\\\/www.altominho.tv\\\/site\\\/#\\\/schema\\\/person\\\/63f693da3e1899361cbe955c46f3232e\",\"name\":\"Lusa\",\"image\":{\"@type\":\"ImageObject\",\"inLanguage\":\"pt-PT\",\"@id\":\"https:\\\/\\\/www.altominho.tv\\\/site\\\/wp-content\\\/uploads\\\/2019\\\/08\\\/LUSA_Logo.gif\",\"url\":\"https:\\\/\\\/www.altominho.tv\\\/site\\\/wp-content\\\/uploads\\\/2019\\\/08\\\/LUSA_Logo.gif\",\"contentUrl\":\"https:\\\/\\\/www.altominho.tv\\\/site\\\/wp-content\\\/uploads\\\/2019\\\/08\\\/LUSA_Logo.gif\",\"caption\":\"Lusa\"},\"sameAs\":[\"http:\\\/\\\/\\\/\\\/www.altominho.tv\\\/site\"],\"url\":\"https:\\\/\\\/www.altominho.tv\\\/site\\\/author\\\/lusa\\\/\"}]}<\/script>\n<!-- \/ Yoast SEO Premium plugin. -->","yoast_head_json":{"title":"Comandante dos Bombeiros Volunt\u00e1rios de Arcos de Valdevez cessa fun\u00e7\u00f5es","description":"\u201cAo longo de quase 30 anos de servi\u00e7o dedicados \u00e0 AHBVAV, ambos demonstraram um compromisso inabal\u00e1vel, lealdade e dignidade, contribuindo de forma muito significativa para o crescimento e desenvolvimento da nossa institui\u00e7\u00e3o\u201d.","robots":{"index":"index","follow":"follow","max-snippet":"max-snippet:-1","max-image-preview":"max-image-preview:large","max-video-preview":"max-video-preview:-1"},"canonical":"https:\/\/www.altominho.tv\/site\/2026\/03\/09\/comandante-dos-bombeiros-voluntarios-de-arcos-de-valdevez-cessa-funcoes\/","og_locale":"pt_PT","og_type":"article","og_title":"Comandante dos Bombeiros Volunt\u00e1rios de Arcos de Valdevez cessa fun\u00e7\u00f5es","og_description":"\u201cAo longo de quase 30 anos de servi\u00e7o dedicados \u00e0 AHBVAV, ambos demonstraram um compromisso inabal\u00e1vel, lealdade e dignidade, contribuindo de forma muito significativa para o crescimento e desenvolvimento da nossa institui\u00e7\u00e3o\u201d.","og_url":"https:\/\/www.altominho.tv\/site\/2026\/03\/09\/comandante-dos-bombeiros-voluntarios-de-arcos-de-valdevez-cessa-funcoes\/","og_site_name":"Altominho.tv","article_publisher":"https:\/\/www.facebook.com\/altominhotv","article_published_time":"2026-03-09T11:04:05+00:00","article_modified_time":"2026-03-09T11:04:08+00:00","og_image":[{"width":1200,"height":630,"url":"https:\/\/www.altominho.tv\/site\/wp-content\/uploads\/2026\/03\/Filipe-Guimaraes.jpg","type":"image\/jpeg"}],"author":"Lusa","twitter_card":"summary_large_image","twitter_creator":"@altominhoTV","twitter_site":"@altominhoTV","twitter_misc":{"Escrito por":"Lusa","Tempo estimado de leitura":"3 minutos"},"schema":{"@context":"https:\/\/schema.org","@graph":[{"@type":"Article","@id":"https:\/\/www.altominho.tv\/site\/2026\/03\/09\/comandante-dos-bombeiros-voluntarios-de-arcos-de-valdevez-cessa-funcoes\/#article","isPartOf":{"@id":"https:\/\/www.altominho.tv\/site\/2026\/03\/09\/comandante-dos-bombeiros-voluntarios-de-arcos-de-valdevez-cessa-funcoes\/"},"author":{"name":"Lusa","@id":"https:\/\/www.altominho.tv\/site\/#\/schema\/person\/63f693da3e1899361cbe955c46f3232e"},"headline":"Comandante dos Bombeiros Volunt\u00e1rios de Arcos de Valdevez cessa fun\u00e7\u00f5es","datePublished":"2026-03-09T11:04:05+00:00","dateModified":"2026-03-09T11:04:08+00:00","mainEntityOfPage":{"@id":"https:\/\/www.altominho.tv\/site\/2026\/03\/09\/comandante-dos-bombeiros-voluntarios-de-arcos-de-valdevez-cessa-funcoes\/"},"wordCount":514,"image":{"@id":"https:\/\/www.altominho.tv\/site\/2026\/03\/09\/comandante-dos-bombeiros-voluntarios-de-arcos-de-valdevez-cessa-funcoes\/#primaryimage"},"thumbnailUrl":"https:\/\/www.altominho.tv\/site\/wp-content\/uploads\/2026\/03\/Filipe-Guimaraes.jpg","keywords":["Gente"],"articleSection":["Arcos de Valdevez"],"inLanguage":"pt-PT","copyrightYear":"2026","copyrightHolder":{"@id":"https:\/\/www.altominho.tv\/site\/#organization"}},{"@type":"WebPage","@id":"https:\/\/www.altominho.tv\/site\/2026\/03\/09\/comandante-dos-bombeiros-voluntarios-de-arcos-de-valdevez-cessa-funcoes\/","url":"https:\/\/www.altominho.tv\/site\/2026\/03\/09\/comandante-dos-bombeiros-voluntarios-de-arcos-de-valdevez-cessa-funcoes\/","name":"Comandante dos Bombeiros Volunt\u00e1rios de Arcos de Valdevez cessa fun\u00e7\u00f5es","isPartOf":{"@id":"https:\/\/www.altominho.tv\/site\/#website"},"primaryImageOfPage":{"@id":"https:\/\/www.altominho.tv\/site\/2026\/03\/09\/comandante-dos-bombeiros-voluntarios-de-arcos-de-valdevez-cessa-funcoes\/#primaryimage"},"image":{"@id":"https:\/\/www.altominho.tv\/site\/2026\/03\/09\/comandante-dos-bombeiros-voluntarios-de-arcos-de-valdevez-cessa-funcoes\/#primaryimage"},"thumbnailUrl":"https:\/\/www.altominho.tv\/site\/wp-content\/uploads\/2026\/03\/Filipe-Guimaraes.jpg","datePublished":"2026-03-09T11:04:05+00:00","dateModified":"2026-03-09T11:04:08+00:00","author":{"@id":"https:\/\/www.altominho.tv\/site\/#\/schema\/person\/63f693da3e1899361cbe955c46f3232e"},"description":"\u201cAo longo de quase 30 anos de servi\u00e7o dedicados \u00e0 AHBVAV, ambos demonstraram um compromisso inabal\u00e1vel, lealdade e dignidade, contribuindo de forma muito significativa para o crescimento e desenvolvimento da nossa institui\u00e7\u00e3o\u201d.","breadcrumb":{"@id":"https:\/\/www.altominho.tv\/site\/2026\/03\/09\/comandante-dos-bombeiros-voluntarios-de-arcos-de-valdevez-cessa-funcoes\/#breadcrumb"},"inLanguage":"pt-PT","potentialAction":[{"@type":"ReadAction","target":["https:\/\/www.altominho.tv\/site\/2026\/03\/09\/comandante-dos-bombeiros-voluntarios-de-arcos-de-valdevez-cessa-funcoes\/"]}]},{"@type":"ImageObject","inLanguage":"pt-PT","@id":"https:\/\/www.altominho.tv\/site\/2026\/03\/09\/comandante-dos-bombeiros-voluntarios-de-arcos-de-valdevez-cessa-funcoes\/#primaryimage","url":"https:\/\/www.altominho.tv\/site\/wp-content\/uploads\/2026\/03\/Filipe-Guimaraes.jpg","contentUrl":"https:\/\/www.altominho.tv\/site\/wp-content\/uploads\/2026\/03\/Filipe-Guimaraes.jpg","width":1200,"height":630},{"@type":"BreadcrumbList","@id":"https:\/\/www.altominho.tv\/site\/2026\/03\/09\/comandante-dos-bombeiros-voluntarios-de-arcos-de-valdevez-cessa-funcoes\/#breadcrumb","itemListElement":[{"@type":"ListItem","position":1,"name":"In\u00edcio","item":"https:\/\/www.altominho.tv\/site\/"},{"@type":"ListItem","position":2,"name":"Comandante dos Bombeiros Volunt\u00e1rios de Arcos de Valdevez cessa fun\u00e7\u00f5es"}]},{"@type":"WebSite","@id":"https:\/\/www.altominho.tv\/site\/#website","url":"https:\/\/www.altominho.tv\/site\/","name":"Altominho.tv","description":"A sua regi\u00e3o \u00e0 dist\u00e2ncia de um clique...","potentialAction":[{"@type":"SearchAction","target":{"@type":"EntryPoint","urlTemplate":"https:\/\/www.altominho.tv\/site\/?s={search_term_string}"},"query-input":{"@type":"PropertyValueSpecification","valueRequired":true,"valueName":"search_term_string"}}],"inLanguage":"pt-PT"},{"@type":"Person","@id":"https:\/\/www.altominho.tv\/site\/#\/schema\/person\/63f693da3e1899361cbe955c46f3232e","name":"Lusa","image":{"@type":"ImageObject","inLanguage":"pt-PT","@id":"https:\/\/www.altominho.tv\/site\/wp-content\/uploads\/2019\/08\/LUSA_Logo.gif","url":"https:\/\/www.altominho.tv\/site\/wp-content\/uploads\/2019\/08\/LUSA_Logo.gif","contentUrl":"https:\/\/www.altominho.tv\/site\/wp-content\/uploads\/2019\/08\/LUSA_Logo.gif","caption":"Lusa"},"sameAs":["http:\/\/\/\/www.altominho.tv\/site"],"url":"https:\/\/www.altominho.tv\/site\/author\/lusa\/"}]}},"_links":{"self":[{"href":"https:\/\/www.altominho.tv\/site\/wp-json\/wp\/v2\/posts\/129593","targetHints":{"allow":["GET"]}}],"collection":[{"href":"https:\/\/www.altominho.tv\/site\/wp-json\/wp\/v2\/posts"}],"about":[{"href":"https:\/\/www.altominho.tv\/site\/wp-json\/wp\/v2\/types\/post"}],"author":[{"embeddable":true,"href":"https:\/\/www.altominho.tv\/site\/wp-json\/wp\/v2\/users\/13"}],"replies":[{"embeddable":true,"href":"https:\/\/www.altominho.tv\/site\/wp-json\/wp\/v2\/comments?post=129593"}],"version-history":[{"count":1,"href":"https:\/\/www.altominho.tv\/site\/wp-json\/wp\/v2\/posts\/129593\/revisions"}],"predecessor-version":[{"id":129595,"href":"https:\/\/www.altominho.tv\/site\/wp-json\/wp\/v2\/posts\/129593\/revisions\/129595"}],"wp:featuredmedia":[{"embeddable":true,"href":"https:\/\/www.altominho.tv\/site\/wp-json\/wp\/v2\/media\/129594"}],"wp:attachment":[{"href":"https:\/\/www.altominho.tv\/site\/wp-json\/wp\/v2\/media?parent=129593"}],"wp:term":[{"taxonomy":"category","embeddable":true,"href":"https:\/\/www.altominho.tv\/site\/wp-json\/wp\/v2\/categories?post=129593"},{"taxonomy":"post_tag","embeddable":true,"href":"https:\/\/www.altominho.tv\/site\/wp-json\/wp\/v2\/tags?post=129593"}],"curies":[{"name":"wp","href":"https:\/\/api.w.org\/{rel}","templated":true}]}}