{"id":129549,"date":"2026-03-07T15:02:45","date_gmt":"2026-03-07T15:02:45","guid":{"rendered":"https:\/\/www.altominho.tv\/site\/?p=129549"},"modified":"2026-03-07T15:02:48","modified_gmt":"2026-03-07T15:02:48","slug":"reposicao-do-paredao-de-moledo-devera-custar-ate-4-milhoes","status":"publish","type":"post","link":"https:\/\/www.altominho.tv\/site\/2026\/03\/07\/reposicao-do-paredao-de-moledo-devera-custar-ate-4-milhoes\/","title":{"rendered":"Reposi\u00e7\u00e3o do pared\u00e3o de Moledo dever\u00e1 custar at\u00e9 4 milh\u00f5es"},"content":{"rendered":"<p>O presidente da Ag\u00eancia Portuguesa do Ambiente (APA), Pimenta Machado, estimou hoje que a reposi\u00e7\u00e3o do pared\u00e3o de Moledo, em Caminha, que \u201ccolapsou\u201d na \u00faltima segunda-feira, custar\u00e1 \u201centre tr\u00eas e quatro milh\u00f5es de euros&#8221;.<\/p>\n<p>O respons\u00e1vel, que falava aos jornalistas depois de avaliar o estado do pared\u00e3o de Moledo, no concelho de Caminha, adiantou que dentro de 15 dias vai arrancar uma opera\u00e7\u00e3o para estabilizar o muro antes do in\u00edcio da \u00e9poca balnear.<\/p>\n<p>\u201cTemos para esta zona uma interven\u00e7\u00e3o a dois tempos. Uma emergente e imediata para minimizar o impacto na \u00e9poca balnear, reduzindo o risco para pessoas e bens. A outra mais robusta e estrutural. \u00c9 preciso fazer sondagens para refazer o muro, tornando-o mais resiliente \u00e0 a\u00e7\u00e3o do mar. \u00c9 preciso lan\u00e7ar um concurso p\u00fablico, contratar um projetista, fazer o projeto e depois abrir concurso para a empreitada\u201d, explicou Pimenta Machado.<\/p>\n<p>O presidente da APA sublinhou que o trabalho a realizar na praia de Moledo ser\u00e1 feito \u201cem equipa, com a C\u00e2mara de Caminha e a Junta de Freguesia\u201d.<\/p>\n<p>Pimenta Machado adiantou que com o fim das tempestades \u201co mar vai trazer a areia que levou\u201d, mas que n\u00e3o se sabe \u201cse vai trazer tanta como a que levou\u201d.<\/p>\n<p>Revelou ainda que, em breve, a APA vai assinar um protocolo com a C\u00e2mara de Caminha, \u201cpara financiar o projeto do pared\u00e3o de Moledo e na duna dos Caldeir\u00f5es, em Vila Praia de \u00c2ncora\u201d.<\/p>\n<p>O respons\u00e1vel revelou ainda que o balan\u00e7o das ocorr\u00eancias causadas pelo \u201ccomboio de tempestades\u201d que atingiu o litoral do pa\u00eds, vai ser apresentado, na quarta-feira, na sede da APA Norte, no Porto com a presen\u00e7a da ministra do Ambiente.<\/p>\n<p>\u201cNessa sess\u00e3o ser\u00e3o apresentadas as interven\u00e7\u00f5es a realizar, umas urgentes e imediatas e outras mais a curto e m\u00e9dio prazo para tornar a linha de costa do pa\u00eds mais resiliente\u201d, apontou.<\/p>\n<p>A presidente da C\u00e2mara de Caminha, Liliana Silva, lamentou o \u201cgrande preju\u00edzo\u201d causado pela derrocada do pared\u00e3o, quer \u201cpara Moledo como para o concelho de Caminha, numa altura em que se aproxima a \u00e9poca balnear\u201d.<\/p>\n<p>\u201cNesta zona de Moledo vive-se muito a \u00e9poca balnear, com a vinda de turistas e com um problema destes deve criar bastante aten\u00e7\u00e3o\u201d, afirmou a autarca social-democrata, destacando que o mar \u201ccomeu, em altura, mais de um metro e meio de areia\u201d.<\/p>\n<p>Liliana Silva real\u00e7ou a \u201cimport\u00e2ncia da interven\u00e7\u00e3o na duna dos Caldeir\u00f5es e, no assoreamento, muito grande, junto a uma rampa de socorro a n\u00e1ufragos\u201d.<\/p>\n<p>Dezoito pessoas morreram em Portugal na sequ\u00eancia da passagem das depress\u00f5es Kristin, Leonardo e Marta, que provocaram tamb\u00e9m muitas centenas de feridos e desalojados.<\/p>\n<p>A destrui\u00e7\u00e3o total ou parcial de casas, empresas e equipamentos, a queda de \u00e1rvores e de estruturas, o fecho de estradas, escolas e servi\u00e7os de transporte, e o corte de energia, \u00e1gua e comunica\u00e7\u00f5es, inunda\u00e7\u00f5es e cheias s\u00e3o as principais consequ\u00eancias materiais do temporal.<\/p>\n<p>As regi\u00f5es Centro, Lisboa e Vale do Tejo e Alentejo foram as mais afetadas.<br \/>\nA situa\u00e7\u00e3o de calamidade que abrangia os 68 concelhos mais afetados terminou no dia 15 de fevereiro.<\/p>\n","protected":false},"excerpt":{"rendered":"<p>O presidente da Ag\u00eancia Portuguesa do Ambiente (APA), Pimenta Machado, estimou hoje que a reposi\u00e7\u00e3o do pared\u00e3o de Moledo, em Caminha, que \u201ccolapsou\u201d na \u00faltima segunda-feira, custar\u00e1 \u201centre tr\u00eas e quatro milh\u00f5es de euros&#8221;. O respons\u00e1vel, que falava aos jornalistas depois de avaliar o estado do pared\u00e3o de Moledo, no concelho de Caminha, adiantou que [&hellip;]<\/p>\n","protected":false},"author":13,"featured_media":129550,"comment_status":"closed","ping_status":"closed","sticky":false,"template":"","format":"standard","meta":{"_exactmetrics_skip_tracking":false,"_exactmetrics_sitenote_active":false,"_exactmetrics_sitenote_note":"","_exactmetrics_sitenote_category":0,"footnotes":""},"categories":[7],"tags":[27],"class_list":["post-129549","post","type-post","status-publish","format-standard","has-post-thumbnail","hentry","category-caminha","tag-sociedade"],"yoast_head":"<!-- This site is optimized with the Yoast SEO Premium plugin v27.4 (Yoast SEO v27.4) - https:\/\/yoast.com\/product\/yoast-seo-premium-wordpress\/ -->\n<title>Reposi\u00e7\u00e3o do pared\u00e3o de Moledo dever\u00e1 custar at\u00e9 4 milh\u00f5es<\/title>\n<meta name=\"description\" content=\"O presidente da Ag\u00eancia Portuguesa do Ambiente (APA), Pimenta Machado, estimou hoje que a reposi\u00e7\u00e3o do pared\u00e3o de Moledo, em Caminha, que \u201ccolapsou\u201d na \u00faltima segunda-feira, custar\u00e1 \u201centre tr\u00eas e quatro milh\u00f5es de euros&quot;.\" \/>\n<meta name=\"robots\" content=\"index, follow, max-snippet:-1, max-image-preview:large, max-video-preview:-1\" \/>\n<link rel=\"canonical\" href=\"https:\/\/www.altominho.tv\/site\/2026\/03\/07\/reposicao-do-paredao-de-moledo-devera-custar-ate-4-milhoes\/\" \/>\n<meta property=\"og:locale\" content=\"pt_PT\" \/>\n<meta property=\"og:type\" content=\"article\" \/>\n<meta property=\"og:title\" content=\"Reposi\u00e7\u00e3o do pared\u00e3o de Moledo dever\u00e1 custar at\u00e9 4 milh\u00f5es\" \/>\n<meta property=\"og:description\" content=\"O presidente da Ag\u00eancia Portuguesa do Ambiente (APA), Pimenta Machado, estimou hoje que a reposi\u00e7\u00e3o do pared\u00e3o de Moledo, em Caminha, que \u201ccolapsou\u201d na \u00faltima segunda-feira, custar\u00e1 \u201centre tr\u00eas e quatro milh\u00f5es de euros&quot;.\" \/>\n<meta property=\"og:url\" content=\"https:\/\/www.altominho.tv\/site\/2026\/03\/07\/reposicao-do-paredao-de-moledo-devera-custar-ate-4-milhoes\/\" \/>\n<meta property=\"og:site_name\" content=\"Altominho.tv\" \/>\n<meta property=\"article:publisher\" content=\"https:\/\/www.facebook.com\/altominhotv\" \/>\n<meta property=\"article:published_time\" content=\"2026-03-07T15:02:45+00:00\" \/>\n<meta property=\"article:modified_time\" content=\"2026-03-07T15:02:48+00:00\" \/>\n<meta property=\"og:image\" content=\"https:\/\/www.altominho.tv\/site\/wp-content\/uploads\/2026\/03\/paredao-caminha.png\" \/>\n\t<meta property=\"og:image:width\" content=\"1200\" \/>\n\t<meta property=\"og:image:height\" content=\"630\" \/>\n\t<meta property=\"og:image:type\" content=\"image\/png\" \/>\n<meta name=\"author\" content=\"Lusa\" \/>\n<meta name=\"twitter:card\" content=\"summary_large_image\" \/>\n<meta name=\"twitter:creator\" content=\"@altominhoTV\" \/>\n<meta name=\"twitter:site\" content=\"@altominhoTV\" \/>\n<meta name=\"twitter:label1\" content=\"Escrito por\" \/>\n\t<meta name=\"twitter:data1\" content=\"Lusa\" \/>\n\t<meta name=\"twitter:label2\" content=\"Tempo estimado de leitura\" \/>\n\t<meta name=\"twitter:data2\" content=\"3 minutos\" \/>\n<script type=\"application\/ld+json\" class=\"yoast-schema-graph\">{\"@context\":\"https:\\\/\\\/schema.org\",\"@graph\":[{\"@type\":\"Article\",\"@id\":\"https:\\\/\\\/www.altominho.tv\\\/site\\\/2026\\\/03\\\/07\\\/reposicao-do-paredao-de-moledo-devera-custar-ate-4-milhoes\\\/#article\",\"isPartOf\":{\"@id\":\"https:\\\/\\\/www.altominho.tv\\\/site\\\/2026\\\/03\\\/07\\\/reposicao-do-paredao-de-moledo-devera-custar-ate-4-milhoes\\\/\"},\"author\":{\"name\":\"Lusa\",\"@id\":\"https:\\\/\\\/www.altominho.tv\\\/site\\\/#\\\/schema\\\/person\\\/63f693da3e1899361cbe955c46f3232e\"},\"headline\":\"Reposi\u00e7\u00e3o do pared\u00e3o de Moledo dever\u00e1 custar at\u00e9 4 milh\u00f5es\",\"datePublished\":\"2026-03-07T15:02:45+00:00\",\"dateModified\":\"2026-03-07T15:02:48+00:00\",\"mainEntityOfPage\":{\"@id\":\"https:\\\/\\\/www.altominho.tv\\\/site\\\/2026\\\/03\\\/07\\\/reposicao-do-paredao-de-moledo-devera-custar-ate-4-milhoes\\\/\"},\"wordCount\":559,\"image\":{\"@id\":\"https:\\\/\\\/www.altominho.tv\\\/site\\\/2026\\\/03\\\/07\\\/reposicao-do-paredao-de-moledo-devera-custar-ate-4-milhoes\\\/#primaryimage\"},\"thumbnailUrl\":\"https:\\\/\\\/www.altominho.tv\\\/site\\\/wp-content\\\/uploads\\\/2026\\\/03\\\/paredao-caminha.png\",\"keywords\":[\"Sociedade\"],\"articleSection\":[\"Caminha\"],\"inLanguage\":\"pt-PT\",\"copyrightYear\":\"2026\",\"copyrightHolder\":{\"@id\":\"https:\\\/\\\/www.altominho.tv\\\/site\\\/#organization\"}},{\"@type\":\"WebPage\",\"@id\":\"https:\\\/\\\/www.altominho.tv\\\/site\\\/2026\\\/03\\\/07\\\/reposicao-do-paredao-de-moledo-devera-custar-ate-4-milhoes\\\/\",\"url\":\"https:\\\/\\\/www.altominho.tv\\\/site\\\/2026\\\/03\\\/07\\\/reposicao-do-paredao-de-moledo-devera-custar-ate-4-milhoes\\\/\",\"name\":\"Reposi\u00e7\u00e3o do pared\u00e3o de Moledo dever\u00e1 custar at\u00e9 4 milh\u00f5es\",\"isPartOf\":{\"@id\":\"https:\\\/\\\/www.altominho.tv\\\/site\\\/#website\"},\"primaryImageOfPage\":{\"@id\":\"https:\\\/\\\/www.altominho.tv\\\/site\\\/2026\\\/03\\\/07\\\/reposicao-do-paredao-de-moledo-devera-custar-ate-4-milhoes\\\/#primaryimage\"},\"image\":{\"@id\":\"https:\\\/\\\/www.altominho.tv\\\/site\\\/2026\\\/03\\\/07\\\/reposicao-do-paredao-de-moledo-devera-custar-ate-4-milhoes\\\/#primaryimage\"},\"thumbnailUrl\":\"https:\\\/\\\/www.altominho.tv\\\/site\\\/wp-content\\\/uploads\\\/2026\\\/03\\\/paredao-caminha.png\",\"datePublished\":\"2026-03-07T15:02:45+00:00\",\"dateModified\":\"2026-03-07T15:02:48+00:00\",\"author\":{\"@id\":\"https:\\\/\\\/www.altominho.tv\\\/site\\\/#\\\/schema\\\/person\\\/63f693da3e1899361cbe955c46f3232e\"},\"description\":\"O presidente da Ag\u00eancia Portuguesa do Ambiente (APA), Pimenta Machado, estimou hoje que a reposi\u00e7\u00e3o do pared\u00e3o de Moledo, em Caminha, que \u201ccolapsou\u201d na \u00faltima segunda-feira, custar\u00e1 \u201centre tr\u00eas e quatro milh\u00f5es de euros\\\".\",\"breadcrumb\":{\"@id\":\"https:\\\/\\\/www.altominho.tv\\\/site\\\/2026\\\/03\\\/07\\\/reposicao-do-paredao-de-moledo-devera-custar-ate-4-milhoes\\\/#breadcrumb\"},\"inLanguage\":\"pt-PT\",\"potentialAction\":[{\"@type\":\"ReadAction\",\"target\":[\"https:\\\/\\\/www.altominho.tv\\\/site\\\/2026\\\/03\\\/07\\\/reposicao-do-paredao-de-moledo-devera-custar-ate-4-milhoes\\\/\"]}]},{\"@type\":\"ImageObject\",\"inLanguage\":\"pt-PT\",\"@id\":\"https:\\\/\\\/www.altominho.tv\\\/site\\\/2026\\\/03\\\/07\\\/reposicao-do-paredao-de-moledo-devera-custar-ate-4-milhoes\\\/#primaryimage\",\"url\":\"https:\\\/\\\/www.altominho.tv\\\/site\\\/wp-content\\\/uploads\\\/2026\\\/03\\\/paredao-caminha.png\",\"contentUrl\":\"https:\\\/\\\/www.altominho.tv\\\/site\\\/wp-content\\\/uploads\\\/2026\\\/03\\\/paredao-caminha.png\",\"width\":1200,\"height\":630},{\"@type\":\"BreadcrumbList\",\"@id\":\"https:\\\/\\\/www.altominho.tv\\\/site\\\/2026\\\/03\\\/07\\\/reposicao-do-paredao-de-moledo-devera-custar-ate-4-milhoes\\\/#breadcrumb\",\"itemListElement\":[{\"@type\":\"ListItem\",\"position\":1,\"name\":\"In\u00edcio\",\"item\":\"https:\\\/\\\/www.altominho.tv\\\/site\\\/\"},{\"@type\":\"ListItem\",\"position\":2,\"name\":\"Reposi\u00e7\u00e3o do pared\u00e3o de Moledo dever\u00e1 custar at\u00e9 4 milh\u00f5es\"}]},{\"@type\":\"WebSite\",\"@id\":\"https:\\\/\\\/www.altominho.tv\\\/site\\\/#website\",\"url\":\"https:\\\/\\\/www.altominho.tv\\\/site\\\/\",\"name\":\"Altominho.tv\",\"description\":\"A sua regi\u00e3o \u00e0 dist\u00e2ncia de um clique...\",\"potentialAction\":[{\"@type\":\"SearchAction\",\"target\":{\"@type\":\"EntryPoint\",\"urlTemplate\":\"https:\\\/\\\/www.altominho.tv\\\/site\\\/?s={search_term_string}\"},\"query-input\":{\"@type\":\"PropertyValueSpecification\",\"valueRequired\":true,\"valueName\":\"search_term_string\"}}],\"inLanguage\":\"pt-PT\"},{\"@type\":\"Person\",\"@id\":\"https:\\\/\\\/www.altominho.tv\\\/site\\\/#\\\/schema\\\/person\\\/63f693da3e1899361cbe955c46f3232e\",\"name\":\"Lusa\",\"image\":{\"@type\":\"ImageObject\",\"inLanguage\":\"pt-PT\",\"@id\":\"https:\\\/\\\/www.altominho.tv\\\/site\\\/wp-content\\\/uploads\\\/2019\\\/08\\\/LUSA_Logo.gif\",\"url\":\"https:\\\/\\\/www.altominho.tv\\\/site\\\/wp-content\\\/uploads\\\/2019\\\/08\\\/LUSA_Logo.gif\",\"contentUrl\":\"https:\\\/\\\/www.altominho.tv\\\/site\\\/wp-content\\\/uploads\\\/2019\\\/08\\\/LUSA_Logo.gif\",\"caption\":\"Lusa\"},\"sameAs\":[\"http:\\\/\\\/\\\/\\\/www.altominho.tv\\\/site\"],\"url\":\"https:\\\/\\\/www.altominho.tv\\\/site\\\/author\\\/lusa\\\/\"}]}<\/script>\n<!-- \/ Yoast SEO Premium plugin. -->","yoast_head_json":{"title":"Reposi\u00e7\u00e3o do pared\u00e3o de Moledo dever\u00e1 custar at\u00e9 4 milh\u00f5es","description":"O presidente da Ag\u00eancia Portuguesa do Ambiente (APA), Pimenta Machado, estimou hoje que a reposi\u00e7\u00e3o do pared\u00e3o de Moledo, em Caminha, que \u201ccolapsou\u201d na \u00faltima segunda-feira, custar\u00e1 \u201centre tr\u00eas e quatro milh\u00f5es de euros\".","robots":{"index":"index","follow":"follow","max-snippet":"max-snippet:-1","max-image-preview":"max-image-preview:large","max-video-preview":"max-video-preview:-1"},"canonical":"https:\/\/www.altominho.tv\/site\/2026\/03\/07\/reposicao-do-paredao-de-moledo-devera-custar-ate-4-milhoes\/","og_locale":"pt_PT","og_type":"article","og_title":"Reposi\u00e7\u00e3o do pared\u00e3o de Moledo dever\u00e1 custar at\u00e9 4 milh\u00f5es","og_description":"O presidente da Ag\u00eancia Portuguesa do Ambiente (APA), Pimenta Machado, estimou hoje que a reposi\u00e7\u00e3o do pared\u00e3o de Moledo, em Caminha, que \u201ccolapsou\u201d na \u00faltima segunda-feira, custar\u00e1 \u201centre tr\u00eas e quatro milh\u00f5es de euros\".","og_url":"https:\/\/www.altominho.tv\/site\/2026\/03\/07\/reposicao-do-paredao-de-moledo-devera-custar-ate-4-milhoes\/","og_site_name":"Altominho.tv","article_publisher":"https:\/\/www.facebook.com\/altominhotv","article_published_time":"2026-03-07T15:02:45+00:00","article_modified_time":"2026-03-07T15:02:48+00:00","og_image":[{"width":1200,"height":630,"url":"https:\/\/www.altominho.tv\/site\/wp-content\/uploads\/2026\/03\/paredao-caminha.png","type":"image\/png"}],"author":"Lusa","twitter_card":"summary_large_image","twitter_creator":"@altominhoTV","twitter_site":"@altominhoTV","twitter_misc":{"Escrito por":"Lusa","Tempo estimado de leitura":"3 minutos"},"schema":{"@context":"https:\/\/schema.org","@graph":[{"@type":"Article","@id":"https:\/\/www.altominho.tv\/site\/2026\/03\/07\/reposicao-do-paredao-de-moledo-devera-custar-ate-4-milhoes\/#article","isPartOf":{"@id":"https:\/\/www.altominho.tv\/site\/2026\/03\/07\/reposicao-do-paredao-de-moledo-devera-custar-ate-4-milhoes\/"},"author":{"name":"Lusa","@id":"https:\/\/www.altominho.tv\/site\/#\/schema\/person\/63f693da3e1899361cbe955c46f3232e"},"headline":"Reposi\u00e7\u00e3o do pared\u00e3o de Moledo dever\u00e1 custar at\u00e9 4 milh\u00f5es","datePublished":"2026-03-07T15:02:45+00:00","dateModified":"2026-03-07T15:02:48+00:00","mainEntityOfPage":{"@id":"https:\/\/www.altominho.tv\/site\/2026\/03\/07\/reposicao-do-paredao-de-moledo-devera-custar-ate-4-milhoes\/"},"wordCount":559,"image":{"@id":"https:\/\/www.altominho.tv\/site\/2026\/03\/07\/reposicao-do-paredao-de-moledo-devera-custar-ate-4-milhoes\/#primaryimage"},"thumbnailUrl":"https:\/\/www.altominho.tv\/site\/wp-content\/uploads\/2026\/03\/paredao-caminha.png","keywords":["Sociedade"],"articleSection":["Caminha"],"inLanguage":"pt-PT","copyrightYear":"2026","copyrightHolder":{"@id":"https:\/\/www.altominho.tv\/site\/#organization"}},{"@type":"WebPage","@id":"https:\/\/www.altominho.tv\/site\/2026\/03\/07\/reposicao-do-paredao-de-moledo-devera-custar-ate-4-milhoes\/","url":"https:\/\/www.altominho.tv\/site\/2026\/03\/07\/reposicao-do-paredao-de-moledo-devera-custar-ate-4-milhoes\/","name":"Reposi\u00e7\u00e3o do pared\u00e3o de Moledo dever\u00e1 custar at\u00e9 4 milh\u00f5es","isPartOf":{"@id":"https:\/\/www.altominho.tv\/site\/#website"},"primaryImageOfPage":{"@id":"https:\/\/www.altominho.tv\/site\/2026\/03\/07\/reposicao-do-paredao-de-moledo-devera-custar-ate-4-milhoes\/#primaryimage"},"image":{"@id":"https:\/\/www.altominho.tv\/site\/2026\/03\/07\/reposicao-do-paredao-de-moledo-devera-custar-ate-4-milhoes\/#primaryimage"},"thumbnailUrl":"https:\/\/www.altominho.tv\/site\/wp-content\/uploads\/2026\/03\/paredao-caminha.png","datePublished":"2026-03-07T15:02:45+00:00","dateModified":"2026-03-07T15:02:48+00:00","author":{"@id":"https:\/\/www.altominho.tv\/site\/#\/schema\/person\/63f693da3e1899361cbe955c46f3232e"},"description":"O presidente da Ag\u00eancia Portuguesa do Ambiente (APA), Pimenta Machado, estimou hoje que a reposi\u00e7\u00e3o do pared\u00e3o de Moledo, em Caminha, que \u201ccolapsou\u201d na \u00faltima segunda-feira, custar\u00e1 \u201centre tr\u00eas e quatro milh\u00f5es de euros\".","breadcrumb":{"@id":"https:\/\/www.altominho.tv\/site\/2026\/03\/07\/reposicao-do-paredao-de-moledo-devera-custar-ate-4-milhoes\/#breadcrumb"},"inLanguage":"pt-PT","potentialAction":[{"@type":"ReadAction","target":["https:\/\/www.altominho.tv\/site\/2026\/03\/07\/reposicao-do-paredao-de-moledo-devera-custar-ate-4-milhoes\/"]}]},{"@type":"ImageObject","inLanguage":"pt-PT","@id":"https:\/\/www.altominho.tv\/site\/2026\/03\/07\/reposicao-do-paredao-de-moledo-devera-custar-ate-4-milhoes\/#primaryimage","url":"https:\/\/www.altominho.tv\/site\/wp-content\/uploads\/2026\/03\/paredao-caminha.png","contentUrl":"https:\/\/www.altominho.tv\/site\/wp-content\/uploads\/2026\/03\/paredao-caminha.png","width":1200,"height":630},{"@type":"BreadcrumbList","@id":"https:\/\/www.altominho.tv\/site\/2026\/03\/07\/reposicao-do-paredao-de-moledo-devera-custar-ate-4-milhoes\/#breadcrumb","itemListElement":[{"@type":"ListItem","position":1,"name":"In\u00edcio","item":"https:\/\/www.altominho.tv\/site\/"},{"@type":"ListItem","position":2,"name":"Reposi\u00e7\u00e3o do pared\u00e3o de Moledo dever\u00e1 custar at\u00e9 4 milh\u00f5es"}]},{"@type":"WebSite","@id":"https:\/\/www.altominho.tv\/site\/#website","url":"https:\/\/www.altominho.tv\/site\/","name":"Altominho.tv","description":"A sua regi\u00e3o \u00e0 dist\u00e2ncia de um clique...","potentialAction":[{"@type":"SearchAction","target":{"@type":"EntryPoint","urlTemplate":"https:\/\/www.altominho.tv\/site\/?s={search_term_string}"},"query-input":{"@type":"PropertyValueSpecification","valueRequired":true,"valueName":"search_term_string"}}],"inLanguage":"pt-PT"},{"@type":"Person","@id":"https:\/\/www.altominho.tv\/site\/#\/schema\/person\/63f693da3e1899361cbe955c46f3232e","name":"Lusa","image":{"@type":"ImageObject","inLanguage":"pt-PT","@id":"https:\/\/www.altominho.tv\/site\/wp-content\/uploads\/2019\/08\/LUSA_Logo.gif","url":"https:\/\/www.altominho.tv\/site\/wp-content\/uploads\/2019\/08\/LUSA_Logo.gif","contentUrl":"https:\/\/www.altominho.tv\/site\/wp-content\/uploads\/2019\/08\/LUSA_Logo.gif","caption":"Lusa"},"sameAs":["http:\/\/\/\/www.altominho.tv\/site"],"url":"https:\/\/www.altominho.tv\/site\/author\/lusa\/"}]}},"_links":{"self":[{"href":"https:\/\/www.altominho.tv\/site\/wp-json\/wp\/v2\/posts\/129549","targetHints":{"allow":["GET"]}}],"collection":[{"href":"https:\/\/www.altominho.tv\/site\/wp-json\/wp\/v2\/posts"}],"about":[{"href":"https:\/\/www.altominho.tv\/site\/wp-json\/wp\/v2\/types\/post"}],"author":[{"embeddable":true,"href":"https:\/\/www.altominho.tv\/site\/wp-json\/wp\/v2\/users\/13"}],"replies":[{"embeddable":true,"href":"https:\/\/www.altominho.tv\/site\/wp-json\/wp\/v2\/comments?post=129549"}],"version-history":[{"count":1,"href":"https:\/\/www.altominho.tv\/site\/wp-json\/wp\/v2\/posts\/129549\/revisions"}],"predecessor-version":[{"id":129551,"href":"https:\/\/www.altominho.tv\/site\/wp-json\/wp\/v2\/posts\/129549\/revisions\/129551"}],"wp:featuredmedia":[{"embeddable":true,"href":"https:\/\/www.altominho.tv\/site\/wp-json\/wp\/v2\/media\/129550"}],"wp:attachment":[{"href":"https:\/\/www.altominho.tv\/site\/wp-json\/wp\/v2\/media?parent=129549"}],"wp:term":[{"taxonomy":"category","embeddable":true,"href":"https:\/\/www.altominho.tv\/site\/wp-json\/wp\/v2\/categories?post=129549"},{"taxonomy":"post_tag","embeddable":true,"href":"https:\/\/www.altominho.tv\/site\/wp-json\/wp\/v2\/tags?post=129549"}],"curies":[{"name":"wp","href":"https:\/\/api.w.org\/{rel}","templated":true}]}}