{"id":129532,"date":"2026-03-06T22:37:02","date_gmt":"2026-03-06T22:37:02","guid":{"rendered":"https:\/\/www.altominho.tv\/site\/?p=129532"},"modified":"2026-03-06T22:52:59","modified_gmt":"2026-03-06T22:52:59","slug":"bombeiros-de-moncao-assinalam-126-anos-com-cerimonia-e-bencao-de-nova-viatura","status":"publish","type":"post","link":"https:\/\/www.altominho.tv\/site\/2026\/03\/06\/bombeiros-de-moncao-assinalam-126-anos-com-cerimonia-e-bencao-de-nova-viatura\/","title":{"rendered":"Bombeiros de Mon\u00e7\u00e3o assinalam 126 anos com cerim\u00f3nia e b\u00ean\u00e7\u00e3o de nova viatura"},"content":{"rendered":"<p data-start=\"95\" data-end=\"330\">A Associa\u00e7\u00e3o Humanit\u00e1ria dos Bombeiros Volunt\u00e1rios de Mon\u00e7\u00e3o celebra, no pr\u00f3ximo dia 22 de mar\u00e7o de 2026, o seu 126.\u00ba anivers\u00e1rio com um conjunto de iniciativas que ir\u00e3o decorrer no Sal\u00e3o Nobre da corpora\u00e7\u00e3o.<\/p>\n<p data-start=\"332\" data-end=\"492\">As comemora\u00e7\u00f5es t\u00eam in\u00edcio \u00e0s 09h00, com o hastear da bandeira, seguindo-se, meia hora depois, uma romagem ao cemit\u00e9rio em homenagem aos bombeiros j\u00e1 falecidos.<\/p>\n<p data-start=\"494\" data-end=\"759\">Pelas 10h30 realiza-se uma cerim\u00f3nia de distin\u00e7\u00e3o e agradecimento aos associados que completam 25, 50 e 75 anos de liga\u00e7\u00e3o \u00e0 Associa\u00e7\u00e3o Humanit\u00e1ria dos Bombeiros Volunt\u00e1rios de Mon\u00e7\u00e3o. O programa prossegue ao meio-dia com um momento de conv\u00edvio entre participantes.<\/p>\n<p data-start=\"761\" data-end=\"938\">Durante a tarde, \u00e0s 14h30, est\u00e1 prevista a rece\u00e7\u00e3o \u00e0s entidades convidadas. \u00c0s 15h00 ter\u00e1 lugar a b\u00ean\u00e7\u00e3o de uma nova viatura, seguida, meia hora depois, da cerim\u00f3nia protocolar.<\/p>\n<p data-start=\"940\" data-end=\"1088\" data-is-last-node=\"\" data-is-only-node=\"\">As comemora\u00e7\u00f5es terminam com um desfile de viaturas, marcado para as 17h00, e com um \u201cAlvarinho de honra\u201d, \u00e0s 17h30, que encerra o programa festivo.<\/p>\n<p data-start=\"940\" data-end=\"1088\" data-is-last-node=\"\" data-is-only-node=\"\">\n<p data-start=\"940\" data-end=\"1088\" data-is-last-node=\"\" data-is-only-node=\"\">Foto:<strong> Bombeiros Volunt\u00e1rios de Mon\u00e7\u00e3o<\/strong><\/p>\n","protected":false},"excerpt":{"rendered":"<p>A Associa\u00e7\u00e3o Humanit\u00e1ria dos Bombeiros Volunt\u00e1rios de Mon\u00e7\u00e3o celebra, no pr\u00f3ximo dia 22 de mar\u00e7o de 2026, o seu 126.\u00ba anivers\u00e1rio com um conjunto de iniciativas que ir\u00e3o decorrer no Sal\u00e3o Nobre da corpora\u00e7\u00e3o. As comemora\u00e7\u00f5es t\u00eam in\u00edcio \u00e0s 09h00, com o hastear da bandeira, seguindo-se, meia hora depois, uma romagem ao cemit\u00e9rio em homenagem [&hellip;]<\/p>\n","protected":false},"author":24,"featured_media":129533,"comment_status":"closed","ping_status":"closed","sticky":false,"template":"","format":"standard","meta":{"_exactmetrics_skip_tracking":false,"_exactmetrics_sitenote_active":false,"_exactmetrics_sitenote_note":"","_exactmetrics_sitenote_category":0,"footnotes":""},"categories":[9],"tags":[27],"class_list":["post-129532","post","type-post","status-publish","format-standard","has-post-thumbnail","hentry","category-moncao","tag-sociedade"],"yoast_head":"<!-- This site is optimized with the Yoast SEO Premium plugin v27.5 (Yoast SEO v27.5) - https:\/\/yoast.com\/product\/yoast-seo-premium-wordpress\/ -->\n<title>Bombeiros de Mon\u00e7\u00e3o assinalam 126 anos com cerim\u00f3nia e b\u00ean\u00e7\u00e3o de nova viatura<\/title>\n<meta name=\"description\" content=\"A Associa\u00e7\u00e3o Humanit\u00e1ria dos Bombeiros Volunt\u00e1rios de Mon\u00e7\u00e3o celebra, no pr\u00f3ximo dia 22 de mar\u00e7o de 2026, o seu 126.\u00ba anivers\u00e1rio com um conjunto de iniciativas que ir\u00e3o decorrer no Sal\u00e3o Nobre da corpora\u00e7\u00e3o.\" \/>\n<meta name=\"robots\" content=\"index, follow, max-snippet:-1, max-image-preview:large, max-video-preview:-1\" \/>\n<link rel=\"canonical\" href=\"https:\/\/www.altominho.tv\/site\/2026\/03\/06\/bombeiros-de-moncao-assinalam-126-anos-com-cerimonia-e-bencao-de-nova-viatura\/\" \/>\n<meta property=\"og:locale\" content=\"pt_PT\" \/>\n<meta property=\"og:type\" content=\"article\" \/>\n<meta property=\"og:title\" content=\"Bombeiros de Mon\u00e7\u00e3o assinalam 126 anos com cerim\u00f3nia e b\u00ean\u00e7\u00e3o de nova viatura\" \/>\n<meta property=\"og:description\" content=\"A Associa\u00e7\u00e3o Humanit\u00e1ria dos Bombeiros Volunt\u00e1rios de Mon\u00e7\u00e3o celebra, no pr\u00f3ximo dia 22 de mar\u00e7o de 2026, o seu 126.\u00ba anivers\u00e1rio com um conjunto de iniciativas que ir\u00e3o decorrer no Sal\u00e3o Nobre da corpora\u00e7\u00e3o.\" \/>\n<meta property=\"og:url\" content=\"https:\/\/www.altominho.tv\/site\/2026\/03\/06\/bombeiros-de-moncao-assinalam-126-anos-com-cerimonia-e-bencao-de-nova-viatura\/\" \/>\n<meta property=\"og:site_name\" content=\"Altominho.tv\" \/>\n<meta property=\"article:publisher\" content=\"https:\/\/www.facebook.com\/altominhotv\" \/>\n<meta property=\"article:published_time\" content=\"2026-03-06T22:37:02+00:00\" \/>\n<meta property=\"article:modified_time\" content=\"2026-03-06T22:52:59+00:00\" \/>\n<meta property=\"og:image\" content=\"https:\/\/www.altominho.tv\/site\/wp-content\/uploads\/2026\/03\/bombeiros-moncao.png\" \/>\n\t<meta property=\"og:image:width\" content=\"1200\" \/>\n\t<meta property=\"og:image:height\" content=\"630\" \/>\n\t<meta property=\"og:image:type\" content=\"image\/png\" \/>\n<meta name=\"author\" content=\"Cesar Lopes\" \/>\n<meta name=\"twitter:card\" content=\"summary_large_image\" \/>\n<meta name=\"twitter:creator\" content=\"@altominhoTV\" \/>\n<meta name=\"twitter:site\" content=\"@altominhoTV\" \/>\n<meta name=\"twitter:label1\" content=\"Escrito por\" \/>\n\t<meta name=\"twitter:data1\" content=\"Cesar Lopes\" \/>\n\t<meta name=\"twitter:label2\" content=\"Tempo estimado de leitura\" \/>\n\t<meta name=\"twitter:data2\" content=\"2 minutos\" \/>\n<script type=\"application\/ld+json\" class=\"yoast-schema-graph\">{\"@context\":\"https:\\\/\\\/schema.org\",\"@graph\":[{\"@type\":\"Article\",\"@id\":\"https:\\\/\\\/www.altominho.tv\\\/site\\\/2026\\\/03\\\/06\\\/bombeiros-de-moncao-assinalam-126-anos-com-cerimonia-e-bencao-de-nova-viatura\\\/#article\",\"isPartOf\":{\"@id\":\"https:\\\/\\\/www.altominho.tv\\\/site\\\/2026\\\/03\\\/06\\\/bombeiros-de-moncao-assinalam-126-anos-com-cerimonia-e-bencao-de-nova-viatura\\\/\"},\"author\":{\"name\":\"Cesar Lopes\",\"@id\":\"https:\\\/\\\/www.altominho.tv\\\/site\\\/#\\\/schema\\\/person\\\/c5570e5afb933b8d08c43373326ef1b1\"},\"headline\":\"Bombeiros de Mon\u00e7\u00e3o assinalam 126 anos com cerim\u00f3nia e b\u00ean\u00e7\u00e3o de nova viatura\",\"datePublished\":\"2026-03-06T22:37:02+00:00\",\"dateModified\":\"2026-03-06T22:52:59+00:00\",\"mainEntityOfPage\":{\"@id\":\"https:\\\/\\\/www.altominho.tv\\\/site\\\/2026\\\/03\\\/06\\\/bombeiros-de-moncao-assinalam-126-anos-com-cerimonia-e-bencao-de-nova-viatura\\\/\"},\"wordCount\":196,\"image\":{\"@id\":\"https:\\\/\\\/www.altominho.tv\\\/site\\\/2026\\\/03\\\/06\\\/bombeiros-de-moncao-assinalam-126-anos-com-cerimonia-e-bencao-de-nova-viatura\\\/#primaryimage\"},\"thumbnailUrl\":\"https:\\\/\\\/www.altominho.tv\\\/site\\\/wp-content\\\/uploads\\\/2026\\\/03\\\/bombeiros-moncao.png\",\"keywords\":[\"Sociedade\"],\"articleSection\":[\"Mon\u00e7\u00e3o\"],\"inLanguage\":\"pt-PT\",\"copyrightYear\":\"2026\",\"copyrightHolder\":{\"@id\":\"https:\\\/\\\/www.altominho.tv\\\/site\\\/#organization\"}},{\"@type\":\"WebPage\",\"@id\":\"https:\\\/\\\/www.altominho.tv\\\/site\\\/2026\\\/03\\\/06\\\/bombeiros-de-moncao-assinalam-126-anos-com-cerimonia-e-bencao-de-nova-viatura\\\/\",\"url\":\"https:\\\/\\\/www.altominho.tv\\\/site\\\/2026\\\/03\\\/06\\\/bombeiros-de-moncao-assinalam-126-anos-com-cerimonia-e-bencao-de-nova-viatura\\\/\",\"name\":\"Bombeiros de Mon\u00e7\u00e3o assinalam 126 anos com cerim\u00f3nia e b\u00ean\u00e7\u00e3o de nova viatura\",\"isPartOf\":{\"@id\":\"https:\\\/\\\/www.altominho.tv\\\/site\\\/#website\"},\"primaryImageOfPage\":{\"@id\":\"https:\\\/\\\/www.altominho.tv\\\/site\\\/2026\\\/03\\\/06\\\/bombeiros-de-moncao-assinalam-126-anos-com-cerimonia-e-bencao-de-nova-viatura\\\/#primaryimage\"},\"image\":{\"@id\":\"https:\\\/\\\/www.altominho.tv\\\/site\\\/2026\\\/03\\\/06\\\/bombeiros-de-moncao-assinalam-126-anos-com-cerimonia-e-bencao-de-nova-viatura\\\/#primaryimage\"},\"thumbnailUrl\":\"https:\\\/\\\/www.altominho.tv\\\/site\\\/wp-content\\\/uploads\\\/2026\\\/03\\\/bombeiros-moncao.png\",\"datePublished\":\"2026-03-06T22:37:02+00:00\",\"dateModified\":\"2026-03-06T22:52:59+00:00\",\"author\":{\"@id\":\"https:\\\/\\\/www.altominho.tv\\\/site\\\/#\\\/schema\\\/person\\\/c5570e5afb933b8d08c43373326ef1b1\"},\"description\":\"A Associa\u00e7\u00e3o Humanit\u00e1ria dos Bombeiros Volunt\u00e1rios de Mon\u00e7\u00e3o celebra, no pr\u00f3ximo dia 22 de mar\u00e7o de 2026, o seu 126.\u00ba anivers\u00e1rio com um conjunto de iniciativas que ir\u00e3o decorrer no Sal\u00e3o Nobre da corpora\u00e7\u00e3o.\",\"breadcrumb\":{\"@id\":\"https:\\\/\\\/www.altominho.tv\\\/site\\\/2026\\\/03\\\/06\\\/bombeiros-de-moncao-assinalam-126-anos-com-cerimonia-e-bencao-de-nova-viatura\\\/#breadcrumb\"},\"inLanguage\":\"pt-PT\",\"potentialAction\":[{\"@type\":\"ReadAction\",\"target\":[\"https:\\\/\\\/www.altominho.tv\\\/site\\\/2026\\\/03\\\/06\\\/bombeiros-de-moncao-assinalam-126-anos-com-cerimonia-e-bencao-de-nova-viatura\\\/\"]}]},{\"@type\":\"ImageObject\",\"inLanguage\":\"pt-PT\",\"@id\":\"https:\\\/\\\/www.altominho.tv\\\/site\\\/2026\\\/03\\\/06\\\/bombeiros-de-moncao-assinalam-126-anos-com-cerimonia-e-bencao-de-nova-viatura\\\/#primaryimage\",\"url\":\"https:\\\/\\\/www.altominho.tv\\\/site\\\/wp-content\\\/uploads\\\/2026\\\/03\\\/bombeiros-moncao.png\",\"contentUrl\":\"https:\\\/\\\/www.altominho.tv\\\/site\\\/wp-content\\\/uploads\\\/2026\\\/03\\\/bombeiros-moncao.png\",\"width\":1200,\"height\":630},{\"@type\":\"BreadcrumbList\",\"@id\":\"https:\\\/\\\/www.altominho.tv\\\/site\\\/2026\\\/03\\\/06\\\/bombeiros-de-moncao-assinalam-126-anos-com-cerimonia-e-bencao-de-nova-viatura\\\/#breadcrumb\",\"itemListElement\":[{\"@type\":\"ListItem\",\"position\":1,\"name\":\"In\u00edcio\",\"item\":\"https:\\\/\\\/www.altominho.tv\\\/site\\\/\"},{\"@type\":\"ListItem\",\"position\":2,\"name\":\"Bombeiros de Mon\u00e7\u00e3o assinalam 126 anos com cerim\u00f3nia e b\u00ean\u00e7\u00e3o de nova viatura\"}]},{\"@type\":\"WebSite\",\"@id\":\"https:\\\/\\\/www.altominho.tv\\\/site\\\/#website\",\"url\":\"https:\\\/\\\/www.altominho.tv\\\/site\\\/\",\"name\":\"Altominho.tv\",\"description\":\"A sua regi\u00e3o \u00e0 dist\u00e2ncia de um clique...\",\"potentialAction\":[{\"@type\":\"SearchAction\",\"target\":{\"@type\":\"EntryPoint\",\"urlTemplate\":\"https:\\\/\\\/www.altominho.tv\\\/site\\\/?s={search_term_string}\"},\"query-input\":{\"@type\":\"PropertyValueSpecification\",\"valueRequired\":true,\"valueName\":\"search_term_string\"}}],\"inLanguage\":\"pt-PT\"},{\"@type\":\"Person\",\"@id\":\"https:\\\/\\\/www.altominho.tv\\\/site\\\/#\\\/schema\\\/person\\\/c5570e5afb933b8d08c43373326ef1b1\",\"name\":\"Cesar Lopes\",\"image\":{\"@type\":\"ImageObject\",\"inLanguage\":\"pt-PT\",\"@id\":\"https:\\\/\\\/www.altominho.tv\\\/site\\\/wp-content\\\/uploads\\\/2022\\\/10\\\/Sem-Titulo-150x150.jpg\",\"url\":\"https:\\\/\\\/www.altominho.tv\\\/site\\\/wp-content\\\/uploads\\\/2022\\\/10\\\/Sem-Titulo-150x150.jpg\",\"contentUrl\":\"https:\\\/\\\/www.altominho.tv\\\/site\\\/wp-content\\\/uploads\\\/2022\\\/10\\\/Sem-Titulo-150x150.jpg\",\"caption\":\"Cesar Lopes\"},\"url\":\"https:\\\/\\\/www.altominho.tv\\\/site\\\/author\\\/cesarlopes\\\/\"}]}<\/script>\n<!-- \/ Yoast SEO Premium plugin. -->","yoast_head_json":{"title":"Bombeiros de Mon\u00e7\u00e3o assinalam 126 anos com cerim\u00f3nia e b\u00ean\u00e7\u00e3o de nova viatura","description":"A Associa\u00e7\u00e3o Humanit\u00e1ria dos Bombeiros Volunt\u00e1rios de Mon\u00e7\u00e3o celebra, no pr\u00f3ximo dia 22 de mar\u00e7o de 2026, o seu 126.\u00ba anivers\u00e1rio com um conjunto de iniciativas que ir\u00e3o decorrer no Sal\u00e3o Nobre da corpora\u00e7\u00e3o.","robots":{"index":"index","follow":"follow","max-snippet":"max-snippet:-1","max-image-preview":"max-image-preview:large","max-video-preview":"max-video-preview:-1"},"canonical":"https:\/\/www.altominho.tv\/site\/2026\/03\/06\/bombeiros-de-moncao-assinalam-126-anos-com-cerimonia-e-bencao-de-nova-viatura\/","og_locale":"pt_PT","og_type":"article","og_title":"Bombeiros de Mon\u00e7\u00e3o assinalam 126 anos com cerim\u00f3nia e b\u00ean\u00e7\u00e3o de nova viatura","og_description":"A Associa\u00e7\u00e3o Humanit\u00e1ria dos Bombeiros Volunt\u00e1rios de Mon\u00e7\u00e3o celebra, no pr\u00f3ximo dia 22 de mar\u00e7o de 2026, o seu 126.\u00ba anivers\u00e1rio com um conjunto de iniciativas que ir\u00e3o decorrer no Sal\u00e3o Nobre da corpora\u00e7\u00e3o.","og_url":"https:\/\/www.altominho.tv\/site\/2026\/03\/06\/bombeiros-de-moncao-assinalam-126-anos-com-cerimonia-e-bencao-de-nova-viatura\/","og_site_name":"Altominho.tv","article_publisher":"https:\/\/www.facebook.com\/altominhotv","article_published_time":"2026-03-06T22:37:02+00:00","article_modified_time":"2026-03-06T22:52:59+00:00","og_image":[{"width":1200,"height":630,"url":"https:\/\/www.altominho.tv\/site\/wp-content\/uploads\/2026\/03\/bombeiros-moncao.png","type":"image\/png"}],"author":"Cesar Lopes","twitter_card":"summary_large_image","twitter_creator":"@altominhoTV","twitter_site":"@altominhoTV","twitter_misc":{"Escrito por":"Cesar Lopes","Tempo estimado de leitura":"2 minutos"},"schema":{"@context":"https:\/\/schema.org","@graph":[{"@type":"Article","@id":"https:\/\/www.altominho.tv\/site\/2026\/03\/06\/bombeiros-de-moncao-assinalam-126-anos-com-cerimonia-e-bencao-de-nova-viatura\/#article","isPartOf":{"@id":"https:\/\/www.altominho.tv\/site\/2026\/03\/06\/bombeiros-de-moncao-assinalam-126-anos-com-cerimonia-e-bencao-de-nova-viatura\/"},"author":{"name":"Cesar Lopes","@id":"https:\/\/www.altominho.tv\/site\/#\/schema\/person\/c5570e5afb933b8d08c43373326ef1b1"},"headline":"Bombeiros de Mon\u00e7\u00e3o assinalam 126 anos com cerim\u00f3nia e b\u00ean\u00e7\u00e3o de nova viatura","datePublished":"2026-03-06T22:37:02+00:00","dateModified":"2026-03-06T22:52:59+00:00","mainEntityOfPage":{"@id":"https:\/\/www.altominho.tv\/site\/2026\/03\/06\/bombeiros-de-moncao-assinalam-126-anos-com-cerimonia-e-bencao-de-nova-viatura\/"},"wordCount":196,"image":{"@id":"https:\/\/www.altominho.tv\/site\/2026\/03\/06\/bombeiros-de-moncao-assinalam-126-anos-com-cerimonia-e-bencao-de-nova-viatura\/#primaryimage"},"thumbnailUrl":"https:\/\/www.altominho.tv\/site\/wp-content\/uploads\/2026\/03\/bombeiros-moncao.png","keywords":["Sociedade"],"articleSection":["Mon\u00e7\u00e3o"],"inLanguage":"pt-PT","copyrightYear":"2026","copyrightHolder":{"@id":"https:\/\/www.altominho.tv\/site\/#organization"}},{"@type":"WebPage","@id":"https:\/\/www.altominho.tv\/site\/2026\/03\/06\/bombeiros-de-moncao-assinalam-126-anos-com-cerimonia-e-bencao-de-nova-viatura\/","url":"https:\/\/www.altominho.tv\/site\/2026\/03\/06\/bombeiros-de-moncao-assinalam-126-anos-com-cerimonia-e-bencao-de-nova-viatura\/","name":"Bombeiros de Mon\u00e7\u00e3o assinalam 126 anos com cerim\u00f3nia e b\u00ean\u00e7\u00e3o de nova viatura","isPartOf":{"@id":"https:\/\/www.altominho.tv\/site\/#website"},"primaryImageOfPage":{"@id":"https:\/\/www.altominho.tv\/site\/2026\/03\/06\/bombeiros-de-moncao-assinalam-126-anos-com-cerimonia-e-bencao-de-nova-viatura\/#primaryimage"},"image":{"@id":"https:\/\/www.altominho.tv\/site\/2026\/03\/06\/bombeiros-de-moncao-assinalam-126-anos-com-cerimonia-e-bencao-de-nova-viatura\/#primaryimage"},"thumbnailUrl":"https:\/\/www.altominho.tv\/site\/wp-content\/uploads\/2026\/03\/bombeiros-moncao.png","datePublished":"2026-03-06T22:37:02+00:00","dateModified":"2026-03-06T22:52:59+00:00","author":{"@id":"https:\/\/www.altominho.tv\/site\/#\/schema\/person\/c5570e5afb933b8d08c43373326ef1b1"},"description":"A Associa\u00e7\u00e3o Humanit\u00e1ria dos Bombeiros Volunt\u00e1rios de Mon\u00e7\u00e3o celebra, no pr\u00f3ximo dia 22 de mar\u00e7o de 2026, o seu 126.\u00ba anivers\u00e1rio com um conjunto de iniciativas que ir\u00e3o decorrer no Sal\u00e3o Nobre da corpora\u00e7\u00e3o.","breadcrumb":{"@id":"https:\/\/www.altominho.tv\/site\/2026\/03\/06\/bombeiros-de-moncao-assinalam-126-anos-com-cerimonia-e-bencao-de-nova-viatura\/#breadcrumb"},"inLanguage":"pt-PT","potentialAction":[{"@type":"ReadAction","target":["https:\/\/www.altominho.tv\/site\/2026\/03\/06\/bombeiros-de-moncao-assinalam-126-anos-com-cerimonia-e-bencao-de-nova-viatura\/"]}]},{"@type":"ImageObject","inLanguage":"pt-PT","@id":"https:\/\/www.altominho.tv\/site\/2026\/03\/06\/bombeiros-de-moncao-assinalam-126-anos-com-cerimonia-e-bencao-de-nova-viatura\/#primaryimage","url":"https:\/\/www.altominho.tv\/site\/wp-content\/uploads\/2026\/03\/bombeiros-moncao.png","contentUrl":"https:\/\/www.altominho.tv\/site\/wp-content\/uploads\/2026\/03\/bombeiros-moncao.png","width":1200,"height":630},{"@type":"BreadcrumbList","@id":"https:\/\/www.altominho.tv\/site\/2026\/03\/06\/bombeiros-de-moncao-assinalam-126-anos-com-cerimonia-e-bencao-de-nova-viatura\/#breadcrumb","itemListElement":[{"@type":"ListItem","position":1,"name":"In\u00edcio","item":"https:\/\/www.altominho.tv\/site\/"},{"@type":"ListItem","position":2,"name":"Bombeiros de Mon\u00e7\u00e3o assinalam 126 anos com cerim\u00f3nia e b\u00ean\u00e7\u00e3o de nova viatura"}]},{"@type":"WebSite","@id":"https:\/\/www.altominho.tv\/site\/#website","url":"https:\/\/www.altominho.tv\/site\/","name":"Altominho.tv","description":"A sua regi\u00e3o \u00e0 dist\u00e2ncia de um clique...","potentialAction":[{"@type":"SearchAction","target":{"@type":"EntryPoint","urlTemplate":"https:\/\/www.altominho.tv\/site\/?s={search_term_string}"},"query-input":{"@type":"PropertyValueSpecification","valueRequired":true,"valueName":"search_term_string"}}],"inLanguage":"pt-PT"},{"@type":"Person","@id":"https:\/\/www.altominho.tv\/site\/#\/schema\/person\/c5570e5afb933b8d08c43373326ef1b1","name":"Cesar Lopes","image":{"@type":"ImageObject","inLanguage":"pt-PT","@id":"https:\/\/www.altominho.tv\/site\/wp-content\/uploads\/2022\/10\/Sem-Titulo-150x150.jpg","url":"https:\/\/www.altominho.tv\/site\/wp-content\/uploads\/2022\/10\/Sem-Titulo-150x150.jpg","contentUrl":"https:\/\/www.altominho.tv\/site\/wp-content\/uploads\/2022\/10\/Sem-Titulo-150x150.jpg","caption":"Cesar Lopes"},"url":"https:\/\/www.altominho.tv\/site\/author\/cesarlopes\/"}]}},"_links":{"self":[{"href":"https:\/\/www.altominho.tv\/site\/wp-json\/wp\/v2\/posts\/129532","targetHints":{"allow":["GET"]}}],"collection":[{"href":"https:\/\/www.altominho.tv\/site\/wp-json\/wp\/v2\/posts"}],"about":[{"href":"https:\/\/www.altominho.tv\/site\/wp-json\/wp\/v2\/types\/post"}],"author":[{"embeddable":true,"href":"https:\/\/www.altominho.tv\/site\/wp-json\/wp\/v2\/users\/24"}],"replies":[{"embeddable":true,"href":"https:\/\/www.altominho.tv\/site\/wp-json\/wp\/v2\/comments?post=129532"}],"version-history":[{"count":2,"href":"https:\/\/www.altominho.tv\/site\/wp-json\/wp\/v2\/posts\/129532\/revisions"}],"predecessor-version":[{"id":129535,"href":"https:\/\/www.altominho.tv\/site\/wp-json\/wp\/v2\/posts\/129532\/revisions\/129535"}],"wp:featuredmedia":[{"embeddable":true,"href":"https:\/\/www.altominho.tv\/site\/wp-json\/wp\/v2\/media\/129533"}],"wp:attachment":[{"href":"https:\/\/www.altominho.tv\/site\/wp-json\/wp\/v2\/media?parent=129532"}],"wp:term":[{"taxonomy":"category","embeddable":true,"href":"https:\/\/www.altominho.tv\/site\/wp-json\/wp\/v2\/categories?post=129532"},{"taxonomy":"post_tag","embeddable":true,"href":"https:\/\/www.altominho.tv\/site\/wp-json\/wp\/v2\/tags?post=129532"}],"curies":[{"name":"wp","href":"https:\/\/api.w.org\/{rel}","templated":true}]}}