{"id":129469,"date":"2026-03-05T21:30:00","date_gmt":"2026-03-05T21:30:00","guid":{"rendered":"https:\/\/www.altominho.tv\/site\/?p=129469"},"modified":"2026-03-05T21:33:31","modified_gmt":"2026-03-05T21:33:31","slug":"misterio-da-vinci-destina-bilheteira-a-familias-afetadas-pelo-mau-tempo","status":"publish","type":"post","link":"https:\/\/www.altominho.tv\/site\/2026\/03\/05\/misterio-da-vinci-destina-bilheteira-a-familias-afetadas-pelo-mau-tempo\/","title":{"rendered":"&#8220;Mist\u00e9rio da Vinci&#8221; destina bilheteira a fam\u00edlias afetadas pelo mau tempo"},"content":{"rendered":"<p data-start=\"118\" data-end=\"584\">O espet\u00e1culo \u201cMist\u00e9rio da Vinci\u201d, do <span class=\"hover:entity-accent entity-underline inline cursor-pointer align-baseline\"><span class=\"whitespace-normal\">Teatro do Noroeste<\/span><\/span>, regressa ao palco do <span class=\"hover:entity-accent entity-underline inline cursor-pointer align-baseline\"><span class=\"whitespace-normal\">Teatro Municipal S\u00e1 de Miranda<\/span><\/span> este s\u00e1bado, 7 de mar\u00e7o, para uma \u00faltima apresenta\u00e7\u00e3o em <span class=\"hover:entity-accent entity-underline inline cursor-pointer align-baseline\"><span class=\"whitespace-normal\">Viana do Castelo<\/span><\/span>, associada a uma causa solid\u00e1ria. A totalidade da receita de bilheteira ser\u00e1 entregue \u00e0 <span class=\"hover:entity-accent entity-underline inline cursor-pointer align-baseline\"><span class=\"whitespace-normal\">C\u00e1ritas Diocesana de Leiria-F\u00e1tima<\/span><\/span>, com o objetivo de apoiar fam\u00edlias afetadas pelo mau tempo que se fez sentir no \u00faltimo m\u00eas naquela regi\u00e3o.<\/p>\n<p data-start=\"586\" data-end=\"846\">A iniciativa surge como resposta aos impactos provocados pelas recentes condi\u00e7\u00f5es meteorol\u00f3gicas adversas, que causaram preju\u00edzos em v\u00e1rias comunidades. A organiza\u00e7\u00e3o pretende, desta forma, mobilizar o p\u00fablico para uma a\u00e7\u00e3o de solidariedade atrav\u00e9s da cultura.<\/p>\n<p data-start=\"848\" data-end=\"1236\">Com encena\u00e7\u00e3o e texto de <span class=\"hover:entity-accent entity-underline inline cursor-pointer align-baseline\"><span class=\"whitespace-normal\">Adriel Filipe<\/span><\/span>, \u201cMist\u00e9rio da Vinci\u201d \u00e9 a 173.\u00aa cria\u00e7\u00e3o do Teatro do Noroeste e dirige-se sobretudo ao p\u00fablico infantil e familiar. O espet\u00e1culo prop\u00f5e uma viagem l\u00fadica e pedag\u00f3gica pelo universo de <span class=\"hover:entity-accent entity-underline inline cursor-pointer align-baseline\"><span class=\"whitespace-normal\">Leonardo da Vinci<\/span><\/span>, explorando de forma acess\u00edvel o lado multifacetado do criador da <span class=\"hover:entity-accent entity-underline inline cursor-pointer align-baseline\"><span class=\"whitespace-normal\">Mona Lisa<\/span><\/span>.<\/p>\n<p data-start=\"1238\" data-end=\"1488\">A pe\u00e7a tem a dura\u00e7\u00e3o aproximada de 40 minutos e combina teatro, ci\u00eancia e imagina\u00e7\u00e3o para apresentar diferentes dimens\u00f5es do pensamento e das inven\u00e7\u00f5es de Da Vinci. A sess\u00e3o tem in\u00edcio \u00e0s 16h e contar\u00e1 com legendagem simult\u00e2nea em portugu\u00eas e ingl\u00eas.<\/p>\n<p data-start=\"1490\" data-end=\"1750\" data-is-last-node=\"\" data-is-only-node=\"\">Os bilhetes, com pre\u00e7os entre cinco e dez euros, est\u00e3o dispon\u00edveis na bilheteira do Teatro Municipal S\u00e1 de Miranda e na plataforma <span class=\"hover:entity-accent entity-underline inline cursor-pointer align-baseline\"><span class=\"whitespace-normal\">BOL \u2013 Bilheteira Online<\/span><\/span>.<\/p>\n<p data-start=\"1490\" data-end=\"1750\" data-is-last-node=\"\" data-is-only-node=\"\">Esta ser\u00e1 a \u00faltima oportunidade para o p\u00fablico assistir ao espet\u00e1culo em Viana do Castelo.<\/p>\n<p>Foto: <b>Teatro do Noroeste &#8211; Centro Dram\u00e1tico de Viana<\/b><\/p>\n","protected":false},"excerpt":{"rendered":"<p>O espet\u00e1culo \u201cMist\u00e9rio da Vinci\u201d, do Teatro do Noroeste, regressa ao palco do Teatro Municipal S\u00e1 de Miranda este s\u00e1bado, 7 de mar\u00e7o, para uma \u00faltima apresenta\u00e7\u00e3o em Viana do Castelo, associada a uma causa solid\u00e1ria. A totalidade da receita de bilheteira ser\u00e1 entregue \u00e0 C\u00e1ritas Diocesana de Leiria-F\u00e1tima, com o objetivo de apoiar fam\u00edlias [&hellip;]<\/p>\n","protected":false},"author":24,"featured_media":129470,"comment_status":"closed","ping_status":"closed","sticky":false,"template":"","format":"standard","meta":{"_exactmetrics_skip_tracking":false,"footnotes":""},"categories":[14],"tags":[27],"class_list":["post-129469","post","type-post","status-publish","format-standard","has-post-thumbnail","hentry","category-viana-do-castelo","tag-sociedade"],"yoast_head":"<!-- This site is optimized with the Yoast SEO Premium plugin v28.3 (Yoast SEO v28.3) - https:\/\/yoast.com\/product\/yoast-seo-premium-wordpress\/ -->\n<title>&quot;Mist\u00e9rio da Vinci&quot; destina bilheteira a fam\u00edlias afetadas pelo mau tempo<\/title>\n<meta name=\"description\" content=\"O espet\u00e1culo \u201cMist\u00e9rio da Vinci\u201d, do Teatro do Noroeste, regressa ao palco do Teatro Municipal S\u00e1 de Miranda este s\u00e1bado, 7 de mar\u00e7o, para uma \u00faltima apresenta\u00e7\u00e3o em Viana do Castelo, associada a uma causa solid\u00e1ria. A totalidade da receita de bilheteira ser\u00e1 entregue \u00e0 C\u00e1ritas Diocesana de Leiria-F\u00e1tima, com o objetivo de apoiar fam\u00edlias afetadas pelo mau tempo que se fez sentir no \u00faltimo m\u00eas naquela regi\u00e3o.\" \/>\n<meta name=\"robots\" content=\"index, follow, max-snippet:-1, max-image-preview:large, max-video-preview:-1\" \/>\n<link rel=\"canonical\" href=\"https:\/\/www.altominho.tv\/site\/2026\/03\/05\/misterio-da-vinci-destina-bilheteira-a-familias-afetadas-pelo-mau-tempo\/\" \/>\n<meta property=\"og:locale\" content=\"pt_PT\" \/>\n<meta property=\"og:type\" content=\"article\" \/>\n<meta property=\"og:title\" content=\"&quot;Mist\u00e9rio da Vinci&quot; destina bilheteira a fam\u00edlias afetadas pelo mau tempo\" \/>\n<meta property=\"og:description\" content=\"O espet\u00e1culo \u201cMist\u00e9rio da Vinci\u201d, do Teatro do Noroeste, regressa ao palco do Teatro Municipal S\u00e1 de Miranda este s\u00e1bado, 7 de mar\u00e7o, para uma \u00faltima apresenta\u00e7\u00e3o em Viana do Castelo, associada a uma causa solid\u00e1ria. A totalidade da receita de bilheteira ser\u00e1 entregue \u00e0 C\u00e1ritas Diocesana de Leiria-F\u00e1tima, com o objetivo de apoiar fam\u00edlias afetadas pelo mau tempo que se fez sentir no \u00faltimo m\u00eas naquela regi\u00e3o.\" \/>\n<meta property=\"og:url\" content=\"https:\/\/www.altominho.tv\/site\/2026\/03\/05\/misterio-da-vinci-destina-bilheteira-a-familias-afetadas-pelo-mau-tempo\/\" \/>\n<meta property=\"og:site_name\" content=\"Altominho.tv\" \/>\n<meta property=\"article:publisher\" content=\"https:\/\/www.facebook.com\/altominhotv\" \/>\n<meta property=\"article:published_time\" content=\"2026-03-05T21:30:00+00:00\" \/>\n<meta property=\"article:modified_time\" content=\"2026-03-05T21:33:31+00:00\" \/>\n<meta property=\"og:image\" content=\"https:\/\/www.altominho.tv\/site\/wp-content\/uploads\/2026\/03\/teatro-viana.png\" \/>\n\t<meta property=\"og:image:width\" content=\"1200\" \/>\n\t<meta property=\"og:image:height\" content=\"630\" \/>\n\t<meta property=\"og:image:type\" content=\"image\/png\" \/>\n<meta name=\"author\" content=\"Cesar Lopes\" \/>\n<meta name=\"twitter:card\" content=\"summary_large_image\" \/>\n<meta name=\"twitter:creator\" content=\"@altominhoTV\" \/>\n<meta name=\"twitter:site\" content=\"@altominhoTV\" \/>\n<meta name=\"twitter:label1\" content=\"Escrito por\" \/>\n\t<meta name=\"twitter:data1\" content=\"Cesar Lopes\" \/>\n\t<meta name=\"twitter:label2\" content=\"Tempo estimado de leitura\" \/>\n\t<meta name=\"twitter:data2\" content=\"2 minutos\" \/>\n<script type=\"application\/ld+json\" class=\"yoast-schema-graph\">{\"@context\":\"https:\\\/\\\/schema.org\",\"@graph\":[{\"@type\":\"Article\",\"@id\":\"https:\\\/\\\/www.altominho.tv\\\/site\\\/2026\\\/03\\\/05\\\/misterio-da-vinci-destina-bilheteira-a-familias-afetadas-pelo-mau-tempo\\\/#article\",\"isPartOf\":{\"@id\":\"https:\\\/\\\/www.altominho.tv\\\/site\\\/2026\\\/03\\\/05\\\/misterio-da-vinci-destina-bilheteira-a-familias-afetadas-pelo-mau-tempo\\\/\"},\"author\":{\"name\":\"Cesar Lopes\",\"@id\":\"https:\\\/\\\/www.altominho.tv\\\/site\\\/#\\\/schema\\\/person\\\/c5570e5afb933b8d08c43373326ef1b1\"},\"headline\":\"&#8220;Mist\u00e9rio da Vinci&#8221; destina bilheteira a fam\u00edlias afetadas pelo mau tempo\",\"datePublished\":\"2026-03-05T21:30:00+00:00\",\"dateModified\":\"2026-03-05T21:33:31+00:00\",\"mainEntityOfPage\":{\"@id\":\"https:\\\/\\\/www.altominho.tv\\\/site\\\/2026\\\/03\\\/05\\\/misterio-da-vinci-destina-bilheteira-a-familias-afetadas-pelo-mau-tempo\\\/\"},\"wordCount\":299,\"image\":{\"@id\":\"https:\\\/\\\/www.altominho.tv\\\/site\\\/2026\\\/03\\\/05\\\/misterio-da-vinci-destina-bilheteira-a-familias-afetadas-pelo-mau-tempo\\\/#primaryimage\"},\"thumbnailUrl\":\"https:\\\/\\\/www.altominho.tv\\\/site\\\/wp-content\\\/uploads\\\/2026\\\/03\\\/teatro-viana.png\",\"keywords\":[\"Sociedade\"],\"articleSection\":[\"Viana do Castelo\"],\"inLanguage\":\"pt-PT\",\"copyrightYear\":\"2026\",\"copyrightHolder\":{\"@id\":\"https:\\\/\\\/www.altominho.tv\\\/site\\\/#organization\"}},{\"@type\":\"WebPage\",\"@id\":\"https:\\\/\\\/www.altominho.tv\\\/site\\\/2026\\\/03\\\/05\\\/misterio-da-vinci-destina-bilheteira-a-familias-afetadas-pelo-mau-tempo\\\/\",\"url\":\"https:\\\/\\\/www.altominho.tv\\\/site\\\/2026\\\/03\\\/05\\\/misterio-da-vinci-destina-bilheteira-a-familias-afetadas-pelo-mau-tempo\\\/\",\"name\":\"\\\"Mist\u00e9rio da Vinci\\\" destina bilheteira a fam\u00edlias afetadas pelo mau tempo\",\"isPartOf\":{\"@id\":\"https:\\\/\\\/www.altominho.tv\\\/site\\\/#website\"},\"primaryImageOfPage\":{\"@id\":\"https:\\\/\\\/www.altominho.tv\\\/site\\\/2026\\\/03\\\/05\\\/misterio-da-vinci-destina-bilheteira-a-familias-afetadas-pelo-mau-tempo\\\/#primaryimage\"},\"image\":{\"@id\":\"https:\\\/\\\/www.altominho.tv\\\/site\\\/2026\\\/03\\\/05\\\/misterio-da-vinci-destina-bilheteira-a-familias-afetadas-pelo-mau-tempo\\\/#primaryimage\"},\"thumbnailUrl\":\"https:\\\/\\\/www.altominho.tv\\\/site\\\/wp-content\\\/uploads\\\/2026\\\/03\\\/teatro-viana.png\",\"datePublished\":\"2026-03-05T21:30:00+00:00\",\"dateModified\":\"2026-03-05T21:33:31+00:00\",\"author\":{\"@id\":\"https:\\\/\\\/www.altominho.tv\\\/site\\\/#\\\/schema\\\/person\\\/c5570e5afb933b8d08c43373326ef1b1\"},\"description\":\"O espet\u00e1culo \u201cMist\u00e9rio da Vinci\u201d, do Teatro do Noroeste, regressa ao palco do Teatro Municipal S\u00e1 de Miranda este s\u00e1bado, 7 de mar\u00e7o, para uma \u00faltima apresenta\u00e7\u00e3o em Viana do Castelo, associada a uma causa solid\u00e1ria. A totalidade da receita de bilheteira ser\u00e1 entregue \u00e0 C\u00e1ritas Diocesana de Leiria-F\u00e1tima, com o objetivo de apoiar fam\u00edlias afetadas pelo mau tempo que se fez sentir no \u00faltimo m\u00eas naquela regi\u00e3o.\",\"breadcrumb\":{\"@id\":\"https:\\\/\\\/www.altominho.tv\\\/site\\\/2026\\\/03\\\/05\\\/misterio-da-vinci-destina-bilheteira-a-familias-afetadas-pelo-mau-tempo\\\/#breadcrumb\"},\"inLanguage\":\"pt-PT\",\"potentialAction\":[{\"@type\":\"ReadAction\",\"target\":[\"https:\\\/\\\/www.altominho.tv\\\/site\\\/2026\\\/03\\\/05\\\/misterio-da-vinci-destina-bilheteira-a-familias-afetadas-pelo-mau-tempo\\\/\"]}]},{\"@type\":\"ImageObject\",\"inLanguage\":\"pt-PT\",\"@id\":\"https:\\\/\\\/www.altominho.tv\\\/site\\\/2026\\\/03\\\/05\\\/misterio-da-vinci-destina-bilheteira-a-familias-afetadas-pelo-mau-tempo\\\/#primaryimage\",\"url\":\"https:\\\/\\\/www.altominho.tv\\\/site\\\/wp-content\\\/uploads\\\/2026\\\/03\\\/teatro-viana.png\",\"contentUrl\":\"https:\\\/\\\/www.altominho.tv\\\/site\\\/wp-content\\\/uploads\\\/2026\\\/03\\\/teatro-viana.png\",\"width\":1200,\"height\":630},{\"@type\":\"BreadcrumbList\",\"@id\":\"https:\\\/\\\/www.altominho.tv\\\/site\\\/2026\\\/03\\\/05\\\/misterio-da-vinci-destina-bilheteira-a-familias-afetadas-pelo-mau-tempo\\\/#breadcrumb\",\"itemListElement\":[{\"@type\":\"ListItem\",\"position\":1,\"name\":\"In\u00edcio\",\"item\":\"https:\\\/\\\/www.altominho.tv\\\/site\\\/\"},{\"@type\":\"ListItem\",\"position\":2,\"name\":\"&#8220;Mist\u00e9rio da Vinci&#8221; destina bilheteira a fam\u00edlias afetadas pelo mau tempo\"}]},{\"@type\":\"WebSite\",\"@id\":\"https:\\\/\\\/www.altominho.tv\\\/site\\\/#website\",\"url\":\"https:\\\/\\\/www.altominho.tv\\\/site\\\/\",\"name\":\"Altominho.tv\",\"description\":\"A sua regi\u00e3o \u00e0 dist\u00e2ncia de um clique...\",\"potentialAction\":[{\"@type\":\"SearchAction\",\"target\":{\"@type\":\"EntryPoint\",\"urlTemplate\":\"https:\\\/\\\/www.altominho.tv\\\/site\\\/?s={search_term_string}\"},\"query-input\":{\"@type\":\"PropertyValueSpecification\",\"valueRequired\":true,\"valueName\":\"search_term_string\"}}],\"inLanguage\":\"pt-PT\"},{\"@type\":\"Person\",\"@id\":\"https:\\\/\\\/www.altominho.tv\\\/site\\\/#\\\/schema\\\/person\\\/c5570e5afb933b8d08c43373326ef1b1\",\"name\":\"Cesar Lopes\",\"image\":{\"@type\":\"ImageObject\",\"inLanguage\":\"pt-PT\",\"@id\":\"https:\\\/\\\/www.altominho.tv\\\/site\\\/wp-content\\\/uploads\\\/2022\\\/10\\\/Sem-Titulo-150x150.jpg\",\"url\":\"https:\\\/\\\/www.altominho.tv\\\/site\\\/wp-content\\\/uploads\\\/2022\\\/10\\\/Sem-Titulo-150x150.jpg\",\"contentUrl\":\"https:\\\/\\\/www.altominho.tv\\\/site\\\/wp-content\\\/uploads\\\/2022\\\/10\\\/Sem-Titulo-150x150.jpg\",\"caption\":\"Cesar Lopes\"},\"url\":\"https:\\\/\\\/www.altominho.tv\\\/site\\\/author\\\/cesarlopes\\\/\"}]}<\/script>\n<!-- \/ Yoast SEO Premium plugin. -->","yoast_head_json":{"title":"\"Mist\u00e9rio da Vinci\" destina bilheteira a fam\u00edlias afetadas pelo mau tempo","description":"O espet\u00e1culo \u201cMist\u00e9rio da Vinci\u201d, do Teatro do Noroeste, regressa ao palco do Teatro Municipal S\u00e1 de Miranda este s\u00e1bado, 7 de mar\u00e7o, para uma \u00faltima apresenta\u00e7\u00e3o em Viana do Castelo, associada a uma causa solid\u00e1ria. A totalidade da receita de bilheteira ser\u00e1 entregue \u00e0 C\u00e1ritas Diocesana de Leiria-F\u00e1tima, com o objetivo de apoiar fam\u00edlias afetadas pelo mau tempo que se fez sentir no \u00faltimo m\u00eas naquela regi\u00e3o.","robots":{"index":"index","follow":"follow","max-snippet":"max-snippet:-1","max-image-preview":"max-image-preview:large","max-video-preview":"max-video-preview:-1"},"canonical":"https:\/\/www.altominho.tv\/site\/2026\/03\/05\/misterio-da-vinci-destina-bilheteira-a-familias-afetadas-pelo-mau-tempo\/","og_locale":"pt_PT","og_type":"article","og_title":"\"Mist\u00e9rio da Vinci\" destina bilheteira a fam\u00edlias afetadas pelo mau tempo","og_description":"O espet\u00e1culo \u201cMist\u00e9rio da Vinci\u201d, do Teatro do Noroeste, regressa ao palco do Teatro Municipal S\u00e1 de Miranda este s\u00e1bado, 7 de mar\u00e7o, para uma \u00faltima apresenta\u00e7\u00e3o em Viana do Castelo, associada a uma causa solid\u00e1ria. A totalidade da receita de bilheteira ser\u00e1 entregue \u00e0 C\u00e1ritas Diocesana de Leiria-F\u00e1tima, com o objetivo de apoiar fam\u00edlias afetadas pelo mau tempo que se fez sentir no \u00faltimo m\u00eas naquela regi\u00e3o.","og_url":"https:\/\/www.altominho.tv\/site\/2026\/03\/05\/misterio-da-vinci-destina-bilheteira-a-familias-afetadas-pelo-mau-tempo\/","og_site_name":"Altominho.tv","article_publisher":"https:\/\/www.facebook.com\/altominhotv","article_published_time":"2026-03-05T21:30:00+00:00","article_modified_time":"2026-03-05T21:33:31+00:00","og_image":[{"width":1200,"height":630,"url":"https:\/\/www.altominho.tv\/site\/wp-content\/uploads\/2026\/03\/teatro-viana.png","type":"image\/png"}],"author":"Cesar Lopes","twitter_card":"summary_large_image","twitter_creator":"@altominhoTV","twitter_site":"@altominhoTV","twitter_misc":{"Escrito por":"Cesar Lopes","Tempo estimado de leitura":"2 minutos"},"schema":{"@context":"https:\/\/schema.org","@graph":[{"@type":"Article","@id":"https:\/\/www.altominho.tv\/site\/2026\/03\/05\/misterio-da-vinci-destina-bilheteira-a-familias-afetadas-pelo-mau-tempo\/#article","isPartOf":{"@id":"https:\/\/www.altominho.tv\/site\/2026\/03\/05\/misterio-da-vinci-destina-bilheteira-a-familias-afetadas-pelo-mau-tempo\/"},"author":{"name":"Cesar Lopes","@id":"https:\/\/www.altominho.tv\/site\/#\/schema\/person\/c5570e5afb933b8d08c43373326ef1b1"},"headline":"&#8220;Mist\u00e9rio da Vinci&#8221; destina bilheteira a fam\u00edlias afetadas pelo mau tempo","datePublished":"2026-03-05T21:30:00+00:00","dateModified":"2026-03-05T21:33:31+00:00","mainEntityOfPage":{"@id":"https:\/\/www.altominho.tv\/site\/2026\/03\/05\/misterio-da-vinci-destina-bilheteira-a-familias-afetadas-pelo-mau-tempo\/"},"wordCount":299,"image":{"@id":"https:\/\/www.altominho.tv\/site\/2026\/03\/05\/misterio-da-vinci-destina-bilheteira-a-familias-afetadas-pelo-mau-tempo\/#primaryimage"},"thumbnailUrl":"https:\/\/www.altominho.tv\/site\/wp-content\/uploads\/2026\/03\/teatro-viana.png","keywords":["Sociedade"],"articleSection":["Viana do Castelo"],"inLanguage":"pt-PT","copyrightYear":"2026","copyrightHolder":{"@id":"https:\/\/www.altominho.tv\/site\/#organization"}},{"@type":"WebPage","@id":"https:\/\/www.altominho.tv\/site\/2026\/03\/05\/misterio-da-vinci-destina-bilheteira-a-familias-afetadas-pelo-mau-tempo\/","url":"https:\/\/www.altominho.tv\/site\/2026\/03\/05\/misterio-da-vinci-destina-bilheteira-a-familias-afetadas-pelo-mau-tempo\/","name":"\"Mist\u00e9rio da Vinci\" destina bilheteira a fam\u00edlias afetadas pelo mau tempo","isPartOf":{"@id":"https:\/\/www.altominho.tv\/site\/#website"},"primaryImageOfPage":{"@id":"https:\/\/www.altominho.tv\/site\/2026\/03\/05\/misterio-da-vinci-destina-bilheteira-a-familias-afetadas-pelo-mau-tempo\/#primaryimage"},"image":{"@id":"https:\/\/www.altominho.tv\/site\/2026\/03\/05\/misterio-da-vinci-destina-bilheteira-a-familias-afetadas-pelo-mau-tempo\/#primaryimage"},"thumbnailUrl":"https:\/\/www.altominho.tv\/site\/wp-content\/uploads\/2026\/03\/teatro-viana.png","datePublished":"2026-03-05T21:30:00+00:00","dateModified":"2026-03-05T21:33:31+00:00","author":{"@id":"https:\/\/www.altominho.tv\/site\/#\/schema\/person\/c5570e5afb933b8d08c43373326ef1b1"},"description":"O espet\u00e1culo \u201cMist\u00e9rio da Vinci\u201d, do Teatro do Noroeste, regressa ao palco do Teatro Municipal S\u00e1 de Miranda este s\u00e1bado, 7 de mar\u00e7o, para uma \u00faltima apresenta\u00e7\u00e3o em Viana do Castelo, associada a uma causa solid\u00e1ria. A totalidade da receita de bilheteira ser\u00e1 entregue \u00e0 C\u00e1ritas Diocesana de Leiria-F\u00e1tima, com o objetivo de apoiar fam\u00edlias afetadas pelo mau tempo que se fez sentir no \u00faltimo m\u00eas naquela regi\u00e3o.","breadcrumb":{"@id":"https:\/\/www.altominho.tv\/site\/2026\/03\/05\/misterio-da-vinci-destina-bilheteira-a-familias-afetadas-pelo-mau-tempo\/#breadcrumb"},"inLanguage":"pt-PT","potentialAction":[{"@type":"ReadAction","target":["https:\/\/www.altominho.tv\/site\/2026\/03\/05\/misterio-da-vinci-destina-bilheteira-a-familias-afetadas-pelo-mau-tempo\/"]}]},{"@type":"ImageObject","inLanguage":"pt-PT","@id":"https:\/\/www.altominho.tv\/site\/2026\/03\/05\/misterio-da-vinci-destina-bilheteira-a-familias-afetadas-pelo-mau-tempo\/#primaryimage","url":"https:\/\/www.altominho.tv\/site\/wp-content\/uploads\/2026\/03\/teatro-viana.png","contentUrl":"https:\/\/www.altominho.tv\/site\/wp-content\/uploads\/2026\/03\/teatro-viana.png","width":1200,"height":630},{"@type":"BreadcrumbList","@id":"https:\/\/www.altominho.tv\/site\/2026\/03\/05\/misterio-da-vinci-destina-bilheteira-a-familias-afetadas-pelo-mau-tempo\/#breadcrumb","itemListElement":[{"@type":"ListItem","position":1,"name":"In\u00edcio","item":"https:\/\/www.altominho.tv\/site\/"},{"@type":"ListItem","position":2,"name":"&#8220;Mist\u00e9rio da Vinci&#8221; destina bilheteira a fam\u00edlias afetadas pelo mau tempo"}]},{"@type":"WebSite","@id":"https:\/\/www.altominho.tv\/site\/#website","url":"https:\/\/www.altominho.tv\/site\/","name":"Altominho.tv","description":"A sua regi\u00e3o \u00e0 dist\u00e2ncia de um clique...","potentialAction":[{"@type":"SearchAction","target":{"@type":"EntryPoint","urlTemplate":"https:\/\/www.altominho.tv\/site\/?s={search_term_string}"},"query-input":{"@type":"PropertyValueSpecification","valueRequired":true,"valueName":"search_term_string"}}],"inLanguage":"pt-PT"},{"@type":"Person","@id":"https:\/\/www.altominho.tv\/site\/#\/schema\/person\/c5570e5afb933b8d08c43373326ef1b1","name":"Cesar Lopes","image":{"@type":"ImageObject","inLanguage":"pt-PT","@id":"https:\/\/www.altominho.tv\/site\/wp-content\/uploads\/2022\/10\/Sem-Titulo-150x150.jpg","url":"https:\/\/www.altominho.tv\/site\/wp-content\/uploads\/2022\/10\/Sem-Titulo-150x150.jpg","contentUrl":"https:\/\/www.altominho.tv\/site\/wp-content\/uploads\/2022\/10\/Sem-Titulo-150x150.jpg","caption":"Cesar Lopes"},"url":"https:\/\/www.altominho.tv\/site\/author\/cesarlopes\/"}]}},"_links":{"self":[{"href":"https:\/\/www.altominho.tv\/site\/wp-json\/wp\/v2\/posts\/129469","targetHints":{"allow":["GET"]}}],"collection":[{"href":"https:\/\/www.altominho.tv\/site\/wp-json\/wp\/v2\/posts"}],"about":[{"href":"https:\/\/www.altominho.tv\/site\/wp-json\/wp\/v2\/types\/post"}],"author":[{"embeddable":true,"href":"https:\/\/www.altominho.tv\/site\/wp-json\/wp\/v2\/users\/24"}],"replies":[{"embeddable":true,"href":"https:\/\/www.altominho.tv\/site\/wp-json\/wp\/v2\/comments?post=129469"}],"version-history":[{"count":2,"href":"https:\/\/www.altominho.tv\/site\/wp-json\/wp\/v2\/posts\/129469\/revisions"}],"predecessor-version":[{"id":129472,"href":"https:\/\/www.altominho.tv\/site\/wp-json\/wp\/v2\/posts\/129469\/revisions\/129472"}],"wp:featuredmedia":[{"embeddable":true,"href":"https:\/\/www.altominho.tv\/site\/wp-json\/wp\/v2\/media\/129470"}],"wp:attachment":[{"href":"https:\/\/www.altominho.tv\/site\/wp-json\/wp\/v2\/media?parent=129469"}],"wp:term":[{"taxonomy":"category","embeddable":true,"href":"https:\/\/www.altominho.tv\/site\/wp-json\/wp\/v2\/categories?post=129469"},{"taxonomy":"post_tag","embeddable":true,"href":"https:\/\/www.altominho.tv\/site\/wp-json\/wp\/v2\/tags?post=129469"}],"curies":[{"name":"wp","href":"https:\/\/api.w.org\/{rel}","templated":true}]}}