{"id":129462,"date":"2026-03-05T17:10:45","date_gmt":"2026-03-05T17:10:45","guid":{"rendered":"https:\/\/www.altominho.tv\/site\/?p=129462"},"modified":"2026-03-05T17:45:39","modified_gmt":"2026-03-05T17:45:39","slug":"derrocada-no-forte-da-insua-doloroso-e-uma-palavra-tenue-para-exprimir-o-que-se-sente","status":"publish","type":"post","link":"https:\/\/www.altominho.tv\/site\/2026\/03\/05\/derrocada-no-forte-da-insua-doloroso-e-uma-palavra-tenue-para-exprimir-o-que-se-sente\/","title":{"rendered":"Derrocada no Forte da \u00cdnsua: &#8220;Doloroso \u00e9 uma palavra t\u00e9nue para exprimir o que se sente&#8221;"},"content":{"rendered":"<p data-start=\"67\" data-end=\"451\">Parte da muralha do hist\u00f3rico <span class=\"hover:entity-accent entity-underline inline cursor-pointer align-baseline\"><span class=\"whitespace-normal\">Forte da \u00cdnsua<\/span><\/span> sofreu uma derrocada recente, situa\u00e7\u00e3o que est\u00e1 a gerar preocupa\u00e7\u00e3o no munic\u00edpio de <span class=\"hover:entity-accent entity-underline inline cursor-pointer align-baseline\"><span class=\"whitespace-normal\">Caminha<\/span><\/span>. A presidente da c\u00e2mara, <span class=\"hover:entity-accent entity-underline inline cursor-pointer align-baseline\"><span class=\"whitespace-normal\">Liliana Silva<\/span><\/span>, revelou hoje \u00e0 <strong>Altominho TV<\/strong> que o alerta chegou na quarta-feira, atrav\u00e9s de imagens captadas por uma empresa que se encontrava na zona.<\/p>\n<p data-start=\"453\" data-end=\"735\">\u201cConfesso que dizer que \u00e9 doloroso \u00e9 uma palavra muito t\u00e9nue para exprimir o que uma pessoa sente quando v\u00ea aquilo que \u00e9 o nosso patrim\u00f3nio, um monumento nacional, a cair, depois de tudo o que j\u00e1 nos aconteceu\u201d, afirma a autarca, manifestando preocupa\u00e7\u00e3o com o estado da estrutura.<\/p>\n<p data-start=\"737\" data-end=\"1469\">Segundo Liliana Silva, o munic\u00edpio teve conhecimento da situa\u00e7\u00e3o por volta do meio-dia, ap\u00f3s o alerta de uma empresa que se deslocou ao local para fazer imagens relacionadas com um naufr\u00e1gio. \u201cComo \u00e9 \u00f3bvio, este n\u00e3o \u00e9 um local onde possamos ir por norma.\u00a0 Parte da muralha j\u00e1 derrocou, tem uma parte em baixo, junto \u00e0 areia, que j\u00e1 est\u00e1 em oco. Preocupa-nos muito que, com estas tempestades mar\u00edtimas, possa degradar ainda mais aquela parte\u201d, explica.<\/p>\n<p data-start=\"1471\" data-end=\"1989\">A autarquia j\u00e1 comunicou a situa\u00e7\u00e3o \u00e0s entidades competentes e tamb\u00e9m \u00e0 empresa que det\u00e9m o arrendamento do monumento, a <span class=\"hover:entity-accent entity-underline inline cursor-pointer align-baseline\"><span class=\"whitespace-normal\">DiverLanhoso<\/span><\/span>.<\/p>\n<p data-start=\"1471\" data-end=\"1989\">De acordo com a presidente da C\u00e2mara, os pr\u00f3ximos passos dependem da evolu\u00e7\u00e3o das condi\u00e7\u00f5es do mar. \u201cTemos de aguardar que o mar acalme, para podermos l\u00e1 ir, verificar e comunicar \u00e0s entidades para elas depois procederem \u00e0 reposi\u00e7\u00e3o. Esperando n\u00f3s que n\u00e3o caia a muralha toda. Para j\u00e1 \u00e9 s\u00f3 uma parte, mas levou um desbaste muito grande.\u201d<\/p>\n<p data-start=\"1991\" data-end=\"2327\">A autarca lamenta ainda o facto de o concelho ter sido fortemente afetado pelas recentes intemp\u00e9ries no litoral: \u201cNo Alto Minho, Caminha foi o concelho que mais sofreu com as intemp\u00e9ries em termos de costa. Em Lanhelas, em Seixas, em Vila Praia de \u00c2ncora, Moledo\u2026 Isto \u00e9 desesperante para qualquer cidad\u00e3o, quanto mais para qualquer autarca.\u201d<\/p>\n<p data-start=\"2329\" data-end=\"2577\">A previs\u00e3o de nova agita\u00e7\u00e3o mar\u00edtima nos pr\u00f3ximos dias aumenta a apreens\u00e3o. \u201cAinda por cima temos a agravante de que h\u00e1 um aumento de mar nos pr\u00f3ximos dias, vai haver uma agita\u00e7\u00e3o mar\u00edtima elevada e tememos o que pode vir a acontecer ali\u201d, alerta.<\/p>\n<p data-start=\"2579\" data-end=\"3126\">Perante este cen\u00e1rio, Liliana Silva defende interven\u00e7\u00f5es estruturais na orla costeira do concelho. \u201cTemos que agir, minimizar e mitigar os impactos que isto possa ter agora e num futuro pr\u00f3ximo, com o aproximar da \u00e9poca balnear, do ver\u00e3o, em que as pessoas v\u00eam para o nosso concelho e querem usufruir de todas as potencialidades e n\u00f3s come\u00e7amos a ver o nosso concelho a ruir, precisamente na parte da costa. Temos que fazer interven\u00e7\u00f5es muito s\u00e9rias, um investimento muito grande, um esfor\u00e7o muito grande, mas estamos c\u00e1 para trabalhar\u201d, concluiu.<\/p>\n<p data-start=\"3128\" data-end=\"3589\">Situado na \u00cdnsua de Santo Isidro, a cerca de 200 metros da costa de Caminha, o Forte da \u00cdnsua tem origens que remontam a 1392, embora a fortifica\u00e7\u00e3o atual tenha sido erguida durante o reinado de <span class=\"hover:entity-accent entity-underline inline cursor-pointer align-baseline\"><span class=\"whitespace-normal\">Jo\u00e3o IV de Portugal<\/span><\/span>. Inicialmente utilizado como local de culto \u2014 conhecido pelos portugueses como Santa Maria da \u00cdnsua e pelos espanh\u00f3is como Santa Maria de Carmes \u2014 o espa\u00e7o foi posteriormente ocupado por for\u00e7as militares em per\u00edodos de conflito.<\/p>\n<p data-start=\"3591\" data-end=\"3812\" data-is-last-node=\"\" data-is-only-node=\"\">Classificado como Monumento Nacional desde 1910, o <span class=\"hover:entity-accent entity-underline inline cursor-pointer align-baseline\"><span class=\"whitespace-normal\">Forte da \u00cdnsua<\/span><\/span> \u00e9 considerado um dos principais s\u00edmbolos hist\u00f3ricos e culturais do concelho de Caminha e um marco relevante da hist\u00f3ria de Portugal.<\/p>\n<p data-start=\"3591\" data-end=\"3812\" data-is-last-node=\"\" data-is-only-node=\"\">\n<p data-start=\"3591\" data-end=\"3812\" data-is-last-node=\"\" data-is-only-node=\"\">Fotos: <strong>Altominho TV\/Munic\u00edpio de Caminha<\/strong><\/p>\n","protected":false},"excerpt":{"rendered":"<p>Parte da muralha do hist\u00f3rico Forte da \u00cdnsua sofreu uma derrocada recente, situa\u00e7\u00e3o que est\u00e1 a gerar preocupa\u00e7\u00e3o no munic\u00edpio de Caminha. A presidente da c\u00e2mara, Liliana Silva, revelou hoje \u00e0 Altominho TV que o alerta chegou na quarta-feira, atrav\u00e9s de imagens captadas por uma empresa que se encontrava na zona. \u201cConfesso que dizer que [&hellip;]<\/p>\n","protected":false},"author":24,"featured_media":129460,"comment_status":"closed","ping_status":"closed","sticky":false,"template":"","format":"standard","meta":{"_exactmetrics_skip_tracking":false,"_exactmetrics_sitenote_active":false,"_exactmetrics_sitenote_note":"","_exactmetrics_sitenote_category":0,"footnotes":""},"categories":[7],"tags":[27],"class_list":["post-129462","post","type-post","status-publish","format-standard","has-post-thumbnail","hentry","category-caminha","tag-sociedade"],"yoast_head":"<!-- This site is optimized with the Yoast SEO Premium plugin v27.5 (Yoast SEO v27.5) - https:\/\/yoast.com\/product\/yoast-seo-premium-wordpress\/ -->\n<title>Derrocada no Forte da \u00cdnsua: &quot;Doloroso \u00e9 uma palavra t\u00e9nue para exprimir o que se sente&quot;<\/title>\n<meta name=\"description\" content=\"Parte da muralha do hist\u00f3rico Forte da \u00cdnsua sofreu uma derrocada recente, situa\u00e7\u00e3o que est\u00e1 a gerar preocupa\u00e7\u00e3o no munic\u00edpio de Caminha. A presidente da c\u00e2mara, Liliana Silva, revelou \u00e0 Altominho TV que o alerta chegou na quarta-feira, atrav\u00e9s de imagens captadas por uma empresa que se encontrava na zona.\" \/>\n<meta name=\"robots\" content=\"index, follow, max-snippet:-1, max-image-preview:large, max-video-preview:-1\" \/>\n<link rel=\"canonical\" href=\"https:\/\/www.altominho.tv\/site\/2026\/03\/05\/derrocada-no-forte-da-insua-doloroso-e-uma-palavra-tenue-para-exprimir-o-que-se-sente\/\" \/>\n<meta property=\"og:locale\" content=\"pt_PT\" \/>\n<meta property=\"og:type\" content=\"article\" \/>\n<meta property=\"og:title\" content=\"Derrocada no Forte da \u00cdnsua: &quot;Doloroso \u00e9 uma palavra t\u00e9nue para exprimir o que se sente&quot;\" \/>\n<meta property=\"og:description\" content=\"Parte da muralha do hist\u00f3rico Forte da \u00cdnsua sofreu uma derrocada recente, situa\u00e7\u00e3o que est\u00e1 a gerar preocupa\u00e7\u00e3o no munic\u00edpio de Caminha. A presidente da c\u00e2mara, Liliana Silva, revelou \u00e0 Altominho TV que o alerta chegou na quarta-feira, atrav\u00e9s de imagens captadas por uma empresa que se encontrava na zona.\" \/>\n<meta property=\"og:url\" content=\"https:\/\/www.altominho.tv\/site\/2026\/03\/05\/derrocada-no-forte-da-insua-doloroso-e-uma-palavra-tenue-para-exprimir-o-que-se-sente\/\" \/>\n<meta property=\"og:site_name\" content=\"Altominho.tv\" \/>\n<meta property=\"article:publisher\" content=\"https:\/\/www.facebook.com\/altominhotv\" \/>\n<meta property=\"article:published_time\" content=\"2026-03-05T17:10:45+00:00\" \/>\n<meta property=\"article:modified_time\" content=\"2026-03-05T17:45:39+00:00\" \/>\n<meta property=\"og:image\" content=\"https:\/\/www.altominho.tv\/site\/wp-content\/uploads\/2026\/03\/insua-2.png\" \/>\n\t<meta property=\"og:image:width\" content=\"1200\" \/>\n\t<meta property=\"og:image:height\" content=\"630\" \/>\n\t<meta property=\"og:image:type\" content=\"image\/png\" \/>\n<meta name=\"author\" content=\"Cesar Lopes\" \/>\n<meta name=\"twitter:card\" content=\"summary_large_image\" \/>\n<meta name=\"twitter:creator\" content=\"@altominhoTV\" \/>\n<meta name=\"twitter:site\" content=\"@altominhoTV\" \/>\n<meta name=\"twitter:label1\" content=\"Escrito por\" \/>\n\t<meta name=\"twitter:data1\" content=\"Cesar Lopes\" \/>\n\t<meta name=\"twitter:label2\" content=\"Tempo estimado de leitura\" \/>\n\t<meta name=\"twitter:data2\" content=\"4 minutos\" \/>\n<script type=\"application\/ld+json\" class=\"yoast-schema-graph\">{\"@context\":\"https:\\\/\\\/schema.org\",\"@graph\":[{\"@type\":\"Article\",\"@id\":\"https:\\\/\\\/www.altominho.tv\\\/site\\\/2026\\\/03\\\/05\\\/derrocada-no-forte-da-insua-doloroso-e-uma-palavra-tenue-para-exprimir-o-que-se-sente\\\/#article\",\"isPartOf\":{\"@id\":\"https:\\\/\\\/www.altominho.tv\\\/site\\\/2026\\\/03\\\/05\\\/derrocada-no-forte-da-insua-doloroso-e-uma-palavra-tenue-para-exprimir-o-que-se-sente\\\/\"},\"author\":{\"name\":\"Cesar Lopes\",\"@id\":\"https:\\\/\\\/www.altominho.tv\\\/site\\\/#\\\/schema\\\/person\\\/c5570e5afb933b8d08c43373326ef1b1\"},\"headline\":\"Derrocada no Forte da \u00cdnsua: &#8220;Doloroso \u00e9 uma palavra t\u00e9nue para exprimir o que se sente&#8221;\",\"datePublished\":\"2026-03-05T17:10:45+00:00\",\"dateModified\":\"2026-03-05T17:45:39+00:00\",\"mainEntityOfPage\":{\"@id\":\"https:\\\/\\\/www.altominho.tv\\\/site\\\/2026\\\/03\\\/05\\\/derrocada-no-forte-da-insua-doloroso-e-uma-palavra-tenue-para-exprimir-o-que-se-sente\\\/\"},\"wordCount\":613,\"image\":{\"@id\":\"https:\\\/\\\/www.altominho.tv\\\/site\\\/2026\\\/03\\\/05\\\/derrocada-no-forte-da-insua-doloroso-e-uma-palavra-tenue-para-exprimir-o-que-se-sente\\\/#primaryimage\"},\"thumbnailUrl\":\"https:\\\/\\\/www.altominho.tv\\\/site\\\/wp-content\\\/uploads\\\/2026\\\/03\\\/insua-2.png\",\"keywords\":[\"Sociedade\"],\"articleSection\":[\"Caminha\"],\"inLanguage\":\"pt-PT\",\"copyrightYear\":\"2026\",\"copyrightHolder\":{\"@id\":\"https:\\\/\\\/www.altominho.tv\\\/site\\\/#organization\"}},{\"@type\":\"WebPage\",\"@id\":\"https:\\\/\\\/www.altominho.tv\\\/site\\\/2026\\\/03\\\/05\\\/derrocada-no-forte-da-insua-doloroso-e-uma-palavra-tenue-para-exprimir-o-que-se-sente\\\/\",\"url\":\"https:\\\/\\\/www.altominho.tv\\\/site\\\/2026\\\/03\\\/05\\\/derrocada-no-forte-da-insua-doloroso-e-uma-palavra-tenue-para-exprimir-o-que-se-sente\\\/\",\"name\":\"Derrocada no Forte da \u00cdnsua: \\\"Doloroso \u00e9 uma palavra t\u00e9nue para exprimir o que se sente\\\"\",\"isPartOf\":{\"@id\":\"https:\\\/\\\/www.altominho.tv\\\/site\\\/#website\"},\"primaryImageOfPage\":{\"@id\":\"https:\\\/\\\/www.altominho.tv\\\/site\\\/2026\\\/03\\\/05\\\/derrocada-no-forte-da-insua-doloroso-e-uma-palavra-tenue-para-exprimir-o-que-se-sente\\\/#primaryimage\"},\"image\":{\"@id\":\"https:\\\/\\\/www.altominho.tv\\\/site\\\/2026\\\/03\\\/05\\\/derrocada-no-forte-da-insua-doloroso-e-uma-palavra-tenue-para-exprimir-o-que-se-sente\\\/#primaryimage\"},\"thumbnailUrl\":\"https:\\\/\\\/www.altominho.tv\\\/site\\\/wp-content\\\/uploads\\\/2026\\\/03\\\/insua-2.png\",\"datePublished\":\"2026-03-05T17:10:45+00:00\",\"dateModified\":\"2026-03-05T17:45:39+00:00\",\"author\":{\"@id\":\"https:\\\/\\\/www.altominho.tv\\\/site\\\/#\\\/schema\\\/person\\\/c5570e5afb933b8d08c43373326ef1b1\"},\"description\":\"Parte da muralha do hist\u00f3rico Forte da \u00cdnsua sofreu uma derrocada recente, situa\u00e7\u00e3o que est\u00e1 a gerar preocupa\u00e7\u00e3o no munic\u00edpio de Caminha. A presidente da c\u00e2mara, Liliana Silva, revelou \u00e0 Altominho TV que o alerta chegou na quarta-feira, atrav\u00e9s de imagens captadas por uma empresa que se encontrava na zona.\",\"breadcrumb\":{\"@id\":\"https:\\\/\\\/www.altominho.tv\\\/site\\\/2026\\\/03\\\/05\\\/derrocada-no-forte-da-insua-doloroso-e-uma-palavra-tenue-para-exprimir-o-que-se-sente\\\/#breadcrumb\"},\"inLanguage\":\"pt-PT\",\"potentialAction\":[{\"@type\":\"ReadAction\",\"target\":[\"https:\\\/\\\/www.altominho.tv\\\/site\\\/2026\\\/03\\\/05\\\/derrocada-no-forte-da-insua-doloroso-e-uma-palavra-tenue-para-exprimir-o-que-se-sente\\\/\"]}]},{\"@type\":\"ImageObject\",\"inLanguage\":\"pt-PT\",\"@id\":\"https:\\\/\\\/www.altominho.tv\\\/site\\\/2026\\\/03\\\/05\\\/derrocada-no-forte-da-insua-doloroso-e-uma-palavra-tenue-para-exprimir-o-que-se-sente\\\/#primaryimage\",\"url\":\"https:\\\/\\\/www.altominho.tv\\\/site\\\/wp-content\\\/uploads\\\/2026\\\/03\\\/insua-2.png\",\"contentUrl\":\"https:\\\/\\\/www.altominho.tv\\\/site\\\/wp-content\\\/uploads\\\/2026\\\/03\\\/insua-2.png\",\"width\":1200,\"height\":630},{\"@type\":\"BreadcrumbList\",\"@id\":\"https:\\\/\\\/www.altominho.tv\\\/site\\\/2026\\\/03\\\/05\\\/derrocada-no-forte-da-insua-doloroso-e-uma-palavra-tenue-para-exprimir-o-que-se-sente\\\/#breadcrumb\",\"itemListElement\":[{\"@type\":\"ListItem\",\"position\":1,\"name\":\"In\u00edcio\",\"item\":\"https:\\\/\\\/www.altominho.tv\\\/site\\\/\"},{\"@type\":\"ListItem\",\"position\":2,\"name\":\"Derrocada no Forte da \u00cdnsua: &#8220;Doloroso \u00e9 uma palavra t\u00e9nue para exprimir o que se sente&#8221;\"}]},{\"@type\":\"WebSite\",\"@id\":\"https:\\\/\\\/www.altominho.tv\\\/site\\\/#website\",\"url\":\"https:\\\/\\\/www.altominho.tv\\\/site\\\/\",\"name\":\"Altominho.tv\",\"description\":\"A sua regi\u00e3o \u00e0 dist\u00e2ncia de um clique...\",\"potentialAction\":[{\"@type\":\"SearchAction\",\"target\":{\"@type\":\"EntryPoint\",\"urlTemplate\":\"https:\\\/\\\/www.altominho.tv\\\/site\\\/?s={search_term_string}\"},\"query-input\":{\"@type\":\"PropertyValueSpecification\",\"valueRequired\":true,\"valueName\":\"search_term_string\"}}],\"inLanguage\":\"pt-PT\"},{\"@type\":\"Person\",\"@id\":\"https:\\\/\\\/www.altominho.tv\\\/site\\\/#\\\/schema\\\/person\\\/c5570e5afb933b8d08c43373326ef1b1\",\"name\":\"Cesar Lopes\",\"image\":{\"@type\":\"ImageObject\",\"inLanguage\":\"pt-PT\",\"@id\":\"https:\\\/\\\/www.altominho.tv\\\/site\\\/wp-content\\\/uploads\\\/2022\\\/10\\\/Sem-Titulo-150x150.jpg\",\"url\":\"https:\\\/\\\/www.altominho.tv\\\/site\\\/wp-content\\\/uploads\\\/2022\\\/10\\\/Sem-Titulo-150x150.jpg\",\"contentUrl\":\"https:\\\/\\\/www.altominho.tv\\\/site\\\/wp-content\\\/uploads\\\/2022\\\/10\\\/Sem-Titulo-150x150.jpg\",\"caption\":\"Cesar Lopes\"},\"url\":\"https:\\\/\\\/www.altominho.tv\\\/site\\\/author\\\/cesarlopes\\\/\"}]}<\/script>\n<!-- \/ Yoast SEO Premium plugin. -->","yoast_head_json":{"title":"Derrocada no Forte da \u00cdnsua: \"Doloroso \u00e9 uma palavra t\u00e9nue para exprimir o que se sente\"","description":"Parte da muralha do hist\u00f3rico Forte da \u00cdnsua sofreu uma derrocada recente, situa\u00e7\u00e3o que est\u00e1 a gerar preocupa\u00e7\u00e3o no munic\u00edpio de Caminha. A presidente da c\u00e2mara, Liliana Silva, revelou \u00e0 Altominho TV que o alerta chegou na quarta-feira, atrav\u00e9s de imagens captadas por uma empresa que se encontrava na zona.","robots":{"index":"index","follow":"follow","max-snippet":"max-snippet:-1","max-image-preview":"max-image-preview:large","max-video-preview":"max-video-preview:-1"},"canonical":"https:\/\/www.altominho.tv\/site\/2026\/03\/05\/derrocada-no-forte-da-insua-doloroso-e-uma-palavra-tenue-para-exprimir-o-que-se-sente\/","og_locale":"pt_PT","og_type":"article","og_title":"Derrocada no Forte da \u00cdnsua: \"Doloroso \u00e9 uma palavra t\u00e9nue para exprimir o que se sente\"","og_description":"Parte da muralha do hist\u00f3rico Forte da \u00cdnsua sofreu uma derrocada recente, situa\u00e7\u00e3o que est\u00e1 a gerar preocupa\u00e7\u00e3o no munic\u00edpio de Caminha. A presidente da c\u00e2mara, Liliana Silva, revelou \u00e0 Altominho TV que o alerta chegou na quarta-feira, atrav\u00e9s de imagens captadas por uma empresa que se encontrava na zona.","og_url":"https:\/\/www.altominho.tv\/site\/2026\/03\/05\/derrocada-no-forte-da-insua-doloroso-e-uma-palavra-tenue-para-exprimir-o-que-se-sente\/","og_site_name":"Altominho.tv","article_publisher":"https:\/\/www.facebook.com\/altominhotv","article_published_time":"2026-03-05T17:10:45+00:00","article_modified_time":"2026-03-05T17:45:39+00:00","og_image":[{"width":1200,"height":630,"url":"https:\/\/www.altominho.tv\/site\/wp-content\/uploads\/2026\/03\/insua-2.png","type":"image\/png"}],"author":"Cesar Lopes","twitter_card":"summary_large_image","twitter_creator":"@altominhoTV","twitter_site":"@altominhoTV","twitter_misc":{"Escrito por":"Cesar Lopes","Tempo estimado de leitura":"4 minutos"},"schema":{"@context":"https:\/\/schema.org","@graph":[{"@type":"Article","@id":"https:\/\/www.altominho.tv\/site\/2026\/03\/05\/derrocada-no-forte-da-insua-doloroso-e-uma-palavra-tenue-para-exprimir-o-que-se-sente\/#article","isPartOf":{"@id":"https:\/\/www.altominho.tv\/site\/2026\/03\/05\/derrocada-no-forte-da-insua-doloroso-e-uma-palavra-tenue-para-exprimir-o-que-se-sente\/"},"author":{"name":"Cesar Lopes","@id":"https:\/\/www.altominho.tv\/site\/#\/schema\/person\/c5570e5afb933b8d08c43373326ef1b1"},"headline":"Derrocada no Forte da \u00cdnsua: &#8220;Doloroso \u00e9 uma palavra t\u00e9nue para exprimir o que se sente&#8221;","datePublished":"2026-03-05T17:10:45+00:00","dateModified":"2026-03-05T17:45:39+00:00","mainEntityOfPage":{"@id":"https:\/\/www.altominho.tv\/site\/2026\/03\/05\/derrocada-no-forte-da-insua-doloroso-e-uma-palavra-tenue-para-exprimir-o-que-se-sente\/"},"wordCount":613,"image":{"@id":"https:\/\/www.altominho.tv\/site\/2026\/03\/05\/derrocada-no-forte-da-insua-doloroso-e-uma-palavra-tenue-para-exprimir-o-que-se-sente\/#primaryimage"},"thumbnailUrl":"https:\/\/www.altominho.tv\/site\/wp-content\/uploads\/2026\/03\/insua-2.png","keywords":["Sociedade"],"articleSection":["Caminha"],"inLanguage":"pt-PT","copyrightYear":"2026","copyrightHolder":{"@id":"https:\/\/www.altominho.tv\/site\/#organization"}},{"@type":"WebPage","@id":"https:\/\/www.altominho.tv\/site\/2026\/03\/05\/derrocada-no-forte-da-insua-doloroso-e-uma-palavra-tenue-para-exprimir-o-que-se-sente\/","url":"https:\/\/www.altominho.tv\/site\/2026\/03\/05\/derrocada-no-forte-da-insua-doloroso-e-uma-palavra-tenue-para-exprimir-o-que-se-sente\/","name":"Derrocada no Forte da \u00cdnsua: \"Doloroso \u00e9 uma palavra t\u00e9nue para exprimir o que se sente\"","isPartOf":{"@id":"https:\/\/www.altominho.tv\/site\/#website"},"primaryImageOfPage":{"@id":"https:\/\/www.altominho.tv\/site\/2026\/03\/05\/derrocada-no-forte-da-insua-doloroso-e-uma-palavra-tenue-para-exprimir-o-que-se-sente\/#primaryimage"},"image":{"@id":"https:\/\/www.altominho.tv\/site\/2026\/03\/05\/derrocada-no-forte-da-insua-doloroso-e-uma-palavra-tenue-para-exprimir-o-que-se-sente\/#primaryimage"},"thumbnailUrl":"https:\/\/www.altominho.tv\/site\/wp-content\/uploads\/2026\/03\/insua-2.png","datePublished":"2026-03-05T17:10:45+00:00","dateModified":"2026-03-05T17:45:39+00:00","author":{"@id":"https:\/\/www.altominho.tv\/site\/#\/schema\/person\/c5570e5afb933b8d08c43373326ef1b1"},"description":"Parte da muralha do hist\u00f3rico Forte da \u00cdnsua sofreu uma derrocada recente, situa\u00e7\u00e3o que est\u00e1 a gerar preocupa\u00e7\u00e3o no munic\u00edpio de Caminha. A presidente da c\u00e2mara, Liliana Silva, revelou \u00e0 Altominho TV que o alerta chegou na quarta-feira, atrav\u00e9s de imagens captadas por uma empresa que se encontrava na zona.","breadcrumb":{"@id":"https:\/\/www.altominho.tv\/site\/2026\/03\/05\/derrocada-no-forte-da-insua-doloroso-e-uma-palavra-tenue-para-exprimir-o-que-se-sente\/#breadcrumb"},"inLanguage":"pt-PT","potentialAction":[{"@type":"ReadAction","target":["https:\/\/www.altominho.tv\/site\/2026\/03\/05\/derrocada-no-forte-da-insua-doloroso-e-uma-palavra-tenue-para-exprimir-o-que-se-sente\/"]}]},{"@type":"ImageObject","inLanguage":"pt-PT","@id":"https:\/\/www.altominho.tv\/site\/2026\/03\/05\/derrocada-no-forte-da-insua-doloroso-e-uma-palavra-tenue-para-exprimir-o-que-se-sente\/#primaryimage","url":"https:\/\/www.altominho.tv\/site\/wp-content\/uploads\/2026\/03\/insua-2.png","contentUrl":"https:\/\/www.altominho.tv\/site\/wp-content\/uploads\/2026\/03\/insua-2.png","width":1200,"height":630},{"@type":"BreadcrumbList","@id":"https:\/\/www.altominho.tv\/site\/2026\/03\/05\/derrocada-no-forte-da-insua-doloroso-e-uma-palavra-tenue-para-exprimir-o-que-se-sente\/#breadcrumb","itemListElement":[{"@type":"ListItem","position":1,"name":"In\u00edcio","item":"https:\/\/www.altominho.tv\/site\/"},{"@type":"ListItem","position":2,"name":"Derrocada no Forte da \u00cdnsua: &#8220;Doloroso \u00e9 uma palavra t\u00e9nue para exprimir o que se sente&#8221;"}]},{"@type":"WebSite","@id":"https:\/\/www.altominho.tv\/site\/#website","url":"https:\/\/www.altominho.tv\/site\/","name":"Altominho.tv","description":"A sua regi\u00e3o \u00e0 dist\u00e2ncia de um clique...","potentialAction":[{"@type":"SearchAction","target":{"@type":"EntryPoint","urlTemplate":"https:\/\/www.altominho.tv\/site\/?s={search_term_string}"},"query-input":{"@type":"PropertyValueSpecification","valueRequired":true,"valueName":"search_term_string"}}],"inLanguage":"pt-PT"},{"@type":"Person","@id":"https:\/\/www.altominho.tv\/site\/#\/schema\/person\/c5570e5afb933b8d08c43373326ef1b1","name":"Cesar Lopes","image":{"@type":"ImageObject","inLanguage":"pt-PT","@id":"https:\/\/www.altominho.tv\/site\/wp-content\/uploads\/2022\/10\/Sem-Titulo-150x150.jpg","url":"https:\/\/www.altominho.tv\/site\/wp-content\/uploads\/2022\/10\/Sem-Titulo-150x150.jpg","contentUrl":"https:\/\/www.altominho.tv\/site\/wp-content\/uploads\/2022\/10\/Sem-Titulo-150x150.jpg","caption":"Cesar Lopes"},"url":"https:\/\/www.altominho.tv\/site\/author\/cesarlopes\/"}]}},"_links":{"self":[{"href":"https:\/\/www.altominho.tv\/site\/wp-json\/wp\/v2\/posts\/129462","targetHints":{"allow":["GET"]}}],"collection":[{"href":"https:\/\/www.altominho.tv\/site\/wp-json\/wp\/v2\/posts"}],"about":[{"href":"https:\/\/www.altominho.tv\/site\/wp-json\/wp\/v2\/types\/post"}],"author":[{"embeddable":true,"href":"https:\/\/www.altominho.tv\/site\/wp-json\/wp\/v2\/users\/24"}],"replies":[{"embeddable":true,"href":"https:\/\/www.altominho.tv\/site\/wp-json\/wp\/v2\/comments?post=129462"}],"version-history":[{"count":1,"href":"https:\/\/www.altominho.tv\/site\/wp-json\/wp\/v2\/posts\/129462\/revisions"}],"predecessor-version":[{"id":129463,"href":"https:\/\/www.altominho.tv\/site\/wp-json\/wp\/v2\/posts\/129462\/revisions\/129463"}],"wp:featuredmedia":[{"embeddable":true,"href":"https:\/\/www.altominho.tv\/site\/wp-json\/wp\/v2\/media\/129460"}],"wp:attachment":[{"href":"https:\/\/www.altominho.tv\/site\/wp-json\/wp\/v2\/media?parent=129462"}],"wp:term":[{"taxonomy":"category","embeddable":true,"href":"https:\/\/www.altominho.tv\/site\/wp-json\/wp\/v2\/categories?post=129462"},{"taxonomy":"post_tag","embeddable":true,"href":"https:\/\/www.altominho.tv\/site\/wp-json\/wp\/v2\/tags?post=129462"}],"curies":[{"name":"wp","href":"https:\/\/api.w.org\/{rel}","templated":true}]}}