{"id":129439,"date":"2026-03-05T14:09:08","date_gmt":"2026-03-05T14:09:08","guid":{"rendered":"https:\/\/www.altominho.tv\/site\/?p=129439"},"modified":"2026-03-05T14:17:27","modified_gmt":"2026-03-05T14:17:27","slug":"carlos-sampaio-ouvido-no-parlamento-sobre-peticao-pela-valorizacao-da-enfermagem","status":"publish","type":"post","link":"https:\/\/www.altominho.tv\/site\/2026\/03\/05\/carlos-sampaio-ouvido-no-parlamento-sobre-peticao-pela-valorizacao-da-enfermagem\/","title":{"rendered":"Carlos Sampaio ouvido no Parlamento sobre peti\u00e7\u00e3o pela valoriza\u00e7\u00e3o da enfermagem"},"content":{"rendered":"<p data-start=\"93\" data-end=\"495\">Carlos Sampaio, 53 anos, enfermeiro natural de Vila Praia de \u00c2ncora, foi ouvido na Comiss\u00e3o de Sa\u00fade da Assembleia da Rep\u00fablica no \u00e2mbito da peti\u00e7\u00e3o intitulada \u201cPela Dignidade da Enfermagem, pela Transpar\u00eancia do Acordo Coletivo de Trabalho (ACT) e pela Defesa do Servi\u00e7o Nacional de Sa\u00fade (SNS)\u201d. Durante a audi\u00e7\u00e3o, respondeu \u00e0s quest\u00f5es colocadas pelos deputados sobre as principais preocupa\u00e7\u00f5es apresentadas no documento.<\/p>\n<p data-start=\"497\" data-end=\"980\">Entre os temas abordados estiveram a transpar\u00eancia no processo negocial do novo Acordo Coletivo de Trabalho da enfermagem, o impacto das cargas hor\u00e1rias na seguran\u00e7a dos cuidados prestados, a valoriza\u00e7\u00e3o da profiss\u00e3o e as dificuldades na reten\u00e7\u00e3o de profissionais no Servi\u00e7o Nacional de Sa\u00fade.<\/p>\n<p data-start=\"497\" data-end=\"980\">A peti\u00e7\u00e3o defende a divulga\u00e7\u00e3o integral das cl\u00e1usulas em negocia\u00e7\u00e3o e alerta para poss\u00edveis altera\u00e7\u00f5es que, segundo os subscritores, poder\u00e3o afetar as condi\u00e7\u00f5es de trabalho dos enfermeiros.<\/p>\n<p data-start=\"982\" data-end=\"1344\">O documento re\u00fane 16.590 assinaturas e foi apresentado por um grupo de profissionais que solicita uma maior interven\u00e7\u00e3o da Assembleia da Rep\u00fablica no acompanhamento do processo negocial.<\/p>\n<p data-start=\"982\" data-end=\"1344\">Entre as reivindica\u00e7\u00f5es destacam-se a contrata\u00e7\u00e3o de mais enfermeiros para o SNS, a valoriza\u00e7\u00e3o salarial da profiss\u00e3o e o reconhecimento da enfermagem como profiss\u00e3o de risco.<\/p>\n<p data-start=\"982\" data-end=\"1344\">Para Carlos Sampaio, profissional de sa\u00fade h\u00e1 32 anos, este momento permitiu aprofundar &#8220;alguns dos temas centrais&#8221; da peti\u00e7\u00e3o.<\/p>\n<p data-start=\"982\" data-end=\"1344\">&#8220;Mais do que um momento simb\u00f3lico, este processo permite trazer para o centro do debate pol\u00edtico quest\u00f5es estruturais para o futuro da Enfermagem e para a sustentabilidade do SNS&#8221;, refere Carlos Sampaio, enfermeiro da ULSAM no servi\u00e7o de urg\u00eancia e da VMER de Viana do Castelo.<\/p>\n<p data-start=\"1346\" data-end=\"1635\" data-is-last-node=\"\" data-is-only-node=\"\">Conclu\u00edda a audi\u00e7\u00e3o, o processo seguir\u00e1 agora o seu percurso institucional. O relat\u00f3rio da Comiss\u00e3o de Sa\u00fade ser\u00e1 remetido ao Presidente da Assembleia da Rep\u00fablica e a peti\u00e7\u00e3o ser\u00e1 posteriormente apreciada em sess\u00e3o plen\u00e1ria, onde poder\u00e1 ser debatida pelos diferentes grupos parlamentares.<\/p>\n<p data-start=\"1346\" data-end=\"1635\" data-is-last-node=\"\" data-is-only-node=\"\">Fotos: <strong>Carlos Sampaio \/ DR<\/strong><\/p>\n<p data-start=\"1346\" data-end=\"1635\" data-is-last-node=\"\" data-is-only-node=\"\">\n","protected":false},"excerpt":{"rendered":"<p>Carlos Sampaio, 53 anos, enfermeiro natural de Vila Praia de \u00c2ncora, foi ouvido na Comiss\u00e3o de Sa\u00fade da Assembleia da Rep\u00fablica no \u00e2mbito da peti\u00e7\u00e3o intitulada \u201cPela Dignidade da Enfermagem, pela Transpar\u00eancia do Acordo Coletivo de Trabalho (ACT) e pela Defesa do Servi\u00e7o Nacional de Sa\u00fade (SNS)\u201d. Durante a audi\u00e7\u00e3o, respondeu \u00e0s quest\u00f5es colocadas pelos [&hellip;]<\/p>\n","protected":false},"author":24,"featured_media":129440,"comment_status":"closed","ping_status":"closed","sticky":false,"template":"","format":"standard","meta":{"_exactmetrics_skip_tracking":false,"_exactmetrics_sitenote_active":false,"_exactmetrics_sitenote_note":"","_exactmetrics_sitenote_category":0,"footnotes":""},"categories":[7],"tags":[26],"class_list":["post-129439","post","type-post","status-publish","format-standard","has-post-thumbnail","hentry","category-caminha","tag-saude"],"yoast_head":"<!-- This site is optimized with the Yoast SEO Premium plugin v27.5 (Yoast SEO v27.5) - https:\/\/yoast.com\/product\/yoast-seo-premium-wordpress\/ -->\n<title>Carlos Sampaio ouvido no Parlamento sobre peti\u00e7\u00e3o pela valoriza\u00e7\u00e3o da enfermagem<\/title>\n<meta name=\"description\" content=\"Carlos Sampaio, 53 anos, enfermeiro natural de Vila Praia de \u00c2ncora, foi ouvido na Comiss\u00e3o de Sa\u00fade da Assembleia da Rep\u00fablica no \u00e2mbito da peti\u00e7\u00e3o intitulada \u201cPela Dignidade da Enfermagem, pela Transpar\u00eancia do Acordo Coletivo de Trabalho (ACT) e pela Defesa do Servi\u00e7o Nacional de Sa\u00fade (SNS)\u201d. Durante a audi\u00e7\u00e3o, respondeu \u00e0s quest\u00f5es colocadas pelos deputados sobre as principais preocupa\u00e7\u00f5es apresentadas no documento.\" \/>\n<meta name=\"robots\" content=\"index, follow, max-snippet:-1, max-image-preview:large, max-video-preview:-1\" \/>\n<link rel=\"canonical\" href=\"https:\/\/www.altominho.tv\/site\/2026\/03\/05\/carlos-sampaio-ouvido-no-parlamento-sobre-peticao-pela-valorizacao-da-enfermagem\/\" \/>\n<meta property=\"og:locale\" content=\"pt_PT\" \/>\n<meta property=\"og:type\" content=\"article\" \/>\n<meta property=\"og:title\" content=\"Carlos Sampaio ouvido no Parlamento sobre peti\u00e7\u00e3o pela valoriza\u00e7\u00e3o da enfermagem\" \/>\n<meta property=\"og:description\" content=\"Carlos Sampaio, 53 anos, enfermeiro natural de Vila Praia de \u00c2ncora, foi ouvido na Comiss\u00e3o de Sa\u00fade da Assembleia da Rep\u00fablica no \u00e2mbito da peti\u00e7\u00e3o intitulada \u201cPela Dignidade da Enfermagem, pela Transpar\u00eancia do Acordo Coletivo de Trabalho (ACT) e pela Defesa do Servi\u00e7o Nacional de Sa\u00fade (SNS)\u201d. Durante a audi\u00e7\u00e3o, respondeu \u00e0s quest\u00f5es colocadas pelos deputados sobre as principais preocupa\u00e7\u00f5es apresentadas no documento.\" \/>\n<meta property=\"og:url\" content=\"https:\/\/www.altominho.tv\/site\/2026\/03\/05\/carlos-sampaio-ouvido-no-parlamento-sobre-peticao-pela-valorizacao-da-enfermagem\/\" \/>\n<meta property=\"og:site_name\" content=\"Altominho.tv\" \/>\n<meta property=\"article:publisher\" content=\"https:\/\/www.facebook.com\/altominhotv\" \/>\n<meta property=\"article:published_time\" content=\"2026-03-05T14:09:08+00:00\" \/>\n<meta property=\"article:modified_time\" content=\"2026-03-05T14:17:27+00:00\" \/>\n<meta property=\"og:image\" content=\"https:\/\/www.altominho.tv\/site\/wp-content\/uploads\/2026\/03\/carlos-sampaio.png\" \/>\n\t<meta property=\"og:image:width\" content=\"1200\" \/>\n\t<meta property=\"og:image:height\" content=\"630\" \/>\n\t<meta property=\"og:image:type\" content=\"image\/png\" \/>\n<meta name=\"author\" content=\"Cesar Lopes\" \/>\n<meta name=\"twitter:card\" content=\"summary_large_image\" \/>\n<meta name=\"twitter:creator\" content=\"@altominhoTV\" \/>\n<meta name=\"twitter:site\" content=\"@altominhoTV\" \/>\n<meta name=\"twitter:label1\" content=\"Escrito por\" \/>\n\t<meta name=\"twitter:data1\" content=\"Cesar Lopes\" \/>\n\t<meta name=\"twitter:label2\" content=\"Tempo estimado de leitura\" \/>\n\t<meta name=\"twitter:data2\" content=\"1 minuto\" \/>\n<script type=\"application\/ld+json\" class=\"yoast-schema-graph\">{\"@context\":\"https:\\\/\\\/schema.org\",\"@graph\":[{\"@type\":\"Article\",\"@id\":\"https:\\\/\\\/www.altominho.tv\\\/site\\\/2026\\\/03\\\/05\\\/carlos-sampaio-ouvido-no-parlamento-sobre-peticao-pela-valorizacao-da-enfermagem\\\/#article\",\"isPartOf\":{\"@id\":\"https:\\\/\\\/www.altominho.tv\\\/site\\\/2026\\\/03\\\/05\\\/carlos-sampaio-ouvido-no-parlamento-sobre-peticao-pela-valorizacao-da-enfermagem\\\/\"},\"author\":{\"name\":\"Cesar Lopes\",\"@id\":\"https:\\\/\\\/www.altominho.tv\\\/site\\\/#\\\/schema\\\/person\\\/c5570e5afb933b8d08c43373326ef1b1\"},\"headline\":\"Carlos Sampaio ouvido no Parlamento sobre peti\u00e7\u00e3o pela valoriza\u00e7\u00e3o da enfermagem\",\"datePublished\":\"2026-03-05T14:09:08+00:00\",\"dateModified\":\"2026-03-05T14:17:27+00:00\",\"mainEntityOfPage\":{\"@id\":\"https:\\\/\\\/www.altominho.tv\\\/site\\\/2026\\\/03\\\/05\\\/carlos-sampaio-ouvido-no-parlamento-sobre-peticao-pela-valorizacao-da-enfermagem\\\/\"},\"wordCount\":358,\"image\":{\"@id\":\"https:\\\/\\\/www.altominho.tv\\\/site\\\/2026\\\/03\\\/05\\\/carlos-sampaio-ouvido-no-parlamento-sobre-peticao-pela-valorizacao-da-enfermagem\\\/#primaryimage\"},\"thumbnailUrl\":\"https:\\\/\\\/www.altominho.tv\\\/site\\\/wp-content\\\/uploads\\\/2026\\\/03\\\/carlos-sampaio.png\",\"keywords\":[\"Sa\u00fade\"],\"articleSection\":[\"Caminha\"],\"inLanguage\":\"pt-PT\",\"copyrightYear\":\"2026\",\"copyrightHolder\":{\"@id\":\"https:\\\/\\\/www.altominho.tv\\\/site\\\/#organization\"}},{\"@type\":\"WebPage\",\"@id\":\"https:\\\/\\\/www.altominho.tv\\\/site\\\/2026\\\/03\\\/05\\\/carlos-sampaio-ouvido-no-parlamento-sobre-peticao-pela-valorizacao-da-enfermagem\\\/\",\"url\":\"https:\\\/\\\/www.altominho.tv\\\/site\\\/2026\\\/03\\\/05\\\/carlos-sampaio-ouvido-no-parlamento-sobre-peticao-pela-valorizacao-da-enfermagem\\\/\",\"name\":\"Carlos Sampaio ouvido no Parlamento sobre peti\u00e7\u00e3o pela valoriza\u00e7\u00e3o da enfermagem\",\"isPartOf\":{\"@id\":\"https:\\\/\\\/www.altominho.tv\\\/site\\\/#website\"},\"primaryImageOfPage\":{\"@id\":\"https:\\\/\\\/www.altominho.tv\\\/site\\\/2026\\\/03\\\/05\\\/carlos-sampaio-ouvido-no-parlamento-sobre-peticao-pela-valorizacao-da-enfermagem\\\/#primaryimage\"},\"image\":{\"@id\":\"https:\\\/\\\/www.altominho.tv\\\/site\\\/2026\\\/03\\\/05\\\/carlos-sampaio-ouvido-no-parlamento-sobre-peticao-pela-valorizacao-da-enfermagem\\\/#primaryimage\"},\"thumbnailUrl\":\"https:\\\/\\\/www.altominho.tv\\\/site\\\/wp-content\\\/uploads\\\/2026\\\/03\\\/carlos-sampaio.png\",\"datePublished\":\"2026-03-05T14:09:08+00:00\",\"dateModified\":\"2026-03-05T14:17:27+00:00\",\"author\":{\"@id\":\"https:\\\/\\\/www.altominho.tv\\\/site\\\/#\\\/schema\\\/person\\\/c5570e5afb933b8d08c43373326ef1b1\"},\"description\":\"Carlos Sampaio, 53 anos, enfermeiro natural de Vila Praia de \u00c2ncora, foi ouvido na Comiss\u00e3o de Sa\u00fade da Assembleia da Rep\u00fablica no \u00e2mbito da peti\u00e7\u00e3o intitulada \u201cPela Dignidade da Enfermagem, pela Transpar\u00eancia do Acordo Coletivo de Trabalho (ACT) e pela Defesa do Servi\u00e7o Nacional de Sa\u00fade (SNS)\u201d. Durante a audi\u00e7\u00e3o, respondeu \u00e0s quest\u00f5es colocadas pelos deputados sobre as principais preocupa\u00e7\u00f5es apresentadas no documento.\",\"breadcrumb\":{\"@id\":\"https:\\\/\\\/www.altominho.tv\\\/site\\\/2026\\\/03\\\/05\\\/carlos-sampaio-ouvido-no-parlamento-sobre-peticao-pela-valorizacao-da-enfermagem\\\/#breadcrumb\"},\"inLanguage\":\"pt-PT\",\"potentialAction\":[{\"@type\":\"ReadAction\",\"target\":[\"https:\\\/\\\/www.altominho.tv\\\/site\\\/2026\\\/03\\\/05\\\/carlos-sampaio-ouvido-no-parlamento-sobre-peticao-pela-valorizacao-da-enfermagem\\\/\"]}]},{\"@type\":\"ImageObject\",\"inLanguage\":\"pt-PT\",\"@id\":\"https:\\\/\\\/www.altominho.tv\\\/site\\\/2026\\\/03\\\/05\\\/carlos-sampaio-ouvido-no-parlamento-sobre-peticao-pela-valorizacao-da-enfermagem\\\/#primaryimage\",\"url\":\"https:\\\/\\\/www.altominho.tv\\\/site\\\/wp-content\\\/uploads\\\/2026\\\/03\\\/carlos-sampaio.png\",\"contentUrl\":\"https:\\\/\\\/www.altominho.tv\\\/site\\\/wp-content\\\/uploads\\\/2026\\\/03\\\/carlos-sampaio.png\",\"width\":1200,\"height\":630},{\"@type\":\"BreadcrumbList\",\"@id\":\"https:\\\/\\\/www.altominho.tv\\\/site\\\/2026\\\/03\\\/05\\\/carlos-sampaio-ouvido-no-parlamento-sobre-peticao-pela-valorizacao-da-enfermagem\\\/#breadcrumb\",\"itemListElement\":[{\"@type\":\"ListItem\",\"position\":1,\"name\":\"In\u00edcio\",\"item\":\"https:\\\/\\\/www.altominho.tv\\\/site\\\/\"},{\"@type\":\"ListItem\",\"position\":2,\"name\":\"Carlos Sampaio ouvido no Parlamento sobre peti\u00e7\u00e3o pela valoriza\u00e7\u00e3o da enfermagem\"}]},{\"@type\":\"WebSite\",\"@id\":\"https:\\\/\\\/www.altominho.tv\\\/site\\\/#website\",\"url\":\"https:\\\/\\\/www.altominho.tv\\\/site\\\/\",\"name\":\"Altominho.tv\",\"description\":\"A sua regi\u00e3o \u00e0 dist\u00e2ncia de um clique...\",\"potentialAction\":[{\"@type\":\"SearchAction\",\"target\":{\"@type\":\"EntryPoint\",\"urlTemplate\":\"https:\\\/\\\/www.altominho.tv\\\/site\\\/?s={search_term_string}\"},\"query-input\":{\"@type\":\"PropertyValueSpecification\",\"valueRequired\":true,\"valueName\":\"search_term_string\"}}],\"inLanguage\":\"pt-PT\"},{\"@type\":\"Person\",\"@id\":\"https:\\\/\\\/www.altominho.tv\\\/site\\\/#\\\/schema\\\/person\\\/c5570e5afb933b8d08c43373326ef1b1\",\"name\":\"Cesar Lopes\",\"image\":{\"@type\":\"ImageObject\",\"inLanguage\":\"pt-PT\",\"@id\":\"https:\\\/\\\/www.altominho.tv\\\/site\\\/wp-content\\\/uploads\\\/2022\\\/10\\\/Sem-Titulo-150x150.jpg\",\"url\":\"https:\\\/\\\/www.altominho.tv\\\/site\\\/wp-content\\\/uploads\\\/2022\\\/10\\\/Sem-Titulo-150x150.jpg\",\"contentUrl\":\"https:\\\/\\\/www.altominho.tv\\\/site\\\/wp-content\\\/uploads\\\/2022\\\/10\\\/Sem-Titulo-150x150.jpg\",\"caption\":\"Cesar Lopes\"},\"url\":\"https:\\\/\\\/www.altominho.tv\\\/site\\\/author\\\/cesarlopes\\\/\"}]}<\/script>\n<!-- \/ Yoast SEO Premium plugin. -->","yoast_head_json":{"title":"Carlos Sampaio ouvido no Parlamento sobre peti\u00e7\u00e3o pela valoriza\u00e7\u00e3o da enfermagem","description":"Carlos Sampaio, 53 anos, enfermeiro natural de Vila Praia de \u00c2ncora, foi ouvido na Comiss\u00e3o de Sa\u00fade da Assembleia da Rep\u00fablica no \u00e2mbito da peti\u00e7\u00e3o intitulada \u201cPela Dignidade da Enfermagem, pela Transpar\u00eancia do Acordo Coletivo de Trabalho (ACT) e pela Defesa do Servi\u00e7o Nacional de Sa\u00fade (SNS)\u201d. Durante a audi\u00e7\u00e3o, respondeu \u00e0s quest\u00f5es colocadas pelos deputados sobre as principais preocupa\u00e7\u00f5es apresentadas no documento.","robots":{"index":"index","follow":"follow","max-snippet":"max-snippet:-1","max-image-preview":"max-image-preview:large","max-video-preview":"max-video-preview:-1"},"canonical":"https:\/\/www.altominho.tv\/site\/2026\/03\/05\/carlos-sampaio-ouvido-no-parlamento-sobre-peticao-pela-valorizacao-da-enfermagem\/","og_locale":"pt_PT","og_type":"article","og_title":"Carlos Sampaio ouvido no Parlamento sobre peti\u00e7\u00e3o pela valoriza\u00e7\u00e3o da enfermagem","og_description":"Carlos Sampaio, 53 anos, enfermeiro natural de Vila Praia de \u00c2ncora, foi ouvido na Comiss\u00e3o de Sa\u00fade da Assembleia da Rep\u00fablica no \u00e2mbito da peti\u00e7\u00e3o intitulada \u201cPela Dignidade da Enfermagem, pela Transpar\u00eancia do Acordo Coletivo de Trabalho (ACT) e pela Defesa do Servi\u00e7o Nacional de Sa\u00fade (SNS)\u201d. Durante a audi\u00e7\u00e3o, respondeu \u00e0s quest\u00f5es colocadas pelos deputados sobre as principais preocupa\u00e7\u00f5es apresentadas no documento.","og_url":"https:\/\/www.altominho.tv\/site\/2026\/03\/05\/carlos-sampaio-ouvido-no-parlamento-sobre-peticao-pela-valorizacao-da-enfermagem\/","og_site_name":"Altominho.tv","article_publisher":"https:\/\/www.facebook.com\/altominhotv","article_published_time":"2026-03-05T14:09:08+00:00","article_modified_time":"2026-03-05T14:17:27+00:00","og_image":[{"width":1200,"height":630,"url":"https:\/\/www.altominho.tv\/site\/wp-content\/uploads\/2026\/03\/carlos-sampaio.png","type":"image\/png"}],"author":"Cesar Lopes","twitter_card":"summary_large_image","twitter_creator":"@altominhoTV","twitter_site":"@altominhoTV","twitter_misc":{"Escrito por":"Cesar Lopes","Tempo estimado de leitura":"1 minuto"},"schema":{"@context":"https:\/\/schema.org","@graph":[{"@type":"Article","@id":"https:\/\/www.altominho.tv\/site\/2026\/03\/05\/carlos-sampaio-ouvido-no-parlamento-sobre-peticao-pela-valorizacao-da-enfermagem\/#article","isPartOf":{"@id":"https:\/\/www.altominho.tv\/site\/2026\/03\/05\/carlos-sampaio-ouvido-no-parlamento-sobre-peticao-pela-valorizacao-da-enfermagem\/"},"author":{"name":"Cesar Lopes","@id":"https:\/\/www.altominho.tv\/site\/#\/schema\/person\/c5570e5afb933b8d08c43373326ef1b1"},"headline":"Carlos Sampaio ouvido no Parlamento sobre peti\u00e7\u00e3o pela valoriza\u00e7\u00e3o da enfermagem","datePublished":"2026-03-05T14:09:08+00:00","dateModified":"2026-03-05T14:17:27+00:00","mainEntityOfPage":{"@id":"https:\/\/www.altominho.tv\/site\/2026\/03\/05\/carlos-sampaio-ouvido-no-parlamento-sobre-peticao-pela-valorizacao-da-enfermagem\/"},"wordCount":358,"image":{"@id":"https:\/\/www.altominho.tv\/site\/2026\/03\/05\/carlos-sampaio-ouvido-no-parlamento-sobre-peticao-pela-valorizacao-da-enfermagem\/#primaryimage"},"thumbnailUrl":"https:\/\/www.altominho.tv\/site\/wp-content\/uploads\/2026\/03\/carlos-sampaio.png","keywords":["Sa\u00fade"],"articleSection":["Caminha"],"inLanguage":"pt-PT","copyrightYear":"2026","copyrightHolder":{"@id":"https:\/\/www.altominho.tv\/site\/#organization"}},{"@type":"WebPage","@id":"https:\/\/www.altominho.tv\/site\/2026\/03\/05\/carlos-sampaio-ouvido-no-parlamento-sobre-peticao-pela-valorizacao-da-enfermagem\/","url":"https:\/\/www.altominho.tv\/site\/2026\/03\/05\/carlos-sampaio-ouvido-no-parlamento-sobre-peticao-pela-valorizacao-da-enfermagem\/","name":"Carlos Sampaio ouvido no Parlamento sobre peti\u00e7\u00e3o pela valoriza\u00e7\u00e3o da enfermagem","isPartOf":{"@id":"https:\/\/www.altominho.tv\/site\/#website"},"primaryImageOfPage":{"@id":"https:\/\/www.altominho.tv\/site\/2026\/03\/05\/carlos-sampaio-ouvido-no-parlamento-sobre-peticao-pela-valorizacao-da-enfermagem\/#primaryimage"},"image":{"@id":"https:\/\/www.altominho.tv\/site\/2026\/03\/05\/carlos-sampaio-ouvido-no-parlamento-sobre-peticao-pela-valorizacao-da-enfermagem\/#primaryimage"},"thumbnailUrl":"https:\/\/www.altominho.tv\/site\/wp-content\/uploads\/2026\/03\/carlos-sampaio.png","datePublished":"2026-03-05T14:09:08+00:00","dateModified":"2026-03-05T14:17:27+00:00","author":{"@id":"https:\/\/www.altominho.tv\/site\/#\/schema\/person\/c5570e5afb933b8d08c43373326ef1b1"},"description":"Carlos Sampaio, 53 anos, enfermeiro natural de Vila Praia de \u00c2ncora, foi ouvido na Comiss\u00e3o de Sa\u00fade da Assembleia da Rep\u00fablica no \u00e2mbito da peti\u00e7\u00e3o intitulada \u201cPela Dignidade da Enfermagem, pela Transpar\u00eancia do Acordo Coletivo de Trabalho (ACT) e pela Defesa do Servi\u00e7o Nacional de Sa\u00fade (SNS)\u201d. Durante a audi\u00e7\u00e3o, respondeu \u00e0s quest\u00f5es colocadas pelos deputados sobre as principais preocupa\u00e7\u00f5es apresentadas no documento.","breadcrumb":{"@id":"https:\/\/www.altominho.tv\/site\/2026\/03\/05\/carlos-sampaio-ouvido-no-parlamento-sobre-peticao-pela-valorizacao-da-enfermagem\/#breadcrumb"},"inLanguage":"pt-PT","potentialAction":[{"@type":"ReadAction","target":["https:\/\/www.altominho.tv\/site\/2026\/03\/05\/carlos-sampaio-ouvido-no-parlamento-sobre-peticao-pela-valorizacao-da-enfermagem\/"]}]},{"@type":"ImageObject","inLanguage":"pt-PT","@id":"https:\/\/www.altominho.tv\/site\/2026\/03\/05\/carlos-sampaio-ouvido-no-parlamento-sobre-peticao-pela-valorizacao-da-enfermagem\/#primaryimage","url":"https:\/\/www.altominho.tv\/site\/wp-content\/uploads\/2026\/03\/carlos-sampaio.png","contentUrl":"https:\/\/www.altominho.tv\/site\/wp-content\/uploads\/2026\/03\/carlos-sampaio.png","width":1200,"height":630},{"@type":"BreadcrumbList","@id":"https:\/\/www.altominho.tv\/site\/2026\/03\/05\/carlos-sampaio-ouvido-no-parlamento-sobre-peticao-pela-valorizacao-da-enfermagem\/#breadcrumb","itemListElement":[{"@type":"ListItem","position":1,"name":"In\u00edcio","item":"https:\/\/www.altominho.tv\/site\/"},{"@type":"ListItem","position":2,"name":"Carlos Sampaio ouvido no Parlamento sobre peti\u00e7\u00e3o pela valoriza\u00e7\u00e3o da enfermagem"}]},{"@type":"WebSite","@id":"https:\/\/www.altominho.tv\/site\/#website","url":"https:\/\/www.altominho.tv\/site\/","name":"Altominho.tv","description":"A sua regi\u00e3o \u00e0 dist\u00e2ncia de um clique...","potentialAction":[{"@type":"SearchAction","target":{"@type":"EntryPoint","urlTemplate":"https:\/\/www.altominho.tv\/site\/?s={search_term_string}"},"query-input":{"@type":"PropertyValueSpecification","valueRequired":true,"valueName":"search_term_string"}}],"inLanguage":"pt-PT"},{"@type":"Person","@id":"https:\/\/www.altominho.tv\/site\/#\/schema\/person\/c5570e5afb933b8d08c43373326ef1b1","name":"Cesar Lopes","image":{"@type":"ImageObject","inLanguage":"pt-PT","@id":"https:\/\/www.altominho.tv\/site\/wp-content\/uploads\/2022\/10\/Sem-Titulo-150x150.jpg","url":"https:\/\/www.altominho.tv\/site\/wp-content\/uploads\/2022\/10\/Sem-Titulo-150x150.jpg","contentUrl":"https:\/\/www.altominho.tv\/site\/wp-content\/uploads\/2022\/10\/Sem-Titulo-150x150.jpg","caption":"Cesar Lopes"},"url":"https:\/\/www.altominho.tv\/site\/author\/cesarlopes\/"}]}},"_links":{"self":[{"href":"https:\/\/www.altominho.tv\/site\/wp-json\/wp\/v2\/posts\/129439","targetHints":{"allow":["GET"]}}],"collection":[{"href":"https:\/\/www.altominho.tv\/site\/wp-json\/wp\/v2\/posts"}],"about":[{"href":"https:\/\/www.altominho.tv\/site\/wp-json\/wp\/v2\/types\/post"}],"author":[{"embeddable":true,"href":"https:\/\/www.altominho.tv\/site\/wp-json\/wp\/v2\/users\/24"}],"replies":[{"embeddable":true,"href":"https:\/\/www.altominho.tv\/site\/wp-json\/wp\/v2\/comments?post=129439"}],"version-history":[{"count":2,"href":"https:\/\/www.altominho.tv\/site\/wp-json\/wp\/v2\/posts\/129439\/revisions"}],"predecessor-version":[{"id":129442,"href":"https:\/\/www.altominho.tv\/site\/wp-json\/wp\/v2\/posts\/129439\/revisions\/129442"}],"wp:featuredmedia":[{"embeddable":true,"href":"https:\/\/www.altominho.tv\/site\/wp-json\/wp\/v2\/media\/129440"}],"wp:attachment":[{"href":"https:\/\/www.altominho.tv\/site\/wp-json\/wp\/v2\/media?parent=129439"}],"wp:term":[{"taxonomy":"category","embeddable":true,"href":"https:\/\/www.altominho.tv\/site\/wp-json\/wp\/v2\/categories?post=129439"},{"taxonomy":"post_tag","embeddable":true,"href":"https:\/\/www.altominho.tv\/site\/wp-json\/wp\/v2\/tags?post=129439"}],"curies":[{"name":"wp","href":"https:\/\/api.w.org\/{rel}","templated":true}]}}