{"id":129402,"date":"2026-03-04T17:02:23","date_gmt":"2026-03-04T17:02:23","guid":{"rendered":"https:\/\/www.altominho.tv\/site\/?p=129402"},"modified":"2026-03-04T17:02:26","modified_gmt":"2026-03-04T17:02:26","slug":"liliana-silva-alerta-que-reposicao-do-paredao-de-moledo-vai-ser-demorada-e-muito-cara","status":"publish","type":"post","link":"https:\/\/www.altominho.tv\/site\/2026\/03\/04\/liliana-silva-alerta-que-reposicao-do-paredao-de-moledo-vai-ser-demorada-e-muito-cara\/","title":{"rendered":"Liliana Silva alerta que reposi\u00e7\u00e3o do pared\u00e3o de Moledo vai ser demorada e &#8220;muito cara&#8221;"},"content":{"rendered":"<p>A presidente da Caminha revelou hoje que vai avan\u00e7ar com \u201cj\u00e1&#8221; com a contrata\u00e7\u00e3o da empresa que elabore o projeto de reposi\u00e7\u00e3o do pared\u00e3o da praia de Moledo que, na segunda-feira, sofreu um \u201cabatimento significativo\u201d.<\/p>\n<p>\u201cO objetivo \u00e9 ver com a empresa a quem for adjudicado o projeto, medidas de conten\u00e7\u00e3o do pared\u00e3o, para que possamos ter alguma normalidade, dentro do poss\u00edvel, para a pr\u00f3xima \u00e9poca balnear. Para conseguirmos conter o resto do pared\u00e3o que ali est\u00e1\u201d, afirmou Liliana Silva.<\/p>\n<p>A autarca social-democrata que, na ter\u00e7a-feira, esteve reunida com t\u00e9cnicos da Ag\u00eancia Portuguesa do Ambiente (APA), explicou que a zona intervencionada pela autarquia, no in\u00edcio de fevereiro, \u201cfoi a que segurou o pared\u00e3o, para que o mar n\u00e3o derrubasse tudo\u201d.<\/p>\n<p>\u201cAt\u00e9 o bar que existe na proximidade podia ter ido por arrasto. Na parte lateral, para sul, toda essa zona acabou por abater, porque o pared\u00e3o estava todo oco por baixo, sem areia\u201d, especificou.<\/p>\n<p>A presidente da C\u00e2mara de Caminha apelou \u00e0 popula\u00e7\u00e3o que seja cautelosa por causa \u201cdas mar\u00e9s de mar\u00e7o\u201d.<\/p>\n<p>\u201cNeste momento, o que aconteceu foi que o pr\u00f3prio pared\u00e3o que sustenta toda a via derrocou e apercebemos-mos que a parte de baixo est\u00e1 toda sustentada em areia, n\u00e3o tem qualquer funda\u00e7\u00e3o e n\u00f3s n\u00e3o sabemos o estado todo dele por baixo. Portanto, vamos ter de fazer uma sondagem, perceber como \u00e9 que ele est\u00e1, para depois poder fazer a interven\u00e7\u00e3o\u201d.<\/p>\n<p>A autarca social-democrata alertou que a reposi\u00e7\u00e3o do pared\u00e3o da praia de Moledo vai ser \u201cuma empreitada muito grande, e que n\u00e3o vai ficar conclu\u00edda nem em quatro, nem em cinco, nem em seis meses&#8221;.<\/p>\n<p>\u201c\u00c9 bom que haja essa consci\u00eancia. Vai ser uma empreitada para demorar ainda alguns meses largos, porque estamos junto ao mar, tem de haver condi\u00e7\u00f5es de seguran\u00e7a, a mar\u00e9 n\u00e3o pode estar em cima, estamos a falar de uma empreitada com algumas especificidades muito concretas\u201d, frisou.<\/p>\n<p>Al\u00e9m de demorada, a empreitada vai ser \u201cmuito cara\u201d.<\/p>\n<p>\u201cEstamos a falar de uma empreitada de milh\u00f5es. J\u00e1 temos uma linha de financiamento do programa Portugal 2030, mas, mesmo assim, \u00e9 uma empreitada muito, muito grande que nos vai obrigar, por parte do munic\u00edpio tamb\u00e9m, a um grande esfor\u00e7o financeiro\u201d, real\u00e7ou.<\/p>\n<p>\u201cNingu\u00e9m estava a contar que isto pudesse acontecer. O mar n\u00e3o nos tem dado tr\u00e9guas, em toda a costa e, agora, temos de resolver os problemas. Vai ser necess\u00e1rio que haja cautela\u201d, referiu.<\/p>\n<p>Dezoito pessoas morreram em Portugal na sequ\u00eancia da passagem das depress\u00f5es Kristin, Leonardo e Marta, que provocaram tamb\u00e9m muitas centenas de feridos e desalojados.<\/p>\n<p>A destrui\u00e7\u00e3o total ou parcial de casas, empresas e equipamentos, a queda de \u00e1rvores e de estruturas, o fecho de estradas, escolas e servi\u00e7os de transporte, e o corte de energia, \u00e1gua e comunica\u00e7\u00f5es, inunda\u00e7\u00f5es e cheias s\u00e3o as principais consequ\u00eancias materiais do temporal.<\/p>\n<p>As regi\u00f5es Centro, Lisboa e Vale do Tejo e Alentejo foram as mais afetadas.<\/p>\n<p>A situa\u00e7\u00e3o de calamidade que abrangia os 68 concelhos mais afetados terminou no dia 15 de fevereiro.<\/p>\n<p>Foto: <strong>Altominho TV<\/strong><\/p>\n","protected":false},"excerpt":{"rendered":"<p>A presidente da Caminha revelou hoje que vai avan\u00e7ar com \u201cj\u00e1&#8221; com a contrata\u00e7\u00e3o da empresa que elabore o projeto de reposi\u00e7\u00e3o do pared\u00e3o da praia de Moledo que, na segunda-feira, sofreu um \u201cabatimento significativo\u201d. \u201cO objetivo \u00e9 ver com a empresa a quem for adjudicado o projeto, medidas de conten\u00e7\u00e3o do pared\u00e3o, para que [&hellip;]<\/p>\n","protected":false},"author":13,"featured_media":129403,"comment_status":"closed","ping_status":"closed","sticky":false,"template":"","format":"standard","meta":{"_exactmetrics_skip_tracking":false,"_exactmetrics_sitenote_active":false,"_exactmetrics_sitenote_note":"","_exactmetrics_sitenote_category":0,"footnotes":""},"categories":[7],"tags":[27],"class_list":["post-129402","post","type-post","status-publish","format-standard","has-post-thumbnail","hentry","category-caminha","tag-sociedade"],"yoast_head":"<!-- This site is optimized with the Yoast SEO Premium plugin v27.4 (Yoast SEO v27.4) - https:\/\/yoast.com\/product\/yoast-seo-premium-wordpress\/ -->\n<title>Liliana Silva alerta que reposi\u00e7\u00e3o do pared\u00e3o de Moledo vai ser demorada e &quot;muito cara&quot;<\/title>\n<meta name=\"description\" content=\"A presidente da Caminha revelou hoje que vai avan\u00e7ar com \u201cj\u00e1&quot; com a contrata\u00e7\u00e3o da empresa que elabore o projeto de reposi\u00e7\u00e3o do pared\u00e3o da praia de Moledo que, na segunda-feira, sofreu um \u201cabatimento significativo\u201d.\" \/>\n<meta name=\"robots\" content=\"index, follow, max-snippet:-1, max-image-preview:large, max-video-preview:-1\" \/>\n<link rel=\"canonical\" href=\"https:\/\/www.altominho.tv\/site\/2026\/03\/04\/liliana-silva-alerta-que-reposicao-do-paredao-de-moledo-vai-ser-demorada-e-muito-cara\/\" \/>\n<meta property=\"og:locale\" content=\"pt_PT\" \/>\n<meta property=\"og:type\" content=\"article\" \/>\n<meta property=\"og:title\" content=\"Liliana Silva alerta que reposi\u00e7\u00e3o do pared\u00e3o de Moledo vai ser demorada e &quot;muito cara&quot;\" \/>\n<meta property=\"og:description\" content=\"A presidente da Caminha revelou hoje que vai avan\u00e7ar com \u201cj\u00e1&quot; com a contrata\u00e7\u00e3o da empresa que elabore o projeto de reposi\u00e7\u00e3o do pared\u00e3o da praia de Moledo que, na segunda-feira, sofreu um \u201cabatimento significativo\u201d.\" \/>\n<meta property=\"og:url\" content=\"https:\/\/www.altominho.tv\/site\/2026\/03\/04\/liliana-silva-alerta-que-reposicao-do-paredao-de-moledo-vai-ser-demorada-e-muito-cara\/\" \/>\n<meta property=\"og:site_name\" content=\"Altominho.tv\" \/>\n<meta property=\"article:publisher\" content=\"https:\/\/www.facebook.com\/altominhotv\" \/>\n<meta property=\"article:published_time\" content=\"2026-03-04T17:02:23+00:00\" \/>\n<meta property=\"article:modified_time\" content=\"2026-03-04T17:02:26+00:00\" \/>\n<meta property=\"og:image\" content=\"https:\/\/www.altominho.tv\/site\/wp-content\/uploads\/2026\/03\/paredao-moledo.png\" \/>\n\t<meta property=\"og:image:width\" content=\"1200\" \/>\n\t<meta property=\"og:image:height\" content=\"630\" \/>\n\t<meta property=\"og:image:type\" content=\"image\/png\" \/>\n<meta name=\"author\" content=\"Lusa\" \/>\n<meta name=\"twitter:card\" content=\"summary_large_image\" \/>\n<meta name=\"twitter:creator\" content=\"@altominhoTV\" \/>\n<meta name=\"twitter:site\" content=\"@altominhoTV\" \/>\n<meta name=\"twitter:label1\" content=\"Escrito por\" \/>\n\t<meta name=\"twitter:data1\" content=\"Lusa\" \/>\n\t<meta name=\"twitter:label2\" content=\"Tempo estimado de leitura\" \/>\n\t<meta name=\"twitter:data2\" content=\"3 minutos\" \/>\n<script type=\"application\/ld+json\" class=\"yoast-schema-graph\">{\"@context\":\"https:\\\/\\\/schema.org\",\"@graph\":[{\"@type\":\"Article\",\"@id\":\"https:\\\/\\\/www.altominho.tv\\\/site\\\/2026\\\/03\\\/04\\\/liliana-silva-alerta-que-reposicao-do-paredao-de-moledo-vai-ser-demorada-e-muito-cara\\\/#article\",\"isPartOf\":{\"@id\":\"https:\\\/\\\/www.altominho.tv\\\/site\\\/2026\\\/03\\\/04\\\/liliana-silva-alerta-que-reposicao-do-paredao-de-moledo-vai-ser-demorada-e-muito-cara\\\/\"},\"author\":{\"name\":\"Lusa\",\"@id\":\"https:\\\/\\\/www.altominho.tv\\\/site\\\/#\\\/schema\\\/person\\\/63f693da3e1899361cbe955c46f3232e\"},\"headline\":\"Liliana Silva alerta que reposi\u00e7\u00e3o do pared\u00e3o de Moledo vai ser demorada e &#8220;muito cara&#8221;\",\"datePublished\":\"2026-03-04T17:02:23+00:00\",\"dateModified\":\"2026-03-04T17:02:26+00:00\",\"mainEntityOfPage\":{\"@id\":\"https:\\\/\\\/www.altominho.tv\\\/site\\\/2026\\\/03\\\/04\\\/liliana-silva-alerta-que-reposicao-do-paredao-de-moledo-vai-ser-demorada-e-muito-cara\\\/\"},\"wordCount\":565,\"image\":{\"@id\":\"https:\\\/\\\/www.altominho.tv\\\/site\\\/2026\\\/03\\\/04\\\/liliana-silva-alerta-que-reposicao-do-paredao-de-moledo-vai-ser-demorada-e-muito-cara\\\/#primaryimage\"},\"thumbnailUrl\":\"https:\\\/\\\/www.altominho.tv\\\/site\\\/wp-content\\\/uploads\\\/2026\\\/03\\\/paredao-moledo.png\",\"keywords\":[\"Sociedade\"],\"articleSection\":[\"Caminha\"],\"inLanguage\":\"pt-PT\",\"copyrightYear\":\"2026\",\"copyrightHolder\":{\"@id\":\"https:\\\/\\\/www.altominho.tv\\\/site\\\/#organization\"}},{\"@type\":\"WebPage\",\"@id\":\"https:\\\/\\\/www.altominho.tv\\\/site\\\/2026\\\/03\\\/04\\\/liliana-silva-alerta-que-reposicao-do-paredao-de-moledo-vai-ser-demorada-e-muito-cara\\\/\",\"url\":\"https:\\\/\\\/www.altominho.tv\\\/site\\\/2026\\\/03\\\/04\\\/liliana-silva-alerta-que-reposicao-do-paredao-de-moledo-vai-ser-demorada-e-muito-cara\\\/\",\"name\":\"Liliana Silva alerta que reposi\u00e7\u00e3o do pared\u00e3o de Moledo vai ser demorada e \\\"muito cara\\\"\",\"isPartOf\":{\"@id\":\"https:\\\/\\\/www.altominho.tv\\\/site\\\/#website\"},\"primaryImageOfPage\":{\"@id\":\"https:\\\/\\\/www.altominho.tv\\\/site\\\/2026\\\/03\\\/04\\\/liliana-silva-alerta-que-reposicao-do-paredao-de-moledo-vai-ser-demorada-e-muito-cara\\\/#primaryimage\"},\"image\":{\"@id\":\"https:\\\/\\\/www.altominho.tv\\\/site\\\/2026\\\/03\\\/04\\\/liliana-silva-alerta-que-reposicao-do-paredao-de-moledo-vai-ser-demorada-e-muito-cara\\\/#primaryimage\"},\"thumbnailUrl\":\"https:\\\/\\\/www.altominho.tv\\\/site\\\/wp-content\\\/uploads\\\/2026\\\/03\\\/paredao-moledo.png\",\"datePublished\":\"2026-03-04T17:02:23+00:00\",\"dateModified\":\"2026-03-04T17:02:26+00:00\",\"author\":{\"@id\":\"https:\\\/\\\/www.altominho.tv\\\/site\\\/#\\\/schema\\\/person\\\/63f693da3e1899361cbe955c46f3232e\"},\"description\":\"A presidente da Caminha revelou hoje que vai avan\u00e7ar com \u201cj\u00e1\\\" com a contrata\u00e7\u00e3o da empresa que elabore o projeto de reposi\u00e7\u00e3o do pared\u00e3o da praia de Moledo que, na segunda-feira, sofreu um \u201cabatimento significativo\u201d.\",\"breadcrumb\":{\"@id\":\"https:\\\/\\\/www.altominho.tv\\\/site\\\/2026\\\/03\\\/04\\\/liliana-silva-alerta-que-reposicao-do-paredao-de-moledo-vai-ser-demorada-e-muito-cara\\\/#breadcrumb\"},\"inLanguage\":\"pt-PT\",\"potentialAction\":[{\"@type\":\"ReadAction\",\"target\":[\"https:\\\/\\\/www.altominho.tv\\\/site\\\/2026\\\/03\\\/04\\\/liliana-silva-alerta-que-reposicao-do-paredao-de-moledo-vai-ser-demorada-e-muito-cara\\\/\"]}]},{\"@type\":\"ImageObject\",\"inLanguage\":\"pt-PT\",\"@id\":\"https:\\\/\\\/www.altominho.tv\\\/site\\\/2026\\\/03\\\/04\\\/liliana-silva-alerta-que-reposicao-do-paredao-de-moledo-vai-ser-demorada-e-muito-cara\\\/#primaryimage\",\"url\":\"https:\\\/\\\/www.altominho.tv\\\/site\\\/wp-content\\\/uploads\\\/2026\\\/03\\\/paredao-moledo.png\",\"contentUrl\":\"https:\\\/\\\/www.altominho.tv\\\/site\\\/wp-content\\\/uploads\\\/2026\\\/03\\\/paredao-moledo.png\",\"width\":1200,\"height\":630},{\"@type\":\"BreadcrumbList\",\"@id\":\"https:\\\/\\\/www.altominho.tv\\\/site\\\/2026\\\/03\\\/04\\\/liliana-silva-alerta-que-reposicao-do-paredao-de-moledo-vai-ser-demorada-e-muito-cara\\\/#breadcrumb\",\"itemListElement\":[{\"@type\":\"ListItem\",\"position\":1,\"name\":\"In\u00edcio\",\"item\":\"https:\\\/\\\/www.altominho.tv\\\/site\\\/\"},{\"@type\":\"ListItem\",\"position\":2,\"name\":\"Liliana Silva alerta que reposi\u00e7\u00e3o do pared\u00e3o de Moledo vai ser demorada e &#8220;muito cara&#8221;\"}]},{\"@type\":\"WebSite\",\"@id\":\"https:\\\/\\\/www.altominho.tv\\\/site\\\/#website\",\"url\":\"https:\\\/\\\/www.altominho.tv\\\/site\\\/\",\"name\":\"Altominho.tv\",\"description\":\"A sua regi\u00e3o \u00e0 dist\u00e2ncia de um clique...\",\"potentialAction\":[{\"@type\":\"SearchAction\",\"target\":{\"@type\":\"EntryPoint\",\"urlTemplate\":\"https:\\\/\\\/www.altominho.tv\\\/site\\\/?s={search_term_string}\"},\"query-input\":{\"@type\":\"PropertyValueSpecification\",\"valueRequired\":true,\"valueName\":\"search_term_string\"}}],\"inLanguage\":\"pt-PT\"},{\"@type\":\"Person\",\"@id\":\"https:\\\/\\\/www.altominho.tv\\\/site\\\/#\\\/schema\\\/person\\\/63f693da3e1899361cbe955c46f3232e\",\"name\":\"Lusa\",\"image\":{\"@type\":\"ImageObject\",\"inLanguage\":\"pt-PT\",\"@id\":\"https:\\\/\\\/www.altominho.tv\\\/site\\\/wp-content\\\/uploads\\\/2019\\\/08\\\/LUSA_Logo.gif\",\"url\":\"https:\\\/\\\/www.altominho.tv\\\/site\\\/wp-content\\\/uploads\\\/2019\\\/08\\\/LUSA_Logo.gif\",\"contentUrl\":\"https:\\\/\\\/www.altominho.tv\\\/site\\\/wp-content\\\/uploads\\\/2019\\\/08\\\/LUSA_Logo.gif\",\"caption\":\"Lusa\"},\"sameAs\":[\"http:\\\/\\\/\\\/\\\/www.altominho.tv\\\/site\"],\"url\":\"https:\\\/\\\/www.altominho.tv\\\/site\\\/author\\\/lusa\\\/\"}]}<\/script>\n<!-- \/ Yoast SEO Premium plugin. -->","yoast_head_json":{"title":"Liliana Silva alerta que reposi\u00e7\u00e3o do pared\u00e3o de Moledo vai ser demorada e \"muito cara\"","description":"A presidente da Caminha revelou hoje que vai avan\u00e7ar com \u201cj\u00e1\" com a contrata\u00e7\u00e3o da empresa que elabore o projeto de reposi\u00e7\u00e3o do pared\u00e3o da praia de Moledo que, na segunda-feira, sofreu um \u201cabatimento significativo\u201d.","robots":{"index":"index","follow":"follow","max-snippet":"max-snippet:-1","max-image-preview":"max-image-preview:large","max-video-preview":"max-video-preview:-1"},"canonical":"https:\/\/www.altominho.tv\/site\/2026\/03\/04\/liliana-silva-alerta-que-reposicao-do-paredao-de-moledo-vai-ser-demorada-e-muito-cara\/","og_locale":"pt_PT","og_type":"article","og_title":"Liliana Silva alerta que reposi\u00e7\u00e3o do pared\u00e3o de Moledo vai ser demorada e \"muito cara\"","og_description":"A presidente da Caminha revelou hoje que vai avan\u00e7ar com \u201cj\u00e1\" com a contrata\u00e7\u00e3o da empresa que elabore o projeto de reposi\u00e7\u00e3o do pared\u00e3o da praia de Moledo que, na segunda-feira, sofreu um \u201cabatimento significativo\u201d.","og_url":"https:\/\/www.altominho.tv\/site\/2026\/03\/04\/liliana-silva-alerta-que-reposicao-do-paredao-de-moledo-vai-ser-demorada-e-muito-cara\/","og_site_name":"Altominho.tv","article_publisher":"https:\/\/www.facebook.com\/altominhotv","article_published_time":"2026-03-04T17:02:23+00:00","article_modified_time":"2026-03-04T17:02:26+00:00","og_image":[{"width":1200,"height":630,"url":"https:\/\/www.altominho.tv\/site\/wp-content\/uploads\/2026\/03\/paredao-moledo.png","type":"image\/png"}],"author":"Lusa","twitter_card":"summary_large_image","twitter_creator":"@altominhoTV","twitter_site":"@altominhoTV","twitter_misc":{"Escrito por":"Lusa","Tempo estimado de leitura":"3 minutos"},"schema":{"@context":"https:\/\/schema.org","@graph":[{"@type":"Article","@id":"https:\/\/www.altominho.tv\/site\/2026\/03\/04\/liliana-silva-alerta-que-reposicao-do-paredao-de-moledo-vai-ser-demorada-e-muito-cara\/#article","isPartOf":{"@id":"https:\/\/www.altominho.tv\/site\/2026\/03\/04\/liliana-silva-alerta-que-reposicao-do-paredao-de-moledo-vai-ser-demorada-e-muito-cara\/"},"author":{"name":"Lusa","@id":"https:\/\/www.altominho.tv\/site\/#\/schema\/person\/63f693da3e1899361cbe955c46f3232e"},"headline":"Liliana Silva alerta que reposi\u00e7\u00e3o do pared\u00e3o de Moledo vai ser demorada e &#8220;muito cara&#8221;","datePublished":"2026-03-04T17:02:23+00:00","dateModified":"2026-03-04T17:02:26+00:00","mainEntityOfPage":{"@id":"https:\/\/www.altominho.tv\/site\/2026\/03\/04\/liliana-silva-alerta-que-reposicao-do-paredao-de-moledo-vai-ser-demorada-e-muito-cara\/"},"wordCount":565,"image":{"@id":"https:\/\/www.altominho.tv\/site\/2026\/03\/04\/liliana-silva-alerta-que-reposicao-do-paredao-de-moledo-vai-ser-demorada-e-muito-cara\/#primaryimage"},"thumbnailUrl":"https:\/\/www.altominho.tv\/site\/wp-content\/uploads\/2026\/03\/paredao-moledo.png","keywords":["Sociedade"],"articleSection":["Caminha"],"inLanguage":"pt-PT","copyrightYear":"2026","copyrightHolder":{"@id":"https:\/\/www.altominho.tv\/site\/#organization"}},{"@type":"WebPage","@id":"https:\/\/www.altominho.tv\/site\/2026\/03\/04\/liliana-silva-alerta-que-reposicao-do-paredao-de-moledo-vai-ser-demorada-e-muito-cara\/","url":"https:\/\/www.altominho.tv\/site\/2026\/03\/04\/liliana-silva-alerta-que-reposicao-do-paredao-de-moledo-vai-ser-demorada-e-muito-cara\/","name":"Liliana Silva alerta que reposi\u00e7\u00e3o do pared\u00e3o de Moledo vai ser demorada e \"muito cara\"","isPartOf":{"@id":"https:\/\/www.altominho.tv\/site\/#website"},"primaryImageOfPage":{"@id":"https:\/\/www.altominho.tv\/site\/2026\/03\/04\/liliana-silva-alerta-que-reposicao-do-paredao-de-moledo-vai-ser-demorada-e-muito-cara\/#primaryimage"},"image":{"@id":"https:\/\/www.altominho.tv\/site\/2026\/03\/04\/liliana-silva-alerta-que-reposicao-do-paredao-de-moledo-vai-ser-demorada-e-muito-cara\/#primaryimage"},"thumbnailUrl":"https:\/\/www.altominho.tv\/site\/wp-content\/uploads\/2026\/03\/paredao-moledo.png","datePublished":"2026-03-04T17:02:23+00:00","dateModified":"2026-03-04T17:02:26+00:00","author":{"@id":"https:\/\/www.altominho.tv\/site\/#\/schema\/person\/63f693da3e1899361cbe955c46f3232e"},"description":"A presidente da Caminha revelou hoje que vai avan\u00e7ar com \u201cj\u00e1\" com a contrata\u00e7\u00e3o da empresa que elabore o projeto de reposi\u00e7\u00e3o do pared\u00e3o da praia de Moledo que, na segunda-feira, sofreu um \u201cabatimento significativo\u201d.","breadcrumb":{"@id":"https:\/\/www.altominho.tv\/site\/2026\/03\/04\/liliana-silva-alerta-que-reposicao-do-paredao-de-moledo-vai-ser-demorada-e-muito-cara\/#breadcrumb"},"inLanguage":"pt-PT","potentialAction":[{"@type":"ReadAction","target":["https:\/\/www.altominho.tv\/site\/2026\/03\/04\/liliana-silva-alerta-que-reposicao-do-paredao-de-moledo-vai-ser-demorada-e-muito-cara\/"]}]},{"@type":"ImageObject","inLanguage":"pt-PT","@id":"https:\/\/www.altominho.tv\/site\/2026\/03\/04\/liliana-silva-alerta-que-reposicao-do-paredao-de-moledo-vai-ser-demorada-e-muito-cara\/#primaryimage","url":"https:\/\/www.altominho.tv\/site\/wp-content\/uploads\/2026\/03\/paredao-moledo.png","contentUrl":"https:\/\/www.altominho.tv\/site\/wp-content\/uploads\/2026\/03\/paredao-moledo.png","width":1200,"height":630},{"@type":"BreadcrumbList","@id":"https:\/\/www.altominho.tv\/site\/2026\/03\/04\/liliana-silva-alerta-que-reposicao-do-paredao-de-moledo-vai-ser-demorada-e-muito-cara\/#breadcrumb","itemListElement":[{"@type":"ListItem","position":1,"name":"In\u00edcio","item":"https:\/\/www.altominho.tv\/site\/"},{"@type":"ListItem","position":2,"name":"Liliana Silva alerta que reposi\u00e7\u00e3o do pared\u00e3o de Moledo vai ser demorada e &#8220;muito cara&#8221;"}]},{"@type":"WebSite","@id":"https:\/\/www.altominho.tv\/site\/#website","url":"https:\/\/www.altominho.tv\/site\/","name":"Altominho.tv","description":"A sua regi\u00e3o \u00e0 dist\u00e2ncia de um clique...","potentialAction":[{"@type":"SearchAction","target":{"@type":"EntryPoint","urlTemplate":"https:\/\/www.altominho.tv\/site\/?s={search_term_string}"},"query-input":{"@type":"PropertyValueSpecification","valueRequired":true,"valueName":"search_term_string"}}],"inLanguage":"pt-PT"},{"@type":"Person","@id":"https:\/\/www.altominho.tv\/site\/#\/schema\/person\/63f693da3e1899361cbe955c46f3232e","name":"Lusa","image":{"@type":"ImageObject","inLanguage":"pt-PT","@id":"https:\/\/www.altominho.tv\/site\/wp-content\/uploads\/2019\/08\/LUSA_Logo.gif","url":"https:\/\/www.altominho.tv\/site\/wp-content\/uploads\/2019\/08\/LUSA_Logo.gif","contentUrl":"https:\/\/www.altominho.tv\/site\/wp-content\/uploads\/2019\/08\/LUSA_Logo.gif","caption":"Lusa"},"sameAs":["http:\/\/\/\/www.altominho.tv\/site"],"url":"https:\/\/www.altominho.tv\/site\/author\/lusa\/"}]}},"_links":{"self":[{"href":"https:\/\/www.altominho.tv\/site\/wp-json\/wp\/v2\/posts\/129402","targetHints":{"allow":["GET"]}}],"collection":[{"href":"https:\/\/www.altominho.tv\/site\/wp-json\/wp\/v2\/posts"}],"about":[{"href":"https:\/\/www.altominho.tv\/site\/wp-json\/wp\/v2\/types\/post"}],"author":[{"embeddable":true,"href":"https:\/\/www.altominho.tv\/site\/wp-json\/wp\/v2\/users\/13"}],"replies":[{"embeddable":true,"href":"https:\/\/www.altominho.tv\/site\/wp-json\/wp\/v2\/comments?post=129402"}],"version-history":[{"count":1,"href":"https:\/\/www.altominho.tv\/site\/wp-json\/wp\/v2\/posts\/129402\/revisions"}],"predecessor-version":[{"id":129404,"href":"https:\/\/www.altominho.tv\/site\/wp-json\/wp\/v2\/posts\/129402\/revisions\/129404"}],"wp:featuredmedia":[{"embeddable":true,"href":"https:\/\/www.altominho.tv\/site\/wp-json\/wp\/v2\/media\/129403"}],"wp:attachment":[{"href":"https:\/\/www.altominho.tv\/site\/wp-json\/wp\/v2\/media?parent=129402"}],"wp:term":[{"taxonomy":"category","embeddable":true,"href":"https:\/\/www.altominho.tv\/site\/wp-json\/wp\/v2\/categories?post=129402"},{"taxonomy":"post_tag","embeddable":true,"href":"https:\/\/www.altominho.tv\/site\/wp-json\/wp\/v2\/tags?post=129402"}],"curies":[{"name":"wp","href":"https:\/\/api.w.org\/{rel}","templated":true}]}}