{"id":129193,"date":"2026-03-01T09:40:02","date_gmt":"2026-03-01T09:40:02","guid":{"rendered":"https:\/\/www.altominho.tv\/site\/?p=129193"},"modified":"2026-03-01T09:40:05","modified_gmt":"2026-03-01T09:40:05","slug":"melgaco-vai-ter-doutoramento-em-ciencias-do-desporto","status":"publish","type":"post","link":"https:\/\/www.altominho.tv\/site\/2026\/03\/01\/melgaco-vai-ter-doutoramento-em-ciencias-do-desporto\/","title":{"rendered":"Melga\u00e7o vai ter doutoramento em Ci\u00eancias do Desporto"},"content":{"rendered":"\n<p>O Instituto Polit\u00e9cnico de Viana do Castelo (IPVC) viu aprovado o primeiro doutoramento em Ci\u00eancias do Desporto dos polit\u00e9cnicos portugueses, por um per\u00edodo de seis anos.<\/p>\n\n\n\n<p>O IPVC explica que o doutoramento em Ci\u00eancias do Desporto foi acreditado pela A3ES (a entidade respons\u00e1vel pela avalia\u00e7\u00e3o e acredita\u00e7\u00e3o dos ciclos de estudos e institui\u00e7\u00f5es de ensino superior em Portugal), \u201cmarcando um momento hist\u00f3rico no ensino superior nacional\u201d.<\/p>\n\n\n\n<p>\u201cA iniciativa representa um marco in\u00e9dito no ensino polit\u00e9cnico em Portugal, unindo institui\u00e7\u00f5es de norte a sul do pa\u00eds e criando oportunidades \u00fanicas de colabora\u00e7\u00e3o, forma\u00e7\u00e3o avan\u00e7ada e transfer\u00eancia de conhecimento para o setor desportivo, empresas e comunidades locais\u201d, real\u00e7a o IPVC.<\/p>\n\n\n\n<p>O programa de doutoramento \u201cresulta de uma colabora\u00e7\u00e3o entre seis institui\u00e7\u00f5es do subsistema polit\u00e9cnico, de norte a sul do pa\u00eds, e estar\u00e1 dispon\u00edvel a partir do ano letivo 2026\/27, oferecendo forma\u00e7\u00e3o avan\u00e7ada e investiga\u00e7\u00e3o aplicada na \u00e1rea das Ci\u00eancias do Desporto\u201d.<\/p>\n\n\n\n<p>Trata-se de \u201cum doutoramento de \u00e2mbito nacional, fruto da associa\u00e7\u00e3o entre o Instituto Polit\u00e9cnico de Viana do Castelo \u2013 Escola Superior de Desporto e Lazer de Melga\u00e7o, Instituto Polit\u00e9cnico de Santar\u00e9m \u2013 Escola Superior de Desporto de Rio Maior, Instituto Polit\u00e9cnico de Castelo Branco \u2013 Escola Superior de Educa\u00e7\u00e3o de Castelo Branco, Instituto Polit\u00e9cnico de Coimbra \u2013 Escola Superior de Educa\u00e7\u00e3o de Coimbra, Instituto Polit\u00e9cnico de Beja \u2013 Escola Superior de Educa\u00e7\u00e3o de Beja, e Instituto Polit\u00e9cnico da Guarda \u2013 Escola Superior de Educa\u00e7\u00e3o, Comunica\u00e7\u00e3o e Desporto da Guarda\u201d.<\/p>\n\n\n\n<p>O programa \u201cser\u00e1 apoiado pelo Sport Physical Activity and Health Research &amp; Innovation Center (SPRINT), Centro de Investiga\u00e7\u00e3o &amp; Inova\u00e7\u00e3o em Desporto, Atividade F\u00edsica e Sa\u00fade, resultante de um cons\u00f3rcio de dez institui\u00e7\u00f5es p\u00fablicas de ensino superior, que agrega 73 investigadores\u201d.<br><br>As \u201ccandidaturas para a primeira edi\u00e7\u00e3o do doutoramento em Ci\u00eancias do Desporto est\u00e3o previstas para o per\u00edodo entre julho e setembro deste ano\u201d.<br><\/p>\n","protected":false},"excerpt":{"rendered":"<p>O Instituto Polit\u00e9cnico de Viana do Castelo (IPVC) viu aprovado o primeiro doutoramento em Ci\u00eancias do Desporto dos polit\u00e9cnicos portugueses, por um per\u00edodo de seis anos. O IPVC explica que o doutoramento em Ci\u00eancias do Desporto foi acreditado pela A3ES (a entidade respons\u00e1vel pela avalia\u00e7\u00e3o e acredita\u00e7\u00e3o dos ciclos de estudos e institui\u00e7\u00f5es de ensino [&hellip;]<\/p>\n","protected":false},"author":13,"featured_media":121795,"comment_status":"closed","ping_status":"closed","sticky":false,"template":"","format":"standard","meta":{"_exactmetrics_skip_tracking":false,"_exactmetrics_sitenote_active":false,"_exactmetrics_sitenote_note":"","_exactmetrics_sitenote_category":0,"footnotes":""},"categories":[8],"tags":[20,22],"class_list":["post-129193","post","type-post","status-publish","format-standard","has-post-thumbnail","hentry","category-melgaco","tag-desporto","tag-educacao"],"yoast_head":"<!-- This site is optimized with the Yoast SEO Premium plugin v27.5 (Yoast SEO v27.5) - https:\/\/yoast.com\/product\/yoast-seo-premium-wordpress\/ -->\n<title>Melga\u00e7o vai ter doutoramento em Ci\u00eancias do Desporto<\/title>\n<meta name=\"description\" content=\"O Instituto Polit\u00e9cnico de Viana do Castelo (IPVC) viu aprovado o primeiro doutoramento em Ci\u00eancias do Desporto dos polit\u00e9cnicos portugueses, por um per\u00edodo de seis anos.\" \/>\n<meta name=\"robots\" content=\"index, follow, max-snippet:-1, max-image-preview:large, max-video-preview:-1\" \/>\n<link rel=\"canonical\" href=\"https:\/\/www.altominho.tv\/site\/2026\/03\/01\/melgaco-vai-ter-doutoramento-em-ciencias-do-desporto\/\" \/>\n<meta property=\"og:locale\" content=\"pt_PT\" \/>\n<meta property=\"og:type\" content=\"article\" \/>\n<meta property=\"og:title\" content=\"Melga\u00e7o vai ter doutoramento em Ci\u00eancias do Desporto\" \/>\n<meta property=\"og:description\" content=\"O Instituto Polit\u00e9cnico de Viana do Castelo (IPVC) viu aprovado o primeiro doutoramento em Ci\u00eancias do Desporto dos polit\u00e9cnicos portugueses, por um per\u00edodo de seis anos.\" \/>\n<meta property=\"og:url\" content=\"https:\/\/www.altominho.tv\/site\/2026\/03\/01\/melgaco-vai-ter-doutoramento-em-ciencias-do-desporto\/\" \/>\n<meta property=\"og:site_name\" content=\"Altominho.tv\" \/>\n<meta property=\"article:publisher\" content=\"https:\/\/www.facebook.com\/altominhotv\" \/>\n<meta property=\"article:published_time\" content=\"2026-03-01T09:40:02+00:00\" \/>\n<meta property=\"article:modified_time\" content=\"2026-03-01T09:40:05+00:00\" \/>\n<meta property=\"og:image\" content=\"https:\/\/www.altominho.tv\/site\/wp-content\/uploads\/2025\/08\/Escola-Superior-de-Desporto-e-Lazer.jpg\" \/>\n\t<meta property=\"og:image:width\" content=\"1200\" \/>\n\t<meta property=\"og:image:height\" content=\"630\" \/>\n\t<meta property=\"og:image:type\" content=\"image\/jpeg\" \/>\n<meta name=\"author\" content=\"Lusa\" \/>\n<meta name=\"twitter:card\" content=\"summary_large_image\" \/>\n<meta name=\"twitter:creator\" content=\"@altominhoTV\" \/>\n<meta name=\"twitter:site\" content=\"@altominhoTV\" \/>\n<meta name=\"twitter:label1\" content=\"Escrito por\" \/>\n\t<meta name=\"twitter:data1\" content=\"Lusa\" \/>\n\t<meta name=\"twitter:label2\" content=\"Tempo estimado de leitura\" \/>\n\t<meta name=\"twitter:data2\" content=\"2 minutos\" \/>\n<script type=\"application\/ld+json\" class=\"yoast-schema-graph\">{\"@context\":\"https:\\\/\\\/schema.org\",\"@graph\":[{\"@type\":\"Article\",\"@id\":\"https:\\\/\\\/www.altominho.tv\\\/site\\\/2026\\\/03\\\/01\\\/melgaco-vai-ter-doutoramento-em-ciencias-do-desporto\\\/#article\",\"isPartOf\":{\"@id\":\"https:\\\/\\\/www.altominho.tv\\\/site\\\/2026\\\/03\\\/01\\\/melgaco-vai-ter-doutoramento-em-ciencias-do-desporto\\\/\"},\"author\":{\"name\":\"Lusa\",\"@id\":\"https:\\\/\\\/www.altominho.tv\\\/site\\\/#\\\/schema\\\/person\\\/63f693da3e1899361cbe955c46f3232e\"},\"headline\":\"Melga\u00e7o vai ter doutoramento em Ci\u00eancias do Desporto\",\"datePublished\":\"2026-03-01T09:40:02+00:00\",\"dateModified\":\"2026-03-01T09:40:05+00:00\",\"mainEntityOfPage\":{\"@id\":\"https:\\\/\\\/www.altominho.tv\\\/site\\\/2026\\\/03\\\/01\\\/melgaco-vai-ter-doutoramento-em-ciencias-do-desporto\\\/\"},\"wordCount\":358,\"image\":{\"@id\":\"https:\\\/\\\/www.altominho.tv\\\/site\\\/2026\\\/03\\\/01\\\/melgaco-vai-ter-doutoramento-em-ciencias-do-desporto\\\/#primaryimage\"},\"thumbnailUrl\":\"https:\\\/\\\/www.altominho.tv\\\/site\\\/wp-content\\\/uploads\\\/2025\\\/08\\\/Escola-Superior-de-Desporto-e-Lazer.jpg\",\"keywords\":[\"Desporto\",\"Educa\u00e7\u00e3o\"],\"articleSection\":[\"Melga\u00e7o\"],\"inLanguage\":\"pt-PT\",\"copyrightYear\":\"2026\",\"copyrightHolder\":{\"@id\":\"https:\\\/\\\/www.altominho.tv\\\/site\\\/#organization\"}},{\"@type\":\"WebPage\",\"@id\":\"https:\\\/\\\/www.altominho.tv\\\/site\\\/2026\\\/03\\\/01\\\/melgaco-vai-ter-doutoramento-em-ciencias-do-desporto\\\/\",\"url\":\"https:\\\/\\\/www.altominho.tv\\\/site\\\/2026\\\/03\\\/01\\\/melgaco-vai-ter-doutoramento-em-ciencias-do-desporto\\\/\",\"name\":\"Melga\u00e7o vai ter doutoramento em Ci\u00eancias do Desporto\",\"isPartOf\":{\"@id\":\"https:\\\/\\\/www.altominho.tv\\\/site\\\/#website\"},\"primaryImageOfPage\":{\"@id\":\"https:\\\/\\\/www.altominho.tv\\\/site\\\/2026\\\/03\\\/01\\\/melgaco-vai-ter-doutoramento-em-ciencias-do-desporto\\\/#primaryimage\"},\"image\":{\"@id\":\"https:\\\/\\\/www.altominho.tv\\\/site\\\/2026\\\/03\\\/01\\\/melgaco-vai-ter-doutoramento-em-ciencias-do-desporto\\\/#primaryimage\"},\"thumbnailUrl\":\"https:\\\/\\\/www.altominho.tv\\\/site\\\/wp-content\\\/uploads\\\/2025\\\/08\\\/Escola-Superior-de-Desporto-e-Lazer.jpg\",\"datePublished\":\"2026-03-01T09:40:02+00:00\",\"dateModified\":\"2026-03-01T09:40:05+00:00\",\"author\":{\"@id\":\"https:\\\/\\\/www.altominho.tv\\\/site\\\/#\\\/schema\\\/person\\\/63f693da3e1899361cbe955c46f3232e\"},\"description\":\"O Instituto Polit\u00e9cnico de Viana do Castelo (IPVC) viu aprovado o primeiro doutoramento em Ci\u00eancias do Desporto dos polit\u00e9cnicos portugueses, por um per\u00edodo de seis anos.\",\"breadcrumb\":{\"@id\":\"https:\\\/\\\/www.altominho.tv\\\/site\\\/2026\\\/03\\\/01\\\/melgaco-vai-ter-doutoramento-em-ciencias-do-desporto\\\/#breadcrumb\"},\"inLanguage\":\"pt-PT\",\"potentialAction\":[{\"@type\":\"ReadAction\",\"target\":[\"https:\\\/\\\/www.altominho.tv\\\/site\\\/2026\\\/03\\\/01\\\/melgaco-vai-ter-doutoramento-em-ciencias-do-desporto\\\/\"]}]},{\"@type\":\"ImageObject\",\"inLanguage\":\"pt-PT\",\"@id\":\"https:\\\/\\\/www.altominho.tv\\\/site\\\/2026\\\/03\\\/01\\\/melgaco-vai-ter-doutoramento-em-ciencias-do-desporto\\\/#primaryimage\",\"url\":\"https:\\\/\\\/www.altominho.tv\\\/site\\\/wp-content\\\/uploads\\\/2025\\\/08\\\/Escola-Superior-de-Desporto-e-Lazer.jpg\",\"contentUrl\":\"https:\\\/\\\/www.altominho.tv\\\/site\\\/wp-content\\\/uploads\\\/2025\\\/08\\\/Escola-Superior-de-Desporto-e-Lazer.jpg\",\"width\":1200,\"height\":630},{\"@type\":\"BreadcrumbList\",\"@id\":\"https:\\\/\\\/www.altominho.tv\\\/site\\\/2026\\\/03\\\/01\\\/melgaco-vai-ter-doutoramento-em-ciencias-do-desporto\\\/#breadcrumb\",\"itemListElement\":[{\"@type\":\"ListItem\",\"position\":1,\"name\":\"In\u00edcio\",\"item\":\"https:\\\/\\\/www.altominho.tv\\\/site\\\/\"},{\"@type\":\"ListItem\",\"position\":2,\"name\":\"Melga\u00e7o vai ter doutoramento em Ci\u00eancias do Desporto\"}]},{\"@type\":\"WebSite\",\"@id\":\"https:\\\/\\\/www.altominho.tv\\\/site\\\/#website\",\"url\":\"https:\\\/\\\/www.altominho.tv\\\/site\\\/\",\"name\":\"Altominho.tv\",\"description\":\"A sua regi\u00e3o \u00e0 dist\u00e2ncia de um clique...\",\"potentialAction\":[{\"@type\":\"SearchAction\",\"target\":{\"@type\":\"EntryPoint\",\"urlTemplate\":\"https:\\\/\\\/www.altominho.tv\\\/site\\\/?s={search_term_string}\"},\"query-input\":{\"@type\":\"PropertyValueSpecification\",\"valueRequired\":true,\"valueName\":\"search_term_string\"}}],\"inLanguage\":\"pt-PT\"},{\"@type\":\"Person\",\"@id\":\"https:\\\/\\\/www.altominho.tv\\\/site\\\/#\\\/schema\\\/person\\\/63f693da3e1899361cbe955c46f3232e\",\"name\":\"Lusa\",\"image\":{\"@type\":\"ImageObject\",\"inLanguage\":\"pt-PT\",\"@id\":\"https:\\\/\\\/www.altominho.tv\\\/site\\\/wp-content\\\/uploads\\\/2019\\\/08\\\/LUSA_Logo.gif\",\"url\":\"https:\\\/\\\/www.altominho.tv\\\/site\\\/wp-content\\\/uploads\\\/2019\\\/08\\\/LUSA_Logo.gif\",\"contentUrl\":\"https:\\\/\\\/www.altominho.tv\\\/site\\\/wp-content\\\/uploads\\\/2019\\\/08\\\/LUSA_Logo.gif\",\"caption\":\"Lusa\"},\"sameAs\":[\"http:\\\/\\\/\\\/\\\/www.altominho.tv\\\/site\"],\"url\":\"https:\\\/\\\/www.altominho.tv\\\/site\\\/author\\\/lusa\\\/\"}]}<\/script>\n<!-- \/ Yoast SEO Premium plugin. -->","yoast_head_json":{"title":"Melga\u00e7o vai ter doutoramento em Ci\u00eancias do Desporto","description":"O Instituto Polit\u00e9cnico de Viana do Castelo (IPVC) viu aprovado o primeiro doutoramento em Ci\u00eancias do Desporto dos polit\u00e9cnicos portugueses, por um per\u00edodo de seis anos.","robots":{"index":"index","follow":"follow","max-snippet":"max-snippet:-1","max-image-preview":"max-image-preview:large","max-video-preview":"max-video-preview:-1"},"canonical":"https:\/\/www.altominho.tv\/site\/2026\/03\/01\/melgaco-vai-ter-doutoramento-em-ciencias-do-desporto\/","og_locale":"pt_PT","og_type":"article","og_title":"Melga\u00e7o vai ter doutoramento em Ci\u00eancias do Desporto","og_description":"O Instituto Polit\u00e9cnico de Viana do Castelo (IPVC) viu aprovado o primeiro doutoramento em Ci\u00eancias do Desporto dos polit\u00e9cnicos portugueses, por um per\u00edodo de seis anos.","og_url":"https:\/\/www.altominho.tv\/site\/2026\/03\/01\/melgaco-vai-ter-doutoramento-em-ciencias-do-desporto\/","og_site_name":"Altominho.tv","article_publisher":"https:\/\/www.facebook.com\/altominhotv","article_published_time":"2026-03-01T09:40:02+00:00","article_modified_time":"2026-03-01T09:40:05+00:00","og_image":[{"width":1200,"height":630,"url":"https:\/\/www.altominho.tv\/site\/wp-content\/uploads\/2025\/08\/Escola-Superior-de-Desporto-e-Lazer.jpg","type":"image\/jpeg"}],"author":"Lusa","twitter_card":"summary_large_image","twitter_creator":"@altominhoTV","twitter_site":"@altominhoTV","twitter_misc":{"Escrito por":"Lusa","Tempo estimado de leitura":"2 minutos"},"schema":{"@context":"https:\/\/schema.org","@graph":[{"@type":"Article","@id":"https:\/\/www.altominho.tv\/site\/2026\/03\/01\/melgaco-vai-ter-doutoramento-em-ciencias-do-desporto\/#article","isPartOf":{"@id":"https:\/\/www.altominho.tv\/site\/2026\/03\/01\/melgaco-vai-ter-doutoramento-em-ciencias-do-desporto\/"},"author":{"name":"Lusa","@id":"https:\/\/www.altominho.tv\/site\/#\/schema\/person\/63f693da3e1899361cbe955c46f3232e"},"headline":"Melga\u00e7o vai ter doutoramento em Ci\u00eancias do Desporto","datePublished":"2026-03-01T09:40:02+00:00","dateModified":"2026-03-01T09:40:05+00:00","mainEntityOfPage":{"@id":"https:\/\/www.altominho.tv\/site\/2026\/03\/01\/melgaco-vai-ter-doutoramento-em-ciencias-do-desporto\/"},"wordCount":358,"image":{"@id":"https:\/\/www.altominho.tv\/site\/2026\/03\/01\/melgaco-vai-ter-doutoramento-em-ciencias-do-desporto\/#primaryimage"},"thumbnailUrl":"https:\/\/www.altominho.tv\/site\/wp-content\/uploads\/2025\/08\/Escola-Superior-de-Desporto-e-Lazer.jpg","keywords":["Desporto","Educa\u00e7\u00e3o"],"articleSection":["Melga\u00e7o"],"inLanguage":"pt-PT","copyrightYear":"2026","copyrightHolder":{"@id":"https:\/\/www.altominho.tv\/site\/#organization"}},{"@type":"WebPage","@id":"https:\/\/www.altominho.tv\/site\/2026\/03\/01\/melgaco-vai-ter-doutoramento-em-ciencias-do-desporto\/","url":"https:\/\/www.altominho.tv\/site\/2026\/03\/01\/melgaco-vai-ter-doutoramento-em-ciencias-do-desporto\/","name":"Melga\u00e7o vai ter doutoramento em Ci\u00eancias do Desporto","isPartOf":{"@id":"https:\/\/www.altominho.tv\/site\/#website"},"primaryImageOfPage":{"@id":"https:\/\/www.altominho.tv\/site\/2026\/03\/01\/melgaco-vai-ter-doutoramento-em-ciencias-do-desporto\/#primaryimage"},"image":{"@id":"https:\/\/www.altominho.tv\/site\/2026\/03\/01\/melgaco-vai-ter-doutoramento-em-ciencias-do-desporto\/#primaryimage"},"thumbnailUrl":"https:\/\/www.altominho.tv\/site\/wp-content\/uploads\/2025\/08\/Escola-Superior-de-Desporto-e-Lazer.jpg","datePublished":"2026-03-01T09:40:02+00:00","dateModified":"2026-03-01T09:40:05+00:00","author":{"@id":"https:\/\/www.altominho.tv\/site\/#\/schema\/person\/63f693da3e1899361cbe955c46f3232e"},"description":"O Instituto Polit\u00e9cnico de Viana do Castelo (IPVC) viu aprovado o primeiro doutoramento em Ci\u00eancias do Desporto dos polit\u00e9cnicos portugueses, por um per\u00edodo de seis anos.","breadcrumb":{"@id":"https:\/\/www.altominho.tv\/site\/2026\/03\/01\/melgaco-vai-ter-doutoramento-em-ciencias-do-desporto\/#breadcrumb"},"inLanguage":"pt-PT","potentialAction":[{"@type":"ReadAction","target":["https:\/\/www.altominho.tv\/site\/2026\/03\/01\/melgaco-vai-ter-doutoramento-em-ciencias-do-desporto\/"]}]},{"@type":"ImageObject","inLanguage":"pt-PT","@id":"https:\/\/www.altominho.tv\/site\/2026\/03\/01\/melgaco-vai-ter-doutoramento-em-ciencias-do-desporto\/#primaryimage","url":"https:\/\/www.altominho.tv\/site\/wp-content\/uploads\/2025\/08\/Escola-Superior-de-Desporto-e-Lazer.jpg","contentUrl":"https:\/\/www.altominho.tv\/site\/wp-content\/uploads\/2025\/08\/Escola-Superior-de-Desporto-e-Lazer.jpg","width":1200,"height":630},{"@type":"BreadcrumbList","@id":"https:\/\/www.altominho.tv\/site\/2026\/03\/01\/melgaco-vai-ter-doutoramento-em-ciencias-do-desporto\/#breadcrumb","itemListElement":[{"@type":"ListItem","position":1,"name":"In\u00edcio","item":"https:\/\/www.altominho.tv\/site\/"},{"@type":"ListItem","position":2,"name":"Melga\u00e7o vai ter doutoramento em Ci\u00eancias do Desporto"}]},{"@type":"WebSite","@id":"https:\/\/www.altominho.tv\/site\/#website","url":"https:\/\/www.altominho.tv\/site\/","name":"Altominho.tv","description":"A sua regi\u00e3o \u00e0 dist\u00e2ncia de um clique...","potentialAction":[{"@type":"SearchAction","target":{"@type":"EntryPoint","urlTemplate":"https:\/\/www.altominho.tv\/site\/?s={search_term_string}"},"query-input":{"@type":"PropertyValueSpecification","valueRequired":true,"valueName":"search_term_string"}}],"inLanguage":"pt-PT"},{"@type":"Person","@id":"https:\/\/www.altominho.tv\/site\/#\/schema\/person\/63f693da3e1899361cbe955c46f3232e","name":"Lusa","image":{"@type":"ImageObject","inLanguage":"pt-PT","@id":"https:\/\/www.altominho.tv\/site\/wp-content\/uploads\/2019\/08\/LUSA_Logo.gif","url":"https:\/\/www.altominho.tv\/site\/wp-content\/uploads\/2019\/08\/LUSA_Logo.gif","contentUrl":"https:\/\/www.altominho.tv\/site\/wp-content\/uploads\/2019\/08\/LUSA_Logo.gif","caption":"Lusa"},"sameAs":["http:\/\/\/\/www.altominho.tv\/site"],"url":"https:\/\/www.altominho.tv\/site\/author\/lusa\/"}]}},"_links":{"self":[{"href":"https:\/\/www.altominho.tv\/site\/wp-json\/wp\/v2\/posts\/129193","targetHints":{"allow":["GET"]}}],"collection":[{"href":"https:\/\/www.altominho.tv\/site\/wp-json\/wp\/v2\/posts"}],"about":[{"href":"https:\/\/www.altominho.tv\/site\/wp-json\/wp\/v2\/types\/post"}],"author":[{"embeddable":true,"href":"https:\/\/www.altominho.tv\/site\/wp-json\/wp\/v2\/users\/13"}],"replies":[{"embeddable":true,"href":"https:\/\/www.altominho.tv\/site\/wp-json\/wp\/v2\/comments?post=129193"}],"version-history":[{"count":1,"href":"https:\/\/www.altominho.tv\/site\/wp-json\/wp\/v2\/posts\/129193\/revisions"}],"predecessor-version":[{"id":129194,"href":"https:\/\/www.altominho.tv\/site\/wp-json\/wp\/v2\/posts\/129193\/revisions\/129194"}],"wp:featuredmedia":[{"embeddable":true,"href":"https:\/\/www.altominho.tv\/site\/wp-json\/wp\/v2\/media\/121795"}],"wp:attachment":[{"href":"https:\/\/www.altominho.tv\/site\/wp-json\/wp\/v2\/media?parent=129193"}],"wp:term":[{"taxonomy":"category","embeddable":true,"href":"https:\/\/www.altominho.tv\/site\/wp-json\/wp\/v2\/categories?post=129193"},{"taxonomy":"post_tag","embeddable":true,"href":"https:\/\/www.altominho.tv\/site\/wp-json\/wp\/v2\/tags?post=129193"}],"curies":[{"name":"wp","href":"https:\/\/api.w.org\/{rel}","templated":true}]}}