{"id":129188,"date":"2026-02-28T22:54:21","date_gmt":"2026-02-28T22:54:21","guid":{"rendered":"https:\/\/www.altominho.tv\/site\/?p=129188"},"modified":"2026-02-28T22:56:18","modified_gmt":"2026-02-28T22:56:18","slug":"reflorestacao-mobiliza-voluntarios-e-comunidade-na-freguesia-de-covas","status":"publish","type":"post","link":"https:\/\/www.altominho.tv\/site\/2026\/02\/28\/reflorestacao-mobiliza-voluntarios-e-comunidade-na-freguesia-de-covas\/","title":{"rendered":"Refloresta\u00e7\u00e3o mobiliza volunt\u00e1rios e comunidade na freguesia de Covas"},"content":{"rendered":"<div class=\"flex flex-col text-sm pb-25\">\n<article class=\"text-token-text-primary w-full focus:outline-none [--shadow-height:45px] has-data-writing-block:pointer-events-none has-data-writing-block:-mt-(--shadow-height) has-data-writing-block:pt-(--shadow-height) [&amp;:has([data-writing-block])&gt;*]:pointer-events-auto scroll-mt-[calc(var(--header-height)+min(200px,max(70px,20svh)))]\" dir=\"auto\" tabindex=\"-1\" data-turn-id=\"request-WEB:b7b9ade2-a4f6-4083-af2b-7baf0631ed4b-2\" data-testid=\"conversation-turn-6\" data-scroll-anchor=\"true\" data-turn=\"assistant\">\n<div class=\"text-base my-auto mx-auto pb-10 [--thread-content-margin:--spacing(4)] @w-sm\/main:[--thread-content-margin:--spacing(6)] @w-lg\/main:[--thread-content-margin:--spacing(16)] px-(--thread-content-margin)\">\n<div class=\"[--thread-content-max-width:40rem] @w-lg\/main:[--thread-content-max-width:48rem] mx-auto max-w-(--thread-content-max-width) flex-1 group\/turn-messages focus-visible:outline-hidden relative flex w-full min-w-0 flex-col agent-turn\" tabindex=\"-1\">\n<div class=\"flex max-w-full flex-col grow\">\n<div class=\"min-h-8 text-message relative flex w-full flex-col items-end gap-2 text-start break-words whitespace-normal [.text-message+&amp;]:mt-1\" dir=\"auto\" data-message-author-role=\"assistant\" data-message-id=\"e463c048-c141-4216-b46b-afae369dde99\" data-message-model-slug=\"gpt-5-2\">\n<div class=\"flex w-full flex-col gap-1 empty:hidden first:pt-[1px]\">\n<div class=\"markdown prose dark:prose-invert w-full wrap-break-word light markdown-new-styling\">\n<p data-start=\"75\" data-end=\"391\">Os volunt\u00e1rios do projeto ambiental \u201cSemente Sorridente\u201d realizaram no s\u00e1bado uma a\u00e7\u00e3o de refloresta\u00e7\u00e3o com esp\u00e9cies aut\u00f3ctones em Covas, no concelho de Vila Nova de Cerveira. A iniciativa integrou-se no conjunto de planta\u00e7\u00f5es que t\u00eam vindo a ser promovidas na freguesia, com o envolvimento da popula\u00e7\u00e3o local.<\/p>\n<p data-start=\"393\" data-end=\"669\">De acordo com uma publica\u00e7\u00e3o da p\u00e1gina \u201cAldeia de Covas\u201d, este tipo de a\u00e7\u00f5es tem sido frequente na localidade. \u201cO\u00a0envolvimento da comunidade ser\u00e1 sempre muito importante em t\u00e3o nobre causa\u201d, pode ler-se na nota divulgada.<\/p>\n<p data-start=\"671\" data-end=\"924\">A mesma fonte informa que est\u00e1 agendada uma nova atividade para o pr\u00f3ximo dia 7 de mar\u00e7o, pelas 09h30, refor\u00e7ando o apelo \u00e0 participa\u00e7\u00e3o da comunidade. \u201cJuntos, podemos dar mais pulm\u00e3o \u00e0 nossa paix\u00e3o que \u00e9 esta aldeia de Covas\u201d, acrescenta a publica\u00e7\u00e3o.<\/p>\n<p data-start=\"926\" data-end=\"1177\" data-is-last-node=\"\" data-is-only-node=\"\">O projeto \u201cSemente Sorridente\u201d \u00e9 uma iniciativa ambiental sem fins lucrativos que tem como principal objetivo \u201ccobrir Portugal de verde\u201d, atrav\u00e9s da planta\u00e7\u00e3o de esp\u00e9cies aut\u00f3ctones e da promo\u00e7\u00e3o de pr\u00e1ticas sustent\u00e1veis em diferentes regi\u00f5es do pa\u00eds.<\/p>\n<\/div>\n<\/div>\n<\/div>\n<\/div>\n<div class=\"z-0 flex min-h-[46px] justify-start\"><\/div>\n<div class=\"mt-3 w-full empty:hidden\">\n<div class=\"text-center\"><strong>Fotos: @aldeia.de.covas<\/strong><\/div>\n<\/div>\n<\/div>\n<\/div>\n<\/article>\n<\/div>\n","protected":false},"excerpt":{"rendered":"<p>Os volunt\u00e1rios do projeto ambiental \u201cSemente Sorridente\u201d realizaram no s\u00e1bado uma a\u00e7\u00e3o de refloresta\u00e7\u00e3o com esp\u00e9cies aut\u00f3ctones em Covas, no concelho de Vila Nova de Cerveira. A iniciativa integrou-se no conjunto de planta\u00e7\u00f5es que t\u00eam vindo a ser promovidas na freguesia, com o envolvimento da popula\u00e7\u00e3o local. De acordo com uma publica\u00e7\u00e3o da p\u00e1gina \u201cAldeia [&hellip;]<\/p>\n","protected":false},"author":24,"featured_media":129189,"comment_status":"closed","ping_status":"closed","sticky":false,"template":"","format":"standard","meta":{"_exactmetrics_skip_tracking":false,"_exactmetrics_sitenote_active":false,"_exactmetrics_sitenote_note":"","_exactmetrics_sitenote_category":0,"footnotes":""},"categories":[15],"tags":[56336],"class_list":["post-129188","post","type-post","status-publish","format-standard","has-post-thumbnail","hentry","category-vila-nova-de-cerveira","tag-ambiente"],"yoast_head":"<!-- This site is optimized with the Yoast SEO Premium plugin v27.5 (Yoast SEO v27.5) - https:\/\/yoast.com\/product\/yoast-seo-premium-wordpress\/ -->\n<title>Refloresta\u00e7\u00e3o mobiliza volunt\u00e1rios e comunidade na freguesia de Covas<\/title>\n<meta name=\"description\" content=\"Os volunt\u00e1rios do projeto ambiental \u201cSemente Sorridente\u201d realizaram ontem uma a\u00e7\u00e3o de refloresta\u00e7\u00e3o com esp\u00e9cies aut\u00f3ctones em Covas, no concelho de Vila Nova de Cerveira. A iniciativa integrou-se no conjunto de planta\u00e7\u00f5es que t\u00eam vindo a ser promovidas na freguesia, com o envolvimento da popula\u00e7\u00e3o local.\" \/>\n<meta name=\"robots\" content=\"index, follow, max-snippet:-1, max-image-preview:large, max-video-preview:-1\" \/>\n<link rel=\"canonical\" href=\"https:\/\/www.altominho.tv\/site\/2026\/02\/28\/reflorestacao-mobiliza-voluntarios-e-comunidade-na-freguesia-de-covas\/\" \/>\n<meta property=\"og:locale\" content=\"pt_PT\" \/>\n<meta property=\"og:type\" content=\"article\" \/>\n<meta property=\"og:title\" content=\"Refloresta\u00e7\u00e3o mobiliza volunt\u00e1rios e comunidade na freguesia de Covas\" \/>\n<meta property=\"og:description\" content=\"Os volunt\u00e1rios do projeto ambiental \u201cSemente Sorridente\u201d realizaram ontem uma a\u00e7\u00e3o de refloresta\u00e7\u00e3o com esp\u00e9cies aut\u00f3ctones em Covas, no concelho de Vila Nova de Cerveira. A iniciativa integrou-se no conjunto de planta\u00e7\u00f5es que t\u00eam vindo a ser promovidas na freguesia, com o envolvimento da popula\u00e7\u00e3o local.\" \/>\n<meta property=\"og:url\" content=\"https:\/\/www.altominho.tv\/site\/2026\/02\/28\/reflorestacao-mobiliza-voluntarios-e-comunidade-na-freguesia-de-covas\/\" \/>\n<meta property=\"og:site_name\" content=\"Altominho.tv\" \/>\n<meta property=\"article:publisher\" content=\"https:\/\/www.facebook.com\/altominhotv\" \/>\n<meta property=\"article:published_time\" content=\"2026-02-28T22:54:21+00:00\" \/>\n<meta property=\"article:modified_time\" content=\"2026-02-28T22:56:18+00:00\" \/>\n<meta property=\"og:image\" content=\"https:\/\/www.altominho.tv\/site\/wp-content\/uploads\/2026\/02\/arvores-covas.png\" \/>\n\t<meta property=\"og:image:width\" content=\"1200\" \/>\n\t<meta property=\"og:image:height\" content=\"630\" \/>\n\t<meta property=\"og:image:type\" content=\"image\/png\" \/>\n<meta name=\"author\" content=\"Cesar Lopes\" \/>\n<meta name=\"twitter:card\" content=\"summary_large_image\" \/>\n<meta name=\"twitter:creator\" content=\"@altominhoTV\" \/>\n<meta name=\"twitter:site\" content=\"@altominhoTV\" \/>\n<meta name=\"twitter:label1\" content=\"Escrito por\" \/>\n\t<meta name=\"twitter:data1\" content=\"Cesar Lopes\" \/>\n\t<meta name=\"twitter:label2\" content=\"Tempo estimado de leitura\" \/>\n\t<meta name=\"twitter:data2\" content=\"2 minutos\" \/>\n<script type=\"application\/ld+json\" class=\"yoast-schema-graph\">{\"@context\":\"https:\\\/\\\/schema.org\",\"@graph\":[{\"@type\":\"Article\",\"@id\":\"https:\\\/\\\/www.altominho.tv\\\/site\\\/2026\\\/02\\\/28\\\/reflorestacao-mobiliza-voluntarios-e-comunidade-na-freguesia-de-covas\\\/#article\",\"isPartOf\":{\"@id\":\"https:\\\/\\\/www.altominho.tv\\\/site\\\/2026\\\/02\\\/28\\\/reflorestacao-mobiliza-voluntarios-e-comunidade-na-freguesia-de-covas\\\/\"},\"author\":{\"name\":\"Cesar Lopes\",\"@id\":\"https:\\\/\\\/www.altominho.tv\\\/site\\\/#\\\/schema\\\/person\\\/c5570e5afb933b8d08c43373326ef1b1\"},\"headline\":\"Refloresta\u00e7\u00e3o mobiliza volunt\u00e1rios e comunidade na freguesia de Covas\",\"datePublished\":\"2026-02-28T22:54:21+00:00\",\"dateModified\":\"2026-02-28T22:56:18+00:00\",\"mainEntityOfPage\":{\"@id\":\"https:\\\/\\\/www.altominho.tv\\\/site\\\/2026\\\/02\\\/28\\\/reflorestacao-mobiliza-voluntarios-e-comunidade-na-freguesia-de-covas\\\/\"},\"wordCount\":202,\"image\":{\"@id\":\"https:\\\/\\\/www.altominho.tv\\\/site\\\/2026\\\/02\\\/28\\\/reflorestacao-mobiliza-voluntarios-e-comunidade-na-freguesia-de-covas\\\/#primaryimage\"},\"thumbnailUrl\":\"https:\\\/\\\/www.altominho.tv\\\/site\\\/wp-content\\\/uploads\\\/2026\\\/02\\\/arvores-covas.png\",\"keywords\":[\"Ambiente\"],\"articleSection\":[\"Vila Nova de Cerveira\"],\"inLanguage\":\"pt-PT\",\"copyrightYear\":\"2026\",\"copyrightHolder\":{\"@id\":\"https:\\\/\\\/www.altominho.tv\\\/site\\\/#organization\"}},{\"@type\":\"WebPage\",\"@id\":\"https:\\\/\\\/www.altominho.tv\\\/site\\\/2026\\\/02\\\/28\\\/reflorestacao-mobiliza-voluntarios-e-comunidade-na-freguesia-de-covas\\\/\",\"url\":\"https:\\\/\\\/www.altominho.tv\\\/site\\\/2026\\\/02\\\/28\\\/reflorestacao-mobiliza-voluntarios-e-comunidade-na-freguesia-de-covas\\\/\",\"name\":\"Refloresta\u00e7\u00e3o mobiliza volunt\u00e1rios e comunidade na freguesia de Covas\",\"isPartOf\":{\"@id\":\"https:\\\/\\\/www.altominho.tv\\\/site\\\/#website\"},\"primaryImageOfPage\":{\"@id\":\"https:\\\/\\\/www.altominho.tv\\\/site\\\/2026\\\/02\\\/28\\\/reflorestacao-mobiliza-voluntarios-e-comunidade-na-freguesia-de-covas\\\/#primaryimage\"},\"image\":{\"@id\":\"https:\\\/\\\/www.altominho.tv\\\/site\\\/2026\\\/02\\\/28\\\/reflorestacao-mobiliza-voluntarios-e-comunidade-na-freguesia-de-covas\\\/#primaryimage\"},\"thumbnailUrl\":\"https:\\\/\\\/www.altominho.tv\\\/site\\\/wp-content\\\/uploads\\\/2026\\\/02\\\/arvores-covas.png\",\"datePublished\":\"2026-02-28T22:54:21+00:00\",\"dateModified\":\"2026-02-28T22:56:18+00:00\",\"author\":{\"@id\":\"https:\\\/\\\/www.altominho.tv\\\/site\\\/#\\\/schema\\\/person\\\/c5570e5afb933b8d08c43373326ef1b1\"},\"description\":\"Os volunt\u00e1rios do projeto ambiental \u201cSemente Sorridente\u201d realizaram ontem uma a\u00e7\u00e3o de refloresta\u00e7\u00e3o com esp\u00e9cies aut\u00f3ctones em Covas, no concelho de Vila Nova de Cerveira. A iniciativa integrou-se no conjunto de planta\u00e7\u00f5es que t\u00eam vindo a ser promovidas na freguesia, com o envolvimento da popula\u00e7\u00e3o local.\",\"breadcrumb\":{\"@id\":\"https:\\\/\\\/www.altominho.tv\\\/site\\\/2026\\\/02\\\/28\\\/reflorestacao-mobiliza-voluntarios-e-comunidade-na-freguesia-de-covas\\\/#breadcrumb\"},\"inLanguage\":\"pt-PT\",\"potentialAction\":[{\"@type\":\"ReadAction\",\"target\":[\"https:\\\/\\\/www.altominho.tv\\\/site\\\/2026\\\/02\\\/28\\\/reflorestacao-mobiliza-voluntarios-e-comunidade-na-freguesia-de-covas\\\/\"]}]},{\"@type\":\"ImageObject\",\"inLanguage\":\"pt-PT\",\"@id\":\"https:\\\/\\\/www.altominho.tv\\\/site\\\/2026\\\/02\\\/28\\\/reflorestacao-mobiliza-voluntarios-e-comunidade-na-freguesia-de-covas\\\/#primaryimage\",\"url\":\"https:\\\/\\\/www.altominho.tv\\\/site\\\/wp-content\\\/uploads\\\/2026\\\/02\\\/arvores-covas.png\",\"contentUrl\":\"https:\\\/\\\/www.altominho.tv\\\/site\\\/wp-content\\\/uploads\\\/2026\\\/02\\\/arvores-covas.png\",\"width\":1200,\"height\":630},{\"@type\":\"BreadcrumbList\",\"@id\":\"https:\\\/\\\/www.altominho.tv\\\/site\\\/2026\\\/02\\\/28\\\/reflorestacao-mobiliza-voluntarios-e-comunidade-na-freguesia-de-covas\\\/#breadcrumb\",\"itemListElement\":[{\"@type\":\"ListItem\",\"position\":1,\"name\":\"In\u00edcio\",\"item\":\"https:\\\/\\\/www.altominho.tv\\\/site\\\/\"},{\"@type\":\"ListItem\",\"position\":2,\"name\":\"Refloresta\u00e7\u00e3o mobiliza volunt\u00e1rios e comunidade na freguesia de Covas\"}]},{\"@type\":\"WebSite\",\"@id\":\"https:\\\/\\\/www.altominho.tv\\\/site\\\/#website\",\"url\":\"https:\\\/\\\/www.altominho.tv\\\/site\\\/\",\"name\":\"Altominho.tv\",\"description\":\"A sua regi\u00e3o \u00e0 dist\u00e2ncia de um clique...\",\"potentialAction\":[{\"@type\":\"SearchAction\",\"target\":{\"@type\":\"EntryPoint\",\"urlTemplate\":\"https:\\\/\\\/www.altominho.tv\\\/site\\\/?s={search_term_string}\"},\"query-input\":{\"@type\":\"PropertyValueSpecification\",\"valueRequired\":true,\"valueName\":\"search_term_string\"}}],\"inLanguage\":\"pt-PT\"},{\"@type\":\"Person\",\"@id\":\"https:\\\/\\\/www.altominho.tv\\\/site\\\/#\\\/schema\\\/person\\\/c5570e5afb933b8d08c43373326ef1b1\",\"name\":\"Cesar Lopes\",\"image\":{\"@type\":\"ImageObject\",\"inLanguage\":\"pt-PT\",\"@id\":\"https:\\\/\\\/www.altominho.tv\\\/site\\\/wp-content\\\/uploads\\\/2022\\\/10\\\/Sem-Titulo-150x150.jpg\",\"url\":\"https:\\\/\\\/www.altominho.tv\\\/site\\\/wp-content\\\/uploads\\\/2022\\\/10\\\/Sem-Titulo-150x150.jpg\",\"contentUrl\":\"https:\\\/\\\/www.altominho.tv\\\/site\\\/wp-content\\\/uploads\\\/2022\\\/10\\\/Sem-Titulo-150x150.jpg\",\"caption\":\"Cesar Lopes\"},\"url\":\"https:\\\/\\\/www.altominho.tv\\\/site\\\/author\\\/cesarlopes\\\/\"}]}<\/script>\n<!-- \/ Yoast SEO Premium plugin. -->","yoast_head_json":{"title":"Refloresta\u00e7\u00e3o mobiliza volunt\u00e1rios e comunidade na freguesia de Covas","description":"Os volunt\u00e1rios do projeto ambiental \u201cSemente Sorridente\u201d realizaram ontem uma a\u00e7\u00e3o de refloresta\u00e7\u00e3o com esp\u00e9cies aut\u00f3ctones em Covas, no concelho de Vila Nova de Cerveira. A iniciativa integrou-se no conjunto de planta\u00e7\u00f5es que t\u00eam vindo a ser promovidas na freguesia, com o envolvimento da popula\u00e7\u00e3o local.","robots":{"index":"index","follow":"follow","max-snippet":"max-snippet:-1","max-image-preview":"max-image-preview:large","max-video-preview":"max-video-preview:-1"},"canonical":"https:\/\/www.altominho.tv\/site\/2026\/02\/28\/reflorestacao-mobiliza-voluntarios-e-comunidade-na-freguesia-de-covas\/","og_locale":"pt_PT","og_type":"article","og_title":"Refloresta\u00e7\u00e3o mobiliza volunt\u00e1rios e comunidade na freguesia de Covas","og_description":"Os volunt\u00e1rios do projeto ambiental \u201cSemente Sorridente\u201d realizaram ontem uma a\u00e7\u00e3o de refloresta\u00e7\u00e3o com esp\u00e9cies aut\u00f3ctones em Covas, no concelho de Vila Nova de Cerveira. A iniciativa integrou-se no conjunto de planta\u00e7\u00f5es que t\u00eam vindo a ser promovidas na freguesia, com o envolvimento da popula\u00e7\u00e3o local.","og_url":"https:\/\/www.altominho.tv\/site\/2026\/02\/28\/reflorestacao-mobiliza-voluntarios-e-comunidade-na-freguesia-de-covas\/","og_site_name":"Altominho.tv","article_publisher":"https:\/\/www.facebook.com\/altominhotv","article_published_time":"2026-02-28T22:54:21+00:00","article_modified_time":"2026-02-28T22:56:18+00:00","og_image":[{"width":1200,"height":630,"url":"https:\/\/www.altominho.tv\/site\/wp-content\/uploads\/2026\/02\/arvores-covas.png","type":"image\/png"}],"author":"Cesar Lopes","twitter_card":"summary_large_image","twitter_creator":"@altominhoTV","twitter_site":"@altominhoTV","twitter_misc":{"Escrito por":"Cesar Lopes","Tempo estimado de leitura":"2 minutos"},"schema":{"@context":"https:\/\/schema.org","@graph":[{"@type":"Article","@id":"https:\/\/www.altominho.tv\/site\/2026\/02\/28\/reflorestacao-mobiliza-voluntarios-e-comunidade-na-freguesia-de-covas\/#article","isPartOf":{"@id":"https:\/\/www.altominho.tv\/site\/2026\/02\/28\/reflorestacao-mobiliza-voluntarios-e-comunidade-na-freguesia-de-covas\/"},"author":{"name":"Cesar Lopes","@id":"https:\/\/www.altominho.tv\/site\/#\/schema\/person\/c5570e5afb933b8d08c43373326ef1b1"},"headline":"Refloresta\u00e7\u00e3o mobiliza volunt\u00e1rios e comunidade na freguesia de Covas","datePublished":"2026-02-28T22:54:21+00:00","dateModified":"2026-02-28T22:56:18+00:00","mainEntityOfPage":{"@id":"https:\/\/www.altominho.tv\/site\/2026\/02\/28\/reflorestacao-mobiliza-voluntarios-e-comunidade-na-freguesia-de-covas\/"},"wordCount":202,"image":{"@id":"https:\/\/www.altominho.tv\/site\/2026\/02\/28\/reflorestacao-mobiliza-voluntarios-e-comunidade-na-freguesia-de-covas\/#primaryimage"},"thumbnailUrl":"https:\/\/www.altominho.tv\/site\/wp-content\/uploads\/2026\/02\/arvores-covas.png","keywords":["Ambiente"],"articleSection":["Vila Nova de Cerveira"],"inLanguage":"pt-PT","copyrightYear":"2026","copyrightHolder":{"@id":"https:\/\/www.altominho.tv\/site\/#organization"}},{"@type":"WebPage","@id":"https:\/\/www.altominho.tv\/site\/2026\/02\/28\/reflorestacao-mobiliza-voluntarios-e-comunidade-na-freguesia-de-covas\/","url":"https:\/\/www.altominho.tv\/site\/2026\/02\/28\/reflorestacao-mobiliza-voluntarios-e-comunidade-na-freguesia-de-covas\/","name":"Refloresta\u00e7\u00e3o mobiliza volunt\u00e1rios e comunidade na freguesia de Covas","isPartOf":{"@id":"https:\/\/www.altominho.tv\/site\/#website"},"primaryImageOfPage":{"@id":"https:\/\/www.altominho.tv\/site\/2026\/02\/28\/reflorestacao-mobiliza-voluntarios-e-comunidade-na-freguesia-de-covas\/#primaryimage"},"image":{"@id":"https:\/\/www.altominho.tv\/site\/2026\/02\/28\/reflorestacao-mobiliza-voluntarios-e-comunidade-na-freguesia-de-covas\/#primaryimage"},"thumbnailUrl":"https:\/\/www.altominho.tv\/site\/wp-content\/uploads\/2026\/02\/arvores-covas.png","datePublished":"2026-02-28T22:54:21+00:00","dateModified":"2026-02-28T22:56:18+00:00","author":{"@id":"https:\/\/www.altominho.tv\/site\/#\/schema\/person\/c5570e5afb933b8d08c43373326ef1b1"},"description":"Os volunt\u00e1rios do projeto ambiental \u201cSemente Sorridente\u201d realizaram ontem uma a\u00e7\u00e3o de refloresta\u00e7\u00e3o com esp\u00e9cies aut\u00f3ctones em Covas, no concelho de Vila Nova de Cerveira. A iniciativa integrou-se no conjunto de planta\u00e7\u00f5es que t\u00eam vindo a ser promovidas na freguesia, com o envolvimento da popula\u00e7\u00e3o local.","breadcrumb":{"@id":"https:\/\/www.altominho.tv\/site\/2026\/02\/28\/reflorestacao-mobiliza-voluntarios-e-comunidade-na-freguesia-de-covas\/#breadcrumb"},"inLanguage":"pt-PT","potentialAction":[{"@type":"ReadAction","target":["https:\/\/www.altominho.tv\/site\/2026\/02\/28\/reflorestacao-mobiliza-voluntarios-e-comunidade-na-freguesia-de-covas\/"]}]},{"@type":"ImageObject","inLanguage":"pt-PT","@id":"https:\/\/www.altominho.tv\/site\/2026\/02\/28\/reflorestacao-mobiliza-voluntarios-e-comunidade-na-freguesia-de-covas\/#primaryimage","url":"https:\/\/www.altominho.tv\/site\/wp-content\/uploads\/2026\/02\/arvores-covas.png","contentUrl":"https:\/\/www.altominho.tv\/site\/wp-content\/uploads\/2026\/02\/arvores-covas.png","width":1200,"height":630},{"@type":"BreadcrumbList","@id":"https:\/\/www.altominho.tv\/site\/2026\/02\/28\/reflorestacao-mobiliza-voluntarios-e-comunidade-na-freguesia-de-covas\/#breadcrumb","itemListElement":[{"@type":"ListItem","position":1,"name":"In\u00edcio","item":"https:\/\/www.altominho.tv\/site\/"},{"@type":"ListItem","position":2,"name":"Refloresta\u00e7\u00e3o mobiliza volunt\u00e1rios e comunidade na freguesia de Covas"}]},{"@type":"WebSite","@id":"https:\/\/www.altominho.tv\/site\/#website","url":"https:\/\/www.altominho.tv\/site\/","name":"Altominho.tv","description":"A sua regi\u00e3o \u00e0 dist\u00e2ncia de um clique...","potentialAction":[{"@type":"SearchAction","target":{"@type":"EntryPoint","urlTemplate":"https:\/\/www.altominho.tv\/site\/?s={search_term_string}"},"query-input":{"@type":"PropertyValueSpecification","valueRequired":true,"valueName":"search_term_string"}}],"inLanguage":"pt-PT"},{"@type":"Person","@id":"https:\/\/www.altominho.tv\/site\/#\/schema\/person\/c5570e5afb933b8d08c43373326ef1b1","name":"Cesar Lopes","image":{"@type":"ImageObject","inLanguage":"pt-PT","@id":"https:\/\/www.altominho.tv\/site\/wp-content\/uploads\/2022\/10\/Sem-Titulo-150x150.jpg","url":"https:\/\/www.altominho.tv\/site\/wp-content\/uploads\/2022\/10\/Sem-Titulo-150x150.jpg","contentUrl":"https:\/\/www.altominho.tv\/site\/wp-content\/uploads\/2022\/10\/Sem-Titulo-150x150.jpg","caption":"Cesar Lopes"},"url":"https:\/\/www.altominho.tv\/site\/author\/cesarlopes\/"}]}},"_links":{"self":[{"href":"https:\/\/www.altominho.tv\/site\/wp-json\/wp\/v2\/posts\/129188","targetHints":{"allow":["GET"]}}],"collection":[{"href":"https:\/\/www.altominho.tv\/site\/wp-json\/wp\/v2\/posts"}],"about":[{"href":"https:\/\/www.altominho.tv\/site\/wp-json\/wp\/v2\/types\/post"}],"author":[{"embeddable":true,"href":"https:\/\/www.altominho.tv\/site\/wp-json\/wp\/v2\/users\/24"}],"replies":[{"embeddable":true,"href":"https:\/\/www.altominho.tv\/site\/wp-json\/wp\/v2\/comments?post=129188"}],"version-history":[{"count":3,"href":"https:\/\/www.altominho.tv\/site\/wp-json\/wp\/v2\/posts\/129188\/revisions"}],"predecessor-version":[{"id":129192,"href":"https:\/\/www.altominho.tv\/site\/wp-json\/wp\/v2\/posts\/129188\/revisions\/129192"}],"wp:featuredmedia":[{"embeddable":true,"href":"https:\/\/www.altominho.tv\/site\/wp-json\/wp\/v2\/media\/129189"}],"wp:attachment":[{"href":"https:\/\/www.altominho.tv\/site\/wp-json\/wp\/v2\/media?parent=129188"}],"wp:term":[{"taxonomy":"category","embeddable":true,"href":"https:\/\/www.altominho.tv\/site\/wp-json\/wp\/v2\/categories?post=129188"},{"taxonomy":"post_tag","embeddable":true,"href":"https:\/\/www.altominho.tv\/site\/wp-json\/wp\/v2\/tags?post=129188"}],"curies":[{"name":"wp","href":"https:\/\/api.w.org\/{rel}","templated":true}]}}