{"id":129068,"date":"2026-02-26T16:41:22","date_gmt":"2026-02-26T16:41:22","guid":{"rendered":"https:\/\/www.altominho.tv\/site\/?p=129068"},"modified":"2026-02-26T16:43:46","modified_gmt":"2026-02-26T16:43:46","slug":"viana-granfondo-realiza-se-a-15-de-marco","status":"publish","type":"post","link":"https:\/\/www.altominho.tv\/site\/2026\/02\/26\/viana-granfondo-realiza-se-a-15-de-marco\/","title":{"rendered":"Viana Granfondo realiza-se a 15 de mar\u00e7o"},"content":{"rendered":"<p class=\"p1\">O Viana Granfondo realiza-se no dia 15 de mar\u00e7o de 2026, em Viana do Castelo, voltando a percorrer as paisagens dos vales do Lima e do Minho, com passagem pela serra d\u2019Arga e pela zona costeira do Alto Minho.<\/p>\n<p class=\"p1\">O evento apresenta tr\u00eas dist\u00e2ncias: minifondo (53 km), mediofondo (99 km) e granfondo (130 km).<\/p>\n<p class=\"p1\">O minifondo, com 53 quil\u00f3metros, tem um percurso maioritariamente plano e acess\u00edvel. A primeira parte segue por estradas florestais at\u00e9 Caminha e o regresso a Viana do Castelo \u00e9 feito junto ao mar.<\/p>\n<p class=\"p1\">O mediofondo, com 99 quil\u00f3metros, contorna a serra d&#8217;Arga por Amonde, Meixedo e Lanheses. Situada entre aquela e a serra de Formigoso, os participantes ter\u00e3o depois de ascender \u00e0 Cabra\u00e7\u00e3o (3 km com inclina\u00e7\u00e3o m\u00e9dia de 6,6%). A meta estar\u00e1 instalada na Praia Norte.<\/p>\n<p class=\"p1\">J\u00e1 o granfondo, com 130 quil\u00f3metros, \u00e9 a dist\u00e2ncia mais exigente. Segue em dire\u00e7\u00e3o a Paredes de Coura, com passagem por v\u00e1rias localidades do concelho, incluindo a subida a Sopos (4,5 km com inclina\u00e7\u00e3o m\u00e9dia de 6,2%). O percurso passa ainda por Vilar de Mouros e Venade, com destino a Caminha.<\/p>\n<p class=\"p1\">A organiza\u00e7\u00e3o convida os participantes a escolherem a dist\u00e2ncia que melhor se adapta \u00e0 sua prepara\u00e7\u00e3o, destacando o evento como uma oportunidade para pedalar pelas paisagens do Alto Minho.<\/p>\n<p class=\"p1\">Um Granfondo \u00e9 um evento de ciclismo de estrada de longa dist\u00e2ncia, que mistura o esp\u00edrito competitivo com o lazer.<\/p>\n<p><strong>Foto: Tiago Ferreira<\/strong><\/p>\n","protected":false},"excerpt":{"rendered":"<p>O Viana Granfondo realiza-se no dia 15 de mar\u00e7o de 2026, em Viana do Castelo, voltando a percorrer as paisagens dos vales do Lima e do Minho, com passagem pela serra d\u2019Arga e pela zona costeira do Alto Minho. O evento apresenta tr\u00eas dist\u00e2ncias: minifondo (53 km), mediofondo (99 km) e granfondo (130 km). O [&hellip;]<\/p>\n","protected":false},"author":30,"featured_media":129069,"comment_status":"closed","ping_status":"closed","sticky":false,"template":"","format":"standard","meta":{"_exactmetrics_skip_tracking":false,"footnotes":""},"categories":[14],"tags":[20],"class_list":["post-129068","post","type-post","status-publish","format-standard","has-post-thumbnail","hentry","category-viana-do-castelo","tag-desporto"],"yoast_head":"<!-- This site is optimized with the Yoast SEO Premium plugin v28.3 (Yoast SEO v28.3) - https:\/\/yoast.com\/product\/yoast-seo-premium-wordpress\/ -->\n<title>Viana Granfondo realiza-se a 15 de mar\u00e7o<\/title>\n<meta name=\"description\" content=\"O Viana Granfondo realiza-se no dia 15 de mar\u00e7o de 2026, em Viana do Castelo, voltando a percorrer as paisagens dos vales do Lima e do Minho, com passagem pela serra d\u2019Arga e pela zona costeira do Alto Minho.\" \/>\n<meta name=\"robots\" content=\"index, follow, max-snippet:-1, max-image-preview:large, max-video-preview:-1\" \/>\n<link rel=\"canonical\" href=\"https:\/\/www.altominho.tv\/site\/2026\/02\/26\/viana-granfondo-realiza-se-a-15-de-marco\/\" \/>\n<meta property=\"og:locale\" content=\"pt_PT\" \/>\n<meta property=\"og:type\" content=\"article\" \/>\n<meta property=\"og:title\" content=\"Viana Granfondo realiza-se a 15 de mar\u00e7o\" \/>\n<meta property=\"og:description\" content=\"O Viana Granfondo realiza-se no dia 15 de mar\u00e7o de 2026, em Viana do Castelo, voltando a percorrer as paisagens dos vales do Lima e do Minho, com passagem pela serra d\u2019Arga e pela zona costeira do Alto Minho.\" \/>\n<meta property=\"og:url\" content=\"https:\/\/www.altominho.tv\/site\/2026\/02\/26\/viana-granfondo-realiza-se-a-15-de-marco\/\" \/>\n<meta property=\"og:site_name\" content=\"Altominho.tv\" \/>\n<meta property=\"article:publisher\" content=\"https:\/\/www.facebook.com\/altominhotv\" \/>\n<meta property=\"article:published_time\" content=\"2026-02-26T16:41:22+00:00\" \/>\n<meta property=\"article:modified_time\" content=\"2026-02-26T16:43:46+00:00\" \/>\n<meta property=\"og:image\" content=\"https:\/\/www.altominho.tv\/site\/wp-content\/uploads\/2026\/02\/viana-granfondo.jpg\" \/>\n\t<meta property=\"og:image:width\" content=\"1200\" \/>\n\t<meta property=\"og:image:height\" content=\"630\" \/>\n\t<meta property=\"og:image:type\" content=\"image\/jpeg\" \/>\n<meta name=\"author\" content=\"Eduarda Cardoso\" \/>\n<meta name=\"twitter:card\" content=\"summary_large_image\" \/>\n<meta name=\"twitter:creator\" content=\"@altominhoTV\" \/>\n<meta name=\"twitter:site\" content=\"@altominhoTV\" \/>\n<meta name=\"twitter:label1\" content=\"Escrito por\" \/>\n\t<meta name=\"twitter:data1\" content=\"Eduarda Cardoso\" \/>\n\t<meta name=\"twitter:label2\" content=\"Tempo estimado de leitura\" \/>\n\t<meta name=\"twitter:data2\" content=\"2 minutos\" \/>\n<script type=\"application\/ld+json\" class=\"yoast-schema-graph\">{\"@context\":\"https:\\\/\\\/schema.org\",\"@graph\":[{\"@type\":\"Article\",\"@id\":\"https:\\\/\\\/www.altominho.tv\\\/site\\\/2026\\\/02\\\/26\\\/viana-granfondo-realiza-se-a-15-de-marco\\\/#article\",\"isPartOf\":{\"@id\":\"https:\\\/\\\/www.altominho.tv\\\/site\\\/2026\\\/02\\\/26\\\/viana-granfondo-realiza-se-a-15-de-marco\\\/\"},\"author\":{\"name\":\"Eduarda Cardoso\",\"@id\":\"https:\\\/\\\/www.altominho.tv\\\/site\\\/#\\\/schema\\\/person\\\/9e351387b727413d005ccf1152c93539\"},\"headline\":\"Viana Granfondo realiza-se a 15 de mar\u00e7o\",\"datePublished\":\"2026-02-26T16:41:22+00:00\",\"dateModified\":\"2026-02-26T16:43:46+00:00\",\"mainEntityOfPage\":{\"@id\":\"https:\\\/\\\/www.altominho.tv\\\/site\\\/2026\\\/02\\\/26\\\/viana-granfondo-realiza-se-a-15-de-marco\\\/\"},\"wordCount\":246,\"image\":{\"@id\":\"https:\\\/\\\/www.altominho.tv\\\/site\\\/2026\\\/02\\\/26\\\/viana-granfondo-realiza-se-a-15-de-marco\\\/#primaryimage\"},\"thumbnailUrl\":\"https:\\\/\\\/www.altominho.tv\\\/site\\\/wp-content\\\/uploads\\\/2026\\\/02\\\/viana-granfondo.jpg\",\"keywords\":[\"Desporto\"],\"articleSection\":[\"Viana do Castelo\"],\"inLanguage\":\"pt-PT\",\"copyrightYear\":\"2026\",\"copyrightHolder\":{\"@id\":\"https:\\\/\\\/www.altominho.tv\\\/site\\\/#organization\"}},{\"@type\":\"WebPage\",\"@id\":\"https:\\\/\\\/www.altominho.tv\\\/site\\\/2026\\\/02\\\/26\\\/viana-granfondo-realiza-se-a-15-de-marco\\\/\",\"url\":\"https:\\\/\\\/www.altominho.tv\\\/site\\\/2026\\\/02\\\/26\\\/viana-granfondo-realiza-se-a-15-de-marco\\\/\",\"name\":\"Viana Granfondo realiza-se a 15 de mar\u00e7o\",\"isPartOf\":{\"@id\":\"https:\\\/\\\/www.altominho.tv\\\/site\\\/#website\"},\"primaryImageOfPage\":{\"@id\":\"https:\\\/\\\/www.altominho.tv\\\/site\\\/2026\\\/02\\\/26\\\/viana-granfondo-realiza-se-a-15-de-marco\\\/#primaryimage\"},\"image\":{\"@id\":\"https:\\\/\\\/www.altominho.tv\\\/site\\\/2026\\\/02\\\/26\\\/viana-granfondo-realiza-se-a-15-de-marco\\\/#primaryimage\"},\"thumbnailUrl\":\"https:\\\/\\\/www.altominho.tv\\\/site\\\/wp-content\\\/uploads\\\/2026\\\/02\\\/viana-granfondo.jpg\",\"datePublished\":\"2026-02-26T16:41:22+00:00\",\"dateModified\":\"2026-02-26T16:43:46+00:00\",\"author\":{\"@id\":\"https:\\\/\\\/www.altominho.tv\\\/site\\\/#\\\/schema\\\/person\\\/9e351387b727413d005ccf1152c93539\"},\"description\":\"O Viana Granfondo realiza-se no dia 15 de mar\u00e7o de 2026, em Viana do Castelo, voltando a percorrer as paisagens dos vales do Lima e do Minho, com passagem pela serra d\u2019Arga e pela zona costeira do Alto Minho.\",\"breadcrumb\":{\"@id\":\"https:\\\/\\\/www.altominho.tv\\\/site\\\/2026\\\/02\\\/26\\\/viana-granfondo-realiza-se-a-15-de-marco\\\/#breadcrumb\"},\"inLanguage\":\"pt-PT\",\"potentialAction\":[{\"@type\":\"ReadAction\",\"target\":[\"https:\\\/\\\/www.altominho.tv\\\/site\\\/2026\\\/02\\\/26\\\/viana-granfondo-realiza-se-a-15-de-marco\\\/\"]}]},{\"@type\":\"ImageObject\",\"inLanguage\":\"pt-PT\",\"@id\":\"https:\\\/\\\/www.altominho.tv\\\/site\\\/2026\\\/02\\\/26\\\/viana-granfondo-realiza-se-a-15-de-marco\\\/#primaryimage\",\"url\":\"https:\\\/\\\/www.altominho.tv\\\/site\\\/wp-content\\\/uploads\\\/2026\\\/02\\\/viana-granfondo.jpg\",\"contentUrl\":\"https:\\\/\\\/www.altominho.tv\\\/site\\\/wp-content\\\/uploads\\\/2026\\\/02\\\/viana-granfondo.jpg\",\"width\":1200,\"height\":630},{\"@type\":\"BreadcrumbList\",\"@id\":\"https:\\\/\\\/www.altominho.tv\\\/site\\\/2026\\\/02\\\/26\\\/viana-granfondo-realiza-se-a-15-de-marco\\\/#breadcrumb\",\"itemListElement\":[{\"@type\":\"ListItem\",\"position\":1,\"name\":\"In\u00edcio\",\"item\":\"https:\\\/\\\/www.altominho.tv\\\/site\\\/\"},{\"@type\":\"ListItem\",\"position\":2,\"name\":\"Viana Granfondo realiza-se a 15 de mar\u00e7o\"}]},{\"@type\":\"WebSite\",\"@id\":\"https:\\\/\\\/www.altominho.tv\\\/site\\\/#website\",\"url\":\"https:\\\/\\\/www.altominho.tv\\\/site\\\/\",\"name\":\"Altominho.tv\",\"description\":\"A sua regi\u00e3o \u00e0 dist\u00e2ncia de um clique...\",\"potentialAction\":[{\"@type\":\"SearchAction\",\"target\":{\"@type\":\"EntryPoint\",\"urlTemplate\":\"https:\\\/\\\/www.altominho.tv\\\/site\\\/?s={search_term_string}\"},\"query-input\":{\"@type\":\"PropertyValueSpecification\",\"valueRequired\":true,\"valueName\":\"search_term_string\"}}],\"inLanguage\":\"pt-PT\"},{\"@type\":\"Person\",\"@id\":\"https:\\\/\\\/www.altominho.tv\\\/site\\\/#\\\/schema\\\/person\\\/9e351387b727413d005ccf1152c93539\",\"name\":\"Eduarda Cardoso\",\"image\":{\"@type\":\"ImageObject\",\"inLanguage\":\"pt-PT\",\"@id\":\"https:\\\/\\\/www.altominho.tv\\\/site\\\/wp-content\\\/uploads\\\/2026\\\/07\\\/Eduarda-150x150.jpg\",\"url\":\"https:\\\/\\\/www.altominho.tv\\\/site\\\/wp-content\\\/uploads\\\/2026\\\/07\\\/Eduarda-150x150.jpg\",\"contentUrl\":\"https:\\\/\\\/www.altominho.tv\\\/site\\\/wp-content\\\/uploads\\\/2026\\\/07\\\/Eduarda-150x150.jpg\",\"caption\":\"Eduarda Cardoso\"},\"url\":\"https:\\\/\\\/www.altominho.tv\\\/site\\\/author\\\/eduarda-cardoso\\\/\"}]}<\/script>\n<!-- \/ Yoast SEO Premium plugin. -->","yoast_head_json":{"title":"Viana Granfondo realiza-se a 15 de mar\u00e7o","description":"O Viana Granfondo realiza-se no dia 15 de mar\u00e7o de 2026, em Viana do Castelo, voltando a percorrer as paisagens dos vales do Lima e do Minho, com passagem pela serra d\u2019Arga e pela zona costeira do Alto Minho.","robots":{"index":"index","follow":"follow","max-snippet":"max-snippet:-1","max-image-preview":"max-image-preview:large","max-video-preview":"max-video-preview:-1"},"canonical":"https:\/\/www.altominho.tv\/site\/2026\/02\/26\/viana-granfondo-realiza-se-a-15-de-marco\/","og_locale":"pt_PT","og_type":"article","og_title":"Viana Granfondo realiza-se a 15 de mar\u00e7o","og_description":"O Viana Granfondo realiza-se no dia 15 de mar\u00e7o de 2026, em Viana do Castelo, voltando a percorrer as paisagens dos vales do Lima e do Minho, com passagem pela serra d\u2019Arga e pela zona costeira do Alto Minho.","og_url":"https:\/\/www.altominho.tv\/site\/2026\/02\/26\/viana-granfondo-realiza-se-a-15-de-marco\/","og_site_name":"Altominho.tv","article_publisher":"https:\/\/www.facebook.com\/altominhotv","article_published_time":"2026-02-26T16:41:22+00:00","article_modified_time":"2026-02-26T16:43:46+00:00","og_image":[{"width":1200,"height":630,"url":"https:\/\/www.altominho.tv\/site\/wp-content\/uploads\/2026\/02\/viana-granfondo.jpg","type":"image\/jpeg"}],"author":"Eduarda Cardoso","twitter_card":"summary_large_image","twitter_creator":"@altominhoTV","twitter_site":"@altominhoTV","twitter_misc":{"Escrito por":"Eduarda Cardoso","Tempo estimado de leitura":"2 minutos"},"schema":{"@context":"https:\/\/schema.org","@graph":[{"@type":"Article","@id":"https:\/\/www.altominho.tv\/site\/2026\/02\/26\/viana-granfondo-realiza-se-a-15-de-marco\/#article","isPartOf":{"@id":"https:\/\/www.altominho.tv\/site\/2026\/02\/26\/viana-granfondo-realiza-se-a-15-de-marco\/"},"author":{"name":"Eduarda Cardoso","@id":"https:\/\/www.altominho.tv\/site\/#\/schema\/person\/9e351387b727413d005ccf1152c93539"},"headline":"Viana Granfondo realiza-se a 15 de mar\u00e7o","datePublished":"2026-02-26T16:41:22+00:00","dateModified":"2026-02-26T16:43:46+00:00","mainEntityOfPage":{"@id":"https:\/\/www.altominho.tv\/site\/2026\/02\/26\/viana-granfondo-realiza-se-a-15-de-marco\/"},"wordCount":246,"image":{"@id":"https:\/\/www.altominho.tv\/site\/2026\/02\/26\/viana-granfondo-realiza-se-a-15-de-marco\/#primaryimage"},"thumbnailUrl":"https:\/\/www.altominho.tv\/site\/wp-content\/uploads\/2026\/02\/viana-granfondo.jpg","keywords":["Desporto"],"articleSection":["Viana do Castelo"],"inLanguage":"pt-PT","copyrightYear":"2026","copyrightHolder":{"@id":"https:\/\/www.altominho.tv\/site\/#organization"}},{"@type":"WebPage","@id":"https:\/\/www.altominho.tv\/site\/2026\/02\/26\/viana-granfondo-realiza-se-a-15-de-marco\/","url":"https:\/\/www.altominho.tv\/site\/2026\/02\/26\/viana-granfondo-realiza-se-a-15-de-marco\/","name":"Viana Granfondo realiza-se a 15 de mar\u00e7o","isPartOf":{"@id":"https:\/\/www.altominho.tv\/site\/#website"},"primaryImageOfPage":{"@id":"https:\/\/www.altominho.tv\/site\/2026\/02\/26\/viana-granfondo-realiza-se-a-15-de-marco\/#primaryimage"},"image":{"@id":"https:\/\/www.altominho.tv\/site\/2026\/02\/26\/viana-granfondo-realiza-se-a-15-de-marco\/#primaryimage"},"thumbnailUrl":"https:\/\/www.altominho.tv\/site\/wp-content\/uploads\/2026\/02\/viana-granfondo.jpg","datePublished":"2026-02-26T16:41:22+00:00","dateModified":"2026-02-26T16:43:46+00:00","author":{"@id":"https:\/\/www.altominho.tv\/site\/#\/schema\/person\/9e351387b727413d005ccf1152c93539"},"description":"O Viana Granfondo realiza-se no dia 15 de mar\u00e7o de 2026, em Viana do Castelo, voltando a percorrer as paisagens dos vales do Lima e do Minho, com passagem pela serra d\u2019Arga e pela zona costeira do Alto Minho.","breadcrumb":{"@id":"https:\/\/www.altominho.tv\/site\/2026\/02\/26\/viana-granfondo-realiza-se-a-15-de-marco\/#breadcrumb"},"inLanguage":"pt-PT","potentialAction":[{"@type":"ReadAction","target":["https:\/\/www.altominho.tv\/site\/2026\/02\/26\/viana-granfondo-realiza-se-a-15-de-marco\/"]}]},{"@type":"ImageObject","inLanguage":"pt-PT","@id":"https:\/\/www.altominho.tv\/site\/2026\/02\/26\/viana-granfondo-realiza-se-a-15-de-marco\/#primaryimage","url":"https:\/\/www.altominho.tv\/site\/wp-content\/uploads\/2026\/02\/viana-granfondo.jpg","contentUrl":"https:\/\/www.altominho.tv\/site\/wp-content\/uploads\/2026\/02\/viana-granfondo.jpg","width":1200,"height":630},{"@type":"BreadcrumbList","@id":"https:\/\/www.altominho.tv\/site\/2026\/02\/26\/viana-granfondo-realiza-se-a-15-de-marco\/#breadcrumb","itemListElement":[{"@type":"ListItem","position":1,"name":"In\u00edcio","item":"https:\/\/www.altominho.tv\/site\/"},{"@type":"ListItem","position":2,"name":"Viana Granfondo realiza-se a 15 de mar\u00e7o"}]},{"@type":"WebSite","@id":"https:\/\/www.altominho.tv\/site\/#website","url":"https:\/\/www.altominho.tv\/site\/","name":"Altominho.tv","description":"A sua regi\u00e3o \u00e0 dist\u00e2ncia de um clique...","potentialAction":[{"@type":"SearchAction","target":{"@type":"EntryPoint","urlTemplate":"https:\/\/www.altominho.tv\/site\/?s={search_term_string}"},"query-input":{"@type":"PropertyValueSpecification","valueRequired":true,"valueName":"search_term_string"}}],"inLanguage":"pt-PT"},{"@type":"Person","@id":"https:\/\/www.altominho.tv\/site\/#\/schema\/person\/9e351387b727413d005ccf1152c93539","name":"Eduarda Cardoso","image":{"@type":"ImageObject","inLanguage":"pt-PT","@id":"https:\/\/www.altominho.tv\/site\/wp-content\/uploads\/2026\/07\/Eduarda-150x150.jpg","url":"https:\/\/www.altominho.tv\/site\/wp-content\/uploads\/2026\/07\/Eduarda-150x150.jpg","contentUrl":"https:\/\/www.altominho.tv\/site\/wp-content\/uploads\/2026\/07\/Eduarda-150x150.jpg","caption":"Eduarda Cardoso"},"url":"https:\/\/www.altominho.tv\/site\/author\/eduarda-cardoso\/"}]}},"_links":{"self":[{"href":"https:\/\/www.altominho.tv\/site\/wp-json\/wp\/v2\/posts\/129068","targetHints":{"allow":["GET"]}}],"collection":[{"href":"https:\/\/www.altominho.tv\/site\/wp-json\/wp\/v2\/posts"}],"about":[{"href":"https:\/\/www.altominho.tv\/site\/wp-json\/wp\/v2\/types\/post"}],"author":[{"embeddable":true,"href":"https:\/\/www.altominho.tv\/site\/wp-json\/wp\/v2\/users\/30"}],"replies":[{"embeddable":true,"href":"https:\/\/www.altominho.tv\/site\/wp-json\/wp\/v2\/comments?post=129068"}],"version-history":[{"count":2,"href":"https:\/\/www.altominho.tv\/site\/wp-json\/wp\/v2\/posts\/129068\/revisions"}],"predecessor-version":[{"id":129073,"href":"https:\/\/www.altominho.tv\/site\/wp-json\/wp\/v2\/posts\/129068\/revisions\/129073"}],"wp:featuredmedia":[{"embeddable":true,"href":"https:\/\/www.altominho.tv\/site\/wp-json\/wp\/v2\/media\/129069"}],"wp:attachment":[{"href":"https:\/\/www.altominho.tv\/site\/wp-json\/wp\/v2\/media?parent=129068"}],"wp:term":[{"taxonomy":"category","embeddable":true,"href":"https:\/\/www.altominho.tv\/site\/wp-json\/wp\/v2\/categories?post=129068"},{"taxonomy":"post_tag","embeddable":true,"href":"https:\/\/www.altominho.tv\/site\/wp-json\/wp\/v2\/tags?post=129068"}],"curies":[{"name":"wp","href":"https:\/\/api.w.org\/{rel}","templated":true}]}}