{"id":128936,"date":"2026-02-24T10:35:14","date_gmt":"2026-02-24T10:35:14","guid":{"rendered":"https:\/\/www.altominho.tv\/site\/?p=128936"},"modified":"2026-02-24T10:35:18","modified_gmt":"2026-02-24T10:35:18","slug":"taca-iberica-de-slalom-leva-elite-portuguesa-e-espanhola-ao-rio-coura","status":"publish","type":"post","link":"https:\/\/www.altominho.tv\/site\/2026\/02\/24\/taca-iberica-de-slalom-leva-elite-portuguesa-e-espanhola-ao-rio-coura\/","title":{"rendered":"Ta\u00e7a Ib\u00e9rica de Slalom leva elite portuguesa e espanhola ao Rio Coura"},"content":{"rendered":"<p data-start=\"75\" data-end=\"326\">A XVI Ta\u00e7a Ib\u00e9rica de Slalom realiza-se este fim de semana, dias 28 de fevereiro e 1 de mar\u00e7o, em Covas,\u00a0 Vila Nova de Cerveira, depois de ter sido adiada no in\u00edcio do m\u00eas devido \u00e0s condi\u00e7\u00f5es meteorol\u00f3gicas adversas e ao risco de cheias.<\/p>\n<p data-start=\"328\" data-end=\"763\">A competi\u00e7\u00e3o internacional em \u00e1guas bravas vai reunir cerca de 130 cano\u00edstas de Portugal e de Espanha, afirmando-se como uma das provas mais relevantes do calend\u00e1rio ib\u00e9rico da modalidade.<\/p>\n<p data-start=\"328\" data-end=\"763\">O percurso estar\u00e1 instalado em Azenhas de Pagade, no Rio Coura, num tro\u00e7o com aproximadamente 300 metros, caracterizado por corrente exigente, obst\u00e1culos naturais e portas de grau II e III, que colocam \u00e0 prova a t\u00e9cnica e resist\u00eancia dos atletas.<\/p>\n<p data-start=\"765\" data-end=\"990\">O programa mant\u00e9m-se distribu\u00eddo por dois dias: no s\u00e1bado, a partir das 10h00, decorrem as eliminat\u00f3rias e semifinais; no domingo, tamb\u00e9m a partir das 10h00, realizam-se as finais, seguidas da cerim\u00f3nia de entrega de pr\u00e9mios.<\/p>\n<p data-start=\"992\" data-end=\"1224\" data-is-last-node=\"\" data-is-only-node=\"\">A organiza\u00e7\u00e3o \u00e9 assegurada pela Federa\u00e7\u00e3o Portuguesa de Canoagem, pela Federa\u00e7\u00e3o Galega de Canoagem e pelo Clube Desportivo Minho \u2013 Teixugos, com o apoio da C\u00e2mara Municipal de Vila Nova de Cerveira e da Junta de Freguesia de Covas.<\/p>\n","protected":false},"excerpt":{"rendered":"<p>A XVI Ta\u00e7a Ib\u00e9rica de Slalom realiza-se este fim de semana, dias 28 de fevereiro e 1 de mar\u00e7o, em Covas,\u00a0 Vila Nova de Cerveira, depois de ter sido adiada no in\u00edcio do m\u00eas devido \u00e0s condi\u00e7\u00f5es meteorol\u00f3gicas adversas e ao risco de cheias. A competi\u00e7\u00e3o internacional em \u00e1guas bravas vai reunir cerca de 130 [&hellip;]<\/p>\n","protected":false},"author":24,"featured_media":128937,"comment_status":"closed","ping_status":"closed","sticky":false,"template":"","format":"standard","meta":{"_exactmetrics_skip_tracking":false,"_exactmetrics_sitenote_active":false,"_exactmetrics_sitenote_note":"","_exactmetrics_sitenote_category":0,"footnotes":""},"categories":[15],"tags":[20],"class_list":["post-128936","post","type-post","status-publish","format-standard","has-post-thumbnail","hentry","category-vila-nova-de-cerveira","tag-desporto"],"yoast_head":"<!-- This site is optimized with the Yoast SEO Premium plugin v27.5 (Yoast SEO v27.5) - https:\/\/yoast.com\/product\/yoast-seo-premium-wordpress\/ -->\n<title>Ta\u00e7a Ib\u00e9rica de Slalom leva elite portuguesa e espanhola ao Rio Coura<\/title>\n<meta name=\"description\" content=\"A XVI Ta\u00e7a Ib\u00e9rica de Slalom realiza-se este fim de semana, dias 28 de fevereiro e 1 de mar\u00e7o, em Covas,\u00a0 Vila Nova de Cerveira, depois de ter sido adiada no in\u00edcio do m\u00eas devido \u00e0s condi\u00e7\u00f5es meteorol\u00f3gicas adversas e ao risco de cheias.\" \/>\n<meta name=\"robots\" content=\"index, follow, max-snippet:-1, max-image-preview:large, max-video-preview:-1\" \/>\n<link rel=\"canonical\" href=\"https:\/\/www.altominho.tv\/site\/2026\/02\/24\/taca-iberica-de-slalom-leva-elite-portuguesa-e-espanhola-ao-rio-coura\/\" \/>\n<meta property=\"og:locale\" content=\"pt_PT\" \/>\n<meta property=\"og:type\" content=\"article\" \/>\n<meta property=\"og:title\" content=\"Ta\u00e7a Ib\u00e9rica de Slalom leva elite portuguesa e espanhola ao Rio Coura\" \/>\n<meta property=\"og:description\" content=\"A XVI Ta\u00e7a Ib\u00e9rica de Slalom realiza-se este fim de semana, dias 28 de fevereiro e 1 de mar\u00e7o, em Covas,\u00a0 Vila Nova de Cerveira, depois de ter sido adiada no in\u00edcio do m\u00eas devido \u00e0s condi\u00e7\u00f5es meteorol\u00f3gicas adversas e ao risco de cheias.\" \/>\n<meta property=\"og:url\" content=\"https:\/\/www.altominho.tv\/site\/2026\/02\/24\/taca-iberica-de-slalom-leva-elite-portuguesa-e-espanhola-ao-rio-coura\/\" \/>\n<meta property=\"og:site_name\" content=\"Altominho.tv\" \/>\n<meta property=\"article:publisher\" content=\"https:\/\/www.facebook.com\/altominhotv\" \/>\n<meta property=\"article:published_time\" content=\"2026-02-24T10:35:14+00:00\" \/>\n<meta property=\"article:modified_time\" content=\"2026-02-24T10:35:18+00:00\" \/>\n<meta property=\"og:image\" content=\"https:\/\/www.altominho.tv\/site\/wp-content\/uploads\/2026\/02\/covas.png\" \/>\n\t<meta property=\"og:image:width\" content=\"1200\" \/>\n\t<meta property=\"og:image:height\" content=\"630\" \/>\n\t<meta property=\"og:image:type\" content=\"image\/png\" \/>\n<meta name=\"author\" content=\"Cesar Lopes\" \/>\n<meta name=\"twitter:card\" content=\"summary_large_image\" \/>\n<meta name=\"twitter:creator\" content=\"@altominhoTV\" \/>\n<meta name=\"twitter:site\" content=\"@altominhoTV\" \/>\n<meta name=\"twitter:label1\" content=\"Escrito por\" \/>\n\t<meta name=\"twitter:data1\" content=\"Cesar Lopes\" \/>\n\t<meta name=\"twitter:label2\" content=\"Tempo estimado de leitura\" \/>\n\t<meta name=\"twitter:data2\" content=\"2 minutos\" \/>\n<script type=\"application\/ld+json\" class=\"yoast-schema-graph\">{\"@context\":\"https:\\\/\\\/schema.org\",\"@graph\":[{\"@type\":\"Article\",\"@id\":\"https:\\\/\\\/www.altominho.tv\\\/site\\\/2026\\\/02\\\/24\\\/taca-iberica-de-slalom-leva-elite-portuguesa-e-espanhola-ao-rio-coura\\\/#article\",\"isPartOf\":{\"@id\":\"https:\\\/\\\/www.altominho.tv\\\/site\\\/2026\\\/02\\\/24\\\/taca-iberica-de-slalom-leva-elite-portuguesa-e-espanhola-ao-rio-coura\\\/\"},\"author\":{\"name\":\"Cesar Lopes\",\"@id\":\"https:\\\/\\\/www.altominho.tv\\\/site\\\/#\\\/schema\\\/person\\\/c5570e5afb933b8d08c43373326ef1b1\"},\"headline\":\"Ta\u00e7a Ib\u00e9rica de Slalom leva elite portuguesa e espanhola ao Rio Coura\",\"datePublished\":\"2026-02-24T10:35:14+00:00\",\"dateModified\":\"2026-02-24T10:35:18+00:00\",\"mainEntityOfPage\":{\"@id\":\"https:\\\/\\\/www.altominho.tv\\\/site\\\/2026\\\/02\\\/24\\\/taca-iberica-de-slalom-leva-elite-portuguesa-e-espanhola-ao-rio-coura\\\/\"},\"wordCount\":220,\"image\":{\"@id\":\"https:\\\/\\\/www.altominho.tv\\\/site\\\/2026\\\/02\\\/24\\\/taca-iberica-de-slalom-leva-elite-portuguesa-e-espanhola-ao-rio-coura\\\/#primaryimage\"},\"thumbnailUrl\":\"https:\\\/\\\/www.altominho.tv\\\/site\\\/wp-content\\\/uploads\\\/2026\\\/02\\\/covas.png\",\"keywords\":[\"Desporto\"],\"articleSection\":[\"Vila Nova de Cerveira\"],\"inLanguage\":\"pt-PT\",\"copyrightYear\":\"2026\",\"copyrightHolder\":{\"@id\":\"https:\\\/\\\/www.altominho.tv\\\/site\\\/#organization\"}},{\"@type\":\"WebPage\",\"@id\":\"https:\\\/\\\/www.altominho.tv\\\/site\\\/2026\\\/02\\\/24\\\/taca-iberica-de-slalom-leva-elite-portuguesa-e-espanhola-ao-rio-coura\\\/\",\"url\":\"https:\\\/\\\/www.altominho.tv\\\/site\\\/2026\\\/02\\\/24\\\/taca-iberica-de-slalom-leva-elite-portuguesa-e-espanhola-ao-rio-coura\\\/\",\"name\":\"Ta\u00e7a Ib\u00e9rica de Slalom leva elite portuguesa e espanhola ao Rio Coura\",\"isPartOf\":{\"@id\":\"https:\\\/\\\/www.altominho.tv\\\/site\\\/#website\"},\"primaryImageOfPage\":{\"@id\":\"https:\\\/\\\/www.altominho.tv\\\/site\\\/2026\\\/02\\\/24\\\/taca-iberica-de-slalom-leva-elite-portuguesa-e-espanhola-ao-rio-coura\\\/#primaryimage\"},\"image\":{\"@id\":\"https:\\\/\\\/www.altominho.tv\\\/site\\\/2026\\\/02\\\/24\\\/taca-iberica-de-slalom-leva-elite-portuguesa-e-espanhola-ao-rio-coura\\\/#primaryimage\"},\"thumbnailUrl\":\"https:\\\/\\\/www.altominho.tv\\\/site\\\/wp-content\\\/uploads\\\/2026\\\/02\\\/covas.png\",\"datePublished\":\"2026-02-24T10:35:14+00:00\",\"dateModified\":\"2026-02-24T10:35:18+00:00\",\"author\":{\"@id\":\"https:\\\/\\\/www.altominho.tv\\\/site\\\/#\\\/schema\\\/person\\\/c5570e5afb933b8d08c43373326ef1b1\"},\"description\":\"A XVI Ta\u00e7a Ib\u00e9rica de Slalom realiza-se este fim de semana, dias 28 de fevereiro e 1 de mar\u00e7o, em Covas,\u00a0 Vila Nova de Cerveira, depois de ter sido adiada no in\u00edcio do m\u00eas devido \u00e0s condi\u00e7\u00f5es meteorol\u00f3gicas adversas e ao risco de cheias.\",\"breadcrumb\":{\"@id\":\"https:\\\/\\\/www.altominho.tv\\\/site\\\/2026\\\/02\\\/24\\\/taca-iberica-de-slalom-leva-elite-portuguesa-e-espanhola-ao-rio-coura\\\/#breadcrumb\"},\"inLanguage\":\"pt-PT\",\"potentialAction\":[{\"@type\":\"ReadAction\",\"target\":[\"https:\\\/\\\/www.altominho.tv\\\/site\\\/2026\\\/02\\\/24\\\/taca-iberica-de-slalom-leva-elite-portuguesa-e-espanhola-ao-rio-coura\\\/\"]}]},{\"@type\":\"ImageObject\",\"inLanguage\":\"pt-PT\",\"@id\":\"https:\\\/\\\/www.altominho.tv\\\/site\\\/2026\\\/02\\\/24\\\/taca-iberica-de-slalom-leva-elite-portuguesa-e-espanhola-ao-rio-coura\\\/#primaryimage\",\"url\":\"https:\\\/\\\/www.altominho.tv\\\/site\\\/wp-content\\\/uploads\\\/2026\\\/02\\\/covas.png\",\"contentUrl\":\"https:\\\/\\\/www.altominho.tv\\\/site\\\/wp-content\\\/uploads\\\/2026\\\/02\\\/covas.png\",\"width\":1200,\"height\":630},{\"@type\":\"BreadcrumbList\",\"@id\":\"https:\\\/\\\/www.altominho.tv\\\/site\\\/2026\\\/02\\\/24\\\/taca-iberica-de-slalom-leva-elite-portuguesa-e-espanhola-ao-rio-coura\\\/#breadcrumb\",\"itemListElement\":[{\"@type\":\"ListItem\",\"position\":1,\"name\":\"In\u00edcio\",\"item\":\"https:\\\/\\\/www.altominho.tv\\\/site\\\/\"},{\"@type\":\"ListItem\",\"position\":2,\"name\":\"Ta\u00e7a Ib\u00e9rica de Slalom leva elite portuguesa e espanhola ao Rio Coura\"}]},{\"@type\":\"WebSite\",\"@id\":\"https:\\\/\\\/www.altominho.tv\\\/site\\\/#website\",\"url\":\"https:\\\/\\\/www.altominho.tv\\\/site\\\/\",\"name\":\"Altominho.tv\",\"description\":\"A sua regi\u00e3o \u00e0 dist\u00e2ncia de um clique...\",\"potentialAction\":[{\"@type\":\"SearchAction\",\"target\":{\"@type\":\"EntryPoint\",\"urlTemplate\":\"https:\\\/\\\/www.altominho.tv\\\/site\\\/?s={search_term_string}\"},\"query-input\":{\"@type\":\"PropertyValueSpecification\",\"valueRequired\":true,\"valueName\":\"search_term_string\"}}],\"inLanguage\":\"pt-PT\"},{\"@type\":\"Person\",\"@id\":\"https:\\\/\\\/www.altominho.tv\\\/site\\\/#\\\/schema\\\/person\\\/c5570e5afb933b8d08c43373326ef1b1\",\"name\":\"Cesar Lopes\",\"image\":{\"@type\":\"ImageObject\",\"inLanguage\":\"pt-PT\",\"@id\":\"https:\\\/\\\/www.altominho.tv\\\/site\\\/wp-content\\\/uploads\\\/2022\\\/10\\\/Sem-Titulo-150x150.jpg\",\"url\":\"https:\\\/\\\/www.altominho.tv\\\/site\\\/wp-content\\\/uploads\\\/2022\\\/10\\\/Sem-Titulo-150x150.jpg\",\"contentUrl\":\"https:\\\/\\\/www.altominho.tv\\\/site\\\/wp-content\\\/uploads\\\/2022\\\/10\\\/Sem-Titulo-150x150.jpg\",\"caption\":\"Cesar Lopes\"},\"url\":\"https:\\\/\\\/www.altominho.tv\\\/site\\\/author\\\/cesarlopes\\\/\"}]}<\/script>\n<!-- \/ Yoast SEO Premium plugin. -->","yoast_head_json":{"title":"Ta\u00e7a Ib\u00e9rica de Slalom leva elite portuguesa e espanhola ao Rio Coura","description":"A XVI Ta\u00e7a Ib\u00e9rica de Slalom realiza-se este fim de semana, dias 28 de fevereiro e 1 de mar\u00e7o, em Covas,\u00a0 Vila Nova de Cerveira, depois de ter sido adiada no in\u00edcio do m\u00eas devido \u00e0s condi\u00e7\u00f5es meteorol\u00f3gicas adversas e ao risco de cheias.","robots":{"index":"index","follow":"follow","max-snippet":"max-snippet:-1","max-image-preview":"max-image-preview:large","max-video-preview":"max-video-preview:-1"},"canonical":"https:\/\/www.altominho.tv\/site\/2026\/02\/24\/taca-iberica-de-slalom-leva-elite-portuguesa-e-espanhola-ao-rio-coura\/","og_locale":"pt_PT","og_type":"article","og_title":"Ta\u00e7a Ib\u00e9rica de Slalom leva elite portuguesa e espanhola ao Rio Coura","og_description":"A XVI Ta\u00e7a Ib\u00e9rica de Slalom realiza-se este fim de semana, dias 28 de fevereiro e 1 de mar\u00e7o, em Covas,\u00a0 Vila Nova de Cerveira, depois de ter sido adiada no in\u00edcio do m\u00eas devido \u00e0s condi\u00e7\u00f5es meteorol\u00f3gicas adversas e ao risco de cheias.","og_url":"https:\/\/www.altominho.tv\/site\/2026\/02\/24\/taca-iberica-de-slalom-leva-elite-portuguesa-e-espanhola-ao-rio-coura\/","og_site_name":"Altominho.tv","article_publisher":"https:\/\/www.facebook.com\/altominhotv","article_published_time":"2026-02-24T10:35:14+00:00","article_modified_time":"2026-02-24T10:35:18+00:00","og_image":[{"width":1200,"height":630,"url":"https:\/\/www.altominho.tv\/site\/wp-content\/uploads\/2026\/02\/covas.png","type":"image\/png"}],"author":"Cesar Lopes","twitter_card":"summary_large_image","twitter_creator":"@altominhoTV","twitter_site":"@altominhoTV","twitter_misc":{"Escrito por":"Cesar Lopes","Tempo estimado de leitura":"2 minutos"},"schema":{"@context":"https:\/\/schema.org","@graph":[{"@type":"Article","@id":"https:\/\/www.altominho.tv\/site\/2026\/02\/24\/taca-iberica-de-slalom-leva-elite-portuguesa-e-espanhola-ao-rio-coura\/#article","isPartOf":{"@id":"https:\/\/www.altominho.tv\/site\/2026\/02\/24\/taca-iberica-de-slalom-leva-elite-portuguesa-e-espanhola-ao-rio-coura\/"},"author":{"name":"Cesar Lopes","@id":"https:\/\/www.altominho.tv\/site\/#\/schema\/person\/c5570e5afb933b8d08c43373326ef1b1"},"headline":"Ta\u00e7a Ib\u00e9rica de Slalom leva elite portuguesa e espanhola ao Rio Coura","datePublished":"2026-02-24T10:35:14+00:00","dateModified":"2026-02-24T10:35:18+00:00","mainEntityOfPage":{"@id":"https:\/\/www.altominho.tv\/site\/2026\/02\/24\/taca-iberica-de-slalom-leva-elite-portuguesa-e-espanhola-ao-rio-coura\/"},"wordCount":220,"image":{"@id":"https:\/\/www.altominho.tv\/site\/2026\/02\/24\/taca-iberica-de-slalom-leva-elite-portuguesa-e-espanhola-ao-rio-coura\/#primaryimage"},"thumbnailUrl":"https:\/\/www.altominho.tv\/site\/wp-content\/uploads\/2026\/02\/covas.png","keywords":["Desporto"],"articleSection":["Vila Nova de Cerveira"],"inLanguage":"pt-PT","copyrightYear":"2026","copyrightHolder":{"@id":"https:\/\/www.altominho.tv\/site\/#organization"}},{"@type":"WebPage","@id":"https:\/\/www.altominho.tv\/site\/2026\/02\/24\/taca-iberica-de-slalom-leva-elite-portuguesa-e-espanhola-ao-rio-coura\/","url":"https:\/\/www.altominho.tv\/site\/2026\/02\/24\/taca-iberica-de-slalom-leva-elite-portuguesa-e-espanhola-ao-rio-coura\/","name":"Ta\u00e7a Ib\u00e9rica de Slalom leva elite portuguesa e espanhola ao Rio Coura","isPartOf":{"@id":"https:\/\/www.altominho.tv\/site\/#website"},"primaryImageOfPage":{"@id":"https:\/\/www.altominho.tv\/site\/2026\/02\/24\/taca-iberica-de-slalom-leva-elite-portuguesa-e-espanhola-ao-rio-coura\/#primaryimage"},"image":{"@id":"https:\/\/www.altominho.tv\/site\/2026\/02\/24\/taca-iberica-de-slalom-leva-elite-portuguesa-e-espanhola-ao-rio-coura\/#primaryimage"},"thumbnailUrl":"https:\/\/www.altominho.tv\/site\/wp-content\/uploads\/2026\/02\/covas.png","datePublished":"2026-02-24T10:35:14+00:00","dateModified":"2026-02-24T10:35:18+00:00","author":{"@id":"https:\/\/www.altominho.tv\/site\/#\/schema\/person\/c5570e5afb933b8d08c43373326ef1b1"},"description":"A XVI Ta\u00e7a Ib\u00e9rica de Slalom realiza-se este fim de semana, dias 28 de fevereiro e 1 de mar\u00e7o, em Covas,\u00a0 Vila Nova de Cerveira, depois de ter sido adiada no in\u00edcio do m\u00eas devido \u00e0s condi\u00e7\u00f5es meteorol\u00f3gicas adversas e ao risco de cheias.","breadcrumb":{"@id":"https:\/\/www.altominho.tv\/site\/2026\/02\/24\/taca-iberica-de-slalom-leva-elite-portuguesa-e-espanhola-ao-rio-coura\/#breadcrumb"},"inLanguage":"pt-PT","potentialAction":[{"@type":"ReadAction","target":["https:\/\/www.altominho.tv\/site\/2026\/02\/24\/taca-iberica-de-slalom-leva-elite-portuguesa-e-espanhola-ao-rio-coura\/"]}]},{"@type":"ImageObject","inLanguage":"pt-PT","@id":"https:\/\/www.altominho.tv\/site\/2026\/02\/24\/taca-iberica-de-slalom-leva-elite-portuguesa-e-espanhola-ao-rio-coura\/#primaryimage","url":"https:\/\/www.altominho.tv\/site\/wp-content\/uploads\/2026\/02\/covas.png","contentUrl":"https:\/\/www.altominho.tv\/site\/wp-content\/uploads\/2026\/02\/covas.png","width":1200,"height":630},{"@type":"BreadcrumbList","@id":"https:\/\/www.altominho.tv\/site\/2026\/02\/24\/taca-iberica-de-slalom-leva-elite-portuguesa-e-espanhola-ao-rio-coura\/#breadcrumb","itemListElement":[{"@type":"ListItem","position":1,"name":"In\u00edcio","item":"https:\/\/www.altominho.tv\/site\/"},{"@type":"ListItem","position":2,"name":"Ta\u00e7a Ib\u00e9rica de Slalom leva elite portuguesa e espanhola ao Rio Coura"}]},{"@type":"WebSite","@id":"https:\/\/www.altominho.tv\/site\/#website","url":"https:\/\/www.altominho.tv\/site\/","name":"Altominho.tv","description":"A sua regi\u00e3o \u00e0 dist\u00e2ncia de um clique...","potentialAction":[{"@type":"SearchAction","target":{"@type":"EntryPoint","urlTemplate":"https:\/\/www.altominho.tv\/site\/?s={search_term_string}"},"query-input":{"@type":"PropertyValueSpecification","valueRequired":true,"valueName":"search_term_string"}}],"inLanguage":"pt-PT"},{"@type":"Person","@id":"https:\/\/www.altominho.tv\/site\/#\/schema\/person\/c5570e5afb933b8d08c43373326ef1b1","name":"Cesar Lopes","image":{"@type":"ImageObject","inLanguage":"pt-PT","@id":"https:\/\/www.altominho.tv\/site\/wp-content\/uploads\/2022\/10\/Sem-Titulo-150x150.jpg","url":"https:\/\/www.altominho.tv\/site\/wp-content\/uploads\/2022\/10\/Sem-Titulo-150x150.jpg","contentUrl":"https:\/\/www.altominho.tv\/site\/wp-content\/uploads\/2022\/10\/Sem-Titulo-150x150.jpg","caption":"Cesar Lopes"},"url":"https:\/\/www.altominho.tv\/site\/author\/cesarlopes\/"}]}},"_links":{"self":[{"href":"https:\/\/www.altominho.tv\/site\/wp-json\/wp\/v2\/posts\/128936","targetHints":{"allow":["GET"]}}],"collection":[{"href":"https:\/\/www.altominho.tv\/site\/wp-json\/wp\/v2\/posts"}],"about":[{"href":"https:\/\/www.altominho.tv\/site\/wp-json\/wp\/v2\/types\/post"}],"author":[{"embeddable":true,"href":"https:\/\/www.altominho.tv\/site\/wp-json\/wp\/v2\/users\/24"}],"replies":[{"embeddable":true,"href":"https:\/\/www.altominho.tv\/site\/wp-json\/wp\/v2\/comments?post=128936"}],"version-history":[{"count":1,"href":"https:\/\/www.altominho.tv\/site\/wp-json\/wp\/v2\/posts\/128936\/revisions"}],"predecessor-version":[{"id":128938,"href":"https:\/\/www.altominho.tv\/site\/wp-json\/wp\/v2\/posts\/128936\/revisions\/128938"}],"wp:featuredmedia":[{"embeddable":true,"href":"https:\/\/www.altominho.tv\/site\/wp-json\/wp\/v2\/media\/128937"}],"wp:attachment":[{"href":"https:\/\/www.altominho.tv\/site\/wp-json\/wp\/v2\/media?parent=128936"}],"wp:term":[{"taxonomy":"category","embeddable":true,"href":"https:\/\/www.altominho.tv\/site\/wp-json\/wp\/v2\/categories?post=128936"},{"taxonomy":"post_tag","embeddable":true,"href":"https:\/\/www.altominho.tv\/site\/wp-json\/wp\/v2\/tags?post=128936"}],"curies":[{"name":"wp","href":"https:\/\/api.w.org\/{rel}","templated":true}]}}