{"id":128933,"date":"2026-02-24T08:26:52","date_gmt":"2026-02-24T08:26:52","guid":{"rendered":"https:\/\/www.altominho.tv\/site\/?p=128933"},"modified":"2026-02-24T08:26:55","modified_gmt":"2026-02-24T08:26:55","slug":"caminho-de-santiago-foi-sala-de-aula-para-ensinar-oportunidades-de-emprego-a-jovens","status":"publish","type":"post","link":"https:\/\/www.altominho.tv\/site\/2026\/02\/24\/caminho-de-santiago-foi-sala-de-aula-para-ensinar-oportunidades-de-emprego-a-jovens\/","title":{"rendered":"Caminho de Santiago foi sala de aula para ensinar oportunidades de emprego a jovens"},"content":{"rendered":"<p>O programa Pegadas, realizado ao longo de tr\u00eas anos, envolveu cerca de 250 jovens, dos quais 158 participaram em nove expedi\u00e7\u00f5es realizadas em territ\u00f3rio portugu\u00eas e espanhol do Caminho de Santiago \u201cum verdadeiro laborat\u00f3rio de compet\u00eancias\u201d, foi\u00a0 divulgado.<\/p>\n<p><br \/>Do n\u00famero inicial de participantes no projeto, cuja conclus\u00e3o foi hoje assinalada em Viana do Castelo, \u201cmais de uma centena de jovens portugueses e espanh\u00f3is concluiu o percurso formativo\u201d, sendo que, \u201cparalelamente, foi criada uma plataforma \u2018e-learning\u2019 bilingue, atualmente com 240 participantes inscritos\u201d.<\/p>\n<p><br \/>Em declara\u00e7\u00f5es \u00e0 ag\u00eancia Lusa, o coordenador do Pegadas, Jorge Garcia, explicou que o prop\u00f3sito do projeto foi \u201ccaptar jovens entre os 18 e os 29 anos que n\u00e3o estudavam nem trabalhavam para adquirirem compet\u00eancias de empreendedorismo, cria\u00e7\u00e3o e digitaliza\u00e7\u00e3o de neg\u00f3cios\u201d.<\/p>\n<p><br \/>Inicialmente o Pegadas foi pensado para jovens entre os 18 e os 29 anos, \u201cmas, posteriormente, foi alargado a estudantes do ensino superior, ampliando o seu alcance e promovendo uma maior diversidade de perfis nos grupos\u201d.<\/p>\n<p><br \/>A forma\u00e7\u00e3o ministrada combinou \u201cforma\u00e7\u00e3o presencial, aprendizagem \u2018online\u2019 e experi\u00eancias \u2018outdoor\u2019.<\/p>\n<p><br \/>Segundo Jorge Garcia a \u201cmetodologia inovadora transfronteiri\u00e7a\u201d aplicada neste projeto come\u00e7ou com \u201ca identifica\u00e7\u00e3o das necessidades dos jovens, os conte\u00fados mais adequados e de que forma podiam ser postos em pr\u00e1tica num caminho cultural como \u00e9 o Caminho de Santiago\u201d.<\/p>\n<p><br \/>\u201cAtrav\u00e9s deste modelo h\u00edbrido, adquiriram compet\u00eancias e fizeram \u2018networking\u2019 com outros jovens de Espanha. Este m\u00e9todo pode ser replicado em qualquer zona transfronteiri\u00e7a, em qualquer Interreg que \u00e9 o programa financiador do projeto.<\/p>\n<p><br \/>Durante \u201co per\u00edodo de execu\u00e7\u00e3o, entre 2023 e 2026, o projeto implementou um itiner\u00e1rio formativo composto por etapas em territ\u00f3rio portugu\u00eas e espanhol e promoveu mais de 20 atividades de aprendizagem \u2018outdoor\u2019.<\/p>\n<p><br \/>\u201cTrabalho em equipa, resolu\u00e7\u00e3o de problemas reais, capacidade de adapta\u00e7\u00e3o e autonomia foram compet\u00eancias trabalhadas em contexto pr\u00e1tico, alinhadas com as exig\u00eancias atuais do mercado de trabalho\u201d, referiu.<\/p>\n<p><br \/>A vice-presidente do Instituto Polit\u00e9cnico de Viana do Castelo (IPVC\u201d, Ana Paula Vale, afirmou que os n\u00fameros do Pegadas \u201crefor\u00e7am o seu impacto, uma vez que mais de 76% dos inscritos encontram-se atualmente empregados ou a estudar\u201d.<\/p>\n<p><br \/>\u201cCerca de um quarto eram desempregados, no momento da inscri\u00e7\u00e3o no projeto. A maioria escolheu o Caminho Central, ficando em aberto a possibilidade de potenciar outras rotas, como o Caminho da Costa, em futuras edi\u00e7\u00f5es\u201d, especificou.<\/p>\n<p><br \/>Durante a sess\u00e3o de apresenta\u00e7\u00e3o das conclus\u00f5es, foram ouvidos testemunhos de alguns dos participantes, como Maria Carolina Silva, disse que a experi\u00eancia \u201cmudou completamente\u201d a sua perspetiva sobre o Caminho: \u201cPercebi que podia ser um espa\u00e7o de crescimento e n\u00e3o apenas uma rota hist\u00f3rica\u201d.<\/p>\n<p><br \/>J\u00e1 Ekaterina Minenko e Artem Kolesmikov, dois jovens russos a estudar em Portugal, referiram que o projeto foi \u201cuma oportunidade de conhecer melhor o pa\u00eds e, ao mesmo tempo, desenvolver compet\u00eancias lingu\u00edsticas e profissionais\u201d.<\/p>\n<p><br \/>Na experi\u00eancia participaram tamb\u00e9m estudantes como Lara Lopes e Francisca Oliveira, da Escola Superior de Ci\u00eancias Empresariais do IPVC, que destacaram o car\u00e1ter desafiante da iniciativa. \u201cFoi uma aventura que nos obrigou a sair da zona de conforto\u201d, afirmou Lara. Francisca sublinhou \u201ca diversidade dos grupos e a riqueza de aprender em contexto real\u201d.<\/p>\n<p><br \/>A iniciativa, cofinanciada pelo Fundo Europeu de Desenvolvimento Regional no \u00e2mbito do Programa Interreg VI-A Espanha &#8211; Portugal 2021-2027, foi\u00a0desenvolvida por um cons\u00f3rcio de institui\u00e7\u00f5es de ensino superior e entidades parceiras de ambos os pa\u00edses, entre as quais a unidade de investiga\u00e7\u00e3o ADiT-Lab do IPVC, Instituto Polit\u00e9cnico do Porto, Comunidade Intermunicipal (CIM) Alto Minho, Universidade de Santiago de Compostela, e o \u2018cluster\u2019 da Comunica\u00e7\u00e3o de Galiza.<\/p>\n<p>Fotografia: IPVC<br \/>\u00a0<\/p>\n\n\n<p class=\"wp-block-paragraph\"><\/p>\n","protected":false},"excerpt":{"rendered":"<p>O programa Pegadas, realizado ao longo de tr\u00eas anos, envolveu cerca de 250 jovens, dos quais 158 participaram em nove expedi\u00e7\u00f5es realizadas em territ\u00f3rio portugu\u00eas e espanhol do Caminho de Santiago \u201cum verdadeiro laborat\u00f3rio de compet\u00eancias\u201d, foi\u00a0 divulgado. Do n\u00famero inicial de participantes no projeto, cuja conclus\u00e3o foi hoje assinalada em Viana do Castelo, \u201cmais [&hellip;]<\/p>\n","protected":false},"author":1,"featured_media":128934,"comment_status":"closed","ping_status":"closed","sticky":false,"template":"","format":"standard","meta":{"_exactmetrics_skip_tracking":false,"footnotes":""},"categories":[14],"tags":[22],"class_list":["post-128933","post","type-post","status-publish","format-standard","has-post-thumbnail","hentry","category-viana-do-castelo","tag-educacao"],"yoast_head":"<!-- This site is optimized with the Yoast SEO Premium plugin v28.3 (Yoast SEO v28.3) - https:\/\/yoast.com\/product\/yoast-seo-premium-wordpress\/ -->\n<title>Caminho de Santiago foi sala de aula para ensinar oportunidades de emprego a jovens<\/title>\n<meta name=\"robots\" content=\"index, follow, max-snippet:-1, max-image-preview:large, max-video-preview:-1\" \/>\n<link rel=\"canonical\" href=\"https:\/\/www.altominho.tv\/site\/2026\/02\/24\/caminho-de-santiago-foi-sala-de-aula-para-ensinar-oportunidades-de-emprego-a-jovens\/\" \/>\n<meta property=\"og:locale\" content=\"pt_PT\" \/>\n<meta property=\"og:type\" content=\"article\" \/>\n<meta property=\"og:title\" content=\"Caminho de Santiago foi sala de aula para ensinar oportunidades de emprego a jovens\" \/>\n<meta property=\"og:description\" content=\"O programa Pegadas, realizado ao longo de tr\u00eas anos, envolveu cerca de 250 jovens, dos quais 158 participaram em nove expedi\u00e7\u00f5es realizadas em territ\u00f3rio portugu\u00eas e espanhol do Caminho de Santiago \u201cum verdadeiro laborat\u00f3rio de compet\u00eancias\u201d, foi\u00a0 divulgado. Do n\u00famero inicial de participantes no projeto, cuja conclus\u00e3o foi hoje assinalada em Viana do Castelo, \u201cmais [&hellip;]\" \/>\n<meta property=\"og:url\" content=\"https:\/\/www.altominho.tv\/site\/2026\/02\/24\/caminho-de-santiago-foi-sala-de-aula-para-ensinar-oportunidades-de-emprego-a-jovens\/\" \/>\n<meta property=\"og:site_name\" content=\"Altominho.tv\" \/>\n<meta property=\"article:publisher\" content=\"https:\/\/www.facebook.com\/altominhotv\" \/>\n<meta property=\"article:published_time\" content=\"2026-02-24T08:26:52+00:00\" \/>\n<meta property=\"article:modified_time\" content=\"2026-02-24T08:26:55+00:00\" \/>\n<meta property=\"og:image\" content=\"https:\/\/www.altominho.tv\/site\/wp-content\/uploads\/2026\/02\/IPVC-2.png\" \/>\n\t<meta property=\"og:image:width\" content=\"1200\" \/>\n\t<meta property=\"og:image:height\" content=\"630\" \/>\n\t<meta property=\"og:image:type\" content=\"image\/png\" \/>\n<meta name=\"author\" content=\"Altominho.tv\" \/>\n<meta name=\"twitter:card\" content=\"summary_large_image\" \/>\n<meta name=\"twitter:creator\" content=\"@altominhoTV\" \/>\n<meta name=\"twitter:site\" content=\"@altominhoTV\" \/>\n<meta name=\"twitter:label1\" content=\"Escrito por\" \/>\n\t<meta name=\"twitter:data1\" content=\"Altominho.tv\" \/>\n\t<meta name=\"twitter:label2\" content=\"Tempo estimado de leitura\" \/>\n\t<meta name=\"twitter:data2\" content=\"4 minutos\" \/>\n<script type=\"application\/ld+json\" class=\"yoast-schema-graph\">{\"@context\":\"https:\\\/\\\/schema.org\",\"@graph\":[{\"@type\":\"Article\",\"@id\":\"https:\\\/\\\/www.altominho.tv\\\/site\\\/2026\\\/02\\\/24\\\/caminho-de-santiago-foi-sala-de-aula-para-ensinar-oportunidades-de-emprego-a-jovens\\\/#article\",\"isPartOf\":{\"@id\":\"https:\\\/\\\/www.altominho.tv\\\/site\\\/2026\\\/02\\\/24\\\/caminho-de-santiago-foi-sala-de-aula-para-ensinar-oportunidades-de-emprego-a-jovens\\\/\"},\"author\":{\"name\":\"Altominho.tv\",\"@id\":\"https:\\\/\\\/www.altominho.tv\\\/site\\\/#\\\/schema\\\/person\\\/4e536851627d7914baf3dac752b6af22\"},\"headline\":\"Caminho de Santiago foi sala de aula para ensinar oportunidades de emprego a jovens\",\"datePublished\":\"2026-02-24T08:26:52+00:00\",\"dateModified\":\"2026-02-24T08:26:55+00:00\",\"mainEntityOfPage\":{\"@id\":\"https:\\\/\\\/www.altominho.tv\\\/site\\\/2026\\\/02\\\/24\\\/caminho-de-santiago-foi-sala-de-aula-para-ensinar-oportunidades-de-emprego-a-jovens\\\/\"},\"wordCount\":642,\"image\":{\"@id\":\"https:\\\/\\\/www.altominho.tv\\\/site\\\/2026\\\/02\\\/24\\\/caminho-de-santiago-foi-sala-de-aula-para-ensinar-oportunidades-de-emprego-a-jovens\\\/#primaryimage\"},\"thumbnailUrl\":\"https:\\\/\\\/www.altominho.tv\\\/site\\\/wp-content\\\/uploads\\\/2026\\\/02\\\/IPVC-2.png\",\"keywords\":[\"Educa\u00e7\u00e3o\"],\"articleSection\":[\"Viana do Castelo\"],\"inLanguage\":\"pt-PT\",\"copyrightYear\":\"2026\",\"copyrightHolder\":{\"@id\":\"https:\\\/\\\/www.altominho.tv\\\/site\\\/#organization\"}},{\"@type\":\"WebPage\",\"@id\":\"https:\\\/\\\/www.altominho.tv\\\/site\\\/2026\\\/02\\\/24\\\/caminho-de-santiago-foi-sala-de-aula-para-ensinar-oportunidades-de-emprego-a-jovens\\\/\",\"url\":\"https:\\\/\\\/www.altominho.tv\\\/site\\\/2026\\\/02\\\/24\\\/caminho-de-santiago-foi-sala-de-aula-para-ensinar-oportunidades-de-emprego-a-jovens\\\/\",\"name\":\"Caminho de Santiago foi sala de aula para ensinar oportunidades de emprego a jovens\",\"isPartOf\":{\"@id\":\"https:\\\/\\\/www.altominho.tv\\\/site\\\/#website\"},\"primaryImageOfPage\":{\"@id\":\"https:\\\/\\\/www.altominho.tv\\\/site\\\/2026\\\/02\\\/24\\\/caminho-de-santiago-foi-sala-de-aula-para-ensinar-oportunidades-de-emprego-a-jovens\\\/#primaryimage\"},\"image\":{\"@id\":\"https:\\\/\\\/www.altominho.tv\\\/site\\\/2026\\\/02\\\/24\\\/caminho-de-santiago-foi-sala-de-aula-para-ensinar-oportunidades-de-emprego-a-jovens\\\/#primaryimage\"},\"thumbnailUrl\":\"https:\\\/\\\/www.altominho.tv\\\/site\\\/wp-content\\\/uploads\\\/2026\\\/02\\\/IPVC-2.png\",\"datePublished\":\"2026-02-24T08:26:52+00:00\",\"dateModified\":\"2026-02-24T08:26:55+00:00\",\"author\":{\"@id\":\"https:\\\/\\\/www.altominho.tv\\\/site\\\/#\\\/schema\\\/person\\\/4e536851627d7914baf3dac752b6af22\"},\"breadcrumb\":{\"@id\":\"https:\\\/\\\/www.altominho.tv\\\/site\\\/2026\\\/02\\\/24\\\/caminho-de-santiago-foi-sala-de-aula-para-ensinar-oportunidades-de-emprego-a-jovens\\\/#breadcrumb\"},\"inLanguage\":\"pt-PT\",\"potentialAction\":[{\"@type\":\"ReadAction\",\"target\":[\"https:\\\/\\\/www.altominho.tv\\\/site\\\/2026\\\/02\\\/24\\\/caminho-de-santiago-foi-sala-de-aula-para-ensinar-oportunidades-de-emprego-a-jovens\\\/\"]}]},{\"@type\":\"ImageObject\",\"inLanguage\":\"pt-PT\",\"@id\":\"https:\\\/\\\/www.altominho.tv\\\/site\\\/2026\\\/02\\\/24\\\/caminho-de-santiago-foi-sala-de-aula-para-ensinar-oportunidades-de-emprego-a-jovens\\\/#primaryimage\",\"url\":\"https:\\\/\\\/www.altominho.tv\\\/site\\\/wp-content\\\/uploads\\\/2026\\\/02\\\/IPVC-2.png\",\"contentUrl\":\"https:\\\/\\\/www.altominho.tv\\\/site\\\/wp-content\\\/uploads\\\/2026\\\/02\\\/IPVC-2.png\",\"width\":1200,\"height\":630,\"caption\":\"IPVC\"},{\"@type\":\"BreadcrumbList\",\"@id\":\"https:\\\/\\\/www.altominho.tv\\\/site\\\/2026\\\/02\\\/24\\\/caminho-de-santiago-foi-sala-de-aula-para-ensinar-oportunidades-de-emprego-a-jovens\\\/#breadcrumb\",\"itemListElement\":[{\"@type\":\"ListItem\",\"position\":1,\"name\":\"In\u00edcio\",\"item\":\"https:\\\/\\\/www.altominho.tv\\\/site\\\/\"},{\"@type\":\"ListItem\",\"position\":2,\"name\":\"Caminho de Santiago foi sala de aula para ensinar oportunidades de emprego a jovens\"}]},{\"@type\":\"WebSite\",\"@id\":\"https:\\\/\\\/www.altominho.tv\\\/site\\\/#website\",\"url\":\"https:\\\/\\\/www.altominho.tv\\\/site\\\/\",\"name\":\"Altominho.tv\",\"description\":\"A sua regi\u00e3o \u00e0 dist\u00e2ncia de um clique...\",\"potentialAction\":[{\"@type\":\"SearchAction\",\"target\":{\"@type\":\"EntryPoint\",\"urlTemplate\":\"https:\\\/\\\/www.altominho.tv\\\/site\\\/?s={search_term_string}\"},\"query-input\":{\"@type\":\"PropertyValueSpecification\",\"valueRequired\":true,\"valueName\":\"search_term_string\"}}],\"inLanguage\":\"pt-PT\"},{\"@type\":\"Person\",\"@id\":\"https:\\\/\\\/www.altominho.tv\\\/site\\\/#\\\/schema\\\/person\\\/4e536851627d7914baf3dac752b6af22\",\"name\":\"Altominho.tv\",\"image\":{\"@type\":\"ImageObject\",\"inLanguage\":\"pt-PT\",\"@id\":\"https:\\\/\\\/www.altominho.tv\\\/site\\\/wp-content\\\/uploads\\\/2019\\\/11\\\/Logo_Avatar_2-150x150.jpg\",\"url\":\"https:\\\/\\\/www.altominho.tv\\\/site\\\/wp-content\\\/uploads\\\/2019\\\/11\\\/Logo_Avatar_2-150x150.jpg\",\"contentUrl\":\"https:\\\/\\\/www.altominho.tv\\\/site\\\/wp-content\\\/uploads\\\/2019\\\/11\\\/Logo_Avatar_2-150x150.jpg\",\"caption\":\"Altominho.tv\"},\"url\":\"https:\\\/\\\/www.altominho.tv\\\/site\\\/author\\\/altominhotv-tecnico\\\/\"}]}<\/script>\n<!-- \/ Yoast SEO Premium plugin. -->","yoast_head_json":{"title":"Caminho de Santiago foi sala de aula para ensinar oportunidades de emprego a jovens","robots":{"index":"index","follow":"follow","max-snippet":"max-snippet:-1","max-image-preview":"max-image-preview:large","max-video-preview":"max-video-preview:-1"},"canonical":"https:\/\/www.altominho.tv\/site\/2026\/02\/24\/caminho-de-santiago-foi-sala-de-aula-para-ensinar-oportunidades-de-emprego-a-jovens\/","og_locale":"pt_PT","og_type":"article","og_title":"Caminho de Santiago foi sala de aula para ensinar oportunidades de emprego a jovens","og_description":"O programa Pegadas, realizado ao longo de tr\u00eas anos, envolveu cerca de 250 jovens, dos quais 158 participaram em nove expedi\u00e7\u00f5es realizadas em territ\u00f3rio portugu\u00eas e espanhol do Caminho de Santiago \u201cum verdadeiro laborat\u00f3rio de compet\u00eancias\u201d, foi\u00a0 divulgado. Do n\u00famero inicial de participantes no projeto, cuja conclus\u00e3o foi hoje assinalada em Viana do Castelo, \u201cmais [&hellip;]","og_url":"https:\/\/www.altominho.tv\/site\/2026\/02\/24\/caminho-de-santiago-foi-sala-de-aula-para-ensinar-oportunidades-de-emprego-a-jovens\/","og_site_name":"Altominho.tv","article_publisher":"https:\/\/www.facebook.com\/altominhotv","article_published_time":"2026-02-24T08:26:52+00:00","article_modified_time":"2026-02-24T08:26:55+00:00","og_image":[{"width":1200,"height":630,"url":"https:\/\/www.altominho.tv\/site\/wp-content\/uploads\/2026\/02\/IPVC-2.png","type":"image\/png"}],"author":"Altominho.tv","twitter_card":"summary_large_image","twitter_creator":"@altominhoTV","twitter_site":"@altominhoTV","twitter_misc":{"Escrito por":"Altominho.tv","Tempo estimado de leitura":"4 minutos"},"schema":{"@context":"https:\/\/schema.org","@graph":[{"@type":"Article","@id":"https:\/\/www.altominho.tv\/site\/2026\/02\/24\/caminho-de-santiago-foi-sala-de-aula-para-ensinar-oportunidades-de-emprego-a-jovens\/#article","isPartOf":{"@id":"https:\/\/www.altominho.tv\/site\/2026\/02\/24\/caminho-de-santiago-foi-sala-de-aula-para-ensinar-oportunidades-de-emprego-a-jovens\/"},"author":{"name":"Altominho.tv","@id":"https:\/\/www.altominho.tv\/site\/#\/schema\/person\/4e536851627d7914baf3dac752b6af22"},"headline":"Caminho de Santiago foi sala de aula para ensinar oportunidades de emprego a jovens","datePublished":"2026-02-24T08:26:52+00:00","dateModified":"2026-02-24T08:26:55+00:00","mainEntityOfPage":{"@id":"https:\/\/www.altominho.tv\/site\/2026\/02\/24\/caminho-de-santiago-foi-sala-de-aula-para-ensinar-oportunidades-de-emprego-a-jovens\/"},"wordCount":642,"image":{"@id":"https:\/\/www.altominho.tv\/site\/2026\/02\/24\/caminho-de-santiago-foi-sala-de-aula-para-ensinar-oportunidades-de-emprego-a-jovens\/#primaryimage"},"thumbnailUrl":"https:\/\/www.altominho.tv\/site\/wp-content\/uploads\/2026\/02\/IPVC-2.png","keywords":["Educa\u00e7\u00e3o"],"articleSection":["Viana do Castelo"],"inLanguage":"pt-PT","copyrightYear":"2026","copyrightHolder":{"@id":"https:\/\/www.altominho.tv\/site\/#organization"}},{"@type":"WebPage","@id":"https:\/\/www.altominho.tv\/site\/2026\/02\/24\/caminho-de-santiago-foi-sala-de-aula-para-ensinar-oportunidades-de-emprego-a-jovens\/","url":"https:\/\/www.altominho.tv\/site\/2026\/02\/24\/caminho-de-santiago-foi-sala-de-aula-para-ensinar-oportunidades-de-emprego-a-jovens\/","name":"Caminho de Santiago foi sala de aula para ensinar oportunidades de emprego a jovens","isPartOf":{"@id":"https:\/\/www.altominho.tv\/site\/#website"},"primaryImageOfPage":{"@id":"https:\/\/www.altominho.tv\/site\/2026\/02\/24\/caminho-de-santiago-foi-sala-de-aula-para-ensinar-oportunidades-de-emprego-a-jovens\/#primaryimage"},"image":{"@id":"https:\/\/www.altominho.tv\/site\/2026\/02\/24\/caminho-de-santiago-foi-sala-de-aula-para-ensinar-oportunidades-de-emprego-a-jovens\/#primaryimage"},"thumbnailUrl":"https:\/\/www.altominho.tv\/site\/wp-content\/uploads\/2026\/02\/IPVC-2.png","datePublished":"2026-02-24T08:26:52+00:00","dateModified":"2026-02-24T08:26:55+00:00","author":{"@id":"https:\/\/www.altominho.tv\/site\/#\/schema\/person\/4e536851627d7914baf3dac752b6af22"},"breadcrumb":{"@id":"https:\/\/www.altominho.tv\/site\/2026\/02\/24\/caminho-de-santiago-foi-sala-de-aula-para-ensinar-oportunidades-de-emprego-a-jovens\/#breadcrumb"},"inLanguage":"pt-PT","potentialAction":[{"@type":"ReadAction","target":["https:\/\/www.altominho.tv\/site\/2026\/02\/24\/caminho-de-santiago-foi-sala-de-aula-para-ensinar-oportunidades-de-emprego-a-jovens\/"]}]},{"@type":"ImageObject","inLanguage":"pt-PT","@id":"https:\/\/www.altominho.tv\/site\/2026\/02\/24\/caminho-de-santiago-foi-sala-de-aula-para-ensinar-oportunidades-de-emprego-a-jovens\/#primaryimage","url":"https:\/\/www.altominho.tv\/site\/wp-content\/uploads\/2026\/02\/IPVC-2.png","contentUrl":"https:\/\/www.altominho.tv\/site\/wp-content\/uploads\/2026\/02\/IPVC-2.png","width":1200,"height":630,"caption":"IPVC"},{"@type":"BreadcrumbList","@id":"https:\/\/www.altominho.tv\/site\/2026\/02\/24\/caminho-de-santiago-foi-sala-de-aula-para-ensinar-oportunidades-de-emprego-a-jovens\/#breadcrumb","itemListElement":[{"@type":"ListItem","position":1,"name":"In\u00edcio","item":"https:\/\/www.altominho.tv\/site\/"},{"@type":"ListItem","position":2,"name":"Caminho de Santiago foi sala de aula para ensinar oportunidades de emprego a jovens"}]},{"@type":"WebSite","@id":"https:\/\/www.altominho.tv\/site\/#website","url":"https:\/\/www.altominho.tv\/site\/","name":"Altominho.tv","description":"A sua regi\u00e3o \u00e0 dist\u00e2ncia de um clique...","potentialAction":[{"@type":"SearchAction","target":{"@type":"EntryPoint","urlTemplate":"https:\/\/www.altominho.tv\/site\/?s={search_term_string}"},"query-input":{"@type":"PropertyValueSpecification","valueRequired":true,"valueName":"search_term_string"}}],"inLanguage":"pt-PT"},{"@type":"Person","@id":"https:\/\/www.altominho.tv\/site\/#\/schema\/person\/4e536851627d7914baf3dac752b6af22","name":"Altominho.tv","image":{"@type":"ImageObject","inLanguage":"pt-PT","@id":"https:\/\/www.altominho.tv\/site\/wp-content\/uploads\/2019\/11\/Logo_Avatar_2-150x150.jpg","url":"https:\/\/www.altominho.tv\/site\/wp-content\/uploads\/2019\/11\/Logo_Avatar_2-150x150.jpg","contentUrl":"https:\/\/www.altominho.tv\/site\/wp-content\/uploads\/2019\/11\/Logo_Avatar_2-150x150.jpg","caption":"Altominho.tv"},"url":"https:\/\/www.altominho.tv\/site\/author\/altominhotv-tecnico\/"}]}},"_links":{"self":[{"href":"https:\/\/www.altominho.tv\/site\/wp-json\/wp\/v2\/posts\/128933","targetHints":{"allow":["GET"]}}],"collection":[{"href":"https:\/\/www.altominho.tv\/site\/wp-json\/wp\/v2\/posts"}],"about":[{"href":"https:\/\/www.altominho.tv\/site\/wp-json\/wp\/v2\/types\/post"}],"author":[{"embeddable":true,"href":"https:\/\/www.altominho.tv\/site\/wp-json\/wp\/v2\/users\/1"}],"replies":[{"embeddable":true,"href":"https:\/\/www.altominho.tv\/site\/wp-json\/wp\/v2\/comments?post=128933"}],"version-history":[{"count":1,"href":"https:\/\/www.altominho.tv\/site\/wp-json\/wp\/v2\/posts\/128933\/revisions"}],"predecessor-version":[{"id":128935,"href":"https:\/\/www.altominho.tv\/site\/wp-json\/wp\/v2\/posts\/128933\/revisions\/128935"}],"wp:featuredmedia":[{"embeddable":true,"href":"https:\/\/www.altominho.tv\/site\/wp-json\/wp\/v2\/media\/128934"}],"wp:attachment":[{"href":"https:\/\/www.altominho.tv\/site\/wp-json\/wp\/v2\/media?parent=128933"}],"wp:term":[{"taxonomy":"category","embeddable":true,"href":"https:\/\/www.altominho.tv\/site\/wp-json\/wp\/v2\/categories?post=128933"},{"taxonomy":"post_tag","embeddable":true,"href":"https:\/\/www.altominho.tv\/site\/wp-json\/wp\/v2\/tags?post=128933"}],"curies":[{"name":"wp","href":"https:\/\/api.w.org\/{rel}","templated":true}]}}