{"id":128927,"date":"2026-02-23T17:46:16","date_gmt":"2026-02-23T17:46:16","guid":{"rendered":"https:\/\/www.altominho.tv\/site\/?p=128927"},"modified":"2026-02-23T17:46:19","modified_gmt":"2026-02-23T17:46:19","slug":"palco-das-artes-recebe-recital-de-piano-de-antonio-oliveira","status":"publish","type":"post","link":"https:\/\/www.altominho.tv\/site\/2026\/02\/23\/palco-das-artes-recebe-recital-de-piano-de-antonio-oliveira\/","title":{"rendered":"Palco das Artes recebe recital de piano de Ant\u00f3nio Oliveira"},"content":{"rendered":"<p class=\"p1\">O Palco das Artes de Vila Nova de Cerveira recebe, no s\u00e1bado, 28 de fevereiro, um recital de piano de Ant\u00f3nio Oliveira, dedicado aos \u201cQuadros Sonoros Nacionalistas\u201d.<\/p>\n<p class=\"p1\">Reconhecido pelas estreias mundiais e pelos programas de concerto excecionais, o conceituado pianista Ant\u00f3nio Oliveira apresenta-se com entusiasmo e ousadia, explorando tempos r\u00e1pidos e din\u00e2micas marcantes. A entrada \u00e9 livre.<\/p>\n<p class=\"p1\">A primeira parte deste recital \u00e9 \u2018falada\u2019 em Portugu\u00eas, convidando os espetadores para uma viagem por m\u00fasica inspirada no Nacionalismo Musical, come\u00e7ando com os Poemas do Monte de Luiz Costa, um conjunto de quatro quadros que fixam paisagens e quadros minhotos, passando pela Balada de Vianna da Motta sobre dois temas populares Portugueses, um das Beiras e outro dos A\u00e7ores, e terminando com as Bachianas Brasileiras n\u00ba4 do Brasileiro Villa-Lobos, numa homenagem \u00e0 m\u00fasica de Bach.<\/p>\n<p class=\"p1\">A segunda parte inicia com o concerto italiano do compositor alem\u00e3o e culmina com uma obra-prima do repert\u00f3rio pian\u00edstico: Gaspard de la Nuit, de Maurice Ravel.<\/p>\n<p class=\"p1\">Ant\u00f3nio Oliveira \u00e9 pianista, professor e coordenador do departamento de piano do Conservat\u00f3rio de M\u00fasica do Porto e lan\u00e7ou tr\u00eas discos a solo: Chopin &amp; Liszt, Ravel &amp; Janac\u00e9k e Schumann &amp; Rachmaninoff, este \u00faltimo distinguido com a Silver Medal for Outstanding Achievement nos Global Music Awards 2023.<\/p>\n","protected":false},"excerpt":{"rendered":"<p>O Palco das Artes de Vila Nova de Cerveira recebe, no s\u00e1bado, 28 de fevereiro, um recital de piano de Ant\u00f3nio Oliveira, dedicado aos \u201cQuadros Sonoros Nacionalistas\u201d. Reconhecido pelas estreias mundiais e pelos programas de concerto excecionais, o conceituado pianista Ant\u00f3nio Oliveira apresenta-se com entusiasmo e ousadia, explorando tempos r\u00e1pidos e din\u00e2micas marcantes. A entrada [&hellip;]<\/p>\n","protected":false},"author":30,"featured_media":128928,"comment_status":"closed","ping_status":"closed","sticky":false,"template":"","format":"standard","meta":{"_exactmetrics_skip_tracking":false,"_exactmetrics_sitenote_active":false,"_exactmetrics_sitenote_note":"","_exactmetrics_sitenote_category":0,"footnotes":""},"categories":[15],"tags":[19],"class_list":["post-128927","post","type-post","status-publish","format-standard","has-post-thumbnail","hentry","category-vila-nova-de-cerveira","tag-cultura"],"yoast_head":"<!-- This site is optimized with the Yoast SEO Premium plugin v27.5 (Yoast SEO v27.5) - https:\/\/yoast.com\/product\/yoast-seo-premium-wordpress\/ -->\n<title>Palco das Artes recebe recital de piano de Ant\u00f3nio Oliveira<\/title>\n<meta name=\"description\" content=\"Reconhecido pelas estreias mundiais e pelos programas de concerto excecionais, o conceituado pianista Ant\u00f3nio Oliveira apresenta-se com entusiasmo e ousadia, explorando tempos r\u00e1pidos e din\u00e2micas marcantes\" \/>\n<meta name=\"robots\" content=\"index, follow, max-snippet:-1, max-image-preview:large, max-video-preview:-1\" \/>\n<link rel=\"canonical\" href=\"https:\/\/www.altominho.tv\/site\/2026\/02\/23\/palco-das-artes-recebe-recital-de-piano-de-antonio-oliveira\/\" \/>\n<meta property=\"og:locale\" content=\"pt_PT\" \/>\n<meta property=\"og:type\" content=\"article\" \/>\n<meta property=\"og:title\" content=\"Palco das Artes recebe recital de piano de Ant\u00f3nio Oliveira\" \/>\n<meta property=\"og:description\" content=\"Reconhecido pelas estreias mundiais e pelos programas de concerto excecionais, o conceituado pianista Ant\u00f3nio Oliveira apresenta-se com entusiasmo e ousadia, explorando tempos r\u00e1pidos e din\u00e2micas marcantes\" \/>\n<meta property=\"og:url\" content=\"https:\/\/www.altominho.tv\/site\/2026\/02\/23\/palco-das-artes-recebe-recital-de-piano-de-antonio-oliveira\/\" \/>\n<meta property=\"og:site_name\" content=\"Altominho.tv\" \/>\n<meta property=\"article:publisher\" content=\"https:\/\/www.facebook.com\/altominhotv\" \/>\n<meta property=\"article:published_time\" content=\"2026-02-23T17:46:16+00:00\" \/>\n<meta property=\"article:modified_time\" content=\"2026-02-23T17:46:19+00:00\" \/>\n<meta property=\"og:image\" content=\"https:\/\/www.altominho.tv\/site\/wp-content\/uploads\/2026\/02\/Antonio-Oliveira-.jpg\" \/>\n\t<meta property=\"og:image:width\" content=\"1200\" \/>\n\t<meta property=\"og:image:height\" content=\"630\" \/>\n\t<meta property=\"og:image:type\" content=\"image\/jpeg\" \/>\n<meta name=\"author\" content=\"Eduarda Cardoso\" \/>\n<meta name=\"twitter:card\" content=\"summary_large_image\" \/>\n<meta name=\"twitter:creator\" content=\"@altominhoTV\" \/>\n<meta name=\"twitter:site\" content=\"@altominhoTV\" \/>\n<meta name=\"twitter:label1\" content=\"Escrito por\" \/>\n\t<meta name=\"twitter:data1\" content=\"Eduarda Cardoso\" \/>\n\t<meta name=\"twitter:label2\" content=\"Tempo estimado de leitura\" \/>\n\t<meta name=\"twitter:data2\" content=\"2 minutos\" \/>\n<script type=\"application\/ld+json\" class=\"yoast-schema-graph\">{\"@context\":\"https:\\\/\\\/schema.org\",\"@graph\":[{\"@type\":\"Article\",\"@id\":\"https:\\\/\\\/www.altominho.tv\\\/site\\\/2026\\\/02\\\/23\\\/palco-das-artes-recebe-recital-de-piano-de-antonio-oliveira\\\/#article\",\"isPartOf\":{\"@id\":\"https:\\\/\\\/www.altominho.tv\\\/site\\\/2026\\\/02\\\/23\\\/palco-das-artes-recebe-recital-de-piano-de-antonio-oliveira\\\/\"},\"author\":{\"name\":\"Eduarda Cardoso\",\"@id\":\"https:\\\/\\\/www.altominho.tv\\\/site\\\/#\\\/schema\\\/person\\\/9e351387b727413d005ccf1152c93539\"},\"headline\":\"Palco das Artes recebe recital de piano de Ant\u00f3nio Oliveira\",\"datePublished\":\"2026-02-23T17:46:16+00:00\",\"dateModified\":\"2026-02-23T17:46:19+00:00\",\"mainEntityOfPage\":{\"@id\":\"https:\\\/\\\/www.altominho.tv\\\/site\\\/2026\\\/02\\\/23\\\/palco-das-artes-recebe-recital-de-piano-de-antonio-oliveira\\\/\"},\"wordCount\":231,\"image\":{\"@id\":\"https:\\\/\\\/www.altominho.tv\\\/site\\\/2026\\\/02\\\/23\\\/palco-das-artes-recebe-recital-de-piano-de-antonio-oliveira\\\/#primaryimage\"},\"thumbnailUrl\":\"https:\\\/\\\/www.altominho.tv\\\/site\\\/wp-content\\\/uploads\\\/2026\\\/02\\\/Antonio-Oliveira-.jpg\",\"keywords\":[\"Cultura\"],\"articleSection\":[\"Vila Nova de Cerveira\"],\"inLanguage\":\"pt-PT\",\"copyrightYear\":\"2026\",\"copyrightHolder\":{\"@id\":\"https:\\\/\\\/www.altominho.tv\\\/site\\\/#organization\"}},{\"@type\":\"WebPage\",\"@id\":\"https:\\\/\\\/www.altominho.tv\\\/site\\\/2026\\\/02\\\/23\\\/palco-das-artes-recebe-recital-de-piano-de-antonio-oliveira\\\/\",\"url\":\"https:\\\/\\\/www.altominho.tv\\\/site\\\/2026\\\/02\\\/23\\\/palco-das-artes-recebe-recital-de-piano-de-antonio-oliveira\\\/\",\"name\":\"Palco das Artes recebe recital de piano de Ant\u00f3nio Oliveira\",\"isPartOf\":{\"@id\":\"https:\\\/\\\/www.altominho.tv\\\/site\\\/#website\"},\"primaryImageOfPage\":{\"@id\":\"https:\\\/\\\/www.altominho.tv\\\/site\\\/2026\\\/02\\\/23\\\/palco-das-artes-recebe-recital-de-piano-de-antonio-oliveira\\\/#primaryimage\"},\"image\":{\"@id\":\"https:\\\/\\\/www.altominho.tv\\\/site\\\/2026\\\/02\\\/23\\\/palco-das-artes-recebe-recital-de-piano-de-antonio-oliveira\\\/#primaryimage\"},\"thumbnailUrl\":\"https:\\\/\\\/www.altominho.tv\\\/site\\\/wp-content\\\/uploads\\\/2026\\\/02\\\/Antonio-Oliveira-.jpg\",\"datePublished\":\"2026-02-23T17:46:16+00:00\",\"dateModified\":\"2026-02-23T17:46:19+00:00\",\"author\":{\"@id\":\"https:\\\/\\\/www.altominho.tv\\\/site\\\/#\\\/schema\\\/person\\\/9e351387b727413d005ccf1152c93539\"},\"description\":\"Reconhecido pelas estreias mundiais e pelos programas de concerto excecionais, o conceituado pianista Ant\u00f3nio Oliveira apresenta-se com entusiasmo e ousadia, explorando tempos r\u00e1pidos e din\u00e2micas marcantes\",\"breadcrumb\":{\"@id\":\"https:\\\/\\\/www.altominho.tv\\\/site\\\/2026\\\/02\\\/23\\\/palco-das-artes-recebe-recital-de-piano-de-antonio-oliveira\\\/#breadcrumb\"},\"inLanguage\":\"pt-PT\",\"potentialAction\":[{\"@type\":\"ReadAction\",\"target\":[\"https:\\\/\\\/www.altominho.tv\\\/site\\\/2026\\\/02\\\/23\\\/palco-das-artes-recebe-recital-de-piano-de-antonio-oliveira\\\/\"]}]},{\"@type\":\"ImageObject\",\"inLanguage\":\"pt-PT\",\"@id\":\"https:\\\/\\\/www.altominho.tv\\\/site\\\/2026\\\/02\\\/23\\\/palco-das-artes-recebe-recital-de-piano-de-antonio-oliveira\\\/#primaryimage\",\"url\":\"https:\\\/\\\/www.altominho.tv\\\/site\\\/wp-content\\\/uploads\\\/2026\\\/02\\\/Antonio-Oliveira-.jpg\",\"contentUrl\":\"https:\\\/\\\/www.altominho.tv\\\/site\\\/wp-content\\\/uploads\\\/2026\\\/02\\\/Antonio-Oliveira-.jpg\",\"width\":1200,\"height\":630},{\"@type\":\"BreadcrumbList\",\"@id\":\"https:\\\/\\\/www.altominho.tv\\\/site\\\/2026\\\/02\\\/23\\\/palco-das-artes-recebe-recital-de-piano-de-antonio-oliveira\\\/#breadcrumb\",\"itemListElement\":[{\"@type\":\"ListItem\",\"position\":1,\"name\":\"In\u00edcio\",\"item\":\"https:\\\/\\\/www.altominho.tv\\\/site\\\/\"},{\"@type\":\"ListItem\",\"position\":2,\"name\":\"Palco das Artes recebe recital de piano de Ant\u00f3nio Oliveira\"}]},{\"@type\":\"WebSite\",\"@id\":\"https:\\\/\\\/www.altominho.tv\\\/site\\\/#website\",\"url\":\"https:\\\/\\\/www.altominho.tv\\\/site\\\/\",\"name\":\"Altominho.tv\",\"description\":\"A sua regi\u00e3o \u00e0 dist\u00e2ncia de um clique...\",\"potentialAction\":[{\"@type\":\"SearchAction\",\"target\":{\"@type\":\"EntryPoint\",\"urlTemplate\":\"https:\\\/\\\/www.altominho.tv\\\/site\\\/?s={search_term_string}\"},\"query-input\":{\"@type\":\"PropertyValueSpecification\",\"valueRequired\":true,\"valueName\":\"search_term_string\"}}],\"inLanguage\":\"pt-PT\"},{\"@type\":\"Person\",\"@id\":\"https:\\\/\\\/www.altominho.tv\\\/site\\\/#\\\/schema\\\/person\\\/9e351387b727413d005ccf1152c93539\",\"name\":\"Eduarda Cardoso\",\"image\":{\"@type\":\"ImageObject\",\"inLanguage\":\"pt-PT\",\"@id\":\"https:\\\/\\\/www.altominho.tv\\\/site\\\/wp-content\\\/uploads\\\/2021\\\/01\\\/cropped-Logo-ATV_WEB-150x150.png\",\"url\":\"https:\\\/\\\/www.altominho.tv\\\/site\\\/wp-content\\\/uploads\\\/2021\\\/01\\\/cropped-Logo-ATV_WEB-150x150.png\",\"contentUrl\":\"https:\\\/\\\/www.altominho.tv\\\/site\\\/wp-content\\\/uploads\\\/2021\\\/01\\\/cropped-Logo-ATV_WEB-150x150.png\",\"caption\":\"Eduarda Cardoso\"},\"url\":\"https:\\\/\\\/www.altominho.tv\\\/site\\\/author\\\/eduarda-cardoso\\\/\"}]}<\/script>\n<!-- \/ Yoast SEO Premium plugin. -->","yoast_head_json":{"title":"Palco das Artes recebe recital de piano de Ant\u00f3nio Oliveira","description":"Reconhecido pelas estreias mundiais e pelos programas de concerto excecionais, o conceituado pianista Ant\u00f3nio Oliveira apresenta-se com entusiasmo e ousadia, explorando tempos r\u00e1pidos e din\u00e2micas marcantes","robots":{"index":"index","follow":"follow","max-snippet":"max-snippet:-1","max-image-preview":"max-image-preview:large","max-video-preview":"max-video-preview:-1"},"canonical":"https:\/\/www.altominho.tv\/site\/2026\/02\/23\/palco-das-artes-recebe-recital-de-piano-de-antonio-oliveira\/","og_locale":"pt_PT","og_type":"article","og_title":"Palco das Artes recebe recital de piano de Ant\u00f3nio Oliveira","og_description":"Reconhecido pelas estreias mundiais e pelos programas de concerto excecionais, o conceituado pianista Ant\u00f3nio Oliveira apresenta-se com entusiasmo e ousadia, explorando tempos r\u00e1pidos e din\u00e2micas marcantes","og_url":"https:\/\/www.altominho.tv\/site\/2026\/02\/23\/palco-das-artes-recebe-recital-de-piano-de-antonio-oliveira\/","og_site_name":"Altominho.tv","article_publisher":"https:\/\/www.facebook.com\/altominhotv","article_published_time":"2026-02-23T17:46:16+00:00","article_modified_time":"2026-02-23T17:46:19+00:00","og_image":[{"width":1200,"height":630,"url":"https:\/\/www.altominho.tv\/site\/wp-content\/uploads\/2026\/02\/Antonio-Oliveira-.jpg","type":"image\/jpeg"}],"author":"Eduarda Cardoso","twitter_card":"summary_large_image","twitter_creator":"@altominhoTV","twitter_site":"@altominhoTV","twitter_misc":{"Escrito por":"Eduarda Cardoso","Tempo estimado de leitura":"2 minutos"},"schema":{"@context":"https:\/\/schema.org","@graph":[{"@type":"Article","@id":"https:\/\/www.altominho.tv\/site\/2026\/02\/23\/palco-das-artes-recebe-recital-de-piano-de-antonio-oliveira\/#article","isPartOf":{"@id":"https:\/\/www.altominho.tv\/site\/2026\/02\/23\/palco-das-artes-recebe-recital-de-piano-de-antonio-oliveira\/"},"author":{"name":"Eduarda Cardoso","@id":"https:\/\/www.altominho.tv\/site\/#\/schema\/person\/9e351387b727413d005ccf1152c93539"},"headline":"Palco das Artes recebe recital de piano de Ant\u00f3nio Oliveira","datePublished":"2026-02-23T17:46:16+00:00","dateModified":"2026-02-23T17:46:19+00:00","mainEntityOfPage":{"@id":"https:\/\/www.altominho.tv\/site\/2026\/02\/23\/palco-das-artes-recebe-recital-de-piano-de-antonio-oliveira\/"},"wordCount":231,"image":{"@id":"https:\/\/www.altominho.tv\/site\/2026\/02\/23\/palco-das-artes-recebe-recital-de-piano-de-antonio-oliveira\/#primaryimage"},"thumbnailUrl":"https:\/\/www.altominho.tv\/site\/wp-content\/uploads\/2026\/02\/Antonio-Oliveira-.jpg","keywords":["Cultura"],"articleSection":["Vila Nova de Cerveira"],"inLanguage":"pt-PT","copyrightYear":"2026","copyrightHolder":{"@id":"https:\/\/www.altominho.tv\/site\/#organization"}},{"@type":"WebPage","@id":"https:\/\/www.altominho.tv\/site\/2026\/02\/23\/palco-das-artes-recebe-recital-de-piano-de-antonio-oliveira\/","url":"https:\/\/www.altominho.tv\/site\/2026\/02\/23\/palco-das-artes-recebe-recital-de-piano-de-antonio-oliveira\/","name":"Palco das Artes recebe recital de piano de Ant\u00f3nio Oliveira","isPartOf":{"@id":"https:\/\/www.altominho.tv\/site\/#website"},"primaryImageOfPage":{"@id":"https:\/\/www.altominho.tv\/site\/2026\/02\/23\/palco-das-artes-recebe-recital-de-piano-de-antonio-oliveira\/#primaryimage"},"image":{"@id":"https:\/\/www.altominho.tv\/site\/2026\/02\/23\/palco-das-artes-recebe-recital-de-piano-de-antonio-oliveira\/#primaryimage"},"thumbnailUrl":"https:\/\/www.altominho.tv\/site\/wp-content\/uploads\/2026\/02\/Antonio-Oliveira-.jpg","datePublished":"2026-02-23T17:46:16+00:00","dateModified":"2026-02-23T17:46:19+00:00","author":{"@id":"https:\/\/www.altominho.tv\/site\/#\/schema\/person\/9e351387b727413d005ccf1152c93539"},"description":"Reconhecido pelas estreias mundiais e pelos programas de concerto excecionais, o conceituado pianista Ant\u00f3nio Oliveira apresenta-se com entusiasmo e ousadia, explorando tempos r\u00e1pidos e din\u00e2micas marcantes","breadcrumb":{"@id":"https:\/\/www.altominho.tv\/site\/2026\/02\/23\/palco-das-artes-recebe-recital-de-piano-de-antonio-oliveira\/#breadcrumb"},"inLanguage":"pt-PT","potentialAction":[{"@type":"ReadAction","target":["https:\/\/www.altominho.tv\/site\/2026\/02\/23\/palco-das-artes-recebe-recital-de-piano-de-antonio-oliveira\/"]}]},{"@type":"ImageObject","inLanguage":"pt-PT","@id":"https:\/\/www.altominho.tv\/site\/2026\/02\/23\/palco-das-artes-recebe-recital-de-piano-de-antonio-oliveira\/#primaryimage","url":"https:\/\/www.altominho.tv\/site\/wp-content\/uploads\/2026\/02\/Antonio-Oliveira-.jpg","contentUrl":"https:\/\/www.altominho.tv\/site\/wp-content\/uploads\/2026\/02\/Antonio-Oliveira-.jpg","width":1200,"height":630},{"@type":"BreadcrumbList","@id":"https:\/\/www.altominho.tv\/site\/2026\/02\/23\/palco-das-artes-recebe-recital-de-piano-de-antonio-oliveira\/#breadcrumb","itemListElement":[{"@type":"ListItem","position":1,"name":"In\u00edcio","item":"https:\/\/www.altominho.tv\/site\/"},{"@type":"ListItem","position":2,"name":"Palco das Artes recebe recital de piano de Ant\u00f3nio Oliveira"}]},{"@type":"WebSite","@id":"https:\/\/www.altominho.tv\/site\/#website","url":"https:\/\/www.altominho.tv\/site\/","name":"Altominho.tv","description":"A sua regi\u00e3o \u00e0 dist\u00e2ncia de um clique...","potentialAction":[{"@type":"SearchAction","target":{"@type":"EntryPoint","urlTemplate":"https:\/\/www.altominho.tv\/site\/?s={search_term_string}"},"query-input":{"@type":"PropertyValueSpecification","valueRequired":true,"valueName":"search_term_string"}}],"inLanguage":"pt-PT"},{"@type":"Person","@id":"https:\/\/www.altominho.tv\/site\/#\/schema\/person\/9e351387b727413d005ccf1152c93539","name":"Eduarda Cardoso","image":{"@type":"ImageObject","inLanguage":"pt-PT","@id":"https:\/\/www.altominho.tv\/site\/wp-content\/uploads\/2021\/01\/cropped-Logo-ATV_WEB-150x150.png","url":"https:\/\/www.altominho.tv\/site\/wp-content\/uploads\/2021\/01\/cropped-Logo-ATV_WEB-150x150.png","contentUrl":"https:\/\/www.altominho.tv\/site\/wp-content\/uploads\/2021\/01\/cropped-Logo-ATV_WEB-150x150.png","caption":"Eduarda Cardoso"},"url":"https:\/\/www.altominho.tv\/site\/author\/eduarda-cardoso\/"}]}},"_links":{"self":[{"href":"https:\/\/www.altominho.tv\/site\/wp-json\/wp\/v2\/posts\/128927","targetHints":{"allow":["GET"]}}],"collection":[{"href":"https:\/\/www.altominho.tv\/site\/wp-json\/wp\/v2\/posts"}],"about":[{"href":"https:\/\/www.altominho.tv\/site\/wp-json\/wp\/v2\/types\/post"}],"author":[{"embeddable":true,"href":"https:\/\/www.altominho.tv\/site\/wp-json\/wp\/v2\/users\/30"}],"replies":[{"embeddable":true,"href":"https:\/\/www.altominho.tv\/site\/wp-json\/wp\/v2\/comments?post=128927"}],"version-history":[{"count":1,"href":"https:\/\/www.altominho.tv\/site\/wp-json\/wp\/v2\/posts\/128927\/revisions"}],"predecessor-version":[{"id":128929,"href":"https:\/\/www.altominho.tv\/site\/wp-json\/wp\/v2\/posts\/128927\/revisions\/128929"}],"wp:featuredmedia":[{"embeddable":true,"href":"https:\/\/www.altominho.tv\/site\/wp-json\/wp\/v2\/media\/128928"}],"wp:attachment":[{"href":"https:\/\/www.altominho.tv\/site\/wp-json\/wp\/v2\/media?parent=128927"}],"wp:term":[{"taxonomy":"category","embeddable":true,"href":"https:\/\/www.altominho.tv\/site\/wp-json\/wp\/v2\/categories?post=128927"},{"taxonomy":"post_tag","embeddable":true,"href":"https:\/\/www.altominho.tv\/site\/wp-json\/wp\/v2\/tags?post=128927"}],"curies":[{"name":"wp","href":"https:\/\/api.w.org\/{rel}","templated":true}]}}