{"id":128915,"date":"2026-02-23T13:49:54","date_gmt":"2026-02-23T13:49:54","guid":{"rendered":"https:\/\/www.altominho.tv\/site\/?p=128915"},"modified":"2026-02-23T14:31:07","modified_gmt":"2026-02-23T14:31:07","slug":"luis-nobre-garante-que-decisao-sobre-ponte-pedonal-e-ciclavel-sera-responsavel-e-coletiva","status":"publish","type":"post","link":"https:\/\/www.altominho.tv\/site\/2026\/02\/23\/luis-nobre-garante-que-decisao-sobre-ponte-pedonal-e-ciclavel-sera-responsavel-e-coletiva\/","title":{"rendered":"Lu\u00eds Nobre garante que decis\u00e3o sobre ponte pedonal e cicl\u00e1vel ser\u00e1 &#8220;respons\u00e1vel e coletiva&#8221;"},"content":{"rendered":"<p>O presidente da C\u00e2mara de Viana do Castelo disse hoje que a decis\u00e3o sobre a constru\u00e7\u00e3o da futura ponte pedonal e cicl\u00e1vel sobre o rio Lima vai ser \u201crespons\u00e1vel e coletiva\u201d.<\/p>\n<p>Em declara\u00e7\u00f5es \u00e0 ag\u00eancia Lusa, Lu\u00eds Nobre acrescentou que \u201co termo\u201d da ausculta\u00e7\u00e3o p\u00fablica \u201cser\u00e1 decidido, posteriormente\u201d.<\/p>\n<p>Na \u00faltima quinta-feira, a autarquia revelou que o projeto para a futura ponte pedonal e cicl\u00e1vel sobre o rio Lima, com um tra\u00e7ado em forma de \u201cS\u201d, venceu o concurso internacional de ideias, lan\u00e7ado em mar\u00e7o de 2022.<\/p>\n<p>Segundo a autarquia, inicialmente foram selecionados 11 concorrentes, tendo sido formalizadas oito propostas, entregues em anonimato.<\/p>\n<p>Daquelas oito, foram selecionadas quatro e, finalmente, foi escolhida a proposta vencedora da futura ponte pedonal e cicl\u00e1vel sobre o rio Lima, que ser\u00e1 constru\u00edda a jusante da Ponte Eiffel.<\/p>\n<p>Com a divulga\u00e7\u00e3o do projeto, as cr\u00edticas multiplicaram-se nas redes sociais, sobretudo por retirar visibilidade \u00e0 velha ponte met\u00e1lica.<\/p>\n<p>O autarca socialista desvalorizou a pol\u00e9mica e referiu que \u201ca avalia\u00e7\u00e3o positiva \u00e9 amplamente superior\u201d.<\/p>\n<p>\u201c\u00c9 p\u00fablica a minha inten\u00e7\u00e3o de condu\u00e7\u00e3o deste projeto de forma inovadora. Come\u00e7ou com um concurso de ideias. Nunca tinha acontecido uma iniciativa destas por parte da c\u00e2mara\u201d, afirmou.<\/p>\n<p>Lu\u00eds Nobre acrescentou que \u201co passo seguinte ser\u00e1 inovador com a realiza\u00e7\u00e3o de uma exposi\u00e7\u00e3o de todas as propostas\u201d.<\/p>\n<p>\u201cContinuaremos a envolver e a conduzir este processo\/projeto de forma participativa e transparente. Sei o que quero e n\u00e3o serei rebocado por ningu\u00e9m\u201d, garantiu.<\/p>\n<p>A concurso \u201csurgiram os grandes gabinetes de engenharia portugueses e estrangeiros, sendo que a escolha recaiu sobre uma proposta que prop\u00f5e uma diretriz em \u2018S\u2019, afastando-se, ao longo de uma grande parte do seu desenvolvimento, da Ponte Eiffel\u201d.<\/p>\n<p>O \u201ctra\u00e7ado em \u2018S\u2019 \u00e9 uma mais-valia da solu\u00e7\u00e3o, n\u00e3o s\u00f3 pelo afastamento \u00e0 ponte existente, como pelo efeito que provoca na circula\u00e7\u00e3o pedonal. Em causa est\u00e3o v\u00e3os com cerca de 60 metros e a superestrutura \u00e9 do tipo de uma ponte de tirantes multi-suspens\u00e3o, com um \u00fanico plano de tirantes e um \u00fanico tirante por v\u00e3o\u201d, refere a autarquia.<\/p>\n<p>Acrescenta que a \u201cponte sobre o rio Lima tem um desenvolvimento de 570 metros, em curva e em \u2018S\u2019, prologando-se para os acessos por rampas com 60 metros e 225 metros, respetivamente, no lado norte e sul, sendo que o comprimento total da ponte \u00e9 de cerca de 855 metros\u201d.<\/p>\n<p>Esta \u201cnova travessia pedonal e cicl\u00e1vel vem ao encontro da pol\u00edtica de sustentabilidade ambiental e de utiliza\u00e7\u00e3o dos chamados modos suaves para circula\u00e7\u00e3o e junta-se a outras a\u00e7\u00f5es do Munic\u00edpio, como a utiliza\u00e7\u00e3o de ve\u00edculos el\u00e9tricos para os transportes urbanos \u2013 TUViana, e ainda para a frota do munic\u00edpio, a que se juntam as ecovias e ciclovias que atravessam todo o concelho\u201d.<\/p>\n<p>A nova estrutura vai igualmente \u201caumentar a seguran\u00e7a rodovi\u00e1ria no tabuleiro da Ponte Eiffel, retirando pe\u00f5es e bicicletas, que passar\u00e3o a utilizar a nova via, e ir\u00e1 ainda fomentar o j\u00e1 muito concorrido movimento tur\u00edstico dos peregrinos do Caminho Portugu\u00eas da Costa\u201d.<\/p>\n<p>Com a nova travessia, a autarquia \u201cpretende refor\u00e7ar a mobilidade sustent\u00e1vel no concelho e dar continuidade \u00e0 rede de ciclovias e ecovias, que j\u00e1 conta com 45 quil\u00f3metros\u201d.<\/p>\n<p>Atualmente, a \u00fanica possibilidade de atravessamento do rio Lima na zona da cidade, pedonal ou com bicicletas, \u00e9 pela centen\u00e1ria Ponte Eiffel.<\/p>\n<p>A constru\u00e7\u00e3o da ponte pedonal e cicl\u00e1vel para ligar as duas margens do rio Lima \u00e9 uma das medidas do programa eleitoral apresentado pelo atual presidente da C\u00e2mara de Viana do Castelo \u00e0s elei\u00e7\u00f5es aut\u00e1rquicas de setembro de 2021.<\/p>\n<p><strong>Foto: C\u00e2mara Municipal de Viana do Castelo<\/strong><\/p>\n","protected":false},"excerpt":{"rendered":"<p>O presidente da C\u00e2mara de Viana do Castelo disse hoje que a decis\u00e3o sobre a constru\u00e7\u00e3o da futura ponte pedonal e cicl\u00e1vel sobre o rio Lima vai ser \u201crespons\u00e1vel e coletiva\u201d. Em declara\u00e7\u00f5es \u00e0 ag\u00eancia Lusa, Lu\u00eds Nobre acrescentou que \u201co termo\u201d da ausculta\u00e7\u00e3o p\u00fablica \u201cser\u00e1 decidido, posteriormente\u201d. Na \u00faltima quinta-feira, a autarquia revelou que [&hellip;]<\/p>\n","protected":false},"author":13,"featured_media":128916,"comment_status":"closed","ping_status":"closed","sticky":false,"template":"","format":"standard","meta":{"_exactmetrics_skip_tracking":false,"footnotes":""},"categories":[14],"tags":[27],"class_list":["post-128915","post","type-post","status-publish","format-standard","has-post-thumbnail","hentry","category-viana-do-castelo","tag-sociedade"],"yoast_head":"<!-- This site is optimized with the Yoast SEO Premium plugin v28.3 (Yoast SEO v28.3) - https:\/\/yoast.com\/product\/yoast-seo-premium-wordpress\/ -->\n<title>Lu\u00eds Nobre garante que decis\u00e3o sobre ponte pedonal e cicl\u00e1vel ser\u00e1 &quot;respons\u00e1vel e coletiva&quot;<\/title>\n<meta name=\"description\" content=\"O presidente da C\u00e2mara de Viana do Castelo disse hoje que a decis\u00e3o sobre a constru\u00e7\u00e3o da futura ponte pedonal e cicl\u00e1vel sobre o rio Lima vai ser \u201crespons\u00e1vel e coletiva\u201d.\" \/>\n<meta name=\"robots\" content=\"index, follow, max-snippet:-1, max-image-preview:large, max-video-preview:-1\" \/>\n<link rel=\"canonical\" href=\"https:\/\/www.altominho.tv\/site\/2026\/02\/23\/luis-nobre-garante-que-decisao-sobre-ponte-pedonal-e-ciclavel-sera-responsavel-e-coletiva\/\" \/>\n<meta property=\"og:locale\" content=\"pt_PT\" \/>\n<meta property=\"og:type\" content=\"article\" \/>\n<meta property=\"og:title\" content=\"Lu\u00eds Nobre garante que decis\u00e3o sobre ponte pedonal e cicl\u00e1vel ser\u00e1 &quot;respons\u00e1vel e coletiva&quot;\" \/>\n<meta property=\"og:description\" content=\"O presidente da C\u00e2mara de Viana do Castelo disse hoje que a decis\u00e3o sobre a constru\u00e7\u00e3o da futura ponte pedonal e cicl\u00e1vel sobre o rio Lima vai ser \u201crespons\u00e1vel e coletiva\u201d.\" \/>\n<meta property=\"og:url\" content=\"https:\/\/www.altominho.tv\/site\/2026\/02\/23\/luis-nobre-garante-que-decisao-sobre-ponte-pedonal-e-ciclavel-sera-responsavel-e-coletiva\/\" \/>\n<meta property=\"og:site_name\" content=\"Altominho.tv\" \/>\n<meta property=\"article:publisher\" content=\"https:\/\/www.facebook.com\/altominhotv\" \/>\n<meta property=\"article:published_time\" content=\"2026-02-23T13:49:54+00:00\" \/>\n<meta property=\"article:modified_time\" content=\"2026-02-23T14:31:07+00:00\" \/>\n<meta property=\"og:image\" content=\"https:\/\/www.altominho.tv\/site\/wp-content\/uploads\/2026\/02\/ponte-pedonal-viana.png\" \/>\n\t<meta property=\"og:image:width\" content=\"1200\" \/>\n\t<meta property=\"og:image:height\" content=\"630\" \/>\n\t<meta property=\"og:image:type\" content=\"image\/png\" \/>\n<meta name=\"author\" content=\"Lusa\" \/>\n<meta name=\"twitter:card\" content=\"summary_large_image\" \/>\n<meta name=\"twitter:creator\" content=\"@altominhoTV\" \/>\n<meta name=\"twitter:site\" content=\"@altominhoTV\" \/>\n<meta name=\"twitter:label1\" content=\"Escrito por\" \/>\n\t<meta name=\"twitter:data1\" content=\"Lusa\" \/>\n\t<meta name=\"twitter:label2\" content=\"Tempo estimado de leitura\" \/>\n\t<meta name=\"twitter:data2\" content=\"4 minutos\" \/>\n<script type=\"application\/ld+json\" class=\"yoast-schema-graph\">{\"@context\":\"https:\\\/\\\/schema.org\",\"@graph\":[{\"@type\":\"Article\",\"@id\":\"https:\\\/\\\/www.altominho.tv\\\/site\\\/2026\\\/02\\\/23\\\/luis-nobre-garante-que-decisao-sobre-ponte-pedonal-e-ciclavel-sera-responsavel-e-coletiva\\\/#article\",\"isPartOf\":{\"@id\":\"https:\\\/\\\/www.altominho.tv\\\/site\\\/2026\\\/02\\\/23\\\/luis-nobre-garante-que-decisao-sobre-ponte-pedonal-e-ciclavel-sera-responsavel-e-coletiva\\\/\"},\"author\":{\"name\":\"Lusa\",\"@id\":\"https:\\\/\\\/www.altominho.tv\\\/site\\\/#\\\/schema\\\/person\\\/63f693da3e1899361cbe955c46f3232e\"},\"headline\":\"Lu\u00eds Nobre garante que decis\u00e3o sobre ponte pedonal e cicl\u00e1vel ser\u00e1 &#8220;respons\u00e1vel e coletiva&#8221;\",\"datePublished\":\"2026-02-23T13:49:54+00:00\",\"dateModified\":\"2026-02-23T14:31:07+00:00\",\"mainEntityOfPage\":{\"@id\":\"https:\\\/\\\/www.altominho.tv\\\/site\\\/2026\\\/02\\\/23\\\/luis-nobre-garante-que-decisao-sobre-ponte-pedonal-e-ciclavel-sera-responsavel-e-coletiva\\\/\"},\"wordCount\":650,\"image\":{\"@id\":\"https:\\\/\\\/www.altominho.tv\\\/site\\\/2026\\\/02\\\/23\\\/luis-nobre-garante-que-decisao-sobre-ponte-pedonal-e-ciclavel-sera-responsavel-e-coletiva\\\/#primaryimage\"},\"thumbnailUrl\":\"https:\\\/\\\/www.altominho.tv\\\/site\\\/wp-content\\\/uploads\\\/2026\\\/02\\\/ponte-pedonal-viana.png\",\"keywords\":[\"Sociedade\"],\"articleSection\":[\"Viana do Castelo\"],\"inLanguage\":\"pt-PT\",\"copyrightYear\":\"2026\",\"copyrightHolder\":{\"@id\":\"https:\\\/\\\/www.altominho.tv\\\/site\\\/#organization\"}},{\"@type\":\"WebPage\",\"@id\":\"https:\\\/\\\/www.altominho.tv\\\/site\\\/2026\\\/02\\\/23\\\/luis-nobre-garante-que-decisao-sobre-ponte-pedonal-e-ciclavel-sera-responsavel-e-coletiva\\\/\",\"url\":\"https:\\\/\\\/www.altominho.tv\\\/site\\\/2026\\\/02\\\/23\\\/luis-nobre-garante-que-decisao-sobre-ponte-pedonal-e-ciclavel-sera-responsavel-e-coletiva\\\/\",\"name\":\"Lu\u00eds Nobre garante que decis\u00e3o sobre ponte pedonal e cicl\u00e1vel ser\u00e1 \\\"respons\u00e1vel e coletiva\\\"\",\"isPartOf\":{\"@id\":\"https:\\\/\\\/www.altominho.tv\\\/site\\\/#website\"},\"primaryImageOfPage\":{\"@id\":\"https:\\\/\\\/www.altominho.tv\\\/site\\\/2026\\\/02\\\/23\\\/luis-nobre-garante-que-decisao-sobre-ponte-pedonal-e-ciclavel-sera-responsavel-e-coletiva\\\/#primaryimage\"},\"image\":{\"@id\":\"https:\\\/\\\/www.altominho.tv\\\/site\\\/2026\\\/02\\\/23\\\/luis-nobre-garante-que-decisao-sobre-ponte-pedonal-e-ciclavel-sera-responsavel-e-coletiva\\\/#primaryimage\"},\"thumbnailUrl\":\"https:\\\/\\\/www.altominho.tv\\\/site\\\/wp-content\\\/uploads\\\/2026\\\/02\\\/ponte-pedonal-viana.png\",\"datePublished\":\"2026-02-23T13:49:54+00:00\",\"dateModified\":\"2026-02-23T14:31:07+00:00\",\"author\":{\"@id\":\"https:\\\/\\\/www.altominho.tv\\\/site\\\/#\\\/schema\\\/person\\\/63f693da3e1899361cbe955c46f3232e\"},\"description\":\"O presidente da C\u00e2mara de Viana do Castelo disse hoje que a decis\u00e3o sobre a constru\u00e7\u00e3o da futura ponte pedonal e cicl\u00e1vel sobre o rio Lima vai ser \u201crespons\u00e1vel e coletiva\u201d.\",\"breadcrumb\":{\"@id\":\"https:\\\/\\\/www.altominho.tv\\\/site\\\/2026\\\/02\\\/23\\\/luis-nobre-garante-que-decisao-sobre-ponte-pedonal-e-ciclavel-sera-responsavel-e-coletiva\\\/#breadcrumb\"},\"inLanguage\":\"pt-PT\",\"potentialAction\":[{\"@type\":\"ReadAction\",\"target\":[\"https:\\\/\\\/www.altominho.tv\\\/site\\\/2026\\\/02\\\/23\\\/luis-nobre-garante-que-decisao-sobre-ponte-pedonal-e-ciclavel-sera-responsavel-e-coletiva\\\/\"]}]},{\"@type\":\"ImageObject\",\"inLanguage\":\"pt-PT\",\"@id\":\"https:\\\/\\\/www.altominho.tv\\\/site\\\/2026\\\/02\\\/23\\\/luis-nobre-garante-que-decisao-sobre-ponte-pedonal-e-ciclavel-sera-responsavel-e-coletiva\\\/#primaryimage\",\"url\":\"https:\\\/\\\/www.altominho.tv\\\/site\\\/wp-content\\\/uploads\\\/2026\\\/02\\\/ponte-pedonal-viana.png\",\"contentUrl\":\"https:\\\/\\\/www.altominho.tv\\\/site\\\/wp-content\\\/uploads\\\/2026\\\/02\\\/ponte-pedonal-viana.png\",\"width\":1200,\"height\":630},{\"@type\":\"BreadcrumbList\",\"@id\":\"https:\\\/\\\/www.altominho.tv\\\/site\\\/2026\\\/02\\\/23\\\/luis-nobre-garante-que-decisao-sobre-ponte-pedonal-e-ciclavel-sera-responsavel-e-coletiva\\\/#breadcrumb\",\"itemListElement\":[{\"@type\":\"ListItem\",\"position\":1,\"name\":\"In\u00edcio\",\"item\":\"https:\\\/\\\/www.altominho.tv\\\/site\\\/\"},{\"@type\":\"ListItem\",\"position\":2,\"name\":\"Lu\u00eds Nobre garante que decis\u00e3o sobre ponte pedonal e cicl\u00e1vel ser\u00e1 &#8220;respons\u00e1vel e coletiva&#8221;\"}]},{\"@type\":\"WebSite\",\"@id\":\"https:\\\/\\\/www.altominho.tv\\\/site\\\/#website\",\"url\":\"https:\\\/\\\/www.altominho.tv\\\/site\\\/\",\"name\":\"Altominho.tv\",\"description\":\"A sua regi\u00e3o \u00e0 dist\u00e2ncia de um clique...\",\"potentialAction\":[{\"@type\":\"SearchAction\",\"target\":{\"@type\":\"EntryPoint\",\"urlTemplate\":\"https:\\\/\\\/www.altominho.tv\\\/site\\\/?s={search_term_string}\"},\"query-input\":{\"@type\":\"PropertyValueSpecification\",\"valueRequired\":true,\"valueName\":\"search_term_string\"}}],\"inLanguage\":\"pt-PT\"},{\"@type\":\"Person\",\"@id\":\"https:\\\/\\\/www.altominho.tv\\\/site\\\/#\\\/schema\\\/person\\\/63f693da3e1899361cbe955c46f3232e\",\"name\":\"Lusa\",\"image\":{\"@type\":\"ImageObject\",\"inLanguage\":\"pt-PT\",\"@id\":\"https:\\\/\\\/www.altominho.tv\\\/site\\\/wp-content\\\/uploads\\\/2019\\\/08\\\/LUSA_Logo.gif\",\"url\":\"https:\\\/\\\/www.altominho.tv\\\/site\\\/wp-content\\\/uploads\\\/2019\\\/08\\\/LUSA_Logo.gif\",\"contentUrl\":\"https:\\\/\\\/www.altominho.tv\\\/site\\\/wp-content\\\/uploads\\\/2019\\\/08\\\/LUSA_Logo.gif\",\"caption\":\"Lusa\"},\"sameAs\":[\"http:\\\/\\\/\\\/\\\/www.altominho.tv\\\/site\"],\"url\":\"https:\\\/\\\/www.altominho.tv\\\/site\\\/author\\\/lusa\\\/\"}]}<\/script>\n<!-- \/ Yoast SEO Premium plugin. -->","yoast_head_json":{"title":"Lu\u00eds Nobre garante que decis\u00e3o sobre ponte pedonal e cicl\u00e1vel ser\u00e1 \"respons\u00e1vel e coletiva\"","description":"O presidente da C\u00e2mara de Viana do Castelo disse hoje que a decis\u00e3o sobre a constru\u00e7\u00e3o da futura ponte pedonal e cicl\u00e1vel sobre o rio Lima vai ser \u201crespons\u00e1vel e coletiva\u201d.","robots":{"index":"index","follow":"follow","max-snippet":"max-snippet:-1","max-image-preview":"max-image-preview:large","max-video-preview":"max-video-preview:-1"},"canonical":"https:\/\/www.altominho.tv\/site\/2026\/02\/23\/luis-nobre-garante-que-decisao-sobre-ponte-pedonal-e-ciclavel-sera-responsavel-e-coletiva\/","og_locale":"pt_PT","og_type":"article","og_title":"Lu\u00eds Nobre garante que decis\u00e3o sobre ponte pedonal e cicl\u00e1vel ser\u00e1 \"respons\u00e1vel e coletiva\"","og_description":"O presidente da C\u00e2mara de Viana do Castelo disse hoje que a decis\u00e3o sobre a constru\u00e7\u00e3o da futura ponte pedonal e cicl\u00e1vel sobre o rio Lima vai ser \u201crespons\u00e1vel e coletiva\u201d.","og_url":"https:\/\/www.altominho.tv\/site\/2026\/02\/23\/luis-nobre-garante-que-decisao-sobre-ponte-pedonal-e-ciclavel-sera-responsavel-e-coletiva\/","og_site_name":"Altominho.tv","article_publisher":"https:\/\/www.facebook.com\/altominhotv","article_published_time":"2026-02-23T13:49:54+00:00","article_modified_time":"2026-02-23T14:31:07+00:00","og_image":[{"width":1200,"height":630,"url":"https:\/\/www.altominho.tv\/site\/wp-content\/uploads\/2026\/02\/ponte-pedonal-viana.png","type":"image\/png"}],"author":"Lusa","twitter_card":"summary_large_image","twitter_creator":"@altominhoTV","twitter_site":"@altominhoTV","twitter_misc":{"Escrito por":"Lusa","Tempo estimado de leitura":"4 minutos"},"schema":{"@context":"https:\/\/schema.org","@graph":[{"@type":"Article","@id":"https:\/\/www.altominho.tv\/site\/2026\/02\/23\/luis-nobre-garante-que-decisao-sobre-ponte-pedonal-e-ciclavel-sera-responsavel-e-coletiva\/#article","isPartOf":{"@id":"https:\/\/www.altominho.tv\/site\/2026\/02\/23\/luis-nobre-garante-que-decisao-sobre-ponte-pedonal-e-ciclavel-sera-responsavel-e-coletiva\/"},"author":{"name":"Lusa","@id":"https:\/\/www.altominho.tv\/site\/#\/schema\/person\/63f693da3e1899361cbe955c46f3232e"},"headline":"Lu\u00eds Nobre garante que decis\u00e3o sobre ponte pedonal e cicl\u00e1vel ser\u00e1 &#8220;respons\u00e1vel e coletiva&#8221;","datePublished":"2026-02-23T13:49:54+00:00","dateModified":"2026-02-23T14:31:07+00:00","mainEntityOfPage":{"@id":"https:\/\/www.altominho.tv\/site\/2026\/02\/23\/luis-nobre-garante-que-decisao-sobre-ponte-pedonal-e-ciclavel-sera-responsavel-e-coletiva\/"},"wordCount":650,"image":{"@id":"https:\/\/www.altominho.tv\/site\/2026\/02\/23\/luis-nobre-garante-que-decisao-sobre-ponte-pedonal-e-ciclavel-sera-responsavel-e-coletiva\/#primaryimage"},"thumbnailUrl":"https:\/\/www.altominho.tv\/site\/wp-content\/uploads\/2026\/02\/ponte-pedonal-viana.png","keywords":["Sociedade"],"articleSection":["Viana do Castelo"],"inLanguage":"pt-PT","copyrightYear":"2026","copyrightHolder":{"@id":"https:\/\/www.altominho.tv\/site\/#organization"}},{"@type":"WebPage","@id":"https:\/\/www.altominho.tv\/site\/2026\/02\/23\/luis-nobre-garante-que-decisao-sobre-ponte-pedonal-e-ciclavel-sera-responsavel-e-coletiva\/","url":"https:\/\/www.altominho.tv\/site\/2026\/02\/23\/luis-nobre-garante-que-decisao-sobre-ponte-pedonal-e-ciclavel-sera-responsavel-e-coletiva\/","name":"Lu\u00eds Nobre garante que decis\u00e3o sobre ponte pedonal e cicl\u00e1vel ser\u00e1 \"respons\u00e1vel e coletiva\"","isPartOf":{"@id":"https:\/\/www.altominho.tv\/site\/#website"},"primaryImageOfPage":{"@id":"https:\/\/www.altominho.tv\/site\/2026\/02\/23\/luis-nobre-garante-que-decisao-sobre-ponte-pedonal-e-ciclavel-sera-responsavel-e-coletiva\/#primaryimage"},"image":{"@id":"https:\/\/www.altominho.tv\/site\/2026\/02\/23\/luis-nobre-garante-que-decisao-sobre-ponte-pedonal-e-ciclavel-sera-responsavel-e-coletiva\/#primaryimage"},"thumbnailUrl":"https:\/\/www.altominho.tv\/site\/wp-content\/uploads\/2026\/02\/ponte-pedonal-viana.png","datePublished":"2026-02-23T13:49:54+00:00","dateModified":"2026-02-23T14:31:07+00:00","author":{"@id":"https:\/\/www.altominho.tv\/site\/#\/schema\/person\/63f693da3e1899361cbe955c46f3232e"},"description":"O presidente da C\u00e2mara de Viana do Castelo disse hoje que a decis\u00e3o sobre a constru\u00e7\u00e3o da futura ponte pedonal e cicl\u00e1vel sobre o rio Lima vai ser \u201crespons\u00e1vel e coletiva\u201d.","breadcrumb":{"@id":"https:\/\/www.altominho.tv\/site\/2026\/02\/23\/luis-nobre-garante-que-decisao-sobre-ponte-pedonal-e-ciclavel-sera-responsavel-e-coletiva\/#breadcrumb"},"inLanguage":"pt-PT","potentialAction":[{"@type":"ReadAction","target":["https:\/\/www.altominho.tv\/site\/2026\/02\/23\/luis-nobre-garante-que-decisao-sobre-ponte-pedonal-e-ciclavel-sera-responsavel-e-coletiva\/"]}]},{"@type":"ImageObject","inLanguage":"pt-PT","@id":"https:\/\/www.altominho.tv\/site\/2026\/02\/23\/luis-nobre-garante-que-decisao-sobre-ponte-pedonal-e-ciclavel-sera-responsavel-e-coletiva\/#primaryimage","url":"https:\/\/www.altominho.tv\/site\/wp-content\/uploads\/2026\/02\/ponte-pedonal-viana.png","contentUrl":"https:\/\/www.altominho.tv\/site\/wp-content\/uploads\/2026\/02\/ponte-pedonal-viana.png","width":1200,"height":630},{"@type":"BreadcrumbList","@id":"https:\/\/www.altominho.tv\/site\/2026\/02\/23\/luis-nobre-garante-que-decisao-sobre-ponte-pedonal-e-ciclavel-sera-responsavel-e-coletiva\/#breadcrumb","itemListElement":[{"@type":"ListItem","position":1,"name":"In\u00edcio","item":"https:\/\/www.altominho.tv\/site\/"},{"@type":"ListItem","position":2,"name":"Lu\u00eds Nobre garante que decis\u00e3o sobre ponte pedonal e cicl\u00e1vel ser\u00e1 &#8220;respons\u00e1vel e coletiva&#8221;"}]},{"@type":"WebSite","@id":"https:\/\/www.altominho.tv\/site\/#website","url":"https:\/\/www.altominho.tv\/site\/","name":"Altominho.tv","description":"A sua regi\u00e3o \u00e0 dist\u00e2ncia de um clique...","potentialAction":[{"@type":"SearchAction","target":{"@type":"EntryPoint","urlTemplate":"https:\/\/www.altominho.tv\/site\/?s={search_term_string}"},"query-input":{"@type":"PropertyValueSpecification","valueRequired":true,"valueName":"search_term_string"}}],"inLanguage":"pt-PT"},{"@type":"Person","@id":"https:\/\/www.altominho.tv\/site\/#\/schema\/person\/63f693da3e1899361cbe955c46f3232e","name":"Lusa","image":{"@type":"ImageObject","inLanguage":"pt-PT","@id":"https:\/\/www.altominho.tv\/site\/wp-content\/uploads\/2019\/08\/LUSA_Logo.gif","url":"https:\/\/www.altominho.tv\/site\/wp-content\/uploads\/2019\/08\/LUSA_Logo.gif","contentUrl":"https:\/\/www.altominho.tv\/site\/wp-content\/uploads\/2019\/08\/LUSA_Logo.gif","caption":"Lusa"},"sameAs":["http:\/\/\/\/www.altominho.tv\/site"],"url":"https:\/\/www.altominho.tv\/site\/author\/lusa\/"}]}},"_links":{"self":[{"href":"https:\/\/www.altominho.tv\/site\/wp-json\/wp\/v2\/posts\/128915","targetHints":{"allow":["GET"]}}],"collection":[{"href":"https:\/\/www.altominho.tv\/site\/wp-json\/wp\/v2\/posts"}],"about":[{"href":"https:\/\/www.altominho.tv\/site\/wp-json\/wp\/v2\/types\/post"}],"author":[{"embeddable":true,"href":"https:\/\/www.altominho.tv\/site\/wp-json\/wp\/v2\/users\/13"}],"replies":[{"embeddable":true,"href":"https:\/\/www.altominho.tv\/site\/wp-json\/wp\/v2\/comments?post=128915"}],"version-history":[{"count":1,"href":"https:\/\/www.altominho.tv\/site\/wp-json\/wp\/v2\/posts\/128915\/revisions"}],"predecessor-version":[{"id":128917,"href":"https:\/\/www.altominho.tv\/site\/wp-json\/wp\/v2\/posts\/128915\/revisions\/128917"}],"wp:featuredmedia":[{"embeddable":true,"href":"https:\/\/www.altominho.tv\/site\/wp-json\/wp\/v2\/media\/128916"}],"wp:attachment":[{"href":"https:\/\/www.altominho.tv\/site\/wp-json\/wp\/v2\/media?parent=128915"}],"wp:term":[{"taxonomy":"category","embeddable":true,"href":"https:\/\/www.altominho.tv\/site\/wp-json\/wp\/v2\/categories?post=128915"},{"taxonomy":"post_tag","embeddable":true,"href":"https:\/\/www.altominho.tv\/site\/wp-json\/wp\/v2\/tags?post=128915"}],"curies":[{"name":"wp","href":"https:\/\/api.w.org\/{rel}","templated":true}]}}