{"id":128886,"date":"2026-02-23T09:33:06","date_gmt":"2026-02-23T09:33:06","guid":{"rendered":"https:\/\/www.altominho.tv\/site\/?p=128886"},"modified":"2026-02-23T09:33:09","modified_gmt":"2026-02-23T09:33:09","slug":"romaria-dagonia-regressa-de-15-a-23-de-agosto","status":"publish","type":"post","link":"https:\/\/www.altominho.tv\/site\/2026\/02\/23\/romaria-dagonia-regressa-de-15-a-23-de-agosto\/","title":{"rendered":"Romaria d\u2019Agonia regressa de 15 a 23 de agosto"},"content":{"rendered":"<p class=\"p1\">A Romaria d\u2019Agonia regressa a Viana do Castelo de 15 a 23 de agosto de 2026, com momentos que envolvem f\u00e9, tradi\u00e7\u00e3o e cultura. O evento combina m\u00fasica, desfiles, prociss\u00f5es, espet\u00e1culos pirot\u00e9cnicos e atividades que atraem milhares de visitantes \u00e0 cidade de Viana do Castelo.<\/p>\n<p class=\"p1\">O programa inicia-se com a Festa do Traje a 18 de agosto. J\u00e1 o emblem\u00e1tico Desfile da Mordomia, um dos momentos mais altos desta Romaria, realiza-se a 19 de agosto, onde centenas de mulheres desfilam orgulhosamente, espalhando a tradicional \u201cchieira\u201d pela cidade. Envergando os mais belos trajes das freguesias de Viana do Castelo e carregando quilos de ouro ao peito, com v\u00e1rias pe\u00e7as seculares de fam\u00edlia, as mordomas representam a maior montra de ouro ao ar livre do mundo.<\/p>\n<p class=\"p1\">A Prociss\u00e3o ao Mar realiza-se a 20 de agosto, no dia de Nossa Senhora d\u2019Agonia. Em prociss\u00e3o, os homens vestidos com as suas melhores camisas aos quadrados, como \u00e9 da tradi\u00e7\u00e3o do mar, carregam aos ombros os andores, cada um com cerca de 600 quilos, at\u00e9 ao cais, sempre ladeados pelas devotas mulheres.<\/p>\n<p class=\"p1\">No dia 21 de agosto realiza-se a Romaria dos Pequeninos e o tradicional Cortejo Hist\u00f3rico\/Etnogr\u00e1fico ter\u00e1 lugar no dia 22 de agosto. Este momento envolve milhares de figurantes que\u00a0atrav\u00e9s de uma centena de quadros e dezenas de carros aleg\u00f3ricos mostram o melhor de Viana do Castelo.<\/p>\n<p class=\"p1\">As Festas terminam com a Prociss\u00e3o Solene a 23 de agosto, o momento mais religioso que integra o programa da Romaria d\u2019Agonia.<\/p>\n<p class=\"p1\">At\u00e9 2 de mar\u00e7o est\u00e1 a decorrer o concurso para escolher a Mordoma do Cartaz da Romaria.<\/p>\n","protected":false},"excerpt":{"rendered":"<p>A Romaria d\u2019Agonia regressa a Viana do Castelo de 15 a 23 de agosto de 2026, com momentos que envolvem f\u00e9, tradi\u00e7\u00e3o e cultura. O evento combina m\u00fasica, desfiles, prociss\u00f5es, espet\u00e1culos pirot\u00e9cnicos e atividades que atraem milhares de visitantes \u00e0 cidade de Viana do Castelo. O programa inicia-se com a Festa do Traje a 18 [&hellip;]<\/p>\n","protected":false},"author":30,"featured_media":119903,"comment_status":"closed","ping_status":"closed","sticky":false,"template":"","format":"standard","meta":{"_exactmetrics_skip_tracking":false,"footnotes":""},"categories":[14],"tags":[19],"class_list":["post-128886","post","type-post","status-publish","format-standard","has-post-thumbnail","hentry","category-viana-do-castelo","tag-cultura"],"yoast_head":"<!-- This site is optimized with the Yoast SEO Premium plugin v28.3 (Yoast SEO v28.3) - https:\/\/yoast.com\/product\/yoast-seo-premium-wordpress\/ -->\n<title>Romaria d\u2019Agonia regressa de 15 a 23 de agosto<\/title>\n<meta name=\"description\" content=\"A Romaria d\u2019Agonia regressa a Viana do Castelo de 15 a 23 de agosto de 2026, com momentos que envolvem f\u00e9, tradi\u00e7\u00e3o e cultura. O evento combina m\u00fasica, desfiles, prociss\u00f5es, espet\u00e1culos pirot\u00e9cnicos e atividades que atraem milhares de visitantes \u00e0 cidade de Viana do Castelo.\" \/>\n<meta name=\"robots\" content=\"index, follow, max-snippet:-1, max-image-preview:large, max-video-preview:-1\" \/>\n<link rel=\"canonical\" href=\"https:\/\/www.altominho.tv\/site\/2026\/02\/23\/romaria-dagonia-regressa-de-15-a-23-de-agosto\/\" \/>\n<meta property=\"og:locale\" content=\"pt_PT\" \/>\n<meta property=\"og:type\" content=\"article\" \/>\n<meta property=\"og:title\" content=\"Romaria d\u2019Agonia regressa de 15 a 23 de agosto\" \/>\n<meta property=\"og:description\" content=\"A Romaria d\u2019Agonia regressa a Viana do Castelo de 15 a 23 de agosto de 2026, com momentos que envolvem f\u00e9, tradi\u00e7\u00e3o e cultura. O evento combina m\u00fasica, desfiles, prociss\u00f5es, espet\u00e1culos pirot\u00e9cnicos e atividades que atraem milhares de visitantes \u00e0 cidade de Viana do Castelo.\" \/>\n<meta property=\"og:url\" content=\"https:\/\/www.altominho.tv\/site\/2026\/02\/23\/romaria-dagonia-regressa-de-15-a-23-de-agosto\/\" \/>\n<meta property=\"og:site_name\" content=\"Altominho.tv\" \/>\n<meta property=\"article:publisher\" content=\"https:\/\/www.facebook.com\/altominhotv\" \/>\n<meta property=\"article:published_time\" content=\"2026-02-23T09:33:06+00:00\" \/>\n<meta property=\"article:modified_time\" content=\"2026-02-23T09:33:09+00:00\" \/>\n<meta property=\"og:image\" content=\"https:\/\/www.altominho.tv\/site\/wp-content\/uploads\/2025\/06\/desfile-da-mordomia.jpg\" \/>\n\t<meta property=\"og:image:width\" content=\"1200\" \/>\n\t<meta property=\"og:image:height\" content=\"630\" \/>\n\t<meta property=\"og:image:type\" content=\"image\/jpeg\" \/>\n<meta name=\"author\" content=\"Eduarda Cardoso\" \/>\n<meta name=\"twitter:card\" content=\"summary_large_image\" \/>\n<meta name=\"twitter:creator\" content=\"@altominhoTV\" \/>\n<meta name=\"twitter:site\" content=\"@altominhoTV\" \/>\n<meta name=\"twitter:label1\" content=\"Escrito por\" \/>\n\t<meta name=\"twitter:data1\" content=\"Eduarda Cardoso\" \/>\n\t<meta name=\"twitter:label2\" content=\"Tempo estimado de leitura\" \/>\n\t<meta name=\"twitter:data2\" content=\"2 minutos\" \/>\n<script type=\"application\/ld+json\" class=\"yoast-schema-graph\">{\"@context\":\"https:\\\/\\\/schema.org\",\"@graph\":[{\"@type\":\"Article\",\"@id\":\"https:\\\/\\\/www.altominho.tv\\\/site\\\/2026\\\/02\\\/23\\\/romaria-dagonia-regressa-de-15-a-23-de-agosto\\\/#article\",\"isPartOf\":{\"@id\":\"https:\\\/\\\/www.altominho.tv\\\/site\\\/2026\\\/02\\\/23\\\/romaria-dagonia-regressa-de-15-a-23-de-agosto\\\/\"},\"author\":{\"name\":\"Eduarda Cardoso\",\"@id\":\"https:\\\/\\\/www.altominho.tv\\\/site\\\/#\\\/schema\\\/person\\\/9e351387b727413d005ccf1152c93539\"},\"headline\":\"Romaria d\u2019Agonia regressa de 15 a 23 de agosto\",\"datePublished\":\"2026-02-23T09:33:06+00:00\",\"dateModified\":\"2026-02-23T09:33:09+00:00\",\"mainEntityOfPage\":{\"@id\":\"https:\\\/\\\/www.altominho.tv\\\/site\\\/2026\\\/02\\\/23\\\/romaria-dagonia-regressa-de-15-a-23-de-agosto\\\/\"},\"wordCount\":280,\"image\":{\"@id\":\"https:\\\/\\\/www.altominho.tv\\\/site\\\/2026\\\/02\\\/23\\\/romaria-dagonia-regressa-de-15-a-23-de-agosto\\\/#primaryimage\"},\"thumbnailUrl\":\"https:\\\/\\\/www.altominho.tv\\\/site\\\/wp-content\\\/uploads\\\/2025\\\/06\\\/desfile-da-mordomia.jpg\",\"keywords\":[\"Cultura\"],\"articleSection\":[\"Viana do Castelo\"],\"inLanguage\":\"pt-PT\",\"copyrightYear\":\"2026\",\"copyrightHolder\":{\"@id\":\"https:\\\/\\\/www.altominho.tv\\\/site\\\/#organization\"}},{\"@type\":\"WebPage\",\"@id\":\"https:\\\/\\\/www.altominho.tv\\\/site\\\/2026\\\/02\\\/23\\\/romaria-dagonia-regressa-de-15-a-23-de-agosto\\\/\",\"url\":\"https:\\\/\\\/www.altominho.tv\\\/site\\\/2026\\\/02\\\/23\\\/romaria-dagonia-regressa-de-15-a-23-de-agosto\\\/\",\"name\":\"Romaria d\u2019Agonia regressa de 15 a 23 de agosto\",\"isPartOf\":{\"@id\":\"https:\\\/\\\/www.altominho.tv\\\/site\\\/#website\"},\"primaryImageOfPage\":{\"@id\":\"https:\\\/\\\/www.altominho.tv\\\/site\\\/2026\\\/02\\\/23\\\/romaria-dagonia-regressa-de-15-a-23-de-agosto\\\/#primaryimage\"},\"image\":{\"@id\":\"https:\\\/\\\/www.altominho.tv\\\/site\\\/2026\\\/02\\\/23\\\/romaria-dagonia-regressa-de-15-a-23-de-agosto\\\/#primaryimage\"},\"thumbnailUrl\":\"https:\\\/\\\/www.altominho.tv\\\/site\\\/wp-content\\\/uploads\\\/2025\\\/06\\\/desfile-da-mordomia.jpg\",\"datePublished\":\"2026-02-23T09:33:06+00:00\",\"dateModified\":\"2026-02-23T09:33:09+00:00\",\"author\":{\"@id\":\"https:\\\/\\\/www.altominho.tv\\\/site\\\/#\\\/schema\\\/person\\\/9e351387b727413d005ccf1152c93539\"},\"description\":\"A Romaria d\u2019Agonia regressa a Viana do Castelo de 15 a 23 de agosto de 2026, com momentos que envolvem f\u00e9, tradi\u00e7\u00e3o e cultura. O evento combina m\u00fasica, desfiles, prociss\u00f5es, espet\u00e1culos pirot\u00e9cnicos e atividades que atraem milhares de visitantes \u00e0 cidade de Viana do Castelo.\",\"breadcrumb\":{\"@id\":\"https:\\\/\\\/www.altominho.tv\\\/site\\\/2026\\\/02\\\/23\\\/romaria-dagonia-regressa-de-15-a-23-de-agosto\\\/#breadcrumb\"},\"inLanguage\":\"pt-PT\",\"potentialAction\":[{\"@type\":\"ReadAction\",\"target\":[\"https:\\\/\\\/www.altominho.tv\\\/site\\\/2026\\\/02\\\/23\\\/romaria-dagonia-regressa-de-15-a-23-de-agosto\\\/\"]}]},{\"@type\":\"ImageObject\",\"inLanguage\":\"pt-PT\",\"@id\":\"https:\\\/\\\/www.altominho.tv\\\/site\\\/2026\\\/02\\\/23\\\/romaria-dagonia-regressa-de-15-a-23-de-agosto\\\/#primaryimage\",\"url\":\"https:\\\/\\\/www.altominho.tv\\\/site\\\/wp-content\\\/uploads\\\/2025\\\/06\\\/desfile-da-mordomia.jpg\",\"contentUrl\":\"https:\\\/\\\/www.altominho.tv\\\/site\\\/wp-content\\\/uploads\\\/2025\\\/06\\\/desfile-da-mordomia.jpg\",\"width\":1200,\"height\":630},{\"@type\":\"BreadcrumbList\",\"@id\":\"https:\\\/\\\/www.altominho.tv\\\/site\\\/2026\\\/02\\\/23\\\/romaria-dagonia-regressa-de-15-a-23-de-agosto\\\/#breadcrumb\",\"itemListElement\":[{\"@type\":\"ListItem\",\"position\":1,\"name\":\"In\u00edcio\",\"item\":\"https:\\\/\\\/www.altominho.tv\\\/site\\\/\"},{\"@type\":\"ListItem\",\"position\":2,\"name\":\"Romaria d\u2019Agonia regressa de 15 a 23 de agosto\"}]},{\"@type\":\"WebSite\",\"@id\":\"https:\\\/\\\/www.altominho.tv\\\/site\\\/#website\",\"url\":\"https:\\\/\\\/www.altominho.tv\\\/site\\\/\",\"name\":\"Altominho.tv\",\"description\":\"A sua regi\u00e3o \u00e0 dist\u00e2ncia de um clique...\",\"potentialAction\":[{\"@type\":\"SearchAction\",\"target\":{\"@type\":\"EntryPoint\",\"urlTemplate\":\"https:\\\/\\\/www.altominho.tv\\\/site\\\/?s={search_term_string}\"},\"query-input\":{\"@type\":\"PropertyValueSpecification\",\"valueRequired\":true,\"valueName\":\"search_term_string\"}}],\"inLanguage\":\"pt-PT\"},{\"@type\":\"Person\",\"@id\":\"https:\\\/\\\/www.altominho.tv\\\/site\\\/#\\\/schema\\\/person\\\/9e351387b727413d005ccf1152c93539\",\"name\":\"Eduarda Cardoso\",\"image\":{\"@type\":\"ImageObject\",\"inLanguage\":\"pt-PT\",\"@id\":\"https:\\\/\\\/www.altominho.tv\\\/site\\\/wp-content\\\/uploads\\\/2026\\\/07\\\/Eduarda-150x150.jpg\",\"url\":\"https:\\\/\\\/www.altominho.tv\\\/site\\\/wp-content\\\/uploads\\\/2026\\\/07\\\/Eduarda-150x150.jpg\",\"contentUrl\":\"https:\\\/\\\/www.altominho.tv\\\/site\\\/wp-content\\\/uploads\\\/2026\\\/07\\\/Eduarda-150x150.jpg\",\"caption\":\"Eduarda Cardoso\"},\"url\":\"https:\\\/\\\/www.altominho.tv\\\/site\\\/author\\\/eduarda-cardoso\\\/\"}]}<\/script>\n<!-- \/ Yoast SEO Premium plugin. -->","yoast_head_json":{"title":"Romaria d\u2019Agonia regressa de 15 a 23 de agosto","description":"A Romaria d\u2019Agonia regressa a Viana do Castelo de 15 a 23 de agosto de 2026, com momentos que envolvem f\u00e9, tradi\u00e7\u00e3o e cultura. O evento combina m\u00fasica, desfiles, prociss\u00f5es, espet\u00e1culos pirot\u00e9cnicos e atividades que atraem milhares de visitantes \u00e0 cidade de Viana do Castelo.","robots":{"index":"index","follow":"follow","max-snippet":"max-snippet:-1","max-image-preview":"max-image-preview:large","max-video-preview":"max-video-preview:-1"},"canonical":"https:\/\/www.altominho.tv\/site\/2026\/02\/23\/romaria-dagonia-regressa-de-15-a-23-de-agosto\/","og_locale":"pt_PT","og_type":"article","og_title":"Romaria d\u2019Agonia regressa de 15 a 23 de agosto","og_description":"A Romaria d\u2019Agonia regressa a Viana do Castelo de 15 a 23 de agosto de 2026, com momentos que envolvem f\u00e9, tradi\u00e7\u00e3o e cultura. O evento combina m\u00fasica, desfiles, prociss\u00f5es, espet\u00e1culos pirot\u00e9cnicos e atividades que atraem milhares de visitantes \u00e0 cidade de Viana do Castelo.","og_url":"https:\/\/www.altominho.tv\/site\/2026\/02\/23\/romaria-dagonia-regressa-de-15-a-23-de-agosto\/","og_site_name":"Altominho.tv","article_publisher":"https:\/\/www.facebook.com\/altominhotv","article_published_time":"2026-02-23T09:33:06+00:00","article_modified_time":"2026-02-23T09:33:09+00:00","og_image":[{"width":1200,"height":630,"url":"https:\/\/www.altominho.tv\/site\/wp-content\/uploads\/2025\/06\/desfile-da-mordomia.jpg","type":"image\/jpeg"}],"author":"Eduarda Cardoso","twitter_card":"summary_large_image","twitter_creator":"@altominhoTV","twitter_site":"@altominhoTV","twitter_misc":{"Escrito por":"Eduarda Cardoso","Tempo estimado de leitura":"2 minutos"},"schema":{"@context":"https:\/\/schema.org","@graph":[{"@type":"Article","@id":"https:\/\/www.altominho.tv\/site\/2026\/02\/23\/romaria-dagonia-regressa-de-15-a-23-de-agosto\/#article","isPartOf":{"@id":"https:\/\/www.altominho.tv\/site\/2026\/02\/23\/romaria-dagonia-regressa-de-15-a-23-de-agosto\/"},"author":{"name":"Eduarda Cardoso","@id":"https:\/\/www.altominho.tv\/site\/#\/schema\/person\/9e351387b727413d005ccf1152c93539"},"headline":"Romaria d\u2019Agonia regressa de 15 a 23 de agosto","datePublished":"2026-02-23T09:33:06+00:00","dateModified":"2026-02-23T09:33:09+00:00","mainEntityOfPage":{"@id":"https:\/\/www.altominho.tv\/site\/2026\/02\/23\/romaria-dagonia-regressa-de-15-a-23-de-agosto\/"},"wordCount":280,"image":{"@id":"https:\/\/www.altominho.tv\/site\/2026\/02\/23\/romaria-dagonia-regressa-de-15-a-23-de-agosto\/#primaryimage"},"thumbnailUrl":"https:\/\/www.altominho.tv\/site\/wp-content\/uploads\/2025\/06\/desfile-da-mordomia.jpg","keywords":["Cultura"],"articleSection":["Viana do Castelo"],"inLanguage":"pt-PT","copyrightYear":"2026","copyrightHolder":{"@id":"https:\/\/www.altominho.tv\/site\/#organization"}},{"@type":"WebPage","@id":"https:\/\/www.altominho.tv\/site\/2026\/02\/23\/romaria-dagonia-regressa-de-15-a-23-de-agosto\/","url":"https:\/\/www.altominho.tv\/site\/2026\/02\/23\/romaria-dagonia-regressa-de-15-a-23-de-agosto\/","name":"Romaria d\u2019Agonia regressa de 15 a 23 de agosto","isPartOf":{"@id":"https:\/\/www.altominho.tv\/site\/#website"},"primaryImageOfPage":{"@id":"https:\/\/www.altominho.tv\/site\/2026\/02\/23\/romaria-dagonia-regressa-de-15-a-23-de-agosto\/#primaryimage"},"image":{"@id":"https:\/\/www.altominho.tv\/site\/2026\/02\/23\/romaria-dagonia-regressa-de-15-a-23-de-agosto\/#primaryimage"},"thumbnailUrl":"https:\/\/www.altominho.tv\/site\/wp-content\/uploads\/2025\/06\/desfile-da-mordomia.jpg","datePublished":"2026-02-23T09:33:06+00:00","dateModified":"2026-02-23T09:33:09+00:00","author":{"@id":"https:\/\/www.altominho.tv\/site\/#\/schema\/person\/9e351387b727413d005ccf1152c93539"},"description":"A Romaria d\u2019Agonia regressa a Viana do Castelo de 15 a 23 de agosto de 2026, com momentos que envolvem f\u00e9, tradi\u00e7\u00e3o e cultura. O evento combina m\u00fasica, desfiles, prociss\u00f5es, espet\u00e1culos pirot\u00e9cnicos e atividades que atraem milhares de visitantes \u00e0 cidade de Viana do Castelo.","breadcrumb":{"@id":"https:\/\/www.altominho.tv\/site\/2026\/02\/23\/romaria-dagonia-regressa-de-15-a-23-de-agosto\/#breadcrumb"},"inLanguage":"pt-PT","potentialAction":[{"@type":"ReadAction","target":["https:\/\/www.altominho.tv\/site\/2026\/02\/23\/romaria-dagonia-regressa-de-15-a-23-de-agosto\/"]}]},{"@type":"ImageObject","inLanguage":"pt-PT","@id":"https:\/\/www.altominho.tv\/site\/2026\/02\/23\/romaria-dagonia-regressa-de-15-a-23-de-agosto\/#primaryimage","url":"https:\/\/www.altominho.tv\/site\/wp-content\/uploads\/2025\/06\/desfile-da-mordomia.jpg","contentUrl":"https:\/\/www.altominho.tv\/site\/wp-content\/uploads\/2025\/06\/desfile-da-mordomia.jpg","width":1200,"height":630},{"@type":"BreadcrumbList","@id":"https:\/\/www.altominho.tv\/site\/2026\/02\/23\/romaria-dagonia-regressa-de-15-a-23-de-agosto\/#breadcrumb","itemListElement":[{"@type":"ListItem","position":1,"name":"In\u00edcio","item":"https:\/\/www.altominho.tv\/site\/"},{"@type":"ListItem","position":2,"name":"Romaria d\u2019Agonia regressa de 15 a 23 de agosto"}]},{"@type":"WebSite","@id":"https:\/\/www.altominho.tv\/site\/#website","url":"https:\/\/www.altominho.tv\/site\/","name":"Altominho.tv","description":"A sua regi\u00e3o \u00e0 dist\u00e2ncia de um clique...","potentialAction":[{"@type":"SearchAction","target":{"@type":"EntryPoint","urlTemplate":"https:\/\/www.altominho.tv\/site\/?s={search_term_string}"},"query-input":{"@type":"PropertyValueSpecification","valueRequired":true,"valueName":"search_term_string"}}],"inLanguage":"pt-PT"},{"@type":"Person","@id":"https:\/\/www.altominho.tv\/site\/#\/schema\/person\/9e351387b727413d005ccf1152c93539","name":"Eduarda Cardoso","image":{"@type":"ImageObject","inLanguage":"pt-PT","@id":"https:\/\/www.altominho.tv\/site\/wp-content\/uploads\/2026\/07\/Eduarda-150x150.jpg","url":"https:\/\/www.altominho.tv\/site\/wp-content\/uploads\/2026\/07\/Eduarda-150x150.jpg","contentUrl":"https:\/\/www.altominho.tv\/site\/wp-content\/uploads\/2026\/07\/Eduarda-150x150.jpg","caption":"Eduarda Cardoso"},"url":"https:\/\/www.altominho.tv\/site\/author\/eduarda-cardoso\/"}]}},"_links":{"self":[{"href":"https:\/\/www.altominho.tv\/site\/wp-json\/wp\/v2\/posts\/128886","targetHints":{"allow":["GET"]}}],"collection":[{"href":"https:\/\/www.altominho.tv\/site\/wp-json\/wp\/v2\/posts"}],"about":[{"href":"https:\/\/www.altominho.tv\/site\/wp-json\/wp\/v2\/types\/post"}],"author":[{"embeddable":true,"href":"https:\/\/www.altominho.tv\/site\/wp-json\/wp\/v2\/users\/30"}],"replies":[{"embeddable":true,"href":"https:\/\/www.altominho.tv\/site\/wp-json\/wp\/v2\/comments?post=128886"}],"version-history":[{"count":1,"href":"https:\/\/www.altominho.tv\/site\/wp-json\/wp\/v2\/posts\/128886\/revisions"}],"predecessor-version":[{"id":128887,"href":"https:\/\/www.altominho.tv\/site\/wp-json\/wp\/v2\/posts\/128886\/revisions\/128887"}],"wp:featuredmedia":[{"embeddable":true,"href":"https:\/\/www.altominho.tv\/site\/wp-json\/wp\/v2\/media\/119903"}],"wp:attachment":[{"href":"https:\/\/www.altominho.tv\/site\/wp-json\/wp\/v2\/media?parent=128886"}],"wp:term":[{"taxonomy":"category","embeddable":true,"href":"https:\/\/www.altominho.tv\/site\/wp-json\/wp\/v2\/categories?post=128886"},{"taxonomy":"post_tag","embeddable":true,"href":"https:\/\/www.altominho.tv\/site\/wp-json\/wp\/v2\/tags?post=128886"}],"curies":[{"name":"wp","href":"https:\/\/api.w.org\/{rel}","templated":true}]}}