{"id":128845,"date":"2026-02-21T14:24:47","date_gmt":"2026-02-21T14:24:47","guid":{"rendered":"https:\/\/www.altominho.tv\/site\/?p=128845"},"modified":"2026-02-21T14:24:50","modified_gmt":"2026-02-21T14:24:50","slug":"alto-minho-aguiar-branco-mau-tempo-ptrr","status":"publish","type":"post","link":"https:\/\/www.altominho.tv\/site\/2026\/02\/21\/alto-minho-aguiar-branco-mau-tempo-ptrr\/","title":{"rendered":"Mau tempo: Aguiar-Branco pede a mobiliza\u00e7\u00e3o de todos os partidos e entidades na execu\u00e7\u00e3o do PTRR"},"content":{"rendered":"\n<p>O presidente da Assembleia da Rep\u00fablica pediu hoje uma mobiliza\u00e7\u00e3o geral para a execu\u00e7\u00e3o do PTRR de resposta \u00e0 devasta\u00e7\u00e3o provocada pelas recentes tempestades em territ\u00f3rio nacional continental, designadamente com o envolvimento das for\u00e7as representadas no parlamento. \u00a0<\/p>\n\n\n\n<p>Este apelo de Jos\u00e9 Pedro Aguiar-Branco foi feito na praia de Modelo, no \u00e2mbito de uma visita que realizou a v\u00e1rios pontos do distrito de Viana do Castelo para se inteirar sobre as consequ\u00eancias das intemp\u00e9ries naquela zona do pa\u00eds.<\/p>\n\n\n\n<p>Acompanhado pelos deputados eleitos pelo c\u00edrculo de Viana do Castelo, Jos\u00e9 Pedro Aguiar-Branco acentuou que a execu\u00e7\u00e3o do Plano de Transforma\u00e7\u00e3o, Recupera\u00e7\u00e3o e Resili\u00eancia (PTRR), anunciado pelo primeiro-ministro, Lu\u00eds Montenegro, na sexta-feira, \u201ccompete a todos\u201d.<\/p>\n\n\n\n<p>\u201cSabemos bem que muitas vezes os diagn\u00f3sticos s\u00e3o bem feitos, existem, mas, depois, \u00e9 a dimens\u00e3o da sua execu\u00e7\u00e3o que n\u00e3o acontece com a mesma efic\u00e1cia. Isso \u00e9 uma responsabilidade de todos, do Governo, da Assembleia da Rep\u00fablica, dos autarcas\u201d, declarou.<\/p>\n\n\n\n<p>Jos\u00e9 Pedro Aguiar-Branco, que foi cabe\u00e7a de lista pela AD no c\u00edrculo de Viana do Castelo nas \u00faltimas elei\u00e7\u00f5es legislativas, referiu que h\u00e1 obras que j\u00e1 foram reconhecidas como importantes de realizar, s\u00f3 que n\u00e3o foram executadas, como, por exemplo, a barragem de Girabolhos, na bacia do Mondego.<\/p>\n\n\n\n<p>\u201cPara al\u00e9m do plano, compete-nos a envolv\u00eancia de todos. Esperamos que isso possa acontecer com todas as for\u00e7as pol\u00edticas, com os autarcas e com todos os que tamb\u00e9m no terreno t\u00eam responsabilidades pol\u00edticas. \u00c9 isso que desejo verdadeiramente\u201d, refor\u00e7ou.<\/p>\n\n\n\n<p>Na perspetiva do presidente da Assembleia da Rep\u00fablica, se houver capacidade de execu\u00e7\u00e3o, o pa\u00eds estar\u00e1 ao mesmo tempo \u201ca prevenir, a recuperar e tamb\u00e9m reestruturar aquilo que \u00e9 preciso reestruturar\u201d.<\/p>\n\n\n\n<p>\u201cO plano tem medidas de natureza pontual e outras medidas de car\u00e1ter estrutural. Por isso, agora, \u00e9 a capacidade de execu\u00e7\u00e3o que compete a todos, mesmo a todos. Em Portugal, muitas vezes, os diagn\u00f3sticos s\u00e3o bem feitos e depois falha na dimens\u00e3o da sua execu\u00e7\u00e3o\u201d, insistiu.<\/p>\n\n\n\n<p>Al\u00e9m de Viana do Castelo, Jos\u00e9 Pedro Aguiar-Branco disse que ir\u00e1 visitar tamb\u00e9m outros distritos atingidos pelas intemp\u00e9ries, em particular o de Set\u00fabal, na segunda-feira, dia em que estar\u00e1 em Alc\u00e1cer do Sal, munic\u00edpio que foi atingido por inunda\u00e7\u00f5es.<\/p>\n\n\n\n<p>\u201cEspera-se que o parlamento possa ter uma interven\u00e7\u00e3o mais ativa, n\u00e3o s\u00f3 no acompanhamento, na fiscaliza\u00e7\u00e3o e na avalia\u00e7\u00e3o do que vai ser a execu\u00e7\u00e3o do plano, como, tamb\u00e9m, eventualmente, na ado\u00e7\u00e3o de medidas que possam vir a ser necess\u00e1rias de uma forma mais urgente. Medidas que permitam que, no terreno, as coisas aconte\u00e7am tamb\u00e9m com a celeridade necess\u00e1ria, sem tamb\u00e9m haja a ultrapassagem daquilo que \u00e9 o papel da Assembleia [da Rep\u00fablica] na sua fiscaliza\u00e7\u00e3o da atividade do pr\u00f3prio Governo\u201d, acrescentou.<\/p>\n","protected":false},"excerpt":{"rendered":"<p>O presidente da Assembleia da Rep\u00fablica pediu hoje uma mobiliza\u00e7\u00e3o geral para a execu\u00e7\u00e3o do PTRR de resposta \u00e0 devasta\u00e7\u00e3o provocada pelas recentes tempestades em territ\u00f3rio nacional continental, designadamente com o envolvimento das for\u00e7as representadas no parlamento. \u00a0 Este apelo de Jos\u00e9 Pedro Aguiar-Branco foi feito na praia de Modelo, no \u00e2mbito de uma visita [&hellip;]<\/p>\n","protected":false},"author":16,"featured_media":128846,"comment_status":"closed","ping_status":"closed","sticky":false,"template":"","format":"standard","meta":{"_exactmetrics_skip_tracking":false,"_exactmetrics_sitenote_active":false,"_exactmetrics_sitenote_note":"","_exactmetrics_sitenote_category":0,"footnotes":""},"categories":[73],"tags":[27],"class_list":["post-128845","post","type-post","status-publish","format-standard","has-post-thumbnail","hentry","category-alto-minho","tag-sociedade"],"yoast_head":"<!-- This site is optimized with the Yoast SEO Premium plugin v27.5 (Yoast SEO v27.5) - https:\/\/yoast.com\/product\/yoast-seo-premium-wordpress\/ -->\n<title>Mau tempo: Aguiar-Branco pede a mobiliza\u00e7\u00e3o de todos os partidos e entidades na execu\u00e7\u00e3o do PTRR<\/title>\n<meta name=\"description\" content=\"Mau tempo: Jos\u00e9 Pedro Aguiar-Branco pede a mobiliza\u00e7\u00e3o de todos os partidos e entidades na execu\u00e7\u00e3o do PTRR.\" \/>\n<meta name=\"robots\" content=\"index, follow, max-snippet:-1, max-image-preview:large, max-video-preview:-1\" \/>\n<link rel=\"canonical\" href=\"https:\/\/www.altominho.tv\/site\/2026\/02\/21\/alto-minho-aguiar-branco-mau-tempo-ptrr\/\" \/>\n<meta property=\"og:locale\" content=\"pt_PT\" \/>\n<meta property=\"og:type\" content=\"article\" \/>\n<meta property=\"og:title\" content=\"Mau tempo: Aguiar-Branco pede a mobiliza\u00e7\u00e3o de todos os partidos e entidades na execu\u00e7\u00e3o do PTRR\" \/>\n<meta property=\"og:description\" content=\"Mau tempo: Jos\u00e9 Pedro Aguiar-Branco pede a mobiliza\u00e7\u00e3o de todos os partidos e entidades na execu\u00e7\u00e3o do PTRR.\" \/>\n<meta property=\"og:url\" content=\"https:\/\/www.altominho.tv\/site\/2026\/02\/21\/alto-minho-aguiar-branco-mau-tempo-ptrr\/\" \/>\n<meta property=\"og:site_name\" content=\"Altominho.tv\" \/>\n<meta property=\"article:publisher\" content=\"https:\/\/www.facebook.com\/altominhotv\" \/>\n<meta property=\"article:published_time\" content=\"2026-02-21T14:24:47+00:00\" \/>\n<meta property=\"article:modified_time\" content=\"2026-02-21T14:24:50+00:00\" \/>\n<meta property=\"og:image\" content=\"https:\/\/www.altominho.tv\/site\/wp-content\/uploads\/2026\/02\/aguiar-branco-1.png\" \/>\n\t<meta property=\"og:image:width\" content=\"1200\" \/>\n\t<meta property=\"og:image:height\" content=\"630\" \/>\n\t<meta property=\"og:image:type\" content=\"image\/png\" \/>\n<meta name=\"author\" content=\"Andreia Cunha | Lusa\" \/>\n<meta name=\"twitter:card\" content=\"summary_large_image\" \/>\n<meta name=\"twitter:creator\" content=\"@altominhoTV\" \/>\n<meta name=\"twitter:site\" content=\"@altominhoTV\" \/>\n<meta name=\"twitter:label1\" content=\"Escrito por\" \/>\n\t<meta name=\"twitter:data1\" content=\"Andreia Cunha | Lusa\" \/>\n\t<meta name=\"twitter:label2\" content=\"Tempo estimado de leitura\" \/>\n\t<meta name=\"twitter:data2\" content=\"3 minutos\" \/>\n<script type=\"application\/ld+json\" class=\"yoast-schema-graph\">{\"@context\":\"https:\\\/\\\/schema.org\",\"@graph\":[{\"@type\":\"Article\",\"@id\":\"https:\\\/\\\/www.altominho.tv\\\/site\\\/2026\\\/02\\\/21\\\/alto-minho-aguiar-branco-mau-tempo-ptrr\\\/#article\",\"isPartOf\":{\"@id\":\"https:\\\/\\\/www.altominho.tv\\\/site\\\/2026\\\/02\\\/21\\\/alto-minho-aguiar-branco-mau-tempo-ptrr\\\/\"},\"author\":{\"name\":\"Andreia Cunha | Lusa\",\"@id\":\"https:\\\/\\\/www.altominho.tv\\\/site\\\/#\\\/schema\\\/person\\\/dbaf181c01b51ff40c9f461a905d321e\"},\"headline\":\"Mau tempo: Aguiar-Branco pede a mobiliza\u00e7\u00e3o de todos os partidos e entidades na execu\u00e7\u00e3o do PTRR\",\"datePublished\":\"2026-02-21T14:24:47+00:00\",\"dateModified\":\"2026-02-21T14:24:50+00:00\",\"mainEntityOfPage\":{\"@id\":\"https:\\\/\\\/www.altominho.tv\\\/site\\\/2026\\\/02\\\/21\\\/alto-minho-aguiar-branco-mau-tempo-ptrr\\\/\"},\"wordCount\":516,\"image\":{\"@id\":\"https:\\\/\\\/www.altominho.tv\\\/site\\\/2026\\\/02\\\/21\\\/alto-minho-aguiar-branco-mau-tempo-ptrr\\\/#primaryimage\"},\"thumbnailUrl\":\"https:\\\/\\\/www.altominho.tv\\\/site\\\/wp-content\\\/uploads\\\/2026\\\/02\\\/aguiar-branco-1.png\",\"keywords\":[\"Sociedade\"],\"articleSection\":[\"Alto Minho\"],\"inLanguage\":\"pt-PT\",\"copyrightYear\":\"2026\",\"copyrightHolder\":{\"@id\":\"https:\\\/\\\/www.altominho.tv\\\/site\\\/#organization\"}},{\"@type\":\"WebPage\",\"@id\":\"https:\\\/\\\/www.altominho.tv\\\/site\\\/2026\\\/02\\\/21\\\/alto-minho-aguiar-branco-mau-tempo-ptrr\\\/\",\"url\":\"https:\\\/\\\/www.altominho.tv\\\/site\\\/2026\\\/02\\\/21\\\/alto-minho-aguiar-branco-mau-tempo-ptrr\\\/\",\"name\":\"Mau tempo: Aguiar-Branco pede a mobiliza\u00e7\u00e3o de todos os partidos e entidades na execu\u00e7\u00e3o do PTRR\",\"isPartOf\":{\"@id\":\"https:\\\/\\\/www.altominho.tv\\\/site\\\/#website\"},\"primaryImageOfPage\":{\"@id\":\"https:\\\/\\\/www.altominho.tv\\\/site\\\/2026\\\/02\\\/21\\\/alto-minho-aguiar-branco-mau-tempo-ptrr\\\/#primaryimage\"},\"image\":{\"@id\":\"https:\\\/\\\/www.altominho.tv\\\/site\\\/2026\\\/02\\\/21\\\/alto-minho-aguiar-branco-mau-tempo-ptrr\\\/#primaryimage\"},\"thumbnailUrl\":\"https:\\\/\\\/www.altominho.tv\\\/site\\\/wp-content\\\/uploads\\\/2026\\\/02\\\/aguiar-branco-1.png\",\"datePublished\":\"2026-02-21T14:24:47+00:00\",\"dateModified\":\"2026-02-21T14:24:50+00:00\",\"author\":{\"@id\":\"https:\\\/\\\/www.altominho.tv\\\/site\\\/#\\\/schema\\\/person\\\/dbaf181c01b51ff40c9f461a905d321e\"},\"description\":\"Mau tempo: Jos\u00e9 Pedro Aguiar-Branco pede a mobiliza\u00e7\u00e3o de todos os partidos e entidades na execu\u00e7\u00e3o do PTRR.\",\"breadcrumb\":{\"@id\":\"https:\\\/\\\/www.altominho.tv\\\/site\\\/2026\\\/02\\\/21\\\/alto-minho-aguiar-branco-mau-tempo-ptrr\\\/#breadcrumb\"},\"inLanguage\":\"pt-PT\",\"potentialAction\":[{\"@type\":\"ReadAction\",\"target\":[\"https:\\\/\\\/www.altominho.tv\\\/site\\\/2026\\\/02\\\/21\\\/alto-minho-aguiar-branco-mau-tempo-ptrr\\\/\"]}]},{\"@type\":\"ImageObject\",\"inLanguage\":\"pt-PT\",\"@id\":\"https:\\\/\\\/www.altominho.tv\\\/site\\\/2026\\\/02\\\/21\\\/alto-minho-aguiar-branco-mau-tempo-ptrr\\\/#primaryimage\",\"url\":\"https:\\\/\\\/www.altominho.tv\\\/site\\\/wp-content\\\/uploads\\\/2026\\\/02\\\/aguiar-branco-1.png\",\"contentUrl\":\"https:\\\/\\\/www.altominho.tv\\\/site\\\/wp-content\\\/uploads\\\/2026\\\/02\\\/aguiar-branco-1.png\",\"width\":1200,\"height\":630},{\"@type\":\"BreadcrumbList\",\"@id\":\"https:\\\/\\\/www.altominho.tv\\\/site\\\/2026\\\/02\\\/21\\\/alto-minho-aguiar-branco-mau-tempo-ptrr\\\/#breadcrumb\",\"itemListElement\":[{\"@type\":\"ListItem\",\"position\":1,\"name\":\"In\u00edcio\",\"item\":\"https:\\\/\\\/www.altominho.tv\\\/site\\\/\"},{\"@type\":\"ListItem\",\"position\":2,\"name\":\"Mau tempo: Aguiar-Branco pede a mobiliza\u00e7\u00e3o de todos os partidos e entidades na execu\u00e7\u00e3o do PTRR\"}]},{\"@type\":\"WebSite\",\"@id\":\"https:\\\/\\\/www.altominho.tv\\\/site\\\/#website\",\"url\":\"https:\\\/\\\/www.altominho.tv\\\/site\\\/\",\"name\":\"Altominho.tv\",\"description\":\"A sua regi\u00e3o \u00e0 dist\u00e2ncia de um clique...\",\"potentialAction\":[{\"@type\":\"SearchAction\",\"target\":{\"@type\":\"EntryPoint\",\"urlTemplate\":\"https:\\\/\\\/www.altominho.tv\\\/site\\\/?s={search_term_string}\"},\"query-input\":{\"@type\":\"PropertyValueSpecification\",\"valueRequired\":true,\"valueName\":\"search_term_string\"}}],\"inLanguage\":\"pt-PT\"},{\"@type\":\"Person\",\"@id\":\"https:\\\/\\\/www.altominho.tv\\\/site\\\/#\\\/schema\\\/person\\\/dbaf181c01b51ff40c9f461a905d321e\",\"name\":\"Andreia Cunha | Lusa\",\"image\":{\"@type\":\"ImageObject\",\"inLanguage\":\"pt-PT\",\"@id\":\"https:\\\/\\\/www.altominho.tv\\\/site\\\/wp-content\\\/uploads\\\/2017\\\/11\\\/Andreia_Cunha-1-150x150.jpg\",\"url\":\"https:\\\/\\\/www.altominho.tv\\\/site\\\/wp-content\\\/uploads\\\/2017\\\/11\\\/Andreia_Cunha-1-150x150.jpg\",\"contentUrl\":\"https:\\\/\\\/www.altominho.tv\\\/site\\\/wp-content\\\/uploads\\\/2017\\\/11\\\/Andreia_Cunha-1-150x150.jpg\",\"caption\":\"Andreia Cunha | Lusa\"},\"sameAs\":[\"https:\\\/\\\/www.altominho.tv\\\/site\"],\"url\":\"https:\\\/\\\/www.altominho.tv\\\/site\\\/author\\\/andreiacunhalusa\\\/\"}]}<\/script>\n<!-- \/ Yoast SEO Premium plugin. -->","yoast_head_json":{"title":"Mau tempo: Aguiar-Branco pede a mobiliza\u00e7\u00e3o de todos os partidos e entidades na execu\u00e7\u00e3o do PTRR","description":"Mau tempo: Jos\u00e9 Pedro Aguiar-Branco pede a mobiliza\u00e7\u00e3o de todos os partidos e entidades na execu\u00e7\u00e3o do PTRR.","robots":{"index":"index","follow":"follow","max-snippet":"max-snippet:-1","max-image-preview":"max-image-preview:large","max-video-preview":"max-video-preview:-1"},"canonical":"https:\/\/www.altominho.tv\/site\/2026\/02\/21\/alto-minho-aguiar-branco-mau-tempo-ptrr\/","og_locale":"pt_PT","og_type":"article","og_title":"Mau tempo: Aguiar-Branco pede a mobiliza\u00e7\u00e3o de todos os partidos e entidades na execu\u00e7\u00e3o do PTRR","og_description":"Mau tempo: Jos\u00e9 Pedro Aguiar-Branco pede a mobiliza\u00e7\u00e3o de todos os partidos e entidades na execu\u00e7\u00e3o do PTRR.","og_url":"https:\/\/www.altominho.tv\/site\/2026\/02\/21\/alto-minho-aguiar-branco-mau-tempo-ptrr\/","og_site_name":"Altominho.tv","article_publisher":"https:\/\/www.facebook.com\/altominhotv","article_published_time":"2026-02-21T14:24:47+00:00","article_modified_time":"2026-02-21T14:24:50+00:00","og_image":[{"width":1200,"height":630,"url":"https:\/\/www.altominho.tv\/site\/wp-content\/uploads\/2026\/02\/aguiar-branco-1.png","type":"image\/png"}],"author":"Andreia Cunha | Lusa","twitter_card":"summary_large_image","twitter_creator":"@altominhoTV","twitter_site":"@altominhoTV","twitter_misc":{"Escrito por":"Andreia Cunha | Lusa","Tempo estimado de leitura":"3 minutos"},"schema":{"@context":"https:\/\/schema.org","@graph":[{"@type":"Article","@id":"https:\/\/www.altominho.tv\/site\/2026\/02\/21\/alto-minho-aguiar-branco-mau-tempo-ptrr\/#article","isPartOf":{"@id":"https:\/\/www.altominho.tv\/site\/2026\/02\/21\/alto-minho-aguiar-branco-mau-tempo-ptrr\/"},"author":{"name":"Andreia Cunha | Lusa","@id":"https:\/\/www.altominho.tv\/site\/#\/schema\/person\/dbaf181c01b51ff40c9f461a905d321e"},"headline":"Mau tempo: Aguiar-Branco pede a mobiliza\u00e7\u00e3o de todos os partidos e entidades na execu\u00e7\u00e3o do PTRR","datePublished":"2026-02-21T14:24:47+00:00","dateModified":"2026-02-21T14:24:50+00:00","mainEntityOfPage":{"@id":"https:\/\/www.altominho.tv\/site\/2026\/02\/21\/alto-minho-aguiar-branco-mau-tempo-ptrr\/"},"wordCount":516,"image":{"@id":"https:\/\/www.altominho.tv\/site\/2026\/02\/21\/alto-minho-aguiar-branco-mau-tempo-ptrr\/#primaryimage"},"thumbnailUrl":"https:\/\/www.altominho.tv\/site\/wp-content\/uploads\/2026\/02\/aguiar-branco-1.png","keywords":["Sociedade"],"articleSection":["Alto Minho"],"inLanguage":"pt-PT","copyrightYear":"2026","copyrightHolder":{"@id":"https:\/\/www.altominho.tv\/site\/#organization"}},{"@type":"WebPage","@id":"https:\/\/www.altominho.tv\/site\/2026\/02\/21\/alto-minho-aguiar-branco-mau-tempo-ptrr\/","url":"https:\/\/www.altominho.tv\/site\/2026\/02\/21\/alto-minho-aguiar-branco-mau-tempo-ptrr\/","name":"Mau tempo: Aguiar-Branco pede a mobiliza\u00e7\u00e3o de todos os partidos e entidades na execu\u00e7\u00e3o do PTRR","isPartOf":{"@id":"https:\/\/www.altominho.tv\/site\/#website"},"primaryImageOfPage":{"@id":"https:\/\/www.altominho.tv\/site\/2026\/02\/21\/alto-minho-aguiar-branco-mau-tempo-ptrr\/#primaryimage"},"image":{"@id":"https:\/\/www.altominho.tv\/site\/2026\/02\/21\/alto-minho-aguiar-branco-mau-tempo-ptrr\/#primaryimage"},"thumbnailUrl":"https:\/\/www.altominho.tv\/site\/wp-content\/uploads\/2026\/02\/aguiar-branco-1.png","datePublished":"2026-02-21T14:24:47+00:00","dateModified":"2026-02-21T14:24:50+00:00","author":{"@id":"https:\/\/www.altominho.tv\/site\/#\/schema\/person\/dbaf181c01b51ff40c9f461a905d321e"},"description":"Mau tempo: Jos\u00e9 Pedro Aguiar-Branco pede a mobiliza\u00e7\u00e3o de todos os partidos e entidades na execu\u00e7\u00e3o do PTRR.","breadcrumb":{"@id":"https:\/\/www.altominho.tv\/site\/2026\/02\/21\/alto-minho-aguiar-branco-mau-tempo-ptrr\/#breadcrumb"},"inLanguage":"pt-PT","potentialAction":[{"@type":"ReadAction","target":["https:\/\/www.altominho.tv\/site\/2026\/02\/21\/alto-minho-aguiar-branco-mau-tempo-ptrr\/"]}]},{"@type":"ImageObject","inLanguage":"pt-PT","@id":"https:\/\/www.altominho.tv\/site\/2026\/02\/21\/alto-minho-aguiar-branco-mau-tempo-ptrr\/#primaryimage","url":"https:\/\/www.altominho.tv\/site\/wp-content\/uploads\/2026\/02\/aguiar-branco-1.png","contentUrl":"https:\/\/www.altominho.tv\/site\/wp-content\/uploads\/2026\/02\/aguiar-branco-1.png","width":1200,"height":630},{"@type":"BreadcrumbList","@id":"https:\/\/www.altominho.tv\/site\/2026\/02\/21\/alto-minho-aguiar-branco-mau-tempo-ptrr\/#breadcrumb","itemListElement":[{"@type":"ListItem","position":1,"name":"In\u00edcio","item":"https:\/\/www.altominho.tv\/site\/"},{"@type":"ListItem","position":2,"name":"Mau tempo: Aguiar-Branco pede a mobiliza\u00e7\u00e3o de todos os partidos e entidades na execu\u00e7\u00e3o do PTRR"}]},{"@type":"WebSite","@id":"https:\/\/www.altominho.tv\/site\/#website","url":"https:\/\/www.altominho.tv\/site\/","name":"Altominho.tv","description":"A sua regi\u00e3o \u00e0 dist\u00e2ncia de um clique...","potentialAction":[{"@type":"SearchAction","target":{"@type":"EntryPoint","urlTemplate":"https:\/\/www.altominho.tv\/site\/?s={search_term_string}"},"query-input":{"@type":"PropertyValueSpecification","valueRequired":true,"valueName":"search_term_string"}}],"inLanguage":"pt-PT"},{"@type":"Person","@id":"https:\/\/www.altominho.tv\/site\/#\/schema\/person\/dbaf181c01b51ff40c9f461a905d321e","name":"Andreia Cunha | Lusa","image":{"@type":"ImageObject","inLanguage":"pt-PT","@id":"https:\/\/www.altominho.tv\/site\/wp-content\/uploads\/2017\/11\/Andreia_Cunha-1-150x150.jpg","url":"https:\/\/www.altominho.tv\/site\/wp-content\/uploads\/2017\/11\/Andreia_Cunha-1-150x150.jpg","contentUrl":"https:\/\/www.altominho.tv\/site\/wp-content\/uploads\/2017\/11\/Andreia_Cunha-1-150x150.jpg","caption":"Andreia Cunha | Lusa"},"sameAs":["https:\/\/www.altominho.tv\/site"],"url":"https:\/\/www.altominho.tv\/site\/author\/andreiacunhalusa\/"}]}},"_links":{"self":[{"href":"https:\/\/www.altominho.tv\/site\/wp-json\/wp\/v2\/posts\/128845","targetHints":{"allow":["GET"]}}],"collection":[{"href":"https:\/\/www.altominho.tv\/site\/wp-json\/wp\/v2\/posts"}],"about":[{"href":"https:\/\/www.altominho.tv\/site\/wp-json\/wp\/v2\/types\/post"}],"author":[{"embeddable":true,"href":"https:\/\/www.altominho.tv\/site\/wp-json\/wp\/v2\/users\/16"}],"replies":[{"embeddable":true,"href":"https:\/\/www.altominho.tv\/site\/wp-json\/wp\/v2\/comments?post=128845"}],"version-history":[{"count":1,"href":"https:\/\/www.altominho.tv\/site\/wp-json\/wp\/v2\/posts\/128845\/revisions"}],"predecessor-version":[{"id":128847,"href":"https:\/\/www.altominho.tv\/site\/wp-json\/wp\/v2\/posts\/128845\/revisions\/128847"}],"wp:featuredmedia":[{"embeddable":true,"href":"https:\/\/www.altominho.tv\/site\/wp-json\/wp\/v2\/media\/128846"}],"wp:attachment":[{"href":"https:\/\/www.altominho.tv\/site\/wp-json\/wp\/v2\/media?parent=128845"}],"wp:term":[{"taxonomy":"category","embeddable":true,"href":"https:\/\/www.altominho.tv\/site\/wp-json\/wp\/v2\/categories?post=128845"},{"taxonomy":"post_tag","embeddable":true,"href":"https:\/\/www.altominho.tv\/site\/wp-json\/wp\/v2\/tags?post=128845"}],"curies":[{"name":"wp","href":"https:\/\/api.w.org\/{rel}","templated":true}]}}