{"id":128779,"date":"2026-02-20T11:30:04","date_gmt":"2026-02-20T11:30:04","guid":{"rendered":"https:\/\/www.altominho.tv\/site\/?p=128779"},"modified":"2026-02-20T11:30:07","modified_gmt":"2026-02-20T11:30:07","slug":"alto-minho-protecao-civil-bloco-de-esquerda","status":"publish","type":"post","link":"https:\/\/www.altominho.tv\/site\/2026\/02\/20\/alto-minho-protecao-civil-bloco-de-esquerda\/","title":{"rendered":"Maioria dos munic\u00edpios do Alto Minho com planos de emerg\u00eancia desatualizados &#8211; BE"},"content":{"rendered":"\n<p class=\"wp-block-paragraph\">O Bloco de Esquerda (BE) de Viana do Castelo manifestou hoje \u201cprofunda preocupa\u00e7\u00e3o\u201d pelo facto de seis dos 10 concelhos do Alto Minho terem os respetivos Planos Municipais de Emerg\u00eancia e Prote\u00e7\u00e3o Civil (PMEPC) desatualizados.<\/p>\n\n\n\n<p class=\"wp-block-paragraph\">Em comunicado enviado \u00e0s reda\u00e7\u00f5es, a comiss\u00e3o coordenadora distrital do BE refere que, segundo o s\u00edtio na Internet da Autoridade Nacional de Emerg\u00eancia e Prote\u00e7\u00e3o Civil (ANEPC),\u00a0os PMEC de Arcos de Valdevez, Paredes de Coura, Ponte de Lima, Valen\u00e7a, Viana do Castelo e Vila Nova de Cerveira \u201cj\u00e1 ultrapassaram o prazo de revis\u00e3o\u201d.<\/p>\n\n\n\n<p class=\"wp-block-paragraph\">\u201cArcos de Valdevez e Valen\u00e7a t\u00eam o seu PMEC desatualizados desde 2020, Paredes de Coura e Vila Nova de Cerveira desde 2019, Ponte de Lima desde 2018 e Viana do Castelo tem o seu plano desatualizado de 2015. Viana do Castelo j\u00e1 deveria ter efetuado a revis\u00e3o duas vezes desde 2015\u201d, frisa o BE.<\/p>\n\n\n\n<p class=\"wp-block-paragraph\">Contactado pela ag\u00eancia Lusa, o comandante do Comando da Sub-Regional do Alto Minho, Marco Domingues, afirmou que aqueles planos encontram-se \u201cem fase de conclus\u00e3o do processo de revis\u00e3o\u201d e que, \u201capesar de n\u00e3o estarem atualizados, continuam em vigor os atuais\u201d.<\/p>\n\n\n\n<p class=\"wp-block-paragraph\">\u201cOs munic\u00edpios n\u00e3o ficam desprovidos de planos para dar resposta \u00e0s necessidades\u201d, sublinhou.<\/p>\n\n\n\n<p class=\"wp-block-paragraph\">Marco Domingues especificou que o PMEC de Arcos de Valdevez \u201cj\u00e1 tem parecer da ANEPC\u201d, faltando ser submetido \u00e0 aprecia\u00e7\u00e3o da Assembleia Municipal.<\/p>\n\n\n\n<p class=\"wp-block-paragraph\">O plano de Paredes de Coura \u201cest\u00e1 em andamento\u201d, tendo sido submetido a consulta p\u00fablica, sendo que o relat\u00f3rio da consulta ainda n\u00e3o est\u00e1 conclu\u00eddo\u201d.<\/p>\n\n\n\n<p class=\"wp-block-paragraph\">O respons\u00e1vel adiantou que Ponte de Lima ter\u00e1 a revis\u00e3o do PMEPC \u201cconclu\u00edda esta ano\u201d, Valen\u00e7a \u201cest\u00e1 em revis\u00e3o e o de Viana do Castelo foi submetido a consulta p\u00fablica\u201d.<\/p>\n\n\n\n<p class=\"wp-block-paragraph\">O BE de Viana do Castelo destaca que os PMEC, \u201csegundo o ponto 1, do artigo 9.\u00ba da resolu\u00e7\u00e3o n.\u00ba 30\/2015, de 7 de maio, devem ser revistos no prazo m\u00e1ximo de cinco anos ap\u00f3s a sua entrada em vigor, exceto no caso dos planos especiais, se disposto em contr\u00e1rio em legisla\u00e7\u00e3o espec\u00edfica referente \u00e0 tipologia de risco considerada\u201d.<\/p>\n\n\n\n<p class=\"wp-block-paragraph\">Para o BE, \u201co PMEC \u00e9 o principal instrumento de planeamento para resposta a acidentes graves e cat\u00e1strofes, incluindo inc\u00eandios, cheias, galgamentos costeiros, fen\u00f3menos meteorol\u00f3gicos extremos e acidentes industriais\u201d.<\/p>\n\n\n\n<p class=\"wp-block-paragraph\">\u201cNum distrito com vulnerabilidades espec\u00edficas, nomeadamente risco costeiro e elevada densidade populacional, \u00e9 inaceit\u00e1vel que o documento estruturante da prote\u00e7\u00e3o civil n\u00e3o esteja devidamente revisto e adaptado \u00e0 realidade atual\u201d, sustenta.<\/p>\n\n\n\n<p class=\"wp-block-paragraph\">A \u201caus\u00eancia de atualiza\u00e7\u00e3o pode significar uma desadequa\u00e7\u00e3o face \u00e0 efetiva realidade, \u00e0 legisla\u00e7\u00e3o em vigor e \u00e0s orienta\u00e7\u00f5es da A, falhas na identifica\u00e7\u00e3o dos riscos efetivos do territ\u00f3rio, invent\u00e1rio desatualizado de meios e recursos e fragilidades na coordena\u00e7\u00e3o operacional em cen\u00e1rio de crise\u201d.<\/p>\n\n\n\n<p class=\"wp-block-paragraph\">\u201cO nosso distrito \u00e9 marcado pela forte presen\u00e7a de rios importantes como os rios Lima, Minho e Coura, pela vasta mancha florestal, pelas serras imponentes como a Serra d&#8217;Arga e pelo Parque Nacional da Peneda-Ger\u00eas, a atualiza\u00e7\u00e3o destes planos assume um car\u00e1ter urgente e estrat\u00e9gico\u201d.<\/p>\n\n\n\n<p class=\"wp-block-paragraph\">Segundo o BE, \u201ca realidade clim\u00e1tica atual, marcada por fen\u00f3menos extremos cada vez mais frequentes como cheias, inunda\u00e7\u00f5es, inc\u00eandios, deslizamentos de terras, eros\u00e3o costeira, entre outros exige documentos operacionais atualizados, alinhados com os mais recentes dados t\u00e9cnicos, cartografia de risco, recursos dispon\u00edveis e estrat\u00e9gias de coordena\u00e7\u00e3o entre entidades\u201d.<\/p>\n\n\n\n<p class=\"wp-block-paragraph\">\u201cA seguran\u00e7a das pessoas e bens n\u00e3o pode ser secundarizada nem sujeita a atrasos administrativos. A prote\u00e7\u00e3o civil exige planeamento rigoroso e permanente\u201d observa o partido.<\/p>\n","protected":false},"excerpt":{"rendered":"<p>O Bloco de Esquerda (BE) de Viana do Castelo manifestou hoje \u201cprofunda preocupa\u00e7\u00e3o\u201d pelo facto de seis dos 10 concelhos do Alto Minho terem os respetivos Planos Municipais de Emerg\u00eancia e Prote\u00e7\u00e3o Civil (PMEPC) desatualizados. Em comunicado enviado \u00e0s reda\u00e7\u00f5es, a comiss\u00e3o coordenadora distrital do BE refere que, segundo o s\u00edtio na Internet da Autoridade [&hellip;]<\/p>\n","protected":false},"author":13,"featured_media":128780,"comment_status":"closed","ping_status":"closed","sticky":false,"template":"","format":"standard","meta":{"_exactmetrics_skip_tracking":false,"footnotes":""},"categories":[73],"tags":[27],"class_list":["post-128779","post","type-post","status-publish","format-standard","has-post-thumbnail","hentry","category-alto-minho","tag-sociedade"],"yoast_head":"<!-- This site is optimized with the Yoast SEO Premium plugin v28.3 (Yoast SEO v28.3) - https:\/\/yoast.com\/product\/yoast-seo-premium-wordpress\/ -->\n<title>Maioria dos munic\u00edpios do Alto Minho com planos de emerg\u00eancia desatualizados - BE<\/title>\n<meta name=\"description\" content=\"Maioria dos munic\u00edpios do Alto Minho com planos de emerg\u00eancia desatualizados, diz o Bloco de Esquerda.\" \/>\n<meta name=\"robots\" content=\"index, follow, max-snippet:-1, max-image-preview:large, max-video-preview:-1\" \/>\n<link rel=\"canonical\" href=\"https:\/\/www.altominho.tv\/site\/2026\/02\/20\/alto-minho-protecao-civil-bloco-de-esquerda\/\" \/>\n<meta property=\"og:locale\" content=\"pt_PT\" \/>\n<meta property=\"og:type\" content=\"article\" \/>\n<meta property=\"og:title\" content=\"Maioria dos munic\u00edpios do Alto Minho com planos de emerg\u00eancia desatualizados - BE\" \/>\n<meta property=\"og:description\" content=\"Maioria dos munic\u00edpios do Alto Minho com planos de emerg\u00eancia desatualizados, diz o Bloco de Esquerda.\" \/>\n<meta property=\"og:url\" content=\"https:\/\/www.altominho.tv\/site\/2026\/02\/20\/alto-minho-protecao-civil-bloco-de-esquerda\/\" \/>\n<meta property=\"og:site_name\" content=\"Altominho.tv\" \/>\n<meta property=\"article:publisher\" content=\"https:\/\/www.facebook.com\/altominhotv\" \/>\n<meta property=\"article:published_time\" content=\"2026-02-20T11:30:04+00:00\" \/>\n<meta property=\"article:modified_time\" content=\"2026-02-20T11:30:07+00:00\" \/>\n<meta property=\"og:image\" content=\"https:\/\/www.altominho.tv\/site\/wp-content\/uploads\/2026\/02\/protecao-civil.png\" \/>\n\t<meta property=\"og:image:width\" content=\"1200\" \/>\n\t<meta property=\"og:image:height\" content=\"630\" \/>\n\t<meta property=\"og:image:type\" content=\"image\/png\" \/>\n<meta name=\"author\" content=\"Lusa\" \/>\n<meta name=\"twitter:card\" content=\"summary_large_image\" \/>\n<meta name=\"twitter:creator\" content=\"@altominhoTV\" \/>\n<meta name=\"twitter:site\" content=\"@altominhoTV\" \/>\n<meta name=\"twitter:label1\" content=\"Escrito por\" \/>\n\t<meta name=\"twitter:data1\" content=\"Lusa\" \/>\n\t<meta name=\"twitter:label2\" content=\"Tempo estimado de leitura\" \/>\n\t<meta name=\"twitter:data2\" content=\"4 minutos\" \/>\n<script type=\"application\/ld+json\" class=\"yoast-schema-graph\">{\"@context\":\"https:\\\/\\\/schema.org\",\"@graph\":[{\"@type\":\"Article\",\"@id\":\"https:\\\/\\\/www.altominho.tv\\\/site\\\/2026\\\/02\\\/20\\\/alto-minho-protecao-civil-bloco-de-esquerda\\\/#article\",\"isPartOf\":{\"@id\":\"https:\\\/\\\/www.altominho.tv\\\/site\\\/2026\\\/02\\\/20\\\/alto-minho-protecao-civil-bloco-de-esquerda\\\/\"},\"author\":{\"name\":\"Lusa\",\"@id\":\"https:\\\/\\\/www.altominho.tv\\\/site\\\/#\\\/schema\\\/person\\\/63f693da3e1899361cbe955c46f3232e\"},\"headline\":\"Maioria dos munic\u00edpios do Alto Minho com planos de emerg\u00eancia desatualizados &#8211; BE\",\"datePublished\":\"2026-02-20T11:30:04+00:00\",\"dateModified\":\"2026-02-20T11:30:07+00:00\",\"mainEntityOfPage\":{\"@id\":\"https:\\\/\\\/www.altominho.tv\\\/site\\\/2026\\\/02\\\/20\\\/alto-minho-protecao-civil-bloco-de-esquerda\\\/\"},\"wordCount\":624,\"image\":{\"@id\":\"https:\\\/\\\/www.altominho.tv\\\/site\\\/2026\\\/02\\\/20\\\/alto-minho-protecao-civil-bloco-de-esquerda\\\/#primaryimage\"},\"thumbnailUrl\":\"https:\\\/\\\/www.altominho.tv\\\/site\\\/wp-content\\\/uploads\\\/2026\\\/02\\\/protecao-civil.png\",\"keywords\":[\"Sociedade\"],\"articleSection\":[\"Alto Minho\"],\"inLanguage\":\"pt-PT\",\"copyrightYear\":\"2026\",\"copyrightHolder\":{\"@id\":\"https:\\\/\\\/www.altominho.tv\\\/site\\\/#organization\"}},{\"@type\":\"WebPage\",\"@id\":\"https:\\\/\\\/www.altominho.tv\\\/site\\\/2026\\\/02\\\/20\\\/alto-minho-protecao-civil-bloco-de-esquerda\\\/\",\"url\":\"https:\\\/\\\/www.altominho.tv\\\/site\\\/2026\\\/02\\\/20\\\/alto-minho-protecao-civil-bloco-de-esquerda\\\/\",\"name\":\"Maioria dos munic\u00edpios do Alto Minho com planos de emerg\u00eancia desatualizados - BE\",\"isPartOf\":{\"@id\":\"https:\\\/\\\/www.altominho.tv\\\/site\\\/#website\"},\"primaryImageOfPage\":{\"@id\":\"https:\\\/\\\/www.altominho.tv\\\/site\\\/2026\\\/02\\\/20\\\/alto-minho-protecao-civil-bloco-de-esquerda\\\/#primaryimage\"},\"image\":{\"@id\":\"https:\\\/\\\/www.altominho.tv\\\/site\\\/2026\\\/02\\\/20\\\/alto-minho-protecao-civil-bloco-de-esquerda\\\/#primaryimage\"},\"thumbnailUrl\":\"https:\\\/\\\/www.altominho.tv\\\/site\\\/wp-content\\\/uploads\\\/2026\\\/02\\\/protecao-civil.png\",\"datePublished\":\"2026-02-20T11:30:04+00:00\",\"dateModified\":\"2026-02-20T11:30:07+00:00\",\"author\":{\"@id\":\"https:\\\/\\\/www.altominho.tv\\\/site\\\/#\\\/schema\\\/person\\\/63f693da3e1899361cbe955c46f3232e\"},\"description\":\"Maioria dos munic\u00edpios do Alto Minho com planos de emerg\u00eancia desatualizados, diz o Bloco de Esquerda.\",\"breadcrumb\":{\"@id\":\"https:\\\/\\\/www.altominho.tv\\\/site\\\/2026\\\/02\\\/20\\\/alto-minho-protecao-civil-bloco-de-esquerda\\\/#breadcrumb\"},\"inLanguage\":\"pt-PT\",\"potentialAction\":[{\"@type\":\"ReadAction\",\"target\":[\"https:\\\/\\\/www.altominho.tv\\\/site\\\/2026\\\/02\\\/20\\\/alto-minho-protecao-civil-bloco-de-esquerda\\\/\"]}]},{\"@type\":\"ImageObject\",\"inLanguage\":\"pt-PT\",\"@id\":\"https:\\\/\\\/www.altominho.tv\\\/site\\\/2026\\\/02\\\/20\\\/alto-minho-protecao-civil-bloco-de-esquerda\\\/#primaryimage\",\"url\":\"https:\\\/\\\/www.altominho.tv\\\/site\\\/wp-content\\\/uploads\\\/2026\\\/02\\\/protecao-civil.png\",\"contentUrl\":\"https:\\\/\\\/www.altominho.tv\\\/site\\\/wp-content\\\/uploads\\\/2026\\\/02\\\/protecao-civil.png\",\"width\":1200,\"height\":630},{\"@type\":\"BreadcrumbList\",\"@id\":\"https:\\\/\\\/www.altominho.tv\\\/site\\\/2026\\\/02\\\/20\\\/alto-minho-protecao-civil-bloco-de-esquerda\\\/#breadcrumb\",\"itemListElement\":[{\"@type\":\"ListItem\",\"position\":1,\"name\":\"In\u00edcio\",\"item\":\"https:\\\/\\\/www.altominho.tv\\\/site\\\/\"},{\"@type\":\"ListItem\",\"position\":2,\"name\":\"Maioria dos munic\u00edpios do Alto Minho com planos de emerg\u00eancia desatualizados &#8211; BE\"}]},{\"@type\":\"WebSite\",\"@id\":\"https:\\\/\\\/www.altominho.tv\\\/site\\\/#website\",\"url\":\"https:\\\/\\\/www.altominho.tv\\\/site\\\/\",\"name\":\"Altominho.tv\",\"description\":\"A sua regi\u00e3o \u00e0 dist\u00e2ncia de um clique...\",\"potentialAction\":[{\"@type\":\"SearchAction\",\"target\":{\"@type\":\"EntryPoint\",\"urlTemplate\":\"https:\\\/\\\/www.altominho.tv\\\/site\\\/?s={search_term_string}\"},\"query-input\":{\"@type\":\"PropertyValueSpecification\",\"valueRequired\":true,\"valueName\":\"search_term_string\"}}],\"inLanguage\":\"pt-PT\"},{\"@type\":\"Person\",\"@id\":\"https:\\\/\\\/www.altominho.tv\\\/site\\\/#\\\/schema\\\/person\\\/63f693da3e1899361cbe955c46f3232e\",\"name\":\"Lusa\",\"image\":{\"@type\":\"ImageObject\",\"inLanguage\":\"pt-PT\",\"@id\":\"https:\\\/\\\/www.altominho.tv\\\/site\\\/wp-content\\\/uploads\\\/2019\\\/08\\\/LUSA_Logo.gif\",\"url\":\"https:\\\/\\\/www.altominho.tv\\\/site\\\/wp-content\\\/uploads\\\/2019\\\/08\\\/LUSA_Logo.gif\",\"contentUrl\":\"https:\\\/\\\/www.altominho.tv\\\/site\\\/wp-content\\\/uploads\\\/2019\\\/08\\\/LUSA_Logo.gif\",\"caption\":\"Lusa\"},\"sameAs\":[\"http:\\\/\\\/\\\/\\\/www.altominho.tv\\\/site\"],\"url\":\"https:\\\/\\\/www.altominho.tv\\\/site\\\/author\\\/lusa\\\/\"}]}<\/script>\n<!-- \/ Yoast SEO Premium plugin. -->","yoast_head_json":{"title":"Maioria dos munic\u00edpios do Alto Minho com planos de emerg\u00eancia desatualizados - BE","description":"Maioria dos munic\u00edpios do Alto Minho com planos de emerg\u00eancia desatualizados, diz o Bloco de Esquerda.","robots":{"index":"index","follow":"follow","max-snippet":"max-snippet:-1","max-image-preview":"max-image-preview:large","max-video-preview":"max-video-preview:-1"},"canonical":"https:\/\/www.altominho.tv\/site\/2026\/02\/20\/alto-minho-protecao-civil-bloco-de-esquerda\/","og_locale":"pt_PT","og_type":"article","og_title":"Maioria dos munic\u00edpios do Alto Minho com planos de emerg\u00eancia desatualizados - BE","og_description":"Maioria dos munic\u00edpios do Alto Minho com planos de emerg\u00eancia desatualizados, diz o Bloco de Esquerda.","og_url":"https:\/\/www.altominho.tv\/site\/2026\/02\/20\/alto-minho-protecao-civil-bloco-de-esquerda\/","og_site_name":"Altominho.tv","article_publisher":"https:\/\/www.facebook.com\/altominhotv","article_published_time":"2026-02-20T11:30:04+00:00","article_modified_time":"2026-02-20T11:30:07+00:00","og_image":[{"width":1200,"height":630,"url":"https:\/\/www.altominho.tv\/site\/wp-content\/uploads\/2026\/02\/protecao-civil.png","type":"image\/png"}],"author":"Lusa","twitter_card":"summary_large_image","twitter_creator":"@altominhoTV","twitter_site":"@altominhoTV","twitter_misc":{"Escrito por":"Lusa","Tempo estimado de leitura":"4 minutos"},"schema":{"@context":"https:\/\/schema.org","@graph":[{"@type":"Article","@id":"https:\/\/www.altominho.tv\/site\/2026\/02\/20\/alto-minho-protecao-civil-bloco-de-esquerda\/#article","isPartOf":{"@id":"https:\/\/www.altominho.tv\/site\/2026\/02\/20\/alto-minho-protecao-civil-bloco-de-esquerda\/"},"author":{"name":"Lusa","@id":"https:\/\/www.altominho.tv\/site\/#\/schema\/person\/63f693da3e1899361cbe955c46f3232e"},"headline":"Maioria dos munic\u00edpios do Alto Minho com planos de emerg\u00eancia desatualizados &#8211; BE","datePublished":"2026-02-20T11:30:04+00:00","dateModified":"2026-02-20T11:30:07+00:00","mainEntityOfPage":{"@id":"https:\/\/www.altominho.tv\/site\/2026\/02\/20\/alto-minho-protecao-civil-bloco-de-esquerda\/"},"wordCount":624,"image":{"@id":"https:\/\/www.altominho.tv\/site\/2026\/02\/20\/alto-minho-protecao-civil-bloco-de-esquerda\/#primaryimage"},"thumbnailUrl":"https:\/\/www.altominho.tv\/site\/wp-content\/uploads\/2026\/02\/protecao-civil.png","keywords":["Sociedade"],"articleSection":["Alto Minho"],"inLanguage":"pt-PT","copyrightYear":"2026","copyrightHolder":{"@id":"https:\/\/www.altominho.tv\/site\/#organization"}},{"@type":"WebPage","@id":"https:\/\/www.altominho.tv\/site\/2026\/02\/20\/alto-minho-protecao-civil-bloco-de-esquerda\/","url":"https:\/\/www.altominho.tv\/site\/2026\/02\/20\/alto-minho-protecao-civil-bloco-de-esquerda\/","name":"Maioria dos munic\u00edpios do Alto Minho com planos de emerg\u00eancia desatualizados - BE","isPartOf":{"@id":"https:\/\/www.altominho.tv\/site\/#website"},"primaryImageOfPage":{"@id":"https:\/\/www.altominho.tv\/site\/2026\/02\/20\/alto-minho-protecao-civil-bloco-de-esquerda\/#primaryimage"},"image":{"@id":"https:\/\/www.altominho.tv\/site\/2026\/02\/20\/alto-minho-protecao-civil-bloco-de-esquerda\/#primaryimage"},"thumbnailUrl":"https:\/\/www.altominho.tv\/site\/wp-content\/uploads\/2026\/02\/protecao-civil.png","datePublished":"2026-02-20T11:30:04+00:00","dateModified":"2026-02-20T11:30:07+00:00","author":{"@id":"https:\/\/www.altominho.tv\/site\/#\/schema\/person\/63f693da3e1899361cbe955c46f3232e"},"description":"Maioria dos munic\u00edpios do Alto Minho com planos de emerg\u00eancia desatualizados, diz o Bloco de Esquerda.","breadcrumb":{"@id":"https:\/\/www.altominho.tv\/site\/2026\/02\/20\/alto-minho-protecao-civil-bloco-de-esquerda\/#breadcrumb"},"inLanguage":"pt-PT","potentialAction":[{"@type":"ReadAction","target":["https:\/\/www.altominho.tv\/site\/2026\/02\/20\/alto-minho-protecao-civil-bloco-de-esquerda\/"]}]},{"@type":"ImageObject","inLanguage":"pt-PT","@id":"https:\/\/www.altominho.tv\/site\/2026\/02\/20\/alto-minho-protecao-civil-bloco-de-esquerda\/#primaryimage","url":"https:\/\/www.altominho.tv\/site\/wp-content\/uploads\/2026\/02\/protecao-civil.png","contentUrl":"https:\/\/www.altominho.tv\/site\/wp-content\/uploads\/2026\/02\/protecao-civil.png","width":1200,"height":630},{"@type":"BreadcrumbList","@id":"https:\/\/www.altominho.tv\/site\/2026\/02\/20\/alto-minho-protecao-civil-bloco-de-esquerda\/#breadcrumb","itemListElement":[{"@type":"ListItem","position":1,"name":"In\u00edcio","item":"https:\/\/www.altominho.tv\/site\/"},{"@type":"ListItem","position":2,"name":"Maioria dos munic\u00edpios do Alto Minho com planos de emerg\u00eancia desatualizados &#8211; BE"}]},{"@type":"WebSite","@id":"https:\/\/www.altominho.tv\/site\/#website","url":"https:\/\/www.altominho.tv\/site\/","name":"Altominho.tv","description":"A sua regi\u00e3o \u00e0 dist\u00e2ncia de um clique...","potentialAction":[{"@type":"SearchAction","target":{"@type":"EntryPoint","urlTemplate":"https:\/\/www.altominho.tv\/site\/?s={search_term_string}"},"query-input":{"@type":"PropertyValueSpecification","valueRequired":true,"valueName":"search_term_string"}}],"inLanguage":"pt-PT"},{"@type":"Person","@id":"https:\/\/www.altominho.tv\/site\/#\/schema\/person\/63f693da3e1899361cbe955c46f3232e","name":"Lusa","image":{"@type":"ImageObject","inLanguage":"pt-PT","@id":"https:\/\/www.altominho.tv\/site\/wp-content\/uploads\/2019\/08\/LUSA_Logo.gif","url":"https:\/\/www.altominho.tv\/site\/wp-content\/uploads\/2019\/08\/LUSA_Logo.gif","contentUrl":"https:\/\/www.altominho.tv\/site\/wp-content\/uploads\/2019\/08\/LUSA_Logo.gif","caption":"Lusa"},"sameAs":["http:\/\/\/\/www.altominho.tv\/site"],"url":"https:\/\/www.altominho.tv\/site\/author\/lusa\/"}]}},"_links":{"self":[{"href":"https:\/\/www.altominho.tv\/site\/wp-json\/wp\/v2\/posts\/128779","targetHints":{"allow":["GET"]}}],"collection":[{"href":"https:\/\/www.altominho.tv\/site\/wp-json\/wp\/v2\/posts"}],"about":[{"href":"https:\/\/www.altominho.tv\/site\/wp-json\/wp\/v2\/types\/post"}],"author":[{"embeddable":true,"href":"https:\/\/www.altominho.tv\/site\/wp-json\/wp\/v2\/users\/13"}],"replies":[{"embeddable":true,"href":"https:\/\/www.altominho.tv\/site\/wp-json\/wp\/v2\/comments?post=128779"}],"version-history":[{"count":1,"href":"https:\/\/www.altominho.tv\/site\/wp-json\/wp\/v2\/posts\/128779\/revisions"}],"predecessor-version":[{"id":128781,"href":"https:\/\/www.altominho.tv\/site\/wp-json\/wp\/v2\/posts\/128779\/revisions\/128781"}],"wp:featuredmedia":[{"embeddable":true,"href":"https:\/\/www.altominho.tv\/site\/wp-json\/wp\/v2\/media\/128780"}],"wp:attachment":[{"href":"https:\/\/www.altominho.tv\/site\/wp-json\/wp\/v2\/media?parent=128779"}],"wp:term":[{"taxonomy":"category","embeddable":true,"href":"https:\/\/www.altominho.tv\/site\/wp-json\/wp\/v2\/categories?post=128779"},{"taxonomy":"post_tag","embeddable":true,"href":"https:\/\/www.altominho.tv\/site\/wp-json\/wp\/v2\/tags?post=128779"}],"curies":[{"name":"wp","href":"https:\/\/api.w.org\/{rel}","templated":true}]}}