{"id":128772,"date":"2026-02-20T10:35:03","date_gmt":"2026-02-20T10:35:03","guid":{"rendered":"https:\/\/www.altominho.tv\/site\/?p=128772"},"modified":"2026-02-20T10:35:10","modified_gmt":"2026-02-20T10:35:10","slug":"carnaval-das-ipss-reune-130-utentes-no-parque-de-lazer-do-castelinho","status":"publish","type":"post","link":"https:\/\/www.altominho.tv\/site\/2026\/02\/20\/carnaval-das-ipss-reune-130-utentes-no-parque-de-lazer-do-castelinho\/","title":{"rendered":"Carnaval das IPSS re\u00fane 130 utentes no Parque de Lazer do Castelinho"},"content":{"rendered":"\n<p><\/p>\n\n\n\n<p>O Carnaval voltou a ser sin\u00f3nimo de alegria e partilha no concelho de Vila Nova de Cerveira, com a realiza\u00e7\u00e3o de mais uma edi\u00e7\u00e3o do Carnaval das IPSS, que reuniu cerca de 130 utentes de sete institui\u00e7\u00f5es locais na tenda iglo instalada no Parque de Lazer do Castelinho.<\/p>\n\n\n\n<p>A iniciativa, promovida pela C\u00e2mara Municipal em parceria com as IPSS do concelho e o Grupo de Voluntariado \u201cDe M\u00e3os Dadas\u201d, afirmou-se, uma vez mais, como um momento privilegiado de conv\u00edvio interinstitucional. Para al\u00e9m do esp\u00edrito festivo, a a\u00e7\u00e3o refor\u00e7ou a import\u00e2ncia de proporcionar aos seniores institucionalizados oportunidades regulares de socializa\u00e7\u00e3o, contribuindo para o seu bem-estar emocional e social.<\/p>\n\n\n\n<p>A criatividade marcou presen\u00e7a atrav\u00e9s de disfarces inspirados em profiss\u00f5es tradicionais. O Centro Social e Paroquial de Campos apresentou-se trajado de lavradeiras; o Centro Social e Paroquial de Reboreda levou \u00e0 festa um grupo de animados pasteleiros; o Lar Maria Lu\u00edsa \u2013 Santa Casa da Miseric\u00f3rdia vestiu-se de pescadores; o Centro de Dia de Loivo surgiu como sapateiros; a ADSL &#8211; Associa\u00e7\u00e3o de Desenvolvimento Social Local de Vila Nova de Cerveira representou as leiteiras; o Centro Social e Paroquial de Gondar\u00e9m encarnou pescadores e peixeiras; e o Centro Paroquial e Social de Covas fez-se representar por agricultores.<\/p>\n\n\n\n<p>Cada institui\u00e7\u00e3o trouxe imagina\u00e7\u00e3o, cor e tradi\u00e7\u00e3o, valorizando saberes e profiss\u00f5es de outros tempos, numa celebra\u00e7\u00e3o que cruzou mem\u00f3ria e identidade cultural.<\/p>\n\n\n\n<p>A dinamiza\u00e7\u00e3o de atividades fora do contexto habitual das institui\u00e7\u00f5es, bem como a utiliza\u00e7\u00e3o de espa\u00e7os p\u00fablicos do concelho, assume um papel relevante na valoriza\u00e7\u00e3o pessoal dos utentes, estimulando mem\u00f3rias, incentivando a participa\u00e7\u00e3o ativa na comunidade e fortalecendo o sentimento de perten\u00e7a.<\/p>\n\n\n\n<p>A tarde festiva contou com a presen\u00e7a da vereadora da A\u00e7\u00e3o Social, S\u00f3nia Guerreiro, que se associou \u00e0 celebra\u00e7\u00e3o trajada como \u201cFlorista dos Sonhos Doces\u201d, e do vereador Ant\u00f3nio Quintas. O ambiente foi marcado por m\u00fasica, dan\u00e7a e anima\u00e7\u00e3o ao som do DJ Zacarias, na mesma pista que, poucas horas antes, acolhera centenas de foli\u00f5es na Festa de Carnaval subordinada ao tema \u201cEgito Antigo\u201d.<\/p>\n\n\n\n<p>A autarquia destacou ainda a colabora\u00e7\u00e3o do Grupo de Voluntariado \u201cDe M\u00e3os Dadas\u201d, cujo contributo foi determinante para o sucesso da iniciativa, assegurando apoio e acompanhamento aos participantes.<\/p>\n","protected":false},"excerpt":{"rendered":"<p>O Carnaval voltou a ser sin\u00f3nimo de alegria e partilha no concelho de Vila Nova de Cerveira, com a realiza\u00e7\u00e3o de mais uma edi\u00e7\u00e3o do Carnaval das IPSS, que reuniu cerca de 130 utentes de sete institui\u00e7\u00f5es locais na tenda iglo instalada no Parque de Lazer do Castelinho. A iniciativa, promovida pela C\u00e2mara Municipal em [&hellip;]<\/p>\n","protected":false},"author":1,"featured_media":128773,"comment_status":"closed","ping_status":"closed","sticky":false,"template":"","format":"standard","meta":{"_exactmetrics_skip_tracking":false,"_exactmetrics_sitenote_active":false,"_exactmetrics_sitenote_note":"","_exactmetrics_sitenote_category":0,"footnotes":""},"categories":[15],"tags":[19,27],"class_list":["post-128772","post","type-post","status-publish","format-standard","has-post-thumbnail","hentry","category-vila-nova-de-cerveira","tag-cultura","tag-sociedade"],"yoast_head":"<!-- This site is optimized with the Yoast SEO Premium plugin v27.5 (Yoast SEO v27.5) - https:\/\/yoast.com\/product\/yoast-seo-premium-wordpress\/ -->\n<title>Carnaval das IPSS re\u00fane 130 utentes no Parque de Lazer do Castelinho<\/title>\n<meta name=\"robots\" content=\"index, follow, max-snippet:-1, max-image-preview:large, max-video-preview:-1\" \/>\n<link rel=\"canonical\" href=\"https:\/\/www.altominho.tv\/site\/2026\/02\/20\/carnaval-das-ipss-reune-130-utentes-no-parque-de-lazer-do-castelinho\/\" \/>\n<meta property=\"og:locale\" content=\"pt_PT\" \/>\n<meta property=\"og:type\" content=\"article\" \/>\n<meta property=\"og:title\" content=\"Carnaval das IPSS re\u00fane 130 utentes no Parque de Lazer do Castelinho\" \/>\n<meta property=\"og:description\" content=\"O Carnaval voltou a ser sin\u00f3nimo de alegria e partilha no concelho de Vila Nova de Cerveira, com a realiza\u00e7\u00e3o de mais uma edi\u00e7\u00e3o do Carnaval das IPSS, que reuniu cerca de 130 utentes de sete institui\u00e7\u00f5es locais na tenda iglo instalada no Parque de Lazer do Castelinho. A iniciativa, promovida pela C\u00e2mara Municipal em [&hellip;]\" \/>\n<meta property=\"og:url\" content=\"https:\/\/www.altominho.tv\/site\/2026\/02\/20\/carnaval-das-ipss-reune-130-utentes-no-parque-de-lazer-do-castelinho\/\" \/>\n<meta property=\"og:site_name\" content=\"Altominho.tv\" \/>\n<meta property=\"article:publisher\" content=\"https:\/\/www.facebook.com\/altominhotv\" \/>\n<meta property=\"article:published_time\" content=\"2026-02-20T10:35:03+00:00\" \/>\n<meta property=\"article:modified_time\" content=\"2026-02-20T10:35:10+00:00\" \/>\n<meta property=\"og:image\" content=\"https:\/\/www.altominho.tv\/site\/wp-content\/uploads\/2026\/02\/Carnaval-1.png\" \/>\n\t<meta property=\"og:image:width\" content=\"1200\" \/>\n\t<meta property=\"og:image:height\" content=\"630\" \/>\n\t<meta property=\"og:image:type\" content=\"image\/png\" \/>\n<meta name=\"author\" content=\"Altominho.tv\" \/>\n<meta name=\"twitter:card\" content=\"summary_large_image\" \/>\n<meta name=\"twitter:creator\" content=\"@altominhoTV\" \/>\n<meta name=\"twitter:site\" content=\"@altominhoTV\" \/>\n<meta name=\"twitter:label1\" content=\"Escrito por\" \/>\n\t<meta name=\"twitter:data1\" content=\"Altominho.tv\" \/>\n\t<meta name=\"twitter:label2\" content=\"Tempo estimado de leitura\" \/>\n\t<meta name=\"twitter:data2\" content=\"3 minutos\" \/>\n<script type=\"application\/ld+json\" class=\"yoast-schema-graph\">{\"@context\":\"https:\\\/\\\/schema.org\",\"@graph\":[{\"@type\":\"Article\",\"@id\":\"https:\\\/\\\/www.altominho.tv\\\/site\\\/2026\\\/02\\\/20\\\/carnaval-das-ipss-reune-130-utentes-no-parque-de-lazer-do-castelinho\\\/#article\",\"isPartOf\":{\"@id\":\"https:\\\/\\\/www.altominho.tv\\\/site\\\/2026\\\/02\\\/20\\\/carnaval-das-ipss-reune-130-utentes-no-parque-de-lazer-do-castelinho\\\/\"},\"author\":{\"name\":\"Altominho.tv\",\"@id\":\"https:\\\/\\\/www.altominho.tv\\\/site\\\/#\\\/schema\\\/person\\\/4e536851627d7914baf3dac752b6af22\"},\"headline\":\"Carnaval das IPSS re\u00fane 130 utentes no Parque de Lazer do Castelinho\",\"datePublished\":\"2026-02-20T10:35:03+00:00\",\"dateModified\":\"2026-02-20T10:35:10+00:00\",\"mainEntityOfPage\":{\"@id\":\"https:\\\/\\\/www.altominho.tv\\\/site\\\/2026\\\/02\\\/20\\\/carnaval-das-ipss-reune-130-utentes-no-parque-de-lazer-do-castelinho\\\/\"},\"wordCount\":414,\"image\":{\"@id\":\"https:\\\/\\\/www.altominho.tv\\\/site\\\/2026\\\/02\\\/20\\\/carnaval-das-ipss-reune-130-utentes-no-parque-de-lazer-do-castelinho\\\/#primaryimage\"},\"thumbnailUrl\":\"https:\\\/\\\/www.altominho.tv\\\/site\\\/wp-content\\\/uploads\\\/2026\\\/02\\\/Carnaval-1.png\",\"keywords\":[\"Cultura\",\"Sociedade\"],\"articleSection\":[\"Vila Nova de Cerveira\"],\"inLanguage\":\"pt-PT\",\"copyrightYear\":\"2026\",\"copyrightHolder\":{\"@id\":\"https:\\\/\\\/www.altominho.tv\\\/site\\\/#organization\"}},{\"@type\":\"WebPage\",\"@id\":\"https:\\\/\\\/www.altominho.tv\\\/site\\\/2026\\\/02\\\/20\\\/carnaval-das-ipss-reune-130-utentes-no-parque-de-lazer-do-castelinho\\\/\",\"url\":\"https:\\\/\\\/www.altominho.tv\\\/site\\\/2026\\\/02\\\/20\\\/carnaval-das-ipss-reune-130-utentes-no-parque-de-lazer-do-castelinho\\\/\",\"name\":\"Carnaval das IPSS re\u00fane 130 utentes no Parque de Lazer do Castelinho\",\"isPartOf\":{\"@id\":\"https:\\\/\\\/www.altominho.tv\\\/site\\\/#website\"},\"primaryImageOfPage\":{\"@id\":\"https:\\\/\\\/www.altominho.tv\\\/site\\\/2026\\\/02\\\/20\\\/carnaval-das-ipss-reune-130-utentes-no-parque-de-lazer-do-castelinho\\\/#primaryimage\"},\"image\":{\"@id\":\"https:\\\/\\\/www.altominho.tv\\\/site\\\/2026\\\/02\\\/20\\\/carnaval-das-ipss-reune-130-utentes-no-parque-de-lazer-do-castelinho\\\/#primaryimage\"},\"thumbnailUrl\":\"https:\\\/\\\/www.altominho.tv\\\/site\\\/wp-content\\\/uploads\\\/2026\\\/02\\\/Carnaval-1.png\",\"datePublished\":\"2026-02-20T10:35:03+00:00\",\"dateModified\":\"2026-02-20T10:35:10+00:00\",\"author\":{\"@id\":\"https:\\\/\\\/www.altominho.tv\\\/site\\\/#\\\/schema\\\/person\\\/4e536851627d7914baf3dac752b6af22\"},\"breadcrumb\":{\"@id\":\"https:\\\/\\\/www.altominho.tv\\\/site\\\/2026\\\/02\\\/20\\\/carnaval-das-ipss-reune-130-utentes-no-parque-de-lazer-do-castelinho\\\/#breadcrumb\"},\"inLanguage\":\"pt-PT\",\"potentialAction\":[{\"@type\":\"ReadAction\",\"target\":[\"https:\\\/\\\/www.altominho.tv\\\/site\\\/2026\\\/02\\\/20\\\/carnaval-das-ipss-reune-130-utentes-no-parque-de-lazer-do-castelinho\\\/\"]}]},{\"@type\":\"ImageObject\",\"inLanguage\":\"pt-PT\",\"@id\":\"https:\\\/\\\/www.altominho.tv\\\/site\\\/2026\\\/02\\\/20\\\/carnaval-das-ipss-reune-130-utentes-no-parque-de-lazer-do-castelinho\\\/#primaryimage\",\"url\":\"https:\\\/\\\/www.altominho.tv\\\/site\\\/wp-content\\\/uploads\\\/2026\\\/02\\\/Carnaval-1.png\",\"contentUrl\":\"https:\\\/\\\/www.altominho.tv\\\/site\\\/wp-content\\\/uploads\\\/2026\\\/02\\\/Carnaval-1.png\",\"width\":1200,\"height\":630},{\"@type\":\"BreadcrumbList\",\"@id\":\"https:\\\/\\\/www.altominho.tv\\\/site\\\/2026\\\/02\\\/20\\\/carnaval-das-ipss-reune-130-utentes-no-parque-de-lazer-do-castelinho\\\/#breadcrumb\",\"itemListElement\":[{\"@type\":\"ListItem\",\"position\":1,\"name\":\"In\u00edcio\",\"item\":\"https:\\\/\\\/www.altominho.tv\\\/site\\\/\"},{\"@type\":\"ListItem\",\"position\":2,\"name\":\"Carnaval das IPSS re\u00fane 130 utentes no Parque de Lazer do Castelinho\"}]},{\"@type\":\"WebSite\",\"@id\":\"https:\\\/\\\/www.altominho.tv\\\/site\\\/#website\",\"url\":\"https:\\\/\\\/www.altominho.tv\\\/site\\\/\",\"name\":\"Altominho.tv\",\"description\":\"A sua regi\u00e3o \u00e0 dist\u00e2ncia de um clique...\",\"potentialAction\":[{\"@type\":\"SearchAction\",\"target\":{\"@type\":\"EntryPoint\",\"urlTemplate\":\"https:\\\/\\\/www.altominho.tv\\\/site\\\/?s={search_term_string}\"},\"query-input\":{\"@type\":\"PropertyValueSpecification\",\"valueRequired\":true,\"valueName\":\"search_term_string\"}}],\"inLanguage\":\"pt-PT\"},{\"@type\":\"Person\",\"@id\":\"https:\\\/\\\/www.altominho.tv\\\/site\\\/#\\\/schema\\\/person\\\/4e536851627d7914baf3dac752b6af22\",\"name\":\"Altominho.tv\",\"image\":{\"@type\":\"ImageObject\",\"inLanguage\":\"pt-PT\",\"@id\":\"https:\\\/\\\/www.altominho.tv\\\/site\\\/wp-content\\\/uploads\\\/2019\\\/11\\\/Logo_Avatar_2-150x150.jpg\",\"url\":\"https:\\\/\\\/www.altominho.tv\\\/site\\\/wp-content\\\/uploads\\\/2019\\\/11\\\/Logo_Avatar_2-150x150.jpg\",\"contentUrl\":\"https:\\\/\\\/www.altominho.tv\\\/site\\\/wp-content\\\/uploads\\\/2019\\\/11\\\/Logo_Avatar_2-150x150.jpg\",\"caption\":\"Altominho.tv\"},\"url\":\"https:\\\/\\\/www.altominho.tv\\\/site\\\/author\\\/altominhotv-tecnico\\\/\"}]}<\/script>\n<!-- \/ Yoast SEO Premium plugin. -->","yoast_head_json":{"title":"Carnaval das IPSS re\u00fane 130 utentes no Parque de Lazer do Castelinho","robots":{"index":"index","follow":"follow","max-snippet":"max-snippet:-1","max-image-preview":"max-image-preview:large","max-video-preview":"max-video-preview:-1"},"canonical":"https:\/\/www.altominho.tv\/site\/2026\/02\/20\/carnaval-das-ipss-reune-130-utentes-no-parque-de-lazer-do-castelinho\/","og_locale":"pt_PT","og_type":"article","og_title":"Carnaval das IPSS re\u00fane 130 utentes no Parque de Lazer do Castelinho","og_description":"O Carnaval voltou a ser sin\u00f3nimo de alegria e partilha no concelho de Vila Nova de Cerveira, com a realiza\u00e7\u00e3o de mais uma edi\u00e7\u00e3o do Carnaval das IPSS, que reuniu cerca de 130 utentes de sete institui\u00e7\u00f5es locais na tenda iglo instalada no Parque de Lazer do Castelinho. A iniciativa, promovida pela C\u00e2mara Municipal em [&hellip;]","og_url":"https:\/\/www.altominho.tv\/site\/2026\/02\/20\/carnaval-das-ipss-reune-130-utentes-no-parque-de-lazer-do-castelinho\/","og_site_name":"Altominho.tv","article_publisher":"https:\/\/www.facebook.com\/altominhotv","article_published_time":"2026-02-20T10:35:03+00:00","article_modified_time":"2026-02-20T10:35:10+00:00","og_image":[{"width":1200,"height":630,"url":"https:\/\/www.altominho.tv\/site\/wp-content\/uploads\/2026\/02\/Carnaval-1.png","type":"image\/png"}],"author":"Altominho.tv","twitter_card":"summary_large_image","twitter_creator":"@altominhoTV","twitter_site":"@altominhoTV","twitter_misc":{"Escrito por":"Altominho.tv","Tempo estimado de leitura":"3 minutos"},"schema":{"@context":"https:\/\/schema.org","@graph":[{"@type":"Article","@id":"https:\/\/www.altominho.tv\/site\/2026\/02\/20\/carnaval-das-ipss-reune-130-utentes-no-parque-de-lazer-do-castelinho\/#article","isPartOf":{"@id":"https:\/\/www.altominho.tv\/site\/2026\/02\/20\/carnaval-das-ipss-reune-130-utentes-no-parque-de-lazer-do-castelinho\/"},"author":{"name":"Altominho.tv","@id":"https:\/\/www.altominho.tv\/site\/#\/schema\/person\/4e536851627d7914baf3dac752b6af22"},"headline":"Carnaval das IPSS re\u00fane 130 utentes no Parque de Lazer do Castelinho","datePublished":"2026-02-20T10:35:03+00:00","dateModified":"2026-02-20T10:35:10+00:00","mainEntityOfPage":{"@id":"https:\/\/www.altominho.tv\/site\/2026\/02\/20\/carnaval-das-ipss-reune-130-utentes-no-parque-de-lazer-do-castelinho\/"},"wordCount":414,"image":{"@id":"https:\/\/www.altominho.tv\/site\/2026\/02\/20\/carnaval-das-ipss-reune-130-utentes-no-parque-de-lazer-do-castelinho\/#primaryimage"},"thumbnailUrl":"https:\/\/www.altominho.tv\/site\/wp-content\/uploads\/2026\/02\/Carnaval-1.png","keywords":["Cultura","Sociedade"],"articleSection":["Vila Nova de Cerveira"],"inLanguage":"pt-PT","copyrightYear":"2026","copyrightHolder":{"@id":"https:\/\/www.altominho.tv\/site\/#organization"}},{"@type":"WebPage","@id":"https:\/\/www.altominho.tv\/site\/2026\/02\/20\/carnaval-das-ipss-reune-130-utentes-no-parque-de-lazer-do-castelinho\/","url":"https:\/\/www.altominho.tv\/site\/2026\/02\/20\/carnaval-das-ipss-reune-130-utentes-no-parque-de-lazer-do-castelinho\/","name":"Carnaval das IPSS re\u00fane 130 utentes no Parque de Lazer do Castelinho","isPartOf":{"@id":"https:\/\/www.altominho.tv\/site\/#website"},"primaryImageOfPage":{"@id":"https:\/\/www.altominho.tv\/site\/2026\/02\/20\/carnaval-das-ipss-reune-130-utentes-no-parque-de-lazer-do-castelinho\/#primaryimage"},"image":{"@id":"https:\/\/www.altominho.tv\/site\/2026\/02\/20\/carnaval-das-ipss-reune-130-utentes-no-parque-de-lazer-do-castelinho\/#primaryimage"},"thumbnailUrl":"https:\/\/www.altominho.tv\/site\/wp-content\/uploads\/2026\/02\/Carnaval-1.png","datePublished":"2026-02-20T10:35:03+00:00","dateModified":"2026-02-20T10:35:10+00:00","author":{"@id":"https:\/\/www.altominho.tv\/site\/#\/schema\/person\/4e536851627d7914baf3dac752b6af22"},"breadcrumb":{"@id":"https:\/\/www.altominho.tv\/site\/2026\/02\/20\/carnaval-das-ipss-reune-130-utentes-no-parque-de-lazer-do-castelinho\/#breadcrumb"},"inLanguage":"pt-PT","potentialAction":[{"@type":"ReadAction","target":["https:\/\/www.altominho.tv\/site\/2026\/02\/20\/carnaval-das-ipss-reune-130-utentes-no-parque-de-lazer-do-castelinho\/"]}]},{"@type":"ImageObject","inLanguage":"pt-PT","@id":"https:\/\/www.altominho.tv\/site\/2026\/02\/20\/carnaval-das-ipss-reune-130-utentes-no-parque-de-lazer-do-castelinho\/#primaryimage","url":"https:\/\/www.altominho.tv\/site\/wp-content\/uploads\/2026\/02\/Carnaval-1.png","contentUrl":"https:\/\/www.altominho.tv\/site\/wp-content\/uploads\/2026\/02\/Carnaval-1.png","width":1200,"height":630},{"@type":"BreadcrumbList","@id":"https:\/\/www.altominho.tv\/site\/2026\/02\/20\/carnaval-das-ipss-reune-130-utentes-no-parque-de-lazer-do-castelinho\/#breadcrumb","itemListElement":[{"@type":"ListItem","position":1,"name":"In\u00edcio","item":"https:\/\/www.altominho.tv\/site\/"},{"@type":"ListItem","position":2,"name":"Carnaval das IPSS re\u00fane 130 utentes no Parque de Lazer do Castelinho"}]},{"@type":"WebSite","@id":"https:\/\/www.altominho.tv\/site\/#website","url":"https:\/\/www.altominho.tv\/site\/","name":"Altominho.tv","description":"A sua regi\u00e3o \u00e0 dist\u00e2ncia de um clique...","potentialAction":[{"@type":"SearchAction","target":{"@type":"EntryPoint","urlTemplate":"https:\/\/www.altominho.tv\/site\/?s={search_term_string}"},"query-input":{"@type":"PropertyValueSpecification","valueRequired":true,"valueName":"search_term_string"}}],"inLanguage":"pt-PT"},{"@type":"Person","@id":"https:\/\/www.altominho.tv\/site\/#\/schema\/person\/4e536851627d7914baf3dac752b6af22","name":"Altominho.tv","image":{"@type":"ImageObject","inLanguage":"pt-PT","@id":"https:\/\/www.altominho.tv\/site\/wp-content\/uploads\/2019\/11\/Logo_Avatar_2-150x150.jpg","url":"https:\/\/www.altominho.tv\/site\/wp-content\/uploads\/2019\/11\/Logo_Avatar_2-150x150.jpg","contentUrl":"https:\/\/www.altominho.tv\/site\/wp-content\/uploads\/2019\/11\/Logo_Avatar_2-150x150.jpg","caption":"Altominho.tv"},"url":"https:\/\/www.altominho.tv\/site\/author\/altominhotv-tecnico\/"}]}},"_links":{"self":[{"href":"https:\/\/www.altominho.tv\/site\/wp-json\/wp\/v2\/posts\/128772","targetHints":{"allow":["GET"]}}],"collection":[{"href":"https:\/\/www.altominho.tv\/site\/wp-json\/wp\/v2\/posts"}],"about":[{"href":"https:\/\/www.altominho.tv\/site\/wp-json\/wp\/v2\/types\/post"}],"author":[{"embeddable":true,"href":"https:\/\/www.altominho.tv\/site\/wp-json\/wp\/v2\/users\/1"}],"replies":[{"embeddable":true,"href":"https:\/\/www.altominho.tv\/site\/wp-json\/wp\/v2\/comments?post=128772"}],"version-history":[{"count":1,"href":"https:\/\/www.altominho.tv\/site\/wp-json\/wp\/v2\/posts\/128772\/revisions"}],"predecessor-version":[{"id":128774,"href":"https:\/\/www.altominho.tv\/site\/wp-json\/wp\/v2\/posts\/128772\/revisions\/128774"}],"wp:featuredmedia":[{"embeddable":true,"href":"https:\/\/www.altominho.tv\/site\/wp-json\/wp\/v2\/media\/128773"}],"wp:attachment":[{"href":"https:\/\/www.altominho.tv\/site\/wp-json\/wp\/v2\/media?parent=128772"}],"wp:term":[{"taxonomy":"category","embeddable":true,"href":"https:\/\/www.altominho.tv\/site\/wp-json\/wp\/v2\/categories?post=128772"},{"taxonomy":"post_tag","embeddable":true,"href":"https:\/\/www.altominho.tv\/site\/wp-json\/wp\/v2\/tags?post=128772"}],"curies":[{"name":"wp","href":"https:\/\/api.w.org\/{rel}","templated":true}]}}