{"id":128592,"date":"2026-02-16T12:38:12","date_gmt":"2026-02-16T12:38:12","guid":{"rendered":"https:\/\/www.altominho.tv\/site\/?p=128592"},"modified":"2026-02-16T12:38:16","modified_gmt":"2026-02-16T12:38:16","slug":"vela-de-santa-marta-de-portuzelo-candidata-a-patrimonio-cultural-imaterial-de-portugal","status":"publish","type":"post","link":"https:\/\/www.altominho.tv\/site\/2026\/02\/16\/vela-de-santa-marta-de-portuzelo-candidata-a-patrimonio-cultural-imaterial-de-portugal\/","title":{"rendered":"Vela de Santa Marta de Portuzelo candidata a Patrim\u00f3nio Cultural Imaterial de Portugal"},"content":{"rendered":"<p>A inscri\u00e7\u00e3o da vela votiva de Santa Marta de Portuzelo, em Viana do Castelo, no Invent\u00e1rio Nacional do Patrim\u00f3nio Cultural Imaterial entrou hoje em consulta p\u00fablica, durante 30 dias, segundo an\u00fancio publicado em Di\u00e1rio da Rep\u00fablica.<\/p>\n<p>De acordo com o documento hoje publicado, a decis\u00e3o do Patrim\u00f3nio Cultural IP sobre o pedido de inventaria\u00e7\u00e3o da &#8220;Vela Votiva de Santa Marta de Portuzelo&#8221; ser\u00e1 conhecida no prazo de 120 dias ap\u00f3s a conclus\u00e3o do per\u00edodo da consulta p\u00fablica.<\/p>\n<p>Segundo a p\u00e1gina\u00a0 Vela Votiva de Santa Marta (VVSM), hoje consultada pela Lusa, aquele adere\u00e7o empunhado pelas mordomas foi criado na d\u00e9cada de 50 do s\u00e9culo passado, por \u00c1lvaro Sales Gomes.<\/p>\n<p>O artes\u00e3o, natural de Santa Marta de Portuzelo, criou a vela votiva de Santa Marta para figurar no cortejo da Mordomia da Romaria de Santa Marta. A vela \u201ctem cera, mede 55 cent\u00edmetros (cm) de comprimento e 1,5 cm de di\u00e2metro, rondando os 200 gramas de peso\u201d.<\/p>\n<p>\u00c9 \u201cconstitu\u00edda por uma arma\u00e7\u00e3o de madeira para manter direita e segura a fim de engrinaldar. A arma\u00e7\u00e3o de madeira d\u00e1 mais cinco cent\u00edmetros \u00e0 altura da vela. Desta forma fica com 60 cm de comprimento, dos quais 15 cm pertencem \u00e0 cera nua, 35 cm \u00e0s grinaldas e, por fim, os restantes 10 cm \u00e0 base ou punho da vela\u201d.<\/p>\n<p>\u201cAs grinaldas s\u00e3o de papel metalizado prateado e vermelho. De papel prateado s\u00e3o as flores de imita\u00e7\u00e3o de malmequeres e vermelho s\u00e3o os bot\u00f5es de rosa, s\u00edmbolos que caracterizam a freguesia como uma sociedade agr\u00edcola. Os bot\u00f5es s\u00e3o azuis para a vela empunhada pela mordoma que de luto esteja. As grinaldas s\u00e3o colocadas de forma a criar um tronco de cone com aproximadamente 15 cm de di\u00e2metro, prendem-se na base com gal\u00e3o e forra-se com papel metalizado prateado. Seguidamente, cobre-se as grinaldas com trena e coloca-se a bobeche sobre as grinaldas. Na base, d\u00e1-se um la\u00e7o em fita de seda com 5 cm de largo e 200 cm de comprimento\u201d, l\u00ea-se na publica\u00e7\u00e3o.<\/p>\n<p>H\u00e1 ainda uma lenda associada \u00e0 vela votiva, segundo a p\u00e1gina criada para divulgar esta pe\u00e7a de artesanato tradicional, que versa que &#8220;as mordomas s\u00e3o raparigas que, formando grupos, t\u00eam a responsabilidade de ajudar e promover a romaria da festa do Santo venerado na terra em que vivem&#8221;.<\/p>\n<p>S\u00e3o &#8220;solteiras e a condi\u00e7\u00e3o exige que sejam donzelas. O tempo de dura\u00e7\u00e3o da missa \u00e9 para elas angustiante pelo receio de que a vela se possa apagar&#8221;, refere, acrescentando que, &#8220;se por alguma corrente de ar ou sopro maldoso a vela se apaga durante a missa, tal acontecimento dava azo a uma interpreta\u00e7\u00e3o que em nada abonava a mordoma portadora de tal vela.<\/p>\n<p>\u201cApag\u00e1-la \u00e9 castigo de Santo que n\u00e3o aceita o embuste de quem j\u00e1 n\u00e3o sendo\u00a0virgem por ela quer passar&#8221;, reza a lenda.<\/p>\n","protected":false},"excerpt":{"rendered":"<p>A inscri\u00e7\u00e3o da vela votiva de Santa Marta de Portuzelo, em Viana do Castelo, no Invent\u00e1rio Nacional do Patrim\u00f3nio Cultural Imaterial entrou hoje em consulta p\u00fablica, durante 30 dias, segundo an\u00fancio publicado em Di\u00e1rio da Rep\u00fablica. De acordo com o documento hoje publicado, a decis\u00e3o do Patrim\u00f3nio Cultural IP sobre o pedido de inventaria\u00e7\u00e3o da [&hellip;]<\/p>\n","protected":false},"author":13,"featured_media":128593,"comment_status":"closed","ping_status":"closed","sticky":false,"template":"","format":"standard","meta":{"_exactmetrics_skip_tracking":false,"_exactmetrics_sitenote_active":false,"_exactmetrics_sitenote_note":"","_exactmetrics_sitenote_category":0,"footnotes":""},"categories":[14],"tags":[19],"class_list":["post-128592","post","type-post","status-publish","format-standard","has-post-thumbnail","hentry","category-viana-do-castelo","tag-cultura"],"yoast_head":"<!-- This site is optimized with the Yoast SEO Premium plugin v27.5 (Yoast SEO v27.5) - https:\/\/yoast.com\/product\/yoast-seo-premium-wordpress\/ -->\n<title>Vela de Santa Marta de Portuzelo candidata a Patrim\u00f3nio Cultural Imaterial de Portugal<\/title>\n<meta name=\"description\" content=\"De acordo com o documento hoje publicado, a decis\u00e3o do Patrim\u00f3nio Cultural IP sobre o pedido de inventaria\u00e7\u00e3o da &quot;Vela Votiva de Santa Marta de Portuzelo&quot; ser\u00e1 conhecida no prazo de 120 dias ap\u00f3s a conclus\u00e3o do per\u00edodo da consulta p\u00fablica.\" \/>\n<meta name=\"robots\" content=\"index, follow, max-snippet:-1, max-image-preview:large, max-video-preview:-1\" \/>\n<link rel=\"canonical\" href=\"https:\/\/www.altominho.tv\/site\/2026\/02\/16\/vela-de-santa-marta-de-portuzelo-candidata-a-patrimonio-cultural-imaterial-de-portugal\/\" \/>\n<meta property=\"og:locale\" content=\"pt_PT\" \/>\n<meta property=\"og:type\" content=\"article\" \/>\n<meta property=\"og:title\" content=\"Vela de Santa Marta de Portuzelo candidata a Patrim\u00f3nio Cultural Imaterial de Portugal\" \/>\n<meta property=\"og:description\" content=\"De acordo com o documento hoje publicado, a decis\u00e3o do Patrim\u00f3nio Cultural IP sobre o pedido de inventaria\u00e7\u00e3o da &quot;Vela Votiva de Santa Marta de Portuzelo&quot; ser\u00e1 conhecida no prazo de 120 dias ap\u00f3s a conclus\u00e3o do per\u00edodo da consulta p\u00fablica.\" \/>\n<meta property=\"og:url\" content=\"https:\/\/www.altominho.tv\/site\/2026\/02\/16\/vela-de-santa-marta-de-portuzelo-candidata-a-patrimonio-cultural-imaterial-de-portugal\/\" \/>\n<meta property=\"og:site_name\" content=\"Altominho.tv\" \/>\n<meta property=\"article:publisher\" content=\"https:\/\/www.facebook.com\/altominhotv\" \/>\n<meta property=\"article:published_time\" content=\"2026-02-16T12:38:12+00:00\" \/>\n<meta property=\"article:modified_time\" content=\"2026-02-16T12:38:16+00:00\" \/>\n<meta property=\"og:image\" content=\"https:\/\/www.altominho.tv\/site\/wp-content\/uploads\/2026\/02\/Vela-votiva-de-Santa-Marta.jpg\" \/>\n\t<meta property=\"og:image:width\" content=\"1200\" \/>\n\t<meta property=\"og:image:height\" content=\"630\" \/>\n\t<meta property=\"og:image:type\" content=\"image\/jpeg\" \/>\n<meta name=\"author\" content=\"Lusa\" \/>\n<meta name=\"twitter:card\" content=\"summary_large_image\" \/>\n<meta name=\"twitter:creator\" content=\"@altominhoTV\" \/>\n<meta name=\"twitter:site\" content=\"@altominhoTV\" \/>\n<meta name=\"twitter:label1\" content=\"Escrito por\" \/>\n\t<meta name=\"twitter:data1\" content=\"Lusa\" \/>\n\t<meta name=\"twitter:label2\" content=\"Tempo estimado de leitura\" \/>\n\t<meta name=\"twitter:data2\" content=\"3 minutos\" \/>\n<script type=\"application\/ld+json\" class=\"yoast-schema-graph\">{\"@context\":\"https:\\\/\\\/schema.org\",\"@graph\":[{\"@type\":\"Article\",\"@id\":\"https:\\\/\\\/www.altominho.tv\\\/site\\\/2026\\\/02\\\/16\\\/vela-de-santa-marta-de-portuzelo-candidata-a-patrimonio-cultural-imaterial-de-portugal\\\/#article\",\"isPartOf\":{\"@id\":\"https:\\\/\\\/www.altominho.tv\\\/site\\\/2026\\\/02\\\/16\\\/vela-de-santa-marta-de-portuzelo-candidata-a-patrimonio-cultural-imaterial-de-portugal\\\/\"},\"author\":{\"name\":\"Lusa\",\"@id\":\"https:\\\/\\\/www.altominho.tv\\\/site\\\/#\\\/schema\\\/person\\\/63f693da3e1899361cbe955c46f3232e\"},\"headline\":\"Vela de Santa Marta de Portuzelo candidata a Patrim\u00f3nio Cultural Imaterial de Portugal\",\"datePublished\":\"2026-02-16T12:38:12+00:00\",\"dateModified\":\"2026-02-16T12:38:16+00:00\",\"mainEntityOfPage\":{\"@id\":\"https:\\\/\\\/www.altominho.tv\\\/site\\\/2026\\\/02\\\/16\\\/vela-de-santa-marta-de-portuzelo-candidata-a-patrimonio-cultural-imaterial-de-portugal\\\/\"},\"wordCount\":510,\"image\":{\"@id\":\"https:\\\/\\\/www.altominho.tv\\\/site\\\/2026\\\/02\\\/16\\\/vela-de-santa-marta-de-portuzelo-candidata-a-patrimonio-cultural-imaterial-de-portugal\\\/#primaryimage\"},\"thumbnailUrl\":\"https:\\\/\\\/www.altominho.tv\\\/site\\\/wp-content\\\/uploads\\\/2026\\\/02\\\/Vela-votiva-de-Santa-Marta.jpg\",\"keywords\":[\"Cultura\"],\"articleSection\":[\"Viana do Castelo\"],\"inLanguage\":\"pt-PT\",\"copyrightYear\":\"2026\",\"copyrightHolder\":{\"@id\":\"https:\\\/\\\/www.altominho.tv\\\/site\\\/#organization\"}},{\"@type\":\"WebPage\",\"@id\":\"https:\\\/\\\/www.altominho.tv\\\/site\\\/2026\\\/02\\\/16\\\/vela-de-santa-marta-de-portuzelo-candidata-a-patrimonio-cultural-imaterial-de-portugal\\\/\",\"url\":\"https:\\\/\\\/www.altominho.tv\\\/site\\\/2026\\\/02\\\/16\\\/vela-de-santa-marta-de-portuzelo-candidata-a-patrimonio-cultural-imaterial-de-portugal\\\/\",\"name\":\"Vela de Santa Marta de Portuzelo candidata a Patrim\u00f3nio Cultural Imaterial de Portugal\",\"isPartOf\":{\"@id\":\"https:\\\/\\\/www.altominho.tv\\\/site\\\/#website\"},\"primaryImageOfPage\":{\"@id\":\"https:\\\/\\\/www.altominho.tv\\\/site\\\/2026\\\/02\\\/16\\\/vela-de-santa-marta-de-portuzelo-candidata-a-patrimonio-cultural-imaterial-de-portugal\\\/#primaryimage\"},\"image\":{\"@id\":\"https:\\\/\\\/www.altominho.tv\\\/site\\\/2026\\\/02\\\/16\\\/vela-de-santa-marta-de-portuzelo-candidata-a-patrimonio-cultural-imaterial-de-portugal\\\/#primaryimage\"},\"thumbnailUrl\":\"https:\\\/\\\/www.altominho.tv\\\/site\\\/wp-content\\\/uploads\\\/2026\\\/02\\\/Vela-votiva-de-Santa-Marta.jpg\",\"datePublished\":\"2026-02-16T12:38:12+00:00\",\"dateModified\":\"2026-02-16T12:38:16+00:00\",\"author\":{\"@id\":\"https:\\\/\\\/www.altominho.tv\\\/site\\\/#\\\/schema\\\/person\\\/63f693da3e1899361cbe955c46f3232e\"},\"description\":\"De acordo com o documento hoje publicado, a decis\u00e3o do Patrim\u00f3nio Cultural IP sobre o pedido de inventaria\u00e7\u00e3o da \\\"Vela Votiva de Santa Marta de Portuzelo\\\" ser\u00e1 conhecida no prazo de 120 dias ap\u00f3s a conclus\u00e3o do per\u00edodo da consulta p\u00fablica.\",\"breadcrumb\":{\"@id\":\"https:\\\/\\\/www.altominho.tv\\\/site\\\/2026\\\/02\\\/16\\\/vela-de-santa-marta-de-portuzelo-candidata-a-patrimonio-cultural-imaterial-de-portugal\\\/#breadcrumb\"},\"inLanguage\":\"pt-PT\",\"potentialAction\":[{\"@type\":\"ReadAction\",\"target\":[\"https:\\\/\\\/www.altominho.tv\\\/site\\\/2026\\\/02\\\/16\\\/vela-de-santa-marta-de-portuzelo-candidata-a-patrimonio-cultural-imaterial-de-portugal\\\/\"]}]},{\"@type\":\"ImageObject\",\"inLanguage\":\"pt-PT\",\"@id\":\"https:\\\/\\\/www.altominho.tv\\\/site\\\/2026\\\/02\\\/16\\\/vela-de-santa-marta-de-portuzelo-candidata-a-patrimonio-cultural-imaterial-de-portugal\\\/#primaryimage\",\"url\":\"https:\\\/\\\/www.altominho.tv\\\/site\\\/wp-content\\\/uploads\\\/2026\\\/02\\\/Vela-votiva-de-Santa-Marta.jpg\",\"contentUrl\":\"https:\\\/\\\/www.altominho.tv\\\/site\\\/wp-content\\\/uploads\\\/2026\\\/02\\\/Vela-votiva-de-Santa-Marta.jpg\",\"width\":1200,\"height\":630},{\"@type\":\"BreadcrumbList\",\"@id\":\"https:\\\/\\\/www.altominho.tv\\\/site\\\/2026\\\/02\\\/16\\\/vela-de-santa-marta-de-portuzelo-candidata-a-patrimonio-cultural-imaterial-de-portugal\\\/#breadcrumb\",\"itemListElement\":[{\"@type\":\"ListItem\",\"position\":1,\"name\":\"In\u00edcio\",\"item\":\"https:\\\/\\\/www.altominho.tv\\\/site\\\/\"},{\"@type\":\"ListItem\",\"position\":2,\"name\":\"Vela de Santa Marta de Portuzelo candidata a Patrim\u00f3nio Cultural Imaterial de Portugal\"}]},{\"@type\":\"WebSite\",\"@id\":\"https:\\\/\\\/www.altominho.tv\\\/site\\\/#website\",\"url\":\"https:\\\/\\\/www.altominho.tv\\\/site\\\/\",\"name\":\"Altominho.tv\",\"description\":\"A sua regi\u00e3o \u00e0 dist\u00e2ncia de um clique...\",\"potentialAction\":[{\"@type\":\"SearchAction\",\"target\":{\"@type\":\"EntryPoint\",\"urlTemplate\":\"https:\\\/\\\/www.altominho.tv\\\/site\\\/?s={search_term_string}\"},\"query-input\":{\"@type\":\"PropertyValueSpecification\",\"valueRequired\":true,\"valueName\":\"search_term_string\"}}],\"inLanguage\":\"pt-PT\"},{\"@type\":\"Person\",\"@id\":\"https:\\\/\\\/www.altominho.tv\\\/site\\\/#\\\/schema\\\/person\\\/63f693da3e1899361cbe955c46f3232e\",\"name\":\"Lusa\",\"image\":{\"@type\":\"ImageObject\",\"inLanguage\":\"pt-PT\",\"@id\":\"https:\\\/\\\/www.altominho.tv\\\/site\\\/wp-content\\\/uploads\\\/2019\\\/08\\\/LUSA_Logo.gif\",\"url\":\"https:\\\/\\\/www.altominho.tv\\\/site\\\/wp-content\\\/uploads\\\/2019\\\/08\\\/LUSA_Logo.gif\",\"contentUrl\":\"https:\\\/\\\/www.altominho.tv\\\/site\\\/wp-content\\\/uploads\\\/2019\\\/08\\\/LUSA_Logo.gif\",\"caption\":\"Lusa\"},\"sameAs\":[\"http:\\\/\\\/\\\/\\\/www.altominho.tv\\\/site\"],\"url\":\"https:\\\/\\\/www.altominho.tv\\\/site\\\/author\\\/lusa\\\/\"}]}<\/script>\n<!-- \/ Yoast SEO Premium plugin. -->","yoast_head_json":{"title":"Vela de Santa Marta de Portuzelo candidata a Patrim\u00f3nio Cultural Imaterial de Portugal","description":"De acordo com o documento hoje publicado, a decis\u00e3o do Patrim\u00f3nio Cultural IP sobre o pedido de inventaria\u00e7\u00e3o da \"Vela Votiva de Santa Marta de Portuzelo\" ser\u00e1 conhecida no prazo de 120 dias ap\u00f3s a conclus\u00e3o do per\u00edodo da consulta p\u00fablica.","robots":{"index":"index","follow":"follow","max-snippet":"max-snippet:-1","max-image-preview":"max-image-preview:large","max-video-preview":"max-video-preview:-1"},"canonical":"https:\/\/www.altominho.tv\/site\/2026\/02\/16\/vela-de-santa-marta-de-portuzelo-candidata-a-patrimonio-cultural-imaterial-de-portugal\/","og_locale":"pt_PT","og_type":"article","og_title":"Vela de Santa Marta de Portuzelo candidata a Patrim\u00f3nio Cultural Imaterial de Portugal","og_description":"De acordo com o documento hoje publicado, a decis\u00e3o do Patrim\u00f3nio Cultural IP sobre o pedido de inventaria\u00e7\u00e3o da \"Vela Votiva de Santa Marta de Portuzelo\" ser\u00e1 conhecida no prazo de 120 dias ap\u00f3s a conclus\u00e3o do per\u00edodo da consulta p\u00fablica.","og_url":"https:\/\/www.altominho.tv\/site\/2026\/02\/16\/vela-de-santa-marta-de-portuzelo-candidata-a-patrimonio-cultural-imaterial-de-portugal\/","og_site_name":"Altominho.tv","article_publisher":"https:\/\/www.facebook.com\/altominhotv","article_published_time":"2026-02-16T12:38:12+00:00","article_modified_time":"2026-02-16T12:38:16+00:00","og_image":[{"width":1200,"height":630,"url":"https:\/\/www.altominho.tv\/site\/wp-content\/uploads\/2026\/02\/Vela-votiva-de-Santa-Marta.jpg","type":"image\/jpeg"}],"author":"Lusa","twitter_card":"summary_large_image","twitter_creator":"@altominhoTV","twitter_site":"@altominhoTV","twitter_misc":{"Escrito por":"Lusa","Tempo estimado de leitura":"3 minutos"},"schema":{"@context":"https:\/\/schema.org","@graph":[{"@type":"Article","@id":"https:\/\/www.altominho.tv\/site\/2026\/02\/16\/vela-de-santa-marta-de-portuzelo-candidata-a-patrimonio-cultural-imaterial-de-portugal\/#article","isPartOf":{"@id":"https:\/\/www.altominho.tv\/site\/2026\/02\/16\/vela-de-santa-marta-de-portuzelo-candidata-a-patrimonio-cultural-imaterial-de-portugal\/"},"author":{"name":"Lusa","@id":"https:\/\/www.altominho.tv\/site\/#\/schema\/person\/63f693da3e1899361cbe955c46f3232e"},"headline":"Vela de Santa Marta de Portuzelo candidata a Patrim\u00f3nio Cultural Imaterial de Portugal","datePublished":"2026-02-16T12:38:12+00:00","dateModified":"2026-02-16T12:38:16+00:00","mainEntityOfPage":{"@id":"https:\/\/www.altominho.tv\/site\/2026\/02\/16\/vela-de-santa-marta-de-portuzelo-candidata-a-patrimonio-cultural-imaterial-de-portugal\/"},"wordCount":510,"image":{"@id":"https:\/\/www.altominho.tv\/site\/2026\/02\/16\/vela-de-santa-marta-de-portuzelo-candidata-a-patrimonio-cultural-imaterial-de-portugal\/#primaryimage"},"thumbnailUrl":"https:\/\/www.altominho.tv\/site\/wp-content\/uploads\/2026\/02\/Vela-votiva-de-Santa-Marta.jpg","keywords":["Cultura"],"articleSection":["Viana do Castelo"],"inLanguage":"pt-PT","copyrightYear":"2026","copyrightHolder":{"@id":"https:\/\/www.altominho.tv\/site\/#organization"}},{"@type":"WebPage","@id":"https:\/\/www.altominho.tv\/site\/2026\/02\/16\/vela-de-santa-marta-de-portuzelo-candidata-a-patrimonio-cultural-imaterial-de-portugal\/","url":"https:\/\/www.altominho.tv\/site\/2026\/02\/16\/vela-de-santa-marta-de-portuzelo-candidata-a-patrimonio-cultural-imaterial-de-portugal\/","name":"Vela de Santa Marta de Portuzelo candidata a Patrim\u00f3nio Cultural Imaterial de Portugal","isPartOf":{"@id":"https:\/\/www.altominho.tv\/site\/#website"},"primaryImageOfPage":{"@id":"https:\/\/www.altominho.tv\/site\/2026\/02\/16\/vela-de-santa-marta-de-portuzelo-candidata-a-patrimonio-cultural-imaterial-de-portugal\/#primaryimage"},"image":{"@id":"https:\/\/www.altominho.tv\/site\/2026\/02\/16\/vela-de-santa-marta-de-portuzelo-candidata-a-patrimonio-cultural-imaterial-de-portugal\/#primaryimage"},"thumbnailUrl":"https:\/\/www.altominho.tv\/site\/wp-content\/uploads\/2026\/02\/Vela-votiva-de-Santa-Marta.jpg","datePublished":"2026-02-16T12:38:12+00:00","dateModified":"2026-02-16T12:38:16+00:00","author":{"@id":"https:\/\/www.altominho.tv\/site\/#\/schema\/person\/63f693da3e1899361cbe955c46f3232e"},"description":"De acordo com o documento hoje publicado, a decis\u00e3o do Patrim\u00f3nio Cultural IP sobre o pedido de inventaria\u00e7\u00e3o da \"Vela Votiva de Santa Marta de Portuzelo\" ser\u00e1 conhecida no prazo de 120 dias ap\u00f3s a conclus\u00e3o do per\u00edodo da consulta p\u00fablica.","breadcrumb":{"@id":"https:\/\/www.altominho.tv\/site\/2026\/02\/16\/vela-de-santa-marta-de-portuzelo-candidata-a-patrimonio-cultural-imaterial-de-portugal\/#breadcrumb"},"inLanguage":"pt-PT","potentialAction":[{"@type":"ReadAction","target":["https:\/\/www.altominho.tv\/site\/2026\/02\/16\/vela-de-santa-marta-de-portuzelo-candidata-a-patrimonio-cultural-imaterial-de-portugal\/"]}]},{"@type":"ImageObject","inLanguage":"pt-PT","@id":"https:\/\/www.altominho.tv\/site\/2026\/02\/16\/vela-de-santa-marta-de-portuzelo-candidata-a-patrimonio-cultural-imaterial-de-portugal\/#primaryimage","url":"https:\/\/www.altominho.tv\/site\/wp-content\/uploads\/2026\/02\/Vela-votiva-de-Santa-Marta.jpg","contentUrl":"https:\/\/www.altominho.tv\/site\/wp-content\/uploads\/2026\/02\/Vela-votiva-de-Santa-Marta.jpg","width":1200,"height":630},{"@type":"BreadcrumbList","@id":"https:\/\/www.altominho.tv\/site\/2026\/02\/16\/vela-de-santa-marta-de-portuzelo-candidata-a-patrimonio-cultural-imaterial-de-portugal\/#breadcrumb","itemListElement":[{"@type":"ListItem","position":1,"name":"In\u00edcio","item":"https:\/\/www.altominho.tv\/site\/"},{"@type":"ListItem","position":2,"name":"Vela de Santa Marta de Portuzelo candidata a Patrim\u00f3nio Cultural Imaterial de Portugal"}]},{"@type":"WebSite","@id":"https:\/\/www.altominho.tv\/site\/#website","url":"https:\/\/www.altominho.tv\/site\/","name":"Altominho.tv","description":"A sua regi\u00e3o \u00e0 dist\u00e2ncia de um clique...","potentialAction":[{"@type":"SearchAction","target":{"@type":"EntryPoint","urlTemplate":"https:\/\/www.altominho.tv\/site\/?s={search_term_string}"},"query-input":{"@type":"PropertyValueSpecification","valueRequired":true,"valueName":"search_term_string"}}],"inLanguage":"pt-PT"},{"@type":"Person","@id":"https:\/\/www.altominho.tv\/site\/#\/schema\/person\/63f693da3e1899361cbe955c46f3232e","name":"Lusa","image":{"@type":"ImageObject","inLanguage":"pt-PT","@id":"https:\/\/www.altominho.tv\/site\/wp-content\/uploads\/2019\/08\/LUSA_Logo.gif","url":"https:\/\/www.altominho.tv\/site\/wp-content\/uploads\/2019\/08\/LUSA_Logo.gif","contentUrl":"https:\/\/www.altominho.tv\/site\/wp-content\/uploads\/2019\/08\/LUSA_Logo.gif","caption":"Lusa"},"sameAs":["http:\/\/\/\/www.altominho.tv\/site"],"url":"https:\/\/www.altominho.tv\/site\/author\/lusa\/"}]}},"_links":{"self":[{"href":"https:\/\/www.altominho.tv\/site\/wp-json\/wp\/v2\/posts\/128592","targetHints":{"allow":["GET"]}}],"collection":[{"href":"https:\/\/www.altominho.tv\/site\/wp-json\/wp\/v2\/posts"}],"about":[{"href":"https:\/\/www.altominho.tv\/site\/wp-json\/wp\/v2\/types\/post"}],"author":[{"embeddable":true,"href":"https:\/\/www.altominho.tv\/site\/wp-json\/wp\/v2\/users\/13"}],"replies":[{"embeddable":true,"href":"https:\/\/www.altominho.tv\/site\/wp-json\/wp\/v2\/comments?post=128592"}],"version-history":[{"count":2,"href":"https:\/\/www.altominho.tv\/site\/wp-json\/wp\/v2\/posts\/128592\/revisions"}],"predecessor-version":[{"id":128595,"href":"https:\/\/www.altominho.tv\/site\/wp-json\/wp\/v2\/posts\/128592\/revisions\/128595"}],"wp:featuredmedia":[{"embeddable":true,"href":"https:\/\/www.altominho.tv\/site\/wp-json\/wp\/v2\/media\/128593"}],"wp:attachment":[{"href":"https:\/\/www.altominho.tv\/site\/wp-json\/wp\/v2\/media?parent=128592"}],"wp:term":[{"taxonomy":"category","embeddable":true,"href":"https:\/\/www.altominho.tv\/site\/wp-json\/wp\/v2\/categories?post=128592"},{"taxonomy":"post_tag","embeddable":true,"href":"https:\/\/www.altominho.tv\/site\/wp-json\/wp\/v2\/tags?post=128592"}],"curies":[{"name":"wp","href":"https:\/\/api.w.org\/{rel}","templated":true}]}}