{"id":128538,"date":"2026-02-15T11:49:27","date_gmt":"2026-02-15T11:49:27","guid":{"rendered":"https:\/\/www.altominho.tv\/site\/?p=128538"},"modified":"2026-02-15T11:49:30","modified_gmt":"2026-02-15T11:49:30","slug":"vila-de-punhe-reforca-saneamento-com-investimento-de-800-mil-euros","status":"publish","type":"post","link":"https:\/\/www.altominho.tv\/site\/2026\/02\/15\/vila-de-punhe-reforca-saneamento-com-investimento-de-800-mil-euros\/","title":{"rendered":"Vila de Punhe refor\u00e7a saneamento com investimento de 800 mil euros"},"content":{"rendered":"<p data-start=\"106\" data-end=\"399\">Foi inaugurada ontem, em <span class=\"hover:entity-accent entity-underline inline cursor-pointer align-baseline\"><span class=\"whitespace-normal\">Vila de Punhe<\/span><\/span>, a obra de amplia\u00e7\u00e3o da rede p\u00fablica de saneamento ao longo da <span class=\"hover:entity-accent entity-underline inline cursor-pointer align-baseline\"><span class=\"whitespace-normal\">Estrada Nacional 308<\/span><\/span>. A interven\u00e7\u00e3o permite alargar a cobertura da infraestrutura a dezenas de habita\u00e7\u00f5es situadas nesta zona da freguesia.<\/p>\n<p data-start=\"401\" data-end=\"772\">A empreitada foi promovida pela <span class=\"hover:entity-accent entity-underline inline cursor-pointer align-baseline\"><span class=\"whitespace-normal\">C\u00e2mara Municipal de Viana do Castelo<\/span><\/span>, em parceria com a <span class=\"hover:entity-accent entity-underline inline cursor-pointer align-baseline\"><span class=\"whitespace-normal\">\u00c1guas do Alto Minho<\/span><\/span>, representando um investimento na ordem dos 800 mil euros. O projeto integrou a renova\u00e7\u00e3o da rede de abastecimento de \u00e1gua, a instala\u00e7\u00e3o da rede de saneamento e a requalifica\u00e7\u00e3o da via, possibilitando a cria\u00e7\u00e3o de 96 novos ramais domicili\u00e1rios.<\/p>\n<p data-start=\"774\" data-end=\"1085\" data-is-last-node=\"\" data-is-only-node=\"\">De acordo com a informa\u00e7\u00e3o divulgada, a obra assume tamb\u00e9m relev\u00e2ncia estrat\u00e9gica por criar condi\u00e7\u00f5es para a futura expans\u00e3o da rede de saneamento aos lugares de <span class=\"hover:entity-accent entity-underline inline cursor-pointer align-baseline\"><span class=\"whitespace-normal\">Milh\u00f5es<\/span><\/span> e <span class=\"hover:entity-accent entity-underline inline cursor-pointer align-baseline\"><span class=\"whitespace-normal\">Arques<\/span><\/span>, permitindo o alargamento da infraestrutura a essas \u00e1reas da freguesia.<\/p>\n","protected":false},"excerpt":{"rendered":"<p>Foi inaugurada ontem, em Vila de Punhe, a obra de amplia\u00e7\u00e3o da rede p\u00fablica de saneamento ao longo da Estrada Nacional 308. A interven\u00e7\u00e3o permite alargar a cobertura da infraestrutura a dezenas de habita\u00e7\u00f5es situadas nesta zona da freguesia. A empreitada foi promovida pela C\u00e2mara Municipal de Viana do Castelo, em parceria com a \u00c1guas [&hellip;]<\/p>\n","protected":false},"author":24,"featured_media":128539,"comment_status":"closed","ping_status":"closed","sticky":false,"template":"","format":"standard","meta":{"_exactmetrics_skip_tracking":false,"_exactmetrics_sitenote_active":false,"_exactmetrics_sitenote_note":"","_exactmetrics_sitenote_category":0,"footnotes":""},"categories":[14],"tags":[27],"class_list":["post-128538","post","type-post","status-publish","format-standard","has-post-thumbnail","hentry","category-viana-do-castelo","tag-sociedade"],"yoast_head":"<!-- This site is optimized with the Yoast SEO Premium plugin v27.4 (Yoast SEO v27.4) - https:\/\/yoast.com\/product\/yoast-seo-premium-wordpress\/ -->\n<title>Vila de Punhe refor\u00e7a saneamento com investimento de 800 mil euros<\/title>\n<meta name=\"description\" content=\"Foi inaugurada ontem, em Vila de Punhe, a obra de amplia\u00e7\u00e3o da rede p\u00fablica de saneamento ao longo da Estrada Nacional 308. A interven\u00e7\u00e3o permite alargar a cobertura da infraestrutura a dezenas de habita\u00e7\u00f5es situadas nesta zona da freguesia.\" \/>\n<meta name=\"robots\" content=\"index, follow, max-snippet:-1, max-image-preview:large, max-video-preview:-1\" \/>\n<link rel=\"canonical\" href=\"https:\/\/www.altominho.tv\/site\/2026\/02\/15\/vila-de-punhe-reforca-saneamento-com-investimento-de-800-mil-euros\/\" \/>\n<meta property=\"og:locale\" content=\"pt_PT\" \/>\n<meta property=\"og:type\" content=\"article\" \/>\n<meta property=\"og:title\" content=\"Vila de Punhe refor\u00e7a saneamento com investimento de 800 mil euros\" \/>\n<meta property=\"og:description\" content=\"Foi inaugurada ontem, em Vila de Punhe, a obra de amplia\u00e7\u00e3o da rede p\u00fablica de saneamento ao longo da Estrada Nacional 308. A interven\u00e7\u00e3o permite alargar a cobertura da infraestrutura a dezenas de habita\u00e7\u00f5es situadas nesta zona da freguesia.\" \/>\n<meta property=\"og:url\" content=\"https:\/\/www.altominho.tv\/site\/2026\/02\/15\/vila-de-punhe-reforca-saneamento-com-investimento-de-800-mil-euros\/\" \/>\n<meta property=\"og:site_name\" content=\"Altominho.tv\" \/>\n<meta property=\"article:publisher\" content=\"https:\/\/www.facebook.com\/altominhotv\" \/>\n<meta property=\"article:published_time\" content=\"2026-02-15T11:49:27+00:00\" \/>\n<meta property=\"article:modified_time\" content=\"2026-02-15T11:49:30+00:00\" \/>\n<meta property=\"og:image\" content=\"https:\/\/www.altominho.tv\/site\/wp-content\/uploads\/2026\/02\/vila-nova-punhe.png\" \/>\n\t<meta property=\"og:image:width\" content=\"1200\" \/>\n\t<meta property=\"og:image:height\" content=\"630\" \/>\n\t<meta property=\"og:image:type\" content=\"image\/png\" \/>\n<meta name=\"author\" content=\"Cesar Lopes\" \/>\n<meta name=\"twitter:card\" content=\"summary_large_image\" \/>\n<meta name=\"twitter:creator\" content=\"@altominhoTV\" \/>\n<meta name=\"twitter:site\" content=\"@altominhoTV\" \/>\n<meta name=\"twitter:label1\" content=\"Escrito por\" \/>\n\t<meta name=\"twitter:data1\" content=\"Cesar Lopes\" \/>\n\t<meta name=\"twitter:label2\" content=\"Tempo estimado de leitura\" \/>\n\t<meta name=\"twitter:data2\" content=\"1 minuto\" \/>\n<script type=\"application\/ld+json\" class=\"yoast-schema-graph\">{\"@context\":\"https:\\\/\\\/schema.org\",\"@graph\":[{\"@type\":\"Article\",\"@id\":\"https:\\\/\\\/www.altominho.tv\\\/site\\\/2026\\\/02\\\/15\\\/vila-de-punhe-reforca-saneamento-com-investimento-de-800-mil-euros\\\/#article\",\"isPartOf\":{\"@id\":\"https:\\\/\\\/www.altominho.tv\\\/site\\\/2026\\\/02\\\/15\\\/vila-de-punhe-reforca-saneamento-com-investimento-de-800-mil-euros\\\/\"},\"author\":{\"name\":\"Cesar Lopes\",\"@id\":\"https:\\\/\\\/www.altominho.tv\\\/site\\\/#\\\/schema\\\/person\\\/c5570e5afb933b8d08c43373326ef1b1\"},\"headline\":\"Vila de Punhe refor\u00e7a saneamento com investimento de 800 mil euros\",\"datePublished\":\"2026-02-15T11:49:27+00:00\",\"dateModified\":\"2026-02-15T11:49:30+00:00\",\"mainEntityOfPage\":{\"@id\":\"https:\\\/\\\/www.altominho.tv\\\/site\\\/2026\\\/02\\\/15\\\/vila-de-punhe-reforca-saneamento-com-investimento-de-800-mil-euros\\\/\"},\"wordCount\":161,\"image\":{\"@id\":\"https:\\\/\\\/www.altominho.tv\\\/site\\\/2026\\\/02\\\/15\\\/vila-de-punhe-reforca-saneamento-com-investimento-de-800-mil-euros\\\/#primaryimage\"},\"thumbnailUrl\":\"https:\\\/\\\/www.altominho.tv\\\/site\\\/wp-content\\\/uploads\\\/2026\\\/02\\\/vila-nova-punhe.png\",\"keywords\":[\"Sociedade\"],\"articleSection\":[\"Viana do Castelo\"],\"inLanguage\":\"pt-PT\",\"copyrightYear\":\"2026\",\"copyrightHolder\":{\"@id\":\"https:\\\/\\\/www.altominho.tv\\\/site\\\/#organization\"}},{\"@type\":\"WebPage\",\"@id\":\"https:\\\/\\\/www.altominho.tv\\\/site\\\/2026\\\/02\\\/15\\\/vila-de-punhe-reforca-saneamento-com-investimento-de-800-mil-euros\\\/\",\"url\":\"https:\\\/\\\/www.altominho.tv\\\/site\\\/2026\\\/02\\\/15\\\/vila-de-punhe-reforca-saneamento-com-investimento-de-800-mil-euros\\\/\",\"name\":\"Vila de Punhe refor\u00e7a saneamento com investimento de 800 mil euros\",\"isPartOf\":{\"@id\":\"https:\\\/\\\/www.altominho.tv\\\/site\\\/#website\"},\"primaryImageOfPage\":{\"@id\":\"https:\\\/\\\/www.altominho.tv\\\/site\\\/2026\\\/02\\\/15\\\/vila-de-punhe-reforca-saneamento-com-investimento-de-800-mil-euros\\\/#primaryimage\"},\"image\":{\"@id\":\"https:\\\/\\\/www.altominho.tv\\\/site\\\/2026\\\/02\\\/15\\\/vila-de-punhe-reforca-saneamento-com-investimento-de-800-mil-euros\\\/#primaryimage\"},\"thumbnailUrl\":\"https:\\\/\\\/www.altominho.tv\\\/site\\\/wp-content\\\/uploads\\\/2026\\\/02\\\/vila-nova-punhe.png\",\"datePublished\":\"2026-02-15T11:49:27+00:00\",\"dateModified\":\"2026-02-15T11:49:30+00:00\",\"author\":{\"@id\":\"https:\\\/\\\/www.altominho.tv\\\/site\\\/#\\\/schema\\\/person\\\/c5570e5afb933b8d08c43373326ef1b1\"},\"description\":\"Foi inaugurada ontem, em Vila de Punhe, a obra de amplia\u00e7\u00e3o da rede p\u00fablica de saneamento ao longo da Estrada Nacional 308. A interven\u00e7\u00e3o permite alargar a cobertura da infraestrutura a dezenas de habita\u00e7\u00f5es situadas nesta zona da freguesia.\",\"breadcrumb\":{\"@id\":\"https:\\\/\\\/www.altominho.tv\\\/site\\\/2026\\\/02\\\/15\\\/vila-de-punhe-reforca-saneamento-com-investimento-de-800-mil-euros\\\/#breadcrumb\"},\"inLanguage\":\"pt-PT\",\"potentialAction\":[{\"@type\":\"ReadAction\",\"target\":[\"https:\\\/\\\/www.altominho.tv\\\/site\\\/2026\\\/02\\\/15\\\/vila-de-punhe-reforca-saneamento-com-investimento-de-800-mil-euros\\\/\"]}]},{\"@type\":\"ImageObject\",\"inLanguage\":\"pt-PT\",\"@id\":\"https:\\\/\\\/www.altominho.tv\\\/site\\\/2026\\\/02\\\/15\\\/vila-de-punhe-reforca-saneamento-com-investimento-de-800-mil-euros\\\/#primaryimage\",\"url\":\"https:\\\/\\\/www.altominho.tv\\\/site\\\/wp-content\\\/uploads\\\/2026\\\/02\\\/vila-nova-punhe.png\",\"contentUrl\":\"https:\\\/\\\/www.altominho.tv\\\/site\\\/wp-content\\\/uploads\\\/2026\\\/02\\\/vila-nova-punhe.png\",\"width\":1200,\"height\":630},{\"@type\":\"BreadcrumbList\",\"@id\":\"https:\\\/\\\/www.altominho.tv\\\/site\\\/2026\\\/02\\\/15\\\/vila-de-punhe-reforca-saneamento-com-investimento-de-800-mil-euros\\\/#breadcrumb\",\"itemListElement\":[{\"@type\":\"ListItem\",\"position\":1,\"name\":\"In\u00edcio\",\"item\":\"https:\\\/\\\/www.altominho.tv\\\/site\\\/\"},{\"@type\":\"ListItem\",\"position\":2,\"name\":\"Vila de Punhe refor\u00e7a saneamento com investimento de 800 mil euros\"}]},{\"@type\":\"WebSite\",\"@id\":\"https:\\\/\\\/www.altominho.tv\\\/site\\\/#website\",\"url\":\"https:\\\/\\\/www.altominho.tv\\\/site\\\/\",\"name\":\"Altominho.tv\",\"description\":\"A sua regi\u00e3o \u00e0 dist\u00e2ncia de um clique...\",\"potentialAction\":[{\"@type\":\"SearchAction\",\"target\":{\"@type\":\"EntryPoint\",\"urlTemplate\":\"https:\\\/\\\/www.altominho.tv\\\/site\\\/?s={search_term_string}\"},\"query-input\":{\"@type\":\"PropertyValueSpecification\",\"valueRequired\":true,\"valueName\":\"search_term_string\"}}],\"inLanguage\":\"pt-PT\"},{\"@type\":\"Person\",\"@id\":\"https:\\\/\\\/www.altominho.tv\\\/site\\\/#\\\/schema\\\/person\\\/c5570e5afb933b8d08c43373326ef1b1\",\"name\":\"Cesar Lopes\",\"image\":{\"@type\":\"ImageObject\",\"inLanguage\":\"pt-PT\",\"@id\":\"https:\\\/\\\/www.altominho.tv\\\/site\\\/wp-content\\\/uploads\\\/2022\\\/10\\\/Sem-Titulo-150x150.jpg\",\"url\":\"https:\\\/\\\/www.altominho.tv\\\/site\\\/wp-content\\\/uploads\\\/2022\\\/10\\\/Sem-Titulo-150x150.jpg\",\"contentUrl\":\"https:\\\/\\\/www.altominho.tv\\\/site\\\/wp-content\\\/uploads\\\/2022\\\/10\\\/Sem-Titulo-150x150.jpg\",\"caption\":\"Cesar Lopes\"},\"url\":\"https:\\\/\\\/www.altominho.tv\\\/site\\\/author\\\/cesarlopes\\\/\"}]}<\/script>\n<!-- \/ Yoast SEO Premium plugin. -->","yoast_head_json":{"title":"Vila de Punhe refor\u00e7a saneamento com investimento de 800 mil euros","description":"Foi inaugurada ontem, em Vila de Punhe, a obra de amplia\u00e7\u00e3o da rede p\u00fablica de saneamento ao longo da Estrada Nacional 308. A interven\u00e7\u00e3o permite alargar a cobertura da infraestrutura a dezenas de habita\u00e7\u00f5es situadas nesta zona da freguesia.","robots":{"index":"index","follow":"follow","max-snippet":"max-snippet:-1","max-image-preview":"max-image-preview:large","max-video-preview":"max-video-preview:-1"},"canonical":"https:\/\/www.altominho.tv\/site\/2026\/02\/15\/vila-de-punhe-reforca-saneamento-com-investimento-de-800-mil-euros\/","og_locale":"pt_PT","og_type":"article","og_title":"Vila de Punhe refor\u00e7a saneamento com investimento de 800 mil euros","og_description":"Foi inaugurada ontem, em Vila de Punhe, a obra de amplia\u00e7\u00e3o da rede p\u00fablica de saneamento ao longo da Estrada Nacional 308. A interven\u00e7\u00e3o permite alargar a cobertura da infraestrutura a dezenas de habita\u00e7\u00f5es situadas nesta zona da freguesia.","og_url":"https:\/\/www.altominho.tv\/site\/2026\/02\/15\/vila-de-punhe-reforca-saneamento-com-investimento-de-800-mil-euros\/","og_site_name":"Altominho.tv","article_publisher":"https:\/\/www.facebook.com\/altominhotv","article_published_time":"2026-02-15T11:49:27+00:00","article_modified_time":"2026-02-15T11:49:30+00:00","og_image":[{"width":1200,"height":630,"url":"https:\/\/www.altominho.tv\/site\/wp-content\/uploads\/2026\/02\/vila-nova-punhe.png","type":"image\/png"}],"author":"Cesar Lopes","twitter_card":"summary_large_image","twitter_creator":"@altominhoTV","twitter_site":"@altominhoTV","twitter_misc":{"Escrito por":"Cesar Lopes","Tempo estimado de leitura":"1 minuto"},"schema":{"@context":"https:\/\/schema.org","@graph":[{"@type":"Article","@id":"https:\/\/www.altominho.tv\/site\/2026\/02\/15\/vila-de-punhe-reforca-saneamento-com-investimento-de-800-mil-euros\/#article","isPartOf":{"@id":"https:\/\/www.altominho.tv\/site\/2026\/02\/15\/vila-de-punhe-reforca-saneamento-com-investimento-de-800-mil-euros\/"},"author":{"name":"Cesar Lopes","@id":"https:\/\/www.altominho.tv\/site\/#\/schema\/person\/c5570e5afb933b8d08c43373326ef1b1"},"headline":"Vila de Punhe refor\u00e7a saneamento com investimento de 800 mil euros","datePublished":"2026-02-15T11:49:27+00:00","dateModified":"2026-02-15T11:49:30+00:00","mainEntityOfPage":{"@id":"https:\/\/www.altominho.tv\/site\/2026\/02\/15\/vila-de-punhe-reforca-saneamento-com-investimento-de-800-mil-euros\/"},"wordCount":161,"image":{"@id":"https:\/\/www.altominho.tv\/site\/2026\/02\/15\/vila-de-punhe-reforca-saneamento-com-investimento-de-800-mil-euros\/#primaryimage"},"thumbnailUrl":"https:\/\/www.altominho.tv\/site\/wp-content\/uploads\/2026\/02\/vila-nova-punhe.png","keywords":["Sociedade"],"articleSection":["Viana do Castelo"],"inLanguage":"pt-PT","copyrightYear":"2026","copyrightHolder":{"@id":"https:\/\/www.altominho.tv\/site\/#organization"}},{"@type":"WebPage","@id":"https:\/\/www.altominho.tv\/site\/2026\/02\/15\/vila-de-punhe-reforca-saneamento-com-investimento-de-800-mil-euros\/","url":"https:\/\/www.altominho.tv\/site\/2026\/02\/15\/vila-de-punhe-reforca-saneamento-com-investimento-de-800-mil-euros\/","name":"Vila de Punhe refor\u00e7a saneamento com investimento de 800 mil euros","isPartOf":{"@id":"https:\/\/www.altominho.tv\/site\/#website"},"primaryImageOfPage":{"@id":"https:\/\/www.altominho.tv\/site\/2026\/02\/15\/vila-de-punhe-reforca-saneamento-com-investimento-de-800-mil-euros\/#primaryimage"},"image":{"@id":"https:\/\/www.altominho.tv\/site\/2026\/02\/15\/vila-de-punhe-reforca-saneamento-com-investimento-de-800-mil-euros\/#primaryimage"},"thumbnailUrl":"https:\/\/www.altominho.tv\/site\/wp-content\/uploads\/2026\/02\/vila-nova-punhe.png","datePublished":"2026-02-15T11:49:27+00:00","dateModified":"2026-02-15T11:49:30+00:00","author":{"@id":"https:\/\/www.altominho.tv\/site\/#\/schema\/person\/c5570e5afb933b8d08c43373326ef1b1"},"description":"Foi inaugurada ontem, em Vila de Punhe, a obra de amplia\u00e7\u00e3o da rede p\u00fablica de saneamento ao longo da Estrada Nacional 308. A interven\u00e7\u00e3o permite alargar a cobertura da infraestrutura a dezenas de habita\u00e7\u00f5es situadas nesta zona da freguesia.","breadcrumb":{"@id":"https:\/\/www.altominho.tv\/site\/2026\/02\/15\/vila-de-punhe-reforca-saneamento-com-investimento-de-800-mil-euros\/#breadcrumb"},"inLanguage":"pt-PT","potentialAction":[{"@type":"ReadAction","target":["https:\/\/www.altominho.tv\/site\/2026\/02\/15\/vila-de-punhe-reforca-saneamento-com-investimento-de-800-mil-euros\/"]}]},{"@type":"ImageObject","inLanguage":"pt-PT","@id":"https:\/\/www.altominho.tv\/site\/2026\/02\/15\/vila-de-punhe-reforca-saneamento-com-investimento-de-800-mil-euros\/#primaryimage","url":"https:\/\/www.altominho.tv\/site\/wp-content\/uploads\/2026\/02\/vila-nova-punhe.png","contentUrl":"https:\/\/www.altominho.tv\/site\/wp-content\/uploads\/2026\/02\/vila-nova-punhe.png","width":1200,"height":630},{"@type":"BreadcrumbList","@id":"https:\/\/www.altominho.tv\/site\/2026\/02\/15\/vila-de-punhe-reforca-saneamento-com-investimento-de-800-mil-euros\/#breadcrumb","itemListElement":[{"@type":"ListItem","position":1,"name":"In\u00edcio","item":"https:\/\/www.altominho.tv\/site\/"},{"@type":"ListItem","position":2,"name":"Vila de Punhe refor\u00e7a saneamento com investimento de 800 mil euros"}]},{"@type":"WebSite","@id":"https:\/\/www.altominho.tv\/site\/#website","url":"https:\/\/www.altominho.tv\/site\/","name":"Altominho.tv","description":"A sua regi\u00e3o \u00e0 dist\u00e2ncia de um clique...","potentialAction":[{"@type":"SearchAction","target":{"@type":"EntryPoint","urlTemplate":"https:\/\/www.altominho.tv\/site\/?s={search_term_string}"},"query-input":{"@type":"PropertyValueSpecification","valueRequired":true,"valueName":"search_term_string"}}],"inLanguage":"pt-PT"},{"@type":"Person","@id":"https:\/\/www.altominho.tv\/site\/#\/schema\/person\/c5570e5afb933b8d08c43373326ef1b1","name":"Cesar Lopes","image":{"@type":"ImageObject","inLanguage":"pt-PT","@id":"https:\/\/www.altominho.tv\/site\/wp-content\/uploads\/2022\/10\/Sem-Titulo-150x150.jpg","url":"https:\/\/www.altominho.tv\/site\/wp-content\/uploads\/2022\/10\/Sem-Titulo-150x150.jpg","contentUrl":"https:\/\/www.altominho.tv\/site\/wp-content\/uploads\/2022\/10\/Sem-Titulo-150x150.jpg","caption":"Cesar Lopes"},"url":"https:\/\/www.altominho.tv\/site\/author\/cesarlopes\/"}]}},"_links":{"self":[{"href":"https:\/\/www.altominho.tv\/site\/wp-json\/wp\/v2\/posts\/128538","targetHints":{"allow":["GET"]}}],"collection":[{"href":"https:\/\/www.altominho.tv\/site\/wp-json\/wp\/v2\/posts"}],"about":[{"href":"https:\/\/www.altominho.tv\/site\/wp-json\/wp\/v2\/types\/post"}],"author":[{"embeddable":true,"href":"https:\/\/www.altominho.tv\/site\/wp-json\/wp\/v2\/users\/24"}],"replies":[{"embeddable":true,"href":"https:\/\/www.altominho.tv\/site\/wp-json\/wp\/v2\/comments?post=128538"}],"version-history":[{"count":1,"href":"https:\/\/www.altominho.tv\/site\/wp-json\/wp\/v2\/posts\/128538\/revisions"}],"predecessor-version":[{"id":128540,"href":"https:\/\/www.altominho.tv\/site\/wp-json\/wp\/v2\/posts\/128538\/revisions\/128540"}],"wp:featuredmedia":[{"embeddable":true,"href":"https:\/\/www.altominho.tv\/site\/wp-json\/wp\/v2\/media\/128539"}],"wp:attachment":[{"href":"https:\/\/www.altominho.tv\/site\/wp-json\/wp\/v2\/media?parent=128538"}],"wp:term":[{"taxonomy":"category","embeddable":true,"href":"https:\/\/www.altominho.tv\/site\/wp-json\/wp\/v2\/categories?post=128538"},{"taxonomy":"post_tag","embeddable":true,"href":"https:\/\/www.altominho.tv\/site\/wp-json\/wp\/v2\/tags?post=128538"}],"curies":[{"name":"wp","href":"https:\/\/api.w.org\/{rel}","templated":true}]}}