{"id":128398,"date":"2026-02-12T09:37:53","date_gmt":"2026-02-12T09:37:53","guid":{"rendered":"https:\/\/www.altominho.tv\/site\/?p=128398"},"modified":"2026-02-12T09:37:57","modified_gmt":"2026-02-12T09:37:57","slug":"atleta-do-olimpico-vianense-doa-trofeu-internacional-a-federacao-da-guine-bissau","status":"publish","type":"post","link":"https:\/\/www.altominho.tv\/site\/2026\/02\/12\/atleta-do-olimpico-vianense-doa-trofeu-internacional-a-federacao-da-guine-bissau\/","title":{"rendered":"Atleta do Ol\u00edmpico Vianense doa trof\u00e9u internacional \u00e0 Federa\u00e7\u00e3o da Guin\u00e9-Bissau"},"content":{"rendered":"<p data-start=\"105\" data-end=\"352\">O atleta internacional Usumane Djumo, que representa o Clube de Atletismo Ol\u00edmpico Vianense (CAOV), anunciou a doa\u00e7\u00e3o \u00e0 Federa\u00e7\u00e3o de Atletismo da Guin\u00e9-Bissau (FAGB) do Trof\u00e9u de M\u00e9rito Internacional que lhe foi atribu\u00eddo pelo Munic\u00edpio de Silves.<\/p>\n<p data-start=\"354\" data-end=\"798\">Radicado desportivamente em Viana do Castelo, onde \u00e9 recordista concelhio dos 60 e 110 metros barreiras ao servi\u00e7o do CAOV, Djumo tem vindo a destacar-se tamb\u00e9m ao mais alto n\u00edvel pela Guin\u00e9-Bissau. O atleta det\u00e9m atualmente os recordes nacionais guineenses dos 60 metros barreiras (pista coberta), 110 metros barreiras (ar livre) e, mais recentemente, estabeleceu por duas vezes um novo m\u00e1ximo nacional nos 60 metros (pista coberta), em Braga.<\/p>\n<p data-start=\"800\" data-end=\"1148\">A distin\u00e7\u00e3o atribu\u00edda pelo Munic\u00edpio de Silves surge na sequ\u00eancia da participa\u00e7\u00e3o nos Campeonatos Mundiais de Atletismo de T\u00f3quio 2025, onde Usumane Djumo protagonizou a estreia da Guin\u00e9-Bissau nos 110 metros barreiras numa competi\u00e7\u00e3o desta dimens\u00e3o. A presen\u00e7a do atleta foi apontada como um marco no percurso internacional do atletismo guineense.<\/p>\n<p data-start=\"1150\" data-end=\"1451\">Em 2025, Djumo posicionou-se ainda entre os melhores do continente africano, alcan\u00e7ando o oitavo melhor registo africano nos 110 metros barreiras e o quarto melhor nos 60 metros barreiras. Estes resultados colocam a Guin\u00e9-Bissau entre os quatro pa\u00edses africanos com melhores marcas nestas disciplinas.<\/p>\n<p data-start=\"1453\" data-end=\"1851\" data-is-last-node=\"\" data-is-only-node=\"\">A cerim\u00f3nia de entrega do trof\u00e9u decorreu no Consulado-Geral da Guin\u00e9-Bissau no Algarve, sob orienta\u00e7\u00e3o da c\u00f4nsul-geral, embaixadora Josefina Kosta. O galard\u00e3o ser\u00e1 transportado para Bissau, onde integrar\u00e1 o patrim\u00f3nio da Federa\u00e7\u00e3o de Atletismo da Guin\u00e9-Bissau. Em comunicado, a federa\u00e7\u00e3o destacou o gesto do atleta como sinal de patriotismo e compromisso com o desenvolvimento do desporto no pa\u00eds.<\/p>\n","protected":false},"excerpt":{"rendered":"<p>O atleta internacional Usumane Djumo, que representa o Clube de Atletismo Ol\u00edmpico Vianense (CAOV), anunciou a doa\u00e7\u00e3o \u00e0 Federa\u00e7\u00e3o de Atletismo da Guin\u00e9-Bissau (FAGB) do Trof\u00e9u de M\u00e9rito Internacional que lhe foi atribu\u00eddo pelo Munic\u00edpio de Silves. Radicado desportivamente em Viana do Castelo, onde \u00e9 recordista concelhio dos 60 e 110 metros barreiras ao servi\u00e7o [&hellip;]<\/p>\n","protected":false},"author":24,"featured_media":128399,"comment_status":"closed","ping_status":"closed","sticky":false,"template":"","format":"standard","meta":{"_exactmetrics_skip_tracking":false,"_exactmetrics_sitenote_active":false,"_exactmetrics_sitenote_note":"","_exactmetrics_sitenote_category":0,"footnotes":""},"categories":[14],"tags":[20],"class_list":["post-128398","post","type-post","status-publish","format-standard","has-post-thumbnail","hentry","category-viana-do-castelo","tag-desporto"],"yoast_head":"<!-- This site is optimized with the Yoast SEO Premium plugin v27.5 (Yoast SEO v27.5) - https:\/\/yoast.com\/product\/yoast-seo-premium-wordpress\/ -->\n<title>Atleta do Ol\u00edmpico Vianense doa trof\u00e9u internacional \u00e0 Federa\u00e7\u00e3o da Guin\u00e9-Bissau<\/title>\n<meta name=\"description\" content=\"O atleta internacional Usumane Djumo, que representa o Clube de Atletismo Ol\u00edmpico Vianense (CAOV), anunciou a doa\u00e7\u00e3o \u00e0 Federa\u00e7\u00e3o de Atletismo da Guin\u00e9-Bissau (FAGB) do Trof\u00e9u de M\u00e9rito Internacional que lhe foi atribu\u00eddo pelo Munic\u00edpio de Silves.\" \/>\n<meta name=\"robots\" content=\"index, follow, max-snippet:-1, max-image-preview:large, max-video-preview:-1\" \/>\n<link rel=\"canonical\" href=\"https:\/\/www.altominho.tv\/site\/2026\/02\/12\/atleta-do-olimpico-vianense-doa-trofeu-internacional-a-federacao-da-guine-bissau\/\" \/>\n<meta property=\"og:locale\" content=\"pt_PT\" \/>\n<meta property=\"og:type\" content=\"article\" \/>\n<meta property=\"og:title\" content=\"Atleta do Ol\u00edmpico Vianense doa trof\u00e9u internacional \u00e0 Federa\u00e7\u00e3o da Guin\u00e9-Bissau\" \/>\n<meta property=\"og:description\" content=\"O atleta internacional Usumane Djumo, que representa o Clube de Atletismo Ol\u00edmpico Vianense (CAOV), anunciou a doa\u00e7\u00e3o \u00e0 Federa\u00e7\u00e3o de Atletismo da Guin\u00e9-Bissau (FAGB) do Trof\u00e9u de M\u00e9rito Internacional que lhe foi atribu\u00eddo pelo Munic\u00edpio de Silves.\" \/>\n<meta property=\"og:url\" content=\"https:\/\/www.altominho.tv\/site\/2026\/02\/12\/atleta-do-olimpico-vianense-doa-trofeu-internacional-a-federacao-da-guine-bissau\/\" \/>\n<meta property=\"og:site_name\" content=\"Altominho.tv\" \/>\n<meta property=\"article:publisher\" content=\"https:\/\/www.facebook.com\/altominhotv\" \/>\n<meta property=\"article:published_time\" content=\"2026-02-12T09:37:53+00:00\" \/>\n<meta property=\"article:modified_time\" content=\"2026-02-12T09:37:57+00:00\" \/>\n<meta property=\"og:image\" content=\"https:\/\/www.altominho.tv\/site\/wp-content\/uploads\/2026\/02\/djumo.png\" \/>\n\t<meta property=\"og:image:width\" content=\"1200\" \/>\n\t<meta property=\"og:image:height\" content=\"630\" \/>\n\t<meta property=\"og:image:type\" content=\"image\/png\" \/>\n<meta name=\"author\" content=\"Cesar Lopes\" \/>\n<meta name=\"twitter:card\" content=\"summary_large_image\" \/>\n<meta name=\"twitter:creator\" content=\"@altominhoTV\" \/>\n<meta name=\"twitter:site\" content=\"@altominhoTV\" \/>\n<meta name=\"twitter:label1\" content=\"Escrito por\" \/>\n\t<meta name=\"twitter:data1\" content=\"Cesar Lopes\" \/>\n\t<meta name=\"twitter:label2\" content=\"Tempo estimado de leitura\" \/>\n\t<meta name=\"twitter:data2\" content=\"2 minutos\" \/>\n<script type=\"application\/ld+json\" class=\"yoast-schema-graph\">{\"@context\":\"https:\\\/\\\/schema.org\",\"@graph\":[{\"@type\":\"Article\",\"@id\":\"https:\\\/\\\/www.altominho.tv\\\/site\\\/2026\\\/02\\\/12\\\/atleta-do-olimpico-vianense-doa-trofeu-internacional-a-federacao-da-guine-bissau\\\/#article\",\"isPartOf\":{\"@id\":\"https:\\\/\\\/www.altominho.tv\\\/site\\\/2026\\\/02\\\/12\\\/atleta-do-olimpico-vianense-doa-trofeu-internacional-a-federacao-da-guine-bissau\\\/\"},\"author\":{\"name\":\"Cesar Lopes\",\"@id\":\"https:\\\/\\\/www.altominho.tv\\\/site\\\/#\\\/schema\\\/person\\\/c5570e5afb933b8d08c43373326ef1b1\"},\"headline\":\"Atleta do Ol\u00edmpico Vianense doa trof\u00e9u internacional \u00e0 Federa\u00e7\u00e3o da Guin\u00e9-Bissau\",\"datePublished\":\"2026-02-12T09:37:53+00:00\",\"dateModified\":\"2026-02-12T09:37:57+00:00\",\"mainEntityOfPage\":{\"@id\":\"https:\\\/\\\/www.altominho.tv\\\/site\\\/2026\\\/02\\\/12\\\/atleta-do-olimpico-vianense-doa-trofeu-internacional-a-federacao-da-guine-bissau\\\/\"},\"wordCount\":299,\"image\":{\"@id\":\"https:\\\/\\\/www.altominho.tv\\\/site\\\/2026\\\/02\\\/12\\\/atleta-do-olimpico-vianense-doa-trofeu-internacional-a-federacao-da-guine-bissau\\\/#primaryimage\"},\"thumbnailUrl\":\"https:\\\/\\\/www.altominho.tv\\\/site\\\/wp-content\\\/uploads\\\/2026\\\/02\\\/djumo.png\",\"keywords\":[\"Desporto\"],\"articleSection\":[\"Viana do Castelo\"],\"inLanguage\":\"pt-PT\",\"copyrightYear\":\"2026\",\"copyrightHolder\":{\"@id\":\"https:\\\/\\\/www.altominho.tv\\\/site\\\/#organization\"}},{\"@type\":\"WebPage\",\"@id\":\"https:\\\/\\\/www.altominho.tv\\\/site\\\/2026\\\/02\\\/12\\\/atleta-do-olimpico-vianense-doa-trofeu-internacional-a-federacao-da-guine-bissau\\\/\",\"url\":\"https:\\\/\\\/www.altominho.tv\\\/site\\\/2026\\\/02\\\/12\\\/atleta-do-olimpico-vianense-doa-trofeu-internacional-a-federacao-da-guine-bissau\\\/\",\"name\":\"Atleta do Ol\u00edmpico Vianense doa trof\u00e9u internacional \u00e0 Federa\u00e7\u00e3o da Guin\u00e9-Bissau\",\"isPartOf\":{\"@id\":\"https:\\\/\\\/www.altominho.tv\\\/site\\\/#website\"},\"primaryImageOfPage\":{\"@id\":\"https:\\\/\\\/www.altominho.tv\\\/site\\\/2026\\\/02\\\/12\\\/atleta-do-olimpico-vianense-doa-trofeu-internacional-a-federacao-da-guine-bissau\\\/#primaryimage\"},\"image\":{\"@id\":\"https:\\\/\\\/www.altominho.tv\\\/site\\\/2026\\\/02\\\/12\\\/atleta-do-olimpico-vianense-doa-trofeu-internacional-a-federacao-da-guine-bissau\\\/#primaryimage\"},\"thumbnailUrl\":\"https:\\\/\\\/www.altominho.tv\\\/site\\\/wp-content\\\/uploads\\\/2026\\\/02\\\/djumo.png\",\"datePublished\":\"2026-02-12T09:37:53+00:00\",\"dateModified\":\"2026-02-12T09:37:57+00:00\",\"author\":{\"@id\":\"https:\\\/\\\/www.altominho.tv\\\/site\\\/#\\\/schema\\\/person\\\/c5570e5afb933b8d08c43373326ef1b1\"},\"description\":\"O atleta internacional Usumane Djumo, que representa o Clube de Atletismo Ol\u00edmpico Vianense (CAOV), anunciou a doa\u00e7\u00e3o \u00e0 Federa\u00e7\u00e3o de Atletismo da Guin\u00e9-Bissau (FAGB) do Trof\u00e9u de M\u00e9rito Internacional que lhe foi atribu\u00eddo pelo Munic\u00edpio de Silves.\",\"breadcrumb\":{\"@id\":\"https:\\\/\\\/www.altominho.tv\\\/site\\\/2026\\\/02\\\/12\\\/atleta-do-olimpico-vianense-doa-trofeu-internacional-a-federacao-da-guine-bissau\\\/#breadcrumb\"},\"inLanguage\":\"pt-PT\",\"potentialAction\":[{\"@type\":\"ReadAction\",\"target\":[\"https:\\\/\\\/www.altominho.tv\\\/site\\\/2026\\\/02\\\/12\\\/atleta-do-olimpico-vianense-doa-trofeu-internacional-a-federacao-da-guine-bissau\\\/\"]}]},{\"@type\":\"ImageObject\",\"inLanguage\":\"pt-PT\",\"@id\":\"https:\\\/\\\/www.altominho.tv\\\/site\\\/2026\\\/02\\\/12\\\/atleta-do-olimpico-vianense-doa-trofeu-internacional-a-federacao-da-guine-bissau\\\/#primaryimage\",\"url\":\"https:\\\/\\\/www.altominho.tv\\\/site\\\/wp-content\\\/uploads\\\/2026\\\/02\\\/djumo.png\",\"contentUrl\":\"https:\\\/\\\/www.altominho.tv\\\/site\\\/wp-content\\\/uploads\\\/2026\\\/02\\\/djumo.png\",\"width\":1200,\"height\":630},{\"@type\":\"BreadcrumbList\",\"@id\":\"https:\\\/\\\/www.altominho.tv\\\/site\\\/2026\\\/02\\\/12\\\/atleta-do-olimpico-vianense-doa-trofeu-internacional-a-federacao-da-guine-bissau\\\/#breadcrumb\",\"itemListElement\":[{\"@type\":\"ListItem\",\"position\":1,\"name\":\"In\u00edcio\",\"item\":\"https:\\\/\\\/www.altominho.tv\\\/site\\\/\"},{\"@type\":\"ListItem\",\"position\":2,\"name\":\"Atleta do Ol\u00edmpico Vianense doa trof\u00e9u internacional \u00e0 Federa\u00e7\u00e3o da Guin\u00e9-Bissau\"}]},{\"@type\":\"WebSite\",\"@id\":\"https:\\\/\\\/www.altominho.tv\\\/site\\\/#website\",\"url\":\"https:\\\/\\\/www.altominho.tv\\\/site\\\/\",\"name\":\"Altominho.tv\",\"description\":\"A sua regi\u00e3o \u00e0 dist\u00e2ncia de um clique...\",\"potentialAction\":[{\"@type\":\"SearchAction\",\"target\":{\"@type\":\"EntryPoint\",\"urlTemplate\":\"https:\\\/\\\/www.altominho.tv\\\/site\\\/?s={search_term_string}\"},\"query-input\":{\"@type\":\"PropertyValueSpecification\",\"valueRequired\":true,\"valueName\":\"search_term_string\"}}],\"inLanguage\":\"pt-PT\"},{\"@type\":\"Person\",\"@id\":\"https:\\\/\\\/www.altominho.tv\\\/site\\\/#\\\/schema\\\/person\\\/c5570e5afb933b8d08c43373326ef1b1\",\"name\":\"Cesar Lopes\",\"image\":{\"@type\":\"ImageObject\",\"inLanguage\":\"pt-PT\",\"@id\":\"https:\\\/\\\/www.altominho.tv\\\/site\\\/wp-content\\\/uploads\\\/2022\\\/10\\\/Sem-Titulo-150x150.jpg\",\"url\":\"https:\\\/\\\/www.altominho.tv\\\/site\\\/wp-content\\\/uploads\\\/2022\\\/10\\\/Sem-Titulo-150x150.jpg\",\"contentUrl\":\"https:\\\/\\\/www.altominho.tv\\\/site\\\/wp-content\\\/uploads\\\/2022\\\/10\\\/Sem-Titulo-150x150.jpg\",\"caption\":\"Cesar Lopes\"},\"url\":\"https:\\\/\\\/www.altominho.tv\\\/site\\\/author\\\/cesarlopes\\\/\"}]}<\/script>\n<!-- \/ Yoast SEO Premium plugin. -->","yoast_head_json":{"title":"Atleta do Ol\u00edmpico Vianense doa trof\u00e9u internacional \u00e0 Federa\u00e7\u00e3o da Guin\u00e9-Bissau","description":"O atleta internacional Usumane Djumo, que representa o Clube de Atletismo Ol\u00edmpico Vianense (CAOV), anunciou a doa\u00e7\u00e3o \u00e0 Federa\u00e7\u00e3o de Atletismo da Guin\u00e9-Bissau (FAGB) do Trof\u00e9u de M\u00e9rito Internacional que lhe foi atribu\u00eddo pelo Munic\u00edpio de Silves.","robots":{"index":"index","follow":"follow","max-snippet":"max-snippet:-1","max-image-preview":"max-image-preview:large","max-video-preview":"max-video-preview:-1"},"canonical":"https:\/\/www.altominho.tv\/site\/2026\/02\/12\/atleta-do-olimpico-vianense-doa-trofeu-internacional-a-federacao-da-guine-bissau\/","og_locale":"pt_PT","og_type":"article","og_title":"Atleta do Ol\u00edmpico Vianense doa trof\u00e9u internacional \u00e0 Federa\u00e7\u00e3o da Guin\u00e9-Bissau","og_description":"O atleta internacional Usumane Djumo, que representa o Clube de Atletismo Ol\u00edmpico Vianense (CAOV), anunciou a doa\u00e7\u00e3o \u00e0 Federa\u00e7\u00e3o de Atletismo da Guin\u00e9-Bissau (FAGB) do Trof\u00e9u de M\u00e9rito Internacional que lhe foi atribu\u00eddo pelo Munic\u00edpio de Silves.","og_url":"https:\/\/www.altominho.tv\/site\/2026\/02\/12\/atleta-do-olimpico-vianense-doa-trofeu-internacional-a-federacao-da-guine-bissau\/","og_site_name":"Altominho.tv","article_publisher":"https:\/\/www.facebook.com\/altominhotv","article_published_time":"2026-02-12T09:37:53+00:00","article_modified_time":"2026-02-12T09:37:57+00:00","og_image":[{"width":1200,"height":630,"url":"https:\/\/www.altominho.tv\/site\/wp-content\/uploads\/2026\/02\/djumo.png","type":"image\/png"}],"author":"Cesar Lopes","twitter_card":"summary_large_image","twitter_creator":"@altominhoTV","twitter_site":"@altominhoTV","twitter_misc":{"Escrito por":"Cesar Lopes","Tempo estimado de leitura":"2 minutos"},"schema":{"@context":"https:\/\/schema.org","@graph":[{"@type":"Article","@id":"https:\/\/www.altominho.tv\/site\/2026\/02\/12\/atleta-do-olimpico-vianense-doa-trofeu-internacional-a-federacao-da-guine-bissau\/#article","isPartOf":{"@id":"https:\/\/www.altominho.tv\/site\/2026\/02\/12\/atleta-do-olimpico-vianense-doa-trofeu-internacional-a-federacao-da-guine-bissau\/"},"author":{"name":"Cesar Lopes","@id":"https:\/\/www.altominho.tv\/site\/#\/schema\/person\/c5570e5afb933b8d08c43373326ef1b1"},"headline":"Atleta do Ol\u00edmpico Vianense doa trof\u00e9u internacional \u00e0 Federa\u00e7\u00e3o da Guin\u00e9-Bissau","datePublished":"2026-02-12T09:37:53+00:00","dateModified":"2026-02-12T09:37:57+00:00","mainEntityOfPage":{"@id":"https:\/\/www.altominho.tv\/site\/2026\/02\/12\/atleta-do-olimpico-vianense-doa-trofeu-internacional-a-federacao-da-guine-bissau\/"},"wordCount":299,"image":{"@id":"https:\/\/www.altominho.tv\/site\/2026\/02\/12\/atleta-do-olimpico-vianense-doa-trofeu-internacional-a-federacao-da-guine-bissau\/#primaryimage"},"thumbnailUrl":"https:\/\/www.altominho.tv\/site\/wp-content\/uploads\/2026\/02\/djumo.png","keywords":["Desporto"],"articleSection":["Viana do Castelo"],"inLanguage":"pt-PT","copyrightYear":"2026","copyrightHolder":{"@id":"https:\/\/www.altominho.tv\/site\/#organization"}},{"@type":"WebPage","@id":"https:\/\/www.altominho.tv\/site\/2026\/02\/12\/atleta-do-olimpico-vianense-doa-trofeu-internacional-a-federacao-da-guine-bissau\/","url":"https:\/\/www.altominho.tv\/site\/2026\/02\/12\/atleta-do-olimpico-vianense-doa-trofeu-internacional-a-federacao-da-guine-bissau\/","name":"Atleta do Ol\u00edmpico Vianense doa trof\u00e9u internacional \u00e0 Federa\u00e7\u00e3o da Guin\u00e9-Bissau","isPartOf":{"@id":"https:\/\/www.altominho.tv\/site\/#website"},"primaryImageOfPage":{"@id":"https:\/\/www.altominho.tv\/site\/2026\/02\/12\/atleta-do-olimpico-vianense-doa-trofeu-internacional-a-federacao-da-guine-bissau\/#primaryimage"},"image":{"@id":"https:\/\/www.altominho.tv\/site\/2026\/02\/12\/atleta-do-olimpico-vianense-doa-trofeu-internacional-a-federacao-da-guine-bissau\/#primaryimage"},"thumbnailUrl":"https:\/\/www.altominho.tv\/site\/wp-content\/uploads\/2026\/02\/djumo.png","datePublished":"2026-02-12T09:37:53+00:00","dateModified":"2026-02-12T09:37:57+00:00","author":{"@id":"https:\/\/www.altominho.tv\/site\/#\/schema\/person\/c5570e5afb933b8d08c43373326ef1b1"},"description":"O atleta internacional Usumane Djumo, que representa o Clube de Atletismo Ol\u00edmpico Vianense (CAOV), anunciou a doa\u00e7\u00e3o \u00e0 Federa\u00e7\u00e3o de Atletismo da Guin\u00e9-Bissau (FAGB) do Trof\u00e9u de M\u00e9rito Internacional que lhe foi atribu\u00eddo pelo Munic\u00edpio de Silves.","breadcrumb":{"@id":"https:\/\/www.altominho.tv\/site\/2026\/02\/12\/atleta-do-olimpico-vianense-doa-trofeu-internacional-a-federacao-da-guine-bissau\/#breadcrumb"},"inLanguage":"pt-PT","potentialAction":[{"@type":"ReadAction","target":["https:\/\/www.altominho.tv\/site\/2026\/02\/12\/atleta-do-olimpico-vianense-doa-trofeu-internacional-a-federacao-da-guine-bissau\/"]}]},{"@type":"ImageObject","inLanguage":"pt-PT","@id":"https:\/\/www.altominho.tv\/site\/2026\/02\/12\/atleta-do-olimpico-vianense-doa-trofeu-internacional-a-federacao-da-guine-bissau\/#primaryimage","url":"https:\/\/www.altominho.tv\/site\/wp-content\/uploads\/2026\/02\/djumo.png","contentUrl":"https:\/\/www.altominho.tv\/site\/wp-content\/uploads\/2026\/02\/djumo.png","width":1200,"height":630},{"@type":"BreadcrumbList","@id":"https:\/\/www.altominho.tv\/site\/2026\/02\/12\/atleta-do-olimpico-vianense-doa-trofeu-internacional-a-federacao-da-guine-bissau\/#breadcrumb","itemListElement":[{"@type":"ListItem","position":1,"name":"In\u00edcio","item":"https:\/\/www.altominho.tv\/site\/"},{"@type":"ListItem","position":2,"name":"Atleta do Ol\u00edmpico Vianense doa trof\u00e9u internacional \u00e0 Federa\u00e7\u00e3o da Guin\u00e9-Bissau"}]},{"@type":"WebSite","@id":"https:\/\/www.altominho.tv\/site\/#website","url":"https:\/\/www.altominho.tv\/site\/","name":"Altominho.tv","description":"A sua regi\u00e3o \u00e0 dist\u00e2ncia de um clique...","potentialAction":[{"@type":"SearchAction","target":{"@type":"EntryPoint","urlTemplate":"https:\/\/www.altominho.tv\/site\/?s={search_term_string}"},"query-input":{"@type":"PropertyValueSpecification","valueRequired":true,"valueName":"search_term_string"}}],"inLanguage":"pt-PT"},{"@type":"Person","@id":"https:\/\/www.altominho.tv\/site\/#\/schema\/person\/c5570e5afb933b8d08c43373326ef1b1","name":"Cesar Lopes","image":{"@type":"ImageObject","inLanguage":"pt-PT","@id":"https:\/\/www.altominho.tv\/site\/wp-content\/uploads\/2022\/10\/Sem-Titulo-150x150.jpg","url":"https:\/\/www.altominho.tv\/site\/wp-content\/uploads\/2022\/10\/Sem-Titulo-150x150.jpg","contentUrl":"https:\/\/www.altominho.tv\/site\/wp-content\/uploads\/2022\/10\/Sem-Titulo-150x150.jpg","caption":"Cesar Lopes"},"url":"https:\/\/www.altominho.tv\/site\/author\/cesarlopes\/"}]}},"_links":{"self":[{"href":"https:\/\/www.altominho.tv\/site\/wp-json\/wp\/v2\/posts\/128398","targetHints":{"allow":["GET"]}}],"collection":[{"href":"https:\/\/www.altominho.tv\/site\/wp-json\/wp\/v2\/posts"}],"about":[{"href":"https:\/\/www.altominho.tv\/site\/wp-json\/wp\/v2\/types\/post"}],"author":[{"embeddable":true,"href":"https:\/\/www.altominho.tv\/site\/wp-json\/wp\/v2\/users\/24"}],"replies":[{"embeddable":true,"href":"https:\/\/www.altominho.tv\/site\/wp-json\/wp\/v2\/comments?post=128398"}],"version-history":[{"count":1,"href":"https:\/\/www.altominho.tv\/site\/wp-json\/wp\/v2\/posts\/128398\/revisions"}],"predecessor-version":[{"id":128400,"href":"https:\/\/www.altominho.tv\/site\/wp-json\/wp\/v2\/posts\/128398\/revisions\/128400"}],"wp:featuredmedia":[{"embeddable":true,"href":"https:\/\/www.altominho.tv\/site\/wp-json\/wp\/v2\/media\/128399"}],"wp:attachment":[{"href":"https:\/\/www.altominho.tv\/site\/wp-json\/wp\/v2\/media?parent=128398"}],"wp:term":[{"taxonomy":"category","embeddable":true,"href":"https:\/\/www.altominho.tv\/site\/wp-json\/wp\/v2\/categories?post=128398"},{"taxonomy":"post_tag","embeddable":true,"href":"https:\/\/www.altominho.tv\/site\/wp-json\/wp\/v2\/tags?post=128398"}],"curies":[{"name":"wp","href":"https:\/\/api.w.org\/{rel}","templated":true}]}}