{"id":12825,"date":"2018-05-03T10:54:32","date_gmt":"2018-05-03T09:54:32","guid":{"rendered":"http:\/\/www.altominho.tv\/site\/?p=12825"},"modified":"2018-05-03T10:54:32","modified_gmt":"2018-05-03T09:54:32","slug":"ciclo-de-conferencias-um-mundo-de-culturas-percorre-o-alto-minho","status":"publish","type":"post","link":"https:\/\/www.altominho.tv\/site\/2018\/05\/03\/ciclo-de-conferencias-um-mundo-de-culturas-percorre-o-alto-minho\/","title":{"rendered":"Ciclo de Confer\u00eancias &#8220;Um Mundo de Culturas&#8221; percorre o Alto Minho"},"content":{"rendered":"<p>O projeto \u201cAlto Minho 4D \u2013 Viagem no Tempo\u201d vai dinamizar uma atividade por m\u00eas em cada concelho do Alto Minho.<\/p>\n<p>Depois de uma primeira passagem por Caminha, no passado dia 10 de mar\u00e7o, com a confer\u00eancia t\u00e9cnico-cient\u00edfica sobre a &#8220;Rota do Megalitismo e da Arte Rupestre&#8221;, e Mon\u00e7\u00e3o, no dia 7 de abril, com a \u201cRota dos Castros\u201d, segue-se Ponte de Lima, no dia 5 de maio, com a \u201cRota do Romano\u201d.<\/p>\n<p>No pr\u00f3ximo m\u00eas, \u00e9 a vez de Ponte da Barca, no dia 16 de junho, com a \u201cRota do Rom\u00e2nico\u201d.<\/p>\n<p>Segue-se Valen\u00e7a, no dia 22 de setembro, com a \u201cRota dos Castelos e Fortalezas\u201d; Melga\u00e7o, no dia 20 de outubro, com a \u201cRota dos Mosteiros\u201d; Viana do Castelo, no dia 17 de novembro, com a \u201cRota dos Descobrimentos\u201d; Arcos de Valdevez, no dia 8 de dezembro, com a \u201cRota do Barroco\u201d; Paredes de Coura, no dia 12 de janeiro de 2019, com a \u201cRota da Arquitetura Tradicional\u201d; e termina em Vila Nova de Cerveira, no dia 9 de fevereiro 2019, com a \u201cRota do Contempor\u00e2neo ao Futuro\u201d.<\/p>\n","protected":false},"excerpt":{"rendered":"<p>O projeto \u201cAlto Minho 4D \u2013 Viagem no Tempo\u201d vai dinamizar uma atividade por m\u00eas em cada concelho do Alto Minho. Depois de uma primeira passagem por Caminha, no passado dia 10 de mar\u00e7o, com a confer\u00eancia t\u00e9cnico-cient\u00edfica sobre a &#8220;Rota do Megalitismo e da Arte Rupestre&#8221;, e Mon\u00e7\u00e3o, no dia 7 de abril, com [&hellip;]<\/p>\n","protected":false},"author":7,"featured_media":12826,"comment_status":"closed","ping_status":"closed","sticky":false,"template":"","format":"standard","meta":{"_exactmetrics_skip_tracking":false,"footnotes":""},"categories":[73],"tags":[19,27],"class_list":["post-12825","post","type-post","status-publish","format-standard","has-post-thumbnail","hentry","category-alto-minho","tag-cultura","tag-sociedade"],"yoast_head":"<!-- This site is optimized with the Yoast SEO Premium plugin v28.3 (Yoast SEO v28.3) - https:\/\/yoast.com\/product\/yoast-seo-premium-wordpress\/ -->\n<title>Ciclo de Confer\u00eancias &quot;Um Mundo de Culturas&quot; percorre o Alto Minho<\/title>\n<meta name=\"robots\" content=\"index, follow, max-snippet:-1, max-image-preview:large, max-video-preview:-1\" \/>\n<link rel=\"canonical\" href=\"https:\/\/www.altominho.tv\/site\/2018\/05\/03\/ciclo-de-conferencias-um-mundo-de-culturas-percorre-o-alto-minho\/\" \/>\n<meta property=\"og:locale\" content=\"pt_PT\" \/>\n<meta property=\"og:type\" content=\"article\" \/>\n<meta property=\"og:title\" content=\"Ciclo de Confer\u00eancias &quot;Um Mundo de Culturas&quot; percorre o Alto Minho\" \/>\n<meta property=\"og:description\" content=\"O projeto \u201cAlto Minho 4D \u2013 Viagem no Tempo\u201d vai dinamizar uma atividade por m\u00eas em cada concelho do Alto Minho. Depois de uma primeira passagem por Caminha, no passado dia 10 de mar\u00e7o, com a confer\u00eancia t\u00e9cnico-cient\u00edfica sobre a &#8220;Rota do Megalitismo e da Arte Rupestre&#8221;, e Mon\u00e7\u00e3o, no dia 7 de abril, com [&hellip;]\" \/>\n<meta property=\"og:url\" content=\"https:\/\/www.altominho.tv\/site\/2018\/05\/03\/ciclo-de-conferencias-um-mundo-de-culturas-percorre-o-alto-minho\/\" \/>\n<meta property=\"og:site_name\" content=\"Altominho.tv\" \/>\n<meta property=\"article:publisher\" content=\"https:\/\/www.facebook.com\/altominhotv\" \/>\n<meta property=\"article:published_time\" content=\"2018-05-03T09:54:32+00:00\" \/>\n<meta property=\"og:image\" content=\"https:\/\/www.altominho.tv\/site\/wp-content\/uploads\/2018\/05\/altominho.jpg\" \/>\n\t<meta property=\"og:image:width\" content=\"533\" \/>\n\t<meta property=\"og:image:height\" content=\"347\" \/>\n\t<meta property=\"og:image:type\" content=\"image\/jpeg\" \/>\n<meta name=\"author\" content=\"Andreia Cunha\" \/>\n<meta name=\"twitter:card\" content=\"summary_large_image\" \/>\n<meta name=\"twitter:creator\" content=\"@altominhoTV\" \/>\n<meta name=\"twitter:site\" content=\"@altominhoTV\" \/>\n<meta name=\"twitter:label1\" content=\"Escrito por\" \/>\n\t<meta name=\"twitter:data1\" content=\"Andreia Cunha\" \/>\n\t<meta name=\"twitter:label2\" content=\"Tempo estimado de leitura\" \/>\n\t<meta name=\"twitter:data2\" content=\"1 minuto\" \/>\n<script type=\"application\/ld+json\" class=\"yoast-schema-graph\">{\"@context\":\"https:\\\/\\\/schema.org\",\"@graph\":[{\"@type\":\"Article\",\"@id\":\"https:\\\/\\\/www.altominho.tv\\\/site\\\/2018\\\/05\\\/03\\\/ciclo-de-conferencias-um-mundo-de-culturas-percorre-o-alto-minho\\\/#article\",\"isPartOf\":{\"@id\":\"https:\\\/\\\/www.altominho.tv\\\/site\\\/2018\\\/05\\\/03\\\/ciclo-de-conferencias-um-mundo-de-culturas-percorre-o-alto-minho\\\/\"},\"author\":{\"name\":\"Andreia Cunha\",\"@id\":\"https:\\\/\\\/www.altominho.tv\\\/site\\\/#\\\/schema\\\/person\\\/a0e4ef6d041f98ca284393d8f1d97153\"},\"headline\":\"Ciclo de Confer\u00eancias &#8220;Um Mundo de Culturas&#8221; percorre o Alto Minho\",\"datePublished\":\"2018-05-03T09:54:32+00:00\",\"mainEntityOfPage\":{\"@id\":\"https:\\\/\\\/www.altominho.tv\\\/site\\\/2018\\\/05\\\/03\\\/ciclo-de-conferencias-um-mundo-de-culturas-percorre-o-alto-minho\\\/\"},\"wordCount\":190,\"image\":{\"@id\":\"https:\\\/\\\/www.altominho.tv\\\/site\\\/2018\\\/05\\\/03\\\/ciclo-de-conferencias-um-mundo-de-culturas-percorre-o-alto-minho\\\/#primaryimage\"},\"thumbnailUrl\":\"https:\\\/\\\/www.altominho.tv\\\/site\\\/wp-content\\\/uploads\\\/2018\\\/05\\\/altominho.jpg\",\"keywords\":[\"Cultura\",\"Sociedade\"],\"articleSection\":[\"Alto Minho\"],\"inLanguage\":\"pt-PT\",\"copyrightYear\":\"2018\",\"copyrightHolder\":{\"@id\":\"https:\\\/\\\/www.altominho.tv\\\/site\\\/#organization\"}},{\"@type\":\"WebPage\",\"@id\":\"https:\\\/\\\/www.altominho.tv\\\/site\\\/2018\\\/05\\\/03\\\/ciclo-de-conferencias-um-mundo-de-culturas-percorre-o-alto-minho\\\/\",\"url\":\"https:\\\/\\\/www.altominho.tv\\\/site\\\/2018\\\/05\\\/03\\\/ciclo-de-conferencias-um-mundo-de-culturas-percorre-o-alto-minho\\\/\",\"name\":\"Ciclo de Confer\u00eancias \\\"Um Mundo de Culturas\\\" percorre o Alto Minho\",\"isPartOf\":{\"@id\":\"https:\\\/\\\/www.altominho.tv\\\/site\\\/#website\"},\"primaryImageOfPage\":{\"@id\":\"https:\\\/\\\/www.altominho.tv\\\/site\\\/2018\\\/05\\\/03\\\/ciclo-de-conferencias-um-mundo-de-culturas-percorre-o-alto-minho\\\/#primaryimage\"},\"image\":{\"@id\":\"https:\\\/\\\/www.altominho.tv\\\/site\\\/2018\\\/05\\\/03\\\/ciclo-de-conferencias-um-mundo-de-culturas-percorre-o-alto-minho\\\/#primaryimage\"},\"thumbnailUrl\":\"https:\\\/\\\/www.altominho.tv\\\/site\\\/wp-content\\\/uploads\\\/2018\\\/05\\\/altominho.jpg\",\"datePublished\":\"2018-05-03T09:54:32+00:00\",\"author\":{\"@id\":\"https:\\\/\\\/www.altominho.tv\\\/site\\\/#\\\/schema\\\/person\\\/a0e4ef6d041f98ca284393d8f1d97153\"},\"breadcrumb\":{\"@id\":\"https:\\\/\\\/www.altominho.tv\\\/site\\\/2018\\\/05\\\/03\\\/ciclo-de-conferencias-um-mundo-de-culturas-percorre-o-alto-minho\\\/#breadcrumb\"},\"inLanguage\":\"pt-PT\",\"potentialAction\":[{\"@type\":\"ReadAction\",\"target\":[\"https:\\\/\\\/www.altominho.tv\\\/site\\\/2018\\\/05\\\/03\\\/ciclo-de-conferencias-um-mundo-de-culturas-percorre-o-alto-minho\\\/\"]}]},{\"@type\":\"ImageObject\",\"inLanguage\":\"pt-PT\",\"@id\":\"https:\\\/\\\/www.altominho.tv\\\/site\\\/2018\\\/05\\\/03\\\/ciclo-de-conferencias-um-mundo-de-culturas-percorre-o-alto-minho\\\/#primaryimage\",\"url\":\"https:\\\/\\\/www.altominho.tv\\\/site\\\/wp-content\\\/uploads\\\/2018\\\/05\\\/altominho.jpg\",\"contentUrl\":\"https:\\\/\\\/www.altominho.tv\\\/site\\\/wp-content\\\/uploads\\\/2018\\\/05\\\/altominho.jpg\",\"width\":533,\"height\":347},{\"@type\":\"BreadcrumbList\",\"@id\":\"https:\\\/\\\/www.altominho.tv\\\/site\\\/2018\\\/05\\\/03\\\/ciclo-de-conferencias-um-mundo-de-culturas-percorre-o-alto-minho\\\/#breadcrumb\",\"itemListElement\":[{\"@type\":\"ListItem\",\"position\":1,\"name\":\"In\u00edcio\",\"item\":\"https:\\\/\\\/www.altominho.tv\\\/site\\\/\"},{\"@type\":\"ListItem\",\"position\":2,\"name\":\"Ciclo de Confer\u00eancias &#8220;Um Mundo de Culturas&#8221; percorre o Alto Minho\"}]},{\"@type\":\"WebSite\",\"@id\":\"https:\\\/\\\/www.altominho.tv\\\/site\\\/#website\",\"url\":\"https:\\\/\\\/www.altominho.tv\\\/site\\\/\",\"name\":\"Altominho.tv\",\"description\":\"A sua regi\u00e3o \u00e0 dist\u00e2ncia de um clique...\",\"potentialAction\":[{\"@type\":\"SearchAction\",\"target\":{\"@type\":\"EntryPoint\",\"urlTemplate\":\"https:\\\/\\\/www.altominho.tv\\\/site\\\/?s={search_term_string}\"},\"query-input\":{\"@type\":\"PropertyValueSpecification\",\"valueRequired\":true,\"valueName\":\"search_term_string\"}}],\"inLanguage\":\"pt-PT\"},{\"@type\":\"Person\",\"@id\":\"https:\\\/\\\/www.altominho.tv\\\/site\\\/#\\\/schema\\\/person\\\/a0e4ef6d041f98ca284393d8f1d97153\",\"name\":\"Andreia Cunha\",\"image\":{\"@type\":\"ImageObject\",\"inLanguage\":\"pt-PT\",\"@id\":\"https:\\\/\\\/www.altominho.tv\\\/site\\\/wp-content\\\/uploads\\\/2017\\\/11\\\/Andreia_Cunha-1-150x150.jpg\",\"url\":\"https:\\\/\\\/www.altominho.tv\\\/site\\\/wp-content\\\/uploads\\\/2017\\\/11\\\/Andreia_Cunha-1-150x150.jpg\",\"contentUrl\":\"https:\\\/\\\/www.altominho.tv\\\/site\\\/wp-content\\\/uploads\\\/2017\\\/11\\\/Andreia_Cunha-1-150x150.jpg\",\"caption\":\"Andreia Cunha\"},\"url\":\"https:\\\/\\\/www.altominho.tv\\\/site\\\/author\\\/andreiacunha\\\/\"}]}<\/script>\n<!-- \/ Yoast SEO Premium plugin. -->","yoast_head_json":{"title":"Ciclo de Confer\u00eancias \"Um Mundo de Culturas\" percorre o Alto Minho","robots":{"index":"index","follow":"follow","max-snippet":"max-snippet:-1","max-image-preview":"max-image-preview:large","max-video-preview":"max-video-preview:-1"},"canonical":"https:\/\/www.altominho.tv\/site\/2018\/05\/03\/ciclo-de-conferencias-um-mundo-de-culturas-percorre-o-alto-minho\/","og_locale":"pt_PT","og_type":"article","og_title":"Ciclo de Confer\u00eancias \"Um Mundo de Culturas\" percorre o Alto Minho","og_description":"O projeto \u201cAlto Minho 4D \u2013 Viagem no Tempo\u201d vai dinamizar uma atividade por m\u00eas em cada concelho do Alto Minho. Depois de uma primeira passagem por Caminha, no passado dia 10 de mar\u00e7o, com a confer\u00eancia t\u00e9cnico-cient\u00edfica sobre a &#8220;Rota do Megalitismo e da Arte Rupestre&#8221;, e Mon\u00e7\u00e3o, no dia 7 de abril, com [&hellip;]","og_url":"https:\/\/www.altominho.tv\/site\/2018\/05\/03\/ciclo-de-conferencias-um-mundo-de-culturas-percorre-o-alto-minho\/","og_site_name":"Altominho.tv","article_publisher":"https:\/\/www.facebook.com\/altominhotv","article_published_time":"2018-05-03T09:54:32+00:00","og_image":[{"width":533,"height":347,"url":"https:\/\/www.altominho.tv\/site\/wp-content\/uploads\/2018\/05\/altominho.jpg","type":"image\/jpeg"}],"author":"Andreia Cunha","twitter_card":"summary_large_image","twitter_creator":"@altominhoTV","twitter_site":"@altominhoTV","twitter_misc":{"Escrito por":"Andreia Cunha","Tempo estimado de leitura":"1 minuto"},"schema":{"@context":"https:\/\/schema.org","@graph":[{"@type":"Article","@id":"https:\/\/www.altominho.tv\/site\/2018\/05\/03\/ciclo-de-conferencias-um-mundo-de-culturas-percorre-o-alto-minho\/#article","isPartOf":{"@id":"https:\/\/www.altominho.tv\/site\/2018\/05\/03\/ciclo-de-conferencias-um-mundo-de-culturas-percorre-o-alto-minho\/"},"author":{"name":"Andreia Cunha","@id":"https:\/\/www.altominho.tv\/site\/#\/schema\/person\/a0e4ef6d041f98ca284393d8f1d97153"},"headline":"Ciclo de Confer\u00eancias &#8220;Um Mundo de Culturas&#8221; percorre o Alto Minho","datePublished":"2018-05-03T09:54:32+00:00","mainEntityOfPage":{"@id":"https:\/\/www.altominho.tv\/site\/2018\/05\/03\/ciclo-de-conferencias-um-mundo-de-culturas-percorre-o-alto-minho\/"},"wordCount":190,"image":{"@id":"https:\/\/www.altominho.tv\/site\/2018\/05\/03\/ciclo-de-conferencias-um-mundo-de-culturas-percorre-o-alto-minho\/#primaryimage"},"thumbnailUrl":"https:\/\/www.altominho.tv\/site\/wp-content\/uploads\/2018\/05\/altominho.jpg","keywords":["Cultura","Sociedade"],"articleSection":["Alto Minho"],"inLanguage":"pt-PT","copyrightYear":"2018","copyrightHolder":{"@id":"https:\/\/www.altominho.tv\/site\/#organization"}},{"@type":"WebPage","@id":"https:\/\/www.altominho.tv\/site\/2018\/05\/03\/ciclo-de-conferencias-um-mundo-de-culturas-percorre-o-alto-minho\/","url":"https:\/\/www.altominho.tv\/site\/2018\/05\/03\/ciclo-de-conferencias-um-mundo-de-culturas-percorre-o-alto-minho\/","name":"Ciclo de Confer\u00eancias \"Um Mundo de Culturas\" percorre o Alto Minho","isPartOf":{"@id":"https:\/\/www.altominho.tv\/site\/#website"},"primaryImageOfPage":{"@id":"https:\/\/www.altominho.tv\/site\/2018\/05\/03\/ciclo-de-conferencias-um-mundo-de-culturas-percorre-o-alto-minho\/#primaryimage"},"image":{"@id":"https:\/\/www.altominho.tv\/site\/2018\/05\/03\/ciclo-de-conferencias-um-mundo-de-culturas-percorre-o-alto-minho\/#primaryimage"},"thumbnailUrl":"https:\/\/www.altominho.tv\/site\/wp-content\/uploads\/2018\/05\/altominho.jpg","datePublished":"2018-05-03T09:54:32+00:00","author":{"@id":"https:\/\/www.altominho.tv\/site\/#\/schema\/person\/a0e4ef6d041f98ca284393d8f1d97153"},"breadcrumb":{"@id":"https:\/\/www.altominho.tv\/site\/2018\/05\/03\/ciclo-de-conferencias-um-mundo-de-culturas-percorre-o-alto-minho\/#breadcrumb"},"inLanguage":"pt-PT","potentialAction":[{"@type":"ReadAction","target":["https:\/\/www.altominho.tv\/site\/2018\/05\/03\/ciclo-de-conferencias-um-mundo-de-culturas-percorre-o-alto-minho\/"]}]},{"@type":"ImageObject","inLanguage":"pt-PT","@id":"https:\/\/www.altominho.tv\/site\/2018\/05\/03\/ciclo-de-conferencias-um-mundo-de-culturas-percorre-o-alto-minho\/#primaryimage","url":"https:\/\/www.altominho.tv\/site\/wp-content\/uploads\/2018\/05\/altominho.jpg","contentUrl":"https:\/\/www.altominho.tv\/site\/wp-content\/uploads\/2018\/05\/altominho.jpg","width":533,"height":347},{"@type":"BreadcrumbList","@id":"https:\/\/www.altominho.tv\/site\/2018\/05\/03\/ciclo-de-conferencias-um-mundo-de-culturas-percorre-o-alto-minho\/#breadcrumb","itemListElement":[{"@type":"ListItem","position":1,"name":"In\u00edcio","item":"https:\/\/www.altominho.tv\/site\/"},{"@type":"ListItem","position":2,"name":"Ciclo de Confer\u00eancias &#8220;Um Mundo de Culturas&#8221; percorre o Alto Minho"}]},{"@type":"WebSite","@id":"https:\/\/www.altominho.tv\/site\/#website","url":"https:\/\/www.altominho.tv\/site\/","name":"Altominho.tv","description":"A sua regi\u00e3o \u00e0 dist\u00e2ncia de um clique...","potentialAction":[{"@type":"SearchAction","target":{"@type":"EntryPoint","urlTemplate":"https:\/\/www.altominho.tv\/site\/?s={search_term_string}"},"query-input":{"@type":"PropertyValueSpecification","valueRequired":true,"valueName":"search_term_string"}}],"inLanguage":"pt-PT"},{"@type":"Person","@id":"https:\/\/www.altominho.tv\/site\/#\/schema\/person\/a0e4ef6d041f98ca284393d8f1d97153","name":"Andreia Cunha","image":{"@type":"ImageObject","inLanguage":"pt-PT","@id":"https:\/\/www.altominho.tv\/site\/wp-content\/uploads\/2017\/11\/Andreia_Cunha-1-150x150.jpg","url":"https:\/\/www.altominho.tv\/site\/wp-content\/uploads\/2017\/11\/Andreia_Cunha-1-150x150.jpg","contentUrl":"https:\/\/www.altominho.tv\/site\/wp-content\/uploads\/2017\/11\/Andreia_Cunha-1-150x150.jpg","caption":"Andreia Cunha"},"url":"https:\/\/www.altominho.tv\/site\/author\/andreiacunha\/"}]}},"_links":{"self":[{"href":"https:\/\/www.altominho.tv\/site\/wp-json\/wp\/v2\/posts\/12825","targetHints":{"allow":["GET"]}}],"collection":[{"href":"https:\/\/www.altominho.tv\/site\/wp-json\/wp\/v2\/posts"}],"about":[{"href":"https:\/\/www.altominho.tv\/site\/wp-json\/wp\/v2\/types\/post"}],"author":[{"embeddable":true,"href":"https:\/\/www.altominho.tv\/site\/wp-json\/wp\/v2\/users\/7"}],"replies":[{"embeddable":true,"href":"https:\/\/www.altominho.tv\/site\/wp-json\/wp\/v2\/comments?post=12825"}],"version-history":[{"count":0,"href":"https:\/\/www.altominho.tv\/site\/wp-json\/wp\/v2\/posts\/12825\/revisions"}],"wp:featuredmedia":[{"embeddable":true,"href":"https:\/\/www.altominho.tv\/site\/wp-json\/wp\/v2\/media\/12826"}],"wp:attachment":[{"href":"https:\/\/www.altominho.tv\/site\/wp-json\/wp\/v2\/media?parent=12825"}],"wp:term":[{"taxonomy":"category","embeddable":true,"href":"https:\/\/www.altominho.tv\/site\/wp-json\/wp\/v2\/categories?post=12825"},{"taxonomy":"post_tag","embeddable":true,"href":"https:\/\/www.altominho.tv\/site\/wp-json\/wp\/v2\/tags?post=12825"}],"curies":[{"name":"wp","href":"https:\/\/api.w.org\/{rel}","templated":true}]}}