{"id":128249,"date":"2026-02-09T17:05:20","date_gmt":"2026-02-09T17:05:20","guid":{"rendered":"https:\/\/www.altominho.tv\/site\/?p=128249"},"modified":"2026-02-09T17:05:24","modified_gmt":"2026-02-09T17:05:24","slug":"ipma-alerta-para-agravamento-do-estado-do-tempo-e-risco-de-cheias","status":"publish","type":"post","link":"https:\/\/www.altominho.tv\/site\/2026\/02\/09\/ipma-alerta-para-agravamento-do-estado-do-tempo-e-risco-de-cheias\/","title":{"rendered":"IPMA alerta para agravamento do estado do tempo e risco de cheias"},"content":{"rendered":"<p data-start=\"241\" data-end=\"606\">O Instituto Portugu\u00eas do Mar e da Atmosfera (IPMA) prev\u00ea um agravamento significativo das condi\u00e7\u00f5es meteorol\u00f3gicas nos pr\u00f3ximos dias, com especial impacto nas regi\u00f5es do Norte e Centro do pa\u00eds. No Alto Minho, s\u00e3o esperados per\u00edodos de chuva por vezes forte e persistente, vento intenso e subida dos caudais dos rios, com particular aten\u00e7\u00e3o para a bacia do rio Lima.<\/p>\n<p data-start=\"608\" data-end=\"1047\">De acordo com a informa\u00e7\u00e3o hidrol\u00f3gica da Ag\u00eancia Portuguesa do Ambiente (APA), existe risco de inunda\u00e7\u00f5es no rio Lima, que atravessa os concelhos de Arcos de Valdevez, Ponte da Barca e Ponte de Lima. A precipita\u00e7\u00e3o registada nos \u00faltimos dias levou a uma subida acentuada dos caudais, situa\u00e7\u00e3o que dever\u00e1 manter-se devido \u00e0 continua\u00e7\u00e3o da chuva, podendo provocar cheias e inunda\u00e7\u00f5es em zonas ribeirinhas e \u00e1reas historicamente vulner\u00e1veis.<\/p>\n<p data-start=\"1049\" data-end=\"1449\">O IPMA alerta ainda para vento forte, com rajadas que podem atingir os 90 km\/h nas terras altas do Norte, bem como para agita\u00e7\u00e3o mar\u00edtima intensa na costa ocidental, com ondas de noroeste at\u00e9 seis metros, podendo alcan\u00e7ar os 11 metros de altura m\u00e1xima. Estas condi\u00e7\u00f5es aumentam o risco de quedas de \u00e1rvores, instabilidade de vertentes, deslizamentos de terras e dificuldades na circula\u00e7\u00e3o rodovi\u00e1ria.<\/p>\n<p data-start=\"1451\" data-end=\"1914\">Perante este cen\u00e1rio, a Autoridade Nacional de Emerg\u00eancia e Prote\u00e7\u00e3o Civil recomenda \u00e0 popula\u00e7\u00e3o a ado\u00e7\u00e3o de medidas preventivas, nomeadamente a desobstru\u00e7\u00e3o de sistemas de drenagem, a evita\u00e7\u00e3o de circula\u00e7\u00e3o e estacionamento em zonas inund\u00e1veis, a restri\u00e7\u00e3o de atividades junto a linhas de \u00e1gua e a aten\u00e7\u00e3o redobrada \u00e0s indica\u00e7\u00f5es das autoridades.<\/p>\n<p data-start=\"1451\" data-end=\"1914\">A situa\u00e7\u00e3o hidrol\u00f3gica no Alto Minho, em particular no rio Lima, continuar\u00e1 a ser monitorizada de forma permanente.<\/p>\n","protected":false},"excerpt":{"rendered":"<p>O Instituto Portugu\u00eas do Mar e da Atmosfera (IPMA) prev\u00ea um agravamento significativo das condi\u00e7\u00f5es meteorol\u00f3gicas nos pr\u00f3ximos dias, com especial impacto nas regi\u00f5es do Norte e Centro do pa\u00eds. No Alto Minho, s\u00e3o esperados per\u00edodos de chuva por vezes forte e persistente, vento intenso e subida dos caudais dos rios, com particular aten\u00e7\u00e3o para [&hellip;]<\/p>\n","protected":false},"author":24,"featured_media":128250,"comment_status":"closed","ping_status":"closed","sticky":false,"template":"","format":"standard","meta":{"_exactmetrics_skip_tracking":false,"footnotes":""},"categories":[73],"tags":[27],"class_list":["post-128249","post","type-post","status-publish","format-standard","has-post-thumbnail","hentry","category-alto-minho","tag-sociedade"],"yoast_head":"<!-- This site is optimized with the Yoast SEO Premium plugin v28.3 (Yoast SEO v28.3) - https:\/\/yoast.com\/product\/yoast-seo-premium-wordpress\/ -->\n<title>IPMA alerta para agravamento do estado do tempo e risco de cheias<\/title>\n<meta name=\"description\" content=\"O Instituto Portugu\u00eas do Mar e da Atmosfera (IPMA) prev\u00ea um agravamento significativo das condi\u00e7\u00f5es meteorol\u00f3gicas nos pr\u00f3ximos dias, com especial impacto nas regi\u00f5es do Norte e Centro do pa\u00eds. No Alto Minho, s\u00e3o esperados per\u00edodos de chuva por vezes forte e persistente, vento intenso e subida dos caudais dos rios, com particular aten\u00e7\u00e3o para a bacia do rio Lima.\" \/>\n<meta name=\"robots\" content=\"index, follow, max-snippet:-1, max-image-preview:large, max-video-preview:-1\" \/>\n<link rel=\"canonical\" href=\"https:\/\/www.altominho.tv\/site\/2026\/02\/09\/ipma-alerta-para-agravamento-do-estado-do-tempo-e-risco-de-cheias\/\" \/>\n<meta property=\"og:locale\" content=\"pt_PT\" \/>\n<meta property=\"og:type\" content=\"article\" \/>\n<meta property=\"og:title\" content=\"IPMA alerta para agravamento do estado do tempo e risco de cheias\" \/>\n<meta property=\"og:description\" content=\"O Instituto Portugu\u00eas do Mar e da Atmosfera (IPMA) prev\u00ea um agravamento significativo das condi\u00e7\u00f5es meteorol\u00f3gicas nos pr\u00f3ximos dias, com especial impacto nas regi\u00f5es do Norte e Centro do pa\u00eds. No Alto Minho, s\u00e3o esperados per\u00edodos de chuva por vezes forte e persistente, vento intenso e subida dos caudais dos rios, com particular aten\u00e7\u00e3o para a bacia do rio Lima.\" \/>\n<meta property=\"og:url\" content=\"https:\/\/www.altominho.tv\/site\/2026\/02\/09\/ipma-alerta-para-agravamento-do-estado-do-tempo-e-risco-de-cheias\/\" \/>\n<meta property=\"og:site_name\" content=\"Altominho.tv\" \/>\n<meta property=\"article:publisher\" content=\"https:\/\/www.facebook.com\/altominhotv\" \/>\n<meta property=\"article:published_time\" content=\"2026-02-09T17:05:20+00:00\" \/>\n<meta property=\"article:modified_time\" content=\"2026-02-09T17:05:24+00:00\" \/>\n<meta property=\"og:image\" content=\"https:\/\/www.altominho.tv\/site\/wp-content\/uploads\/2026\/02\/cheias.png\" \/>\n\t<meta property=\"og:image:width\" content=\"1200\" \/>\n\t<meta property=\"og:image:height\" content=\"630\" \/>\n\t<meta property=\"og:image:type\" content=\"image\/png\" \/>\n<meta name=\"author\" content=\"Cesar Lopes\" \/>\n<meta name=\"twitter:card\" content=\"summary_large_image\" \/>\n<meta name=\"twitter:creator\" content=\"@altominhoTV\" \/>\n<meta name=\"twitter:site\" content=\"@altominhoTV\" \/>\n<meta name=\"twitter:label1\" content=\"Escrito por\" \/>\n\t<meta name=\"twitter:data1\" content=\"Cesar Lopes\" \/>\n\t<meta name=\"twitter:label2\" content=\"Tempo estimado de leitura\" \/>\n\t<meta name=\"twitter:data2\" content=\"2 minutos\" \/>\n<script type=\"application\/ld+json\" class=\"yoast-schema-graph\">{\"@context\":\"https:\\\/\\\/schema.org\",\"@graph\":[{\"@type\":\"Article\",\"@id\":\"https:\\\/\\\/www.altominho.tv\\\/site\\\/2026\\\/02\\\/09\\\/ipma-alerta-para-agravamento-do-estado-do-tempo-e-risco-de-cheias\\\/#article\",\"isPartOf\":{\"@id\":\"https:\\\/\\\/www.altominho.tv\\\/site\\\/2026\\\/02\\\/09\\\/ipma-alerta-para-agravamento-do-estado-do-tempo-e-risco-de-cheias\\\/\"},\"author\":{\"name\":\"Cesar Lopes\",\"@id\":\"https:\\\/\\\/www.altominho.tv\\\/site\\\/#\\\/schema\\\/person\\\/c5570e5afb933b8d08c43373326ef1b1\"},\"headline\":\"IPMA alerta para agravamento do estado do tempo e risco de cheias\",\"datePublished\":\"2026-02-09T17:05:20+00:00\",\"dateModified\":\"2026-02-09T17:05:24+00:00\",\"mainEntityOfPage\":{\"@id\":\"https:\\\/\\\/www.altominho.tv\\\/site\\\/2026\\\/02\\\/09\\\/ipma-alerta-para-agravamento-do-estado-do-tempo-e-risco-de-cheias\\\/\"},\"wordCount\":310,\"image\":{\"@id\":\"https:\\\/\\\/www.altominho.tv\\\/site\\\/2026\\\/02\\\/09\\\/ipma-alerta-para-agravamento-do-estado-do-tempo-e-risco-de-cheias\\\/#primaryimage\"},\"thumbnailUrl\":\"https:\\\/\\\/www.altominho.tv\\\/site\\\/wp-content\\\/uploads\\\/2026\\\/02\\\/cheias.png\",\"keywords\":[\"Sociedade\"],\"articleSection\":[\"Alto Minho\"],\"inLanguage\":\"pt-PT\",\"copyrightYear\":\"2026\",\"copyrightHolder\":{\"@id\":\"https:\\\/\\\/www.altominho.tv\\\/site\\\/#organization\"}},{\"@type\":\"WebPage\",\"@id\":\"https:\\\/\\\/www.altominho.tv\\\/site\\\/2026\\\/02\\\/09\\\/ipma-alerta-para-agravamento-do-estado-do-tempo-e-risco-de-cheias\\\/\",\"url\":\"https:\\\/\\\/www.altominho.tv\\\/site\\\/2026\\\/02\\\/09\\\/ipma-alerta-para-agravamento-do-estado-do-tempo-e-risco-de-cheias\\\/\",\"name\":\"IPMA alerta para agravamento do estado do tempo e risco de cheias\",\"isPartOf\":{\"@id\":\"https:\\\/\\\/www.altominho.tv\\\/site\\\/#website\"},\"primaryImageOfPage\":{\"@id\":\"https:\\\/\\\/www.altominho.tv\\\/site\\\/2026\\\/02\\\/09\\\/ipma-alerta-para-agravamento-do-estado-do-tempo-e-risco-de-cheias\\\/#primaryimage\"},\"image\":{\"@id\":\"https:\\\/\\\/www.altominho.tv\\\/site\\\/2026\\\/02\\\/09\\\/ipma-alerta-para-agravamento-do-estado-do-tempo-e-risco-de-cheias\\\/#primaryimage\"},\"thumbnailUrl\":\"https:\\\/\\\/www.altominho.tv\\\/site\\\/wp-content\\\/uploads\\\/2026\\\/02\\\/cheias.png\",\"datePublished\":\"2026-02-09T17:05:20+00:00\",\"dateModified\":\"2026-02-09T17:05:24+00:00\",\"author\":{\"@id\":\"https:\\\/\\\/www.altominho.tv\\\/site\\\/#\\\/schema\\\/person\\\/c5570e5afb933b8d08c43373326ef1b1\"},\"description\":\"O Instituto Portugu\u00eas do Mar e da Atmosfera (IPMA) prev\u00ea um agravamento significativo das condi\u00e7\u00f5es meteorol\u00f3gicas nos pr\u00f3ximos dias, com especial impacto nas regi\u00f5es do Norte e Centro do pa\u00eds. No Alto Minho, s\u00e3o esperados per\u00edodos de chuva por vezes forte e persistente, vento intenso e subida dos caudais dos rios, com particular aten\u00e7\u00e3o para a bacia do rio Lima.\",\"breadcrumb\":{\"@id\":\"https:\\\/\\\/www.altominho.tv\\\/site\\\/2026\\\/02\\\/09\\\/ipma-alerta-para-agravamento-do-estado-do-tempo-e-risco-de-cheias\\\/#breadcrumb\"},\"inLanguage\":\"pt-PT\",\"potentialAction\":[{\"@type\":\"ReadAction\",\"target\":[\"https:\\\/\\\/www.altominho.tv\\\/site\\\/2026\\\/02\\\/09\\\/ipma-alerta-para-agravamento-do-estado-do-tempo-e-risco-de-cheias\\\/\"]}]},{\"@type\":\"ImageObject\",\"inLanguage\":\"pt-PT\",\"@id\":\"https:\\\/\\\/www.altominho.tv\\\/site\\\/2026\\\/02\\\/09\\\/ipma-alerta-para-agravamento-do-estado-do-tempo-e-risco-de-cheias\\\/#primaryimage\",\"url\":\"https:\\\/\\\/www.altominho.tv\\\/site\\\/wp-content\\\/uploads\\\/2026\\\/02\\\/cheias.png\",\"contentUrl\":\"https:\\\/\\\/www.altominho.tv\\\/site\\\/wp-content\\\/uploads\\\/2026\\\/02\\\/cheias.png\",\"width\":1200,\"height\":630},{\"@type\":\"BreadcrumbList\",\"@id\":\"https:\\\/\\\/www.altominho.tv\\\/site\\\/2026\\\/02\\\/09\\\/ipma-alerta-para-agravamento-do-estado-do-tempo-e-risco-de-cheias\\\/#breadcrumb\",\"itemListElement\":[{\"@type\":\"ListItem\",\"position\":1,\"name\":\"In\u00edcio\",\"item\":\"https:\\\/\\\/www.altominho.tv\\\/site\\\/\"},{\"@type\":\"ListItem\",\"position\":2,\"name\":\"IPMA alerta para agravamento do estado do tempo e risco de cheias\"}]},{\"@type\":\"WebSite\",\"@id\":\"https:\\\/\\\/www.altominho.tv\\\/site\\\/#website\",\"url\":\"https:\\\/\\\/www.altominho.tv\\\/site\\\/\",\"name\":\"Altominho.tv\",\"description\":\"A sua regi\u00e3o \u00e0 dist\u00e2ncia de um clique...\",\"potentialAction\":[{\"@type\":\"SearchAction\",\"target\":{\"@type\":\"EntryPoint\",\"urlTemplate\":\"https:\\\/\\\/www.altominho.tv\\\/site\\\/?s={search_term_string}\"},\"query-input\":{\"@type\":\"PropertyValueSpecification\",\"valueRequired\":true,\"valueName\":\"search_term_string\"}}],\"inLanguage\":\"pt-PT\"},{\"@type\":\"Person\",\"@id\":\"https:\\\/\\\/www.altominho.tv\\\/site\\\/#\\\/schema\\\/person\\\/c5570e5afb933b8d08c43373326ef1b1\",\"name\":\"Cesar Lopes\",\"image\":{\"@type\":\"ImageObject\",\"inLanguage\":\"pt-PT\",\"@id\":\"https:\\\/\\\/www.altominho.tv\\\/site\\\/wp-content\\\/uploads\\\/2022\\\/10\\\/Sem-Titulo-150x150.jpg\",\"url\":\"https:\\\/\\\/www.altominho.tv\\\/site\\\/wp-content\\\/uploads\\\/2022\\\/10\\\/Sem-Titulo-150x150.jpg\",\"contentUrl\":\"https:\\\/\\\/www.altominho.tv\\\/site\\\/wp-content\\\/uploads\\\/2022\\\/10\\\/Sem-Titulo-150x150.jpg\",\"caption\":\"Cesar Lopes\"},\"url\":\"https:\\\/\\\/www.altominho.tv\\\/site\\\/author\\\/cesarlopes\\\/\"}]}<\/script>\n<!-- \/ Yoast SEO Premium plugin. -->","yoast_head_json":{"title":"IPMA alerta para agravamento do estado do tempo e risco de cheias","description":"O Instituto Portugu\u00eas do Mar e da Atmosfera (IPMA) prev\u00ea um agravamento significativo das condi\u00e7\u00f5es meteorol\u00f3gicas nos pr\u00f3ximos dias, com especial impacto nas regi\u00f5es do Norte e Centro do pa\u00eds. No Alto Minho, s\u00e3o esperados per\u00edodos de chuva por vezes forte e persistente, vento intenso e subida dos caudais dos rios, com particular aten\u00e7\u00e3o para a bacia do rio Lima.","robots":{"index":"index","follow":"follow","max-snippet":"max-snippet:-1","max-image-preview":"max-image-preview:large","max-video-preview":"max-video-preview:-1"},"canonical":"https:\/\/www.altominho.tv\/site\/2026\/02\/09\/ipma-alerta-para-agravamento-do-estado-do-tempo-e-risco-de-cheias\/","og_locale":"pt_PT","og_type":"article","og_title":"IPMA alerta para agravamento do estado do tempo e risco de cheias","og_description":"O Instituto Portugu\u00eas do Mar e da Atmosfera (IPMA) prev\u00ea um agravamento significativo das condi\u00e7\u00f5es meteorol\u00f3gicas nos pr\u00f3ximos dias, com especial impacto nas regi\u00f5es do Norte e Centro do pa\u00eds. No Alto Minho, s\u00e3o esperados per\u00edodos de chuva por vezes forte e persistente, vento intenso e subida dos caudais dos rios, com particular aten\u00e7\u00e3o para a bacia do rio Lima.","og_url":"https:\/\/www.altominho.tv\/site\/2026\/02\/09\/ipma-alerta-para-agravamento-do-estado-do-tempo-e-risco-de-cheias\/","og_site_name":"Altominho.tv","article_publisher":"https:\/\/www.facebook.com\/altominhotv","article_published_time":"2026-02-09T17:05:20+00:00","article_modified_time":"2026-02-09T17:05:24+00:00","og_image":[{"width":1200,"height":630,"url":"https:\/\/www.altominho.tv\/site\/wp-content\/uploads\/2026\/02\/cheias.png","type":"image\/png"}],"author":"Cesar Lopes","twitter_card":"summary_large_image","twitter_creator":"@altominhoTV","twitter_site":"@altominhoTV","twitter_misc":{"Escrito por":"Cesar Lopes","Tempo estimado de leitura":"2 minutos"},"schema":{"@context":"https:\/\/schema.org","@graph":[{"@type":"Article","@id":"https:\/\/www.altominho.tv\/site\/2026\/02\/09\/ipma-alerta-para-agravamento-do-estado-do-tempo-e-risco-de-cheias\/#article","isPartOf":{"@id":"https:\/\/www.altominho.tv\/site\/2026\/02\/09\/ipma-alerta-para-agravamento-do-estado-do-tempo-e-risco-de-cheias\/"},"author":{"name":"Cesar Lopes","@id":"https:\/\/www.altominho.tv\/site\/#\/schema\/person\/c5570e5afb933b8d08c43373326ef1b1"},"headline":"IPMA alerta para agravamento do estado do tempo e risco de cheias","datePublished":"2026-02-09T17:05:20+00:00","dateModified":"2026-02-09T17:05:24+00:00","mainEntityOfPage":{"@id":"https:\/\/www.altominho.tv\/site\/2026\/02\/09\/ipma-alerta-para-agravamento-do-estado-do-tempo-e-risco-de-cheias\/"},"wordCount":310,"image":{"@id":"https:\/\/www.altominho.tv\/site\/2026\/02\/09\/ipma-alerta-para-agravamento-do-estado-do-tempo-e-risco-de-cheias\/#primaryimage"},"thumbnailUrl":"https:\/\/www.altominho.tv\/site\/wp-content\/uploads\/2026\/02\/cheias.png","keywords":["Sociedade"],"articleSection":["Alto Minho"],"inLanguage":"pt-PT","copyrightYear":"2026","copyrightHolder":{"@id":"https:\/\/www.altominho.tv\/site\/#organization"}},{"@type":"WebPage","@id":"https:\/\/www.altominho.tv\/site\/2026\/02\/09\/ipma-alerta-para-agravamento-do-estado-do-tempo-e-risco-de-cheias\/","url":"https:\/\/www.altominho.tv\/site\/2026\/02\/09\/ipma-alerta-para-agravamento-do-estado-do-tempo-e-risco-de-cheias\/","name":"IPMA alerta para agravamento do estado do tempo e risco de cheias","isPartOf":{"@id":"https:\/\/www.altominho.tv\/site\/#website"},"primaryImageOfPage":{"@id":"https:\/\/www.altominho.tv\/site\/2026\/02\/09\/ipma-alerta-para-agravamento-do-estado-do-tempo-e-risco-de-cheias\/#primaryimage"},"image":{"@id":"https:\/\/www.altominho.tv\/site\/2026\/02\/09\/ipma-alerta-para-agravamento-do-estado-do-tempo-e-risco-de-cheias\/#primaryimage"},"thumbnailUrl":"https:\/\/www.altominho.tv\/site\/wp-content\/uploads\/2026\/02\/cheias.png","datePublished":"2026-02-09T17:05:20+00:00","dateModified":"2026-02-09T17:05:24+00:00","author":{"@id":"https:\/\/www.altominho.tv\/site\/#\/schema\/person\/c5570e5afb933b8d08c43373326ef1b1"},"description":"O Instituto Portugu\u00eas do Mar e da Atmosfera (IPMA) prev\u00ea um agravamento significativo das condi\u00e7\u00f5es meteorol\u00f3gicas nos pr\u00f3ximos dias, com especial impacto nas regi\u00f5es do Norte e Centro do pa\u00eds. No Alto Minho, s\u00e3o esperados per\u00edodos de chuva por vezes forte e persistente, vento intenso e subida dos caudais dos rios, com particular aten\u00e7\u00e3o para a bacia do rio Lima.","breadcrumb":{"@id":"https:\/\/www.altominho.tv\/site\/2026\/02\/09\/ipma-alerta-para-agravamento-do-estado-do-tempo-e-risco-de-cheias\/#breadcrumb"},"inLanguage":"pt-PT","potentialAction":[{"@type":"ReadAction","target":["https:\/\/www.altominho.tv\/site\/2026\/02\/09\/ipma-alerta-para-agravamento-do-estado-do-tempo-e-risco-de-cheias\/"]}]},{"@type":"ImageObject","inLanguage":"pt-PT","@id":"https:\/\/www.altominho.tv\/site\/2026\/02\/09\/ipma-alerta-para-agravamento-do-estado-do-tempo-e-risco-de-cheias\/#primaryimage","url":"https:\/\/www.altominho.tv\/site\/wp-content\/uploads\/2026\/02\/cheias.png","contentUrl":"https:\/\/www.altominho.tv\/site\/wp-content\/uploads\/2026\/02\/cheias.png","width":1200,"height":630},{"@type":"BreadcrumbList","@id":"https:\/\/www.altominho.tv\/site\/2026\/02\/09\/ipma-alerta-para-agravamento-do-estado-do-tempo-e-risco-de-cheias\/#breadcrumb","itemListElement":[{"@type":"ListItem","position":1,"name":"In\u00edcio","item":"https:\/\/www.altominho.tv\/site\/"},{"@type":"ListItem","position":2,"name":"IPMA alerta para agravamento do estado do tempo e risco de cheias"}]},{"@type":"WebSite","@id":"https:\/\/www.altominho.tv\/site\/#website","url":"https:\/\/www.altominho.tv\/site\/","name":"Altominho.tv","description":"A sua regi\u00e3o \u00e0 dist\u00e2ncia de um clique...","potentialAction":[{"@type":"SearchAction","target":{"@type":"EntryPoint","urlTemplate":"https:\/\/www.altominho.tv\/site\/?s={search_term_string}"},"query-input":{"@type":"PropertyValueSpecification","valueRequired":true,"valueName":"search_term_string"}}],"inLanguage":"pt-PT"},{"@type":"Person","@id":"https:\/\/www.altominho.tv\/site\/#\/schema\/person\/c5570e5afb933b8d08c43373326ef1b1","name":"Cesar Lopes","image":{"@type":"ImageObject","inLanguage":"pt-PT","@id":"https:\/\/www.altominho.tv\/site\/wp-content\/uploads\/2022\/10\/Sem-Titulo-150x150.jpg","url":"https:\/\/www.altominho.tv\/site\/wp-content\/uploads\/2022\/10\/Sem-Titulo-150x150.jpg","contentUrl":"https:\/\/www.altominho.tv\/site\/wp-content\/uploads\/2022\/10\/Sem-Titulo-150x150.jpg","caption":"Cesar Lopes"},"url":"https:\/\/www.altominho.tv\/site\/author\/cesarlopes\/"}]}},"_links":{"self":[{"href":"https:\/\/www.altominho.tv\/site\/wp-json\/wp\/v2\/posts\/128249","targetHints":{"allow":["GET"]}}],"collection":[{"href":"https:\/\/www.altominho.tv\/site\/wp-json\/wp\/v2\/posts"}],"about":[{"href":"https:\/\/www.altominho.tv\/site\/wp-json\/wp\/v2\/types\/post"}],"author":[{"embeddable":true,"href":"https:\/\/www.altominho.tv\/site\/wp-json\/wp\/v2\/users\/24"}],"replies":[{"embeddable":true,"href":"https:\/\/www.altominho.tv\/site\/wp-json\/wp\/v2\/comments?post=128249"}],"version-history":[{"count":1,"href":"https:\/\/www.altominho.tv\/site\/wp-json\/wp\/v2\/posts\/128249\/revisions"}],"predecessor-version":[{"id":128251,"href":"https:\/\/www.altominho.tv\/site\/wp-json\/wp\/v2\/posts\/128249\/revisions\/128251"}],"wp:featuredmedia":[{"embeddable":true,"href":"https:\/\/www.altominho.tv\/site\/wp-json\/wp\/v2\/media\/128250"}],"wp:attachment":[{"href":"https:\/\/www.altominho.tv\/site\/wp-json\/wp\/v2\/media?parent=128249"}],"wp:term":[{"taxonomy":"category","embeddable":true,"href":"https:\/\/www.altominho.tv\/site\/wp-json\/wp\/v2\/categories?post=128249"},{"taxonomy":"post_tag","embeddable":true,"href":"https:\/\/www.altominho.tv\/site\/wp-json\/wp\/v2\/tags?post=128249"}],"curies":[{"name":"wp","href":"https:\/\/api.w.org\/{rel}","templated":true}]}}