{"id":128246,"date":"2026-02-09T16:38:55","date_gmt":"2026-02-09T16:38:55","guid":{"rendered":"https:\/\/www.altominho.tv\/site\/?p=128246"},"modified":"2026-02-09T16:38:59","modified_gmt":"2026-02-09T16:38:59","slug":"funcionarios-das-ipss-de-valenca-recebem-formacao-especializada-em-demencia","status":"publish","type":"post","link":"https:\/\/www.altominho.tv\/site\/2026\/02\/09\/funcionarios-das-ipss-de-valenca-recebem-formacao-especializada-em-demencia\/","title":{"rendered":"Funcion\u00e1rios das IPSS de Valen\u00e7a recebem forma\u00e7\u00e3o especializada em dem\u00eancia"},"content":{"rendered":"<p class=\"p1\">A C\u00e2mara Municipal de Valen\u00e7a promoveu duas a\u00e7\u00f5es de capacita\u00e7\u00e3o \u201cA Interven\u00e7\u00e3o Centrada na Pessoa com Dem\u00eancia\u201d, dirigida aos funcion\u00e1rios das IPSS do concelho, com especial enfoque em t\u00e9cnicos, ajudantes de lar e cuidadores.<\/p>\n<p class=\"p1\">Segundo a autarquia, esta iniciativa reflete \u201ca preocupa\u00e7\u00e3o do munic\u00edpio em assegurar que as institui\u00e7\u00f5es locais disponham das compet\u00eancias necess\u00e1rias para prestar um apoio cada vez mais atento, qualificado e humanizado \u00e0s pessoas com dem\u00eancia\u201d.<\/p>\n<p class=\"p1\">A a\u00e7\u00e3o teve uma forte componente t\u00e9cnica e pr\u00e1tica, visando dotar os participantes de estrat\u00e9gias que lhes permitam responder, de forma mais eficaz, \u00e0s necessidades espec\u00edficas dos utentes.<\/p>\n<p class=\"p1\">A forma\u00e7\u00e3o, dinamizada pela psic\u00f3loga Carmina Rei, abordou metodologias de interven\u00e7\u00e3o centradas na pessoa, promovendo pr\u00e1ticas ajustadas \u00e0 realidade di\u00e1ria das IPSS e \u00e0s exig\u00eancias crescentes associadas ao espectro das dem\u00eancias.<\/p>\n<p class=\"p1\">Esta a\u00e7\u00e3o integrou o Projeto Pontes D\u2019 Encontro, financiado pelo Norte 2030 \u2013 Fundo Social Europeu.<\/p>\n","protected":false},"excerpt":{"rendered":"<p>A C\u00e2mara Municipal de Valen\u00e7a promoveu duas a\u00e7\u00f5es de capacita\u00e7\u00e3o \u201cA Interven\u00e7\u00e3o Centrada na Pessoa com Dem\u00eancia\u201d, dirigida aos funcion\u00e1rios das IPSS do concelho, com especial enfoque em t\u00e9cnicos, ajudantes de lar e cuidadores. Segundo a autarquia, esta iniciativa reflete \u201ca preocupa\u00e7\u00e3o do munic\u00edpio em assegurar que as institui\u00e7\u00f5es locais disponham das compet\u00eancias necess\u00e1rias para [&hellip;]<\/p>\n","protected":false},"author":30,"featured_media":128247,"comment_status":"closed","ping_status":"closed","sticky":false,"template":"","format":"standard","meta":{"_exactmetrics_skip_tracking":false,"_exactmetrics_sitenote_active":false,"_exactmetrics_sitenote_note":"","_exactmetrics_sitenote_category":0,"footnotes":""},"categories":[13],"tags":[26],"class_list":["post-128246","post","type-post","status-publish","format-standard","has-post-thumbnail","hentry","category-valenca","tag-saude"],"yoast_head":"<!-- This site is optimized with the Yoast SEO Premium plugin v27.5 (Yoast SEO v27.5) - https:\/\/yoast.com\/product\/yoast-seo-premium-wordpress\/ -->\n<title>Funcion\u00e1rios das IPSS de Valen\u00e7a recebem forma\u00e7\u00e3o especializada em dem\u00eancia<\/title>\n<meta name=\"description\" content=\"A C\u00e2mara Municipal de Valen\u00e7a promoveu duas a\u00e7\u00f5es de capacita\u00e7\u00e3o \u201cA Interven\u00e7\u00e3o Centrada na Pessoa com Dem\u00eancia\u201d, dirigida aos funcion\u00e1rios das IPSS do concelho, com especial enfoque em t\u00e9cnicos, ajudantes de lar e cuidadores.\" \/>\n<meta name=\"robots\" content=\"index, follow, max-snippet:-1, max-image-preview:large, max-video-preview:-1\" \/>\n<link rel=\"canonical\" href=\"https:\/\/www.altominho.tv\/site\/2026\/02\/09\/funcionarios-das-ipss-de-valenca-recebem-formacao-especializada-em-demencia\/\" \/>\n<meta property=\"og:locale\" content=\"pt_PT\" \/>\n<meta property=\"og:type\" content=\"article\" \/>\n<meta property=\"og:title\" content=\"Funcion\u00e1rios das IPSS de Valen\u00e7a recebem forma\u00e7\u00e3o especializada em dem\u00eancia\" \/>\n<meta property=\"og:description\" content=\"A C\u00e2mara Municipal de Valen\u00e7a promoveu duas a\u00e7\u00f5es de capacita\u00e7\u00e3o \u201cA Interven\u00e7\u00e3o Centrada na Pessoa com Dem\u00eancia\u201d, dirigida aos funcion\u00e1rios das IPSS do concelho, com especial enfoque em t\u00e9cnicos, ajudantes de lar e cuidadores.\" \/>\n<meta property=\"og:url\" content=\"https:\/\/www.altominho.tv\/site\/2026\/02\/09\/funcionarios-das-ipss-de-valenca-recebem-formacao-especializada-em-demencia\/\" \/>\n<meta property=\"og:site_name\" content=\"Altominho.tv\" \/>\n<meta property=\"article:publisher\" content=\"https:\/\/www.facebook.com\/altominhotv\" \/>\n<meta property=\"article:published_time\" content=\"2026-02-09T16:38:55+00:00\" \/>\n<meta property=\"article:modified_time\" content=\"2026-02-09T16:38:59+00:00\" \/>\n<meta property=\"og:image\" content=\"https:\/\/www.altominho.tv\/site\/wp-content\/uploads\/2026\/02\/Design-sem-nome-2026-02-09T162638.938.jpg\" \/>\n\t<meta property=\"og:image:width\" content=\"1200\" \/>\n\t<meta property=\"og:image:height\" content=\"630\" \/>\n\t<meta property=\"og:image:type\" content=\"image\/jpeg\" \/>\n<meta name=\"author\" content=\"Eduarda Cardoso\" \/>\n<meta name=\"twitter:card\" content=\"summary_large_image\" \/>\n<meta name=\"twitter:creator\" content=\"@altominhoTV\" \/>\n<meta name=\"twitter:site\" content=\"@altominhoTV\" \/>\n<meta name=\"twitter:label1\" content=\"Escrito por\" \/>\n\t<meta name=\"twitter:data1\" content=\"Eduarda Cardoso\" \/>\n\t<meta name=\"twitter:label2\" content=\"Tempo estimado de leitura\" \/>\n\t<meta name=\"twitter:data2\" content=\"1 minuto\" \/>\n<script type=\"application\/ld+json\" class=\"yoast-schema-graph\">{\"@context\":\"https:\\\/\\\/schema.org\",\"@graph\":[{\"@type\":\"Article\",\"@id\":\"https:\\\/\\\/www.altominho.tv\\\/site\\\/2026\\\/02\\\/09\\\/funcionarios-das-ipss-de-valenca-recebem-formacao-especializada-em-demencia\\\/#article\",\"isPartOf\":{\"@id\":\"https:\\\/\\\/www.altominho.tv\\\/site\\\/2026\\\/02\\\/09\\\/funcionarios-das-ipss-de-valenca-recebem-formacao-especializada-em-demencia\\\/\"},\"author\":{\"name\":\"Eduarda Cardoso\",\"@id\":\"https:\\\/\\\/www.altominho.tv\\\/site\\\/#\\\/schema\\\/person\\\/9e351387b727413d005ccf1152c93539\"},\"headline\":\"Funcion\u00e1rios das IPSS de Valen\u00e7a recebem forma\u00e7\u00e3o especializada em dem\u00eancia\",\"datePublished\":\"2026-02-09T16:38:55+00:00\",\"dateModified\":\"2026-02-09T16:38:59+00:00\",\"mainEntityOfPage\":{\"@id\":\"https:\\\/\\\/www.altominho.tv\\\/site\\\/2026\\\/02\\\/09\\\/funcionarios-das-ipss-de-valenca-recebem-formacao-especializada-em-demencia\\\/\"},\"wordCount\":182,\"image\":{\"@id\":\"https:\\\/\\\/www.altominho.tv\\\/site\\\/2026\\\/02\\\/09\\\/funcionarios-das-ipss-de-valenca-recebem-formacao-especializada-em-demencia\\\/#primaryimage\"},\"thumbnailUrl\":\"https:\\\/\\\/www.altominho.tv\\\/site\\\/wp-content\\\/uploads\\\/2026\\\/02\\\/Design-sem-nome-2026-02-09T162638.938.jpg\",\"keywords\":[\"Sa\u00fade\"],\"articleSection\":[\"Valen\u00e7a\"],\"inLanguage\":\"pt-PT\",\"copyrightYear\":\"2026\",\"copyrightHolder\":{\"@id\":\"https:\\\/\\\/www.altominho.tv\\\/site\\\/#organization\"}},{\"@type\":\"WebPage\",\"@id\":\"https:\\\/\\\/www.altominho.tv\\\/site\\\/2026\\\/02\\\/09\\\/funcionarios-das-ipss-de-valenca-recebem-formacao-especializada-em-demencia\\\/\",\"url\":\"https:\\\/\\\/www.altominho.tv\\\/site\\\/2026\\\/02\\\/09\\\/funcionarios-das-ipss-de-valenca-recebem-formacao-especializada-em-demencia\\\/\",\"name\":\"Funcion\u00e1rios das IPSS de Valen\u00e7a recebem forma\u00e7\u00e3o especializada em dem\u00eancia\",\"isPartOf\":{\"@id\":\"https:\\\/\\\/www.altominho.tv\\\/site\\\/#website\"},\"primaryImageOfPage\":{\"@id\":\"https:\\\/\\\/www.altominho.tv\\\/site\\\/2026\\\/02\\\/09\\\/funcionarios-das-ipss-de-valenca-recebem-formacao-especializada-em-demencia\\\/#primaryimage\"},\"image\":{\"@id\":\"https:\\\/\\\/www.altominho.tv\\\/site\\\/2026\\\/02\\\/09\\\/funcionarios-das-ipss-de-valenca-recebem-formacao-especializada-em-demencia\\\/#primaryimage\"},\"thumbnailUrl\":\"https:\\\/\\\/www.altominho.tv\\\/site\\\/wp-content\\\/uploads\\\/2026\\\/02\\\/Design-sem-nome-2026-02-09T162638.938.jpg\",\"datePublished\":\"2026-02-09T16:38:55+00:00\",\"dateModified\":\"2026-02-09T16:38:59+00:00\",\"author\":{\"@id\":\"https:\\\/\\\/www.altominho.tv\\\/site\\\/#\\\/schema\\\/person\\\/9e351387b727413d005ccf1152c93539\"},\"description\":\"A C\u00e2mara Municipal de Valen\u00e7a promoveu duas a\u00e7\u00f5es de capacita\u00e7\u00e3o \u201cA Interven\u00e7\u00e3o Centrada na Pessoa com Dem\u00eancia\u201d, dirigida aos funcion\u00e1rios das IPSS do concelho, com especial enfoque em t\u00e9cnicos, ajudantes de lar e cuidadores.\",\"breadcrumb\":{\"@id\":\"https:\\\/\\\/www.altominho.tv\\\/site\\\/2026\\\/02\\\/09\\\/funcionarios-das-ipss-de-valenca-recebem-formacao-especializada-em-demencia\\\/#breadcrumb\"},\"inLanguage\":\"pt-PT\",\"potentialAction\":[{\"@type\":\"ReadAction\",\"target\":[\"https:\\\/\\\/www.altominho.tv\\\/site\\\/2026\\\/02\\\/09\\\/funcionarios-das-ipss-de-valenca-recebem-formacao-especializada-em-demencia\\\/\"]}]},{\"@type\":\"ImageObject\",\"inLanguage\":\"pt-PT\",\"@id\":\"https:\\\/\\\/www.altominho.tv\\\/site\\\/2026\\\/02\\\/09\\\/funcionarios-das-ipss-de-valenca-recebem-formacao-especializada-em-demencia\\\/#primaryimage\",\"url\":\"https:\\\/\\\/www.altominho.tv\\\/site\\\/wp-content\\\/uploads\\\/2026\\\/02\\\/Design-sem-nome-2026-02-09T162638.938.jpg\",\"contentUrl\":\"https:\\\/\\\/www.altominho.tv\\\/site\\\/wp-content\\\/uploads\\\/2026\\\/02\\\/Design-sem-nome-2026-02-09T162638.938.jpg\",\"width\":1200,\"height\":630},{\"@type\":\"BreadcrumbList\",\"@id\":\"https:\\\/\\\/www.altominho.tv\\\/site\\\/2026\\\/02\\\/09\\\/funcionarios-das-ipss-de-valenca-recebem-formacao-especializada-em-demencia\\\/#breadcrumb\",\"itemListElement\":[{\"@type\":\"ListItem\",\"position\":1,\"name\":\"In\u00edcio\",\"item\":\"https:\\\/\\\/www.altominho.tv\\\/site\\\/\"},{\"@type\":\"ListItem\",\"position\":2,\"name\":\"Funcion\u00e1rios das IPSS de Valen\u00e7a recebem forma\u00e7\u00e3o especializada em dem\u00eancia\"}]},{\"@type\":\"WebSite\",\"@id\":\"https:\\\/\\\/www.altominho.tv\\\/site\\\/#website\",\"url\":\"https:\\\/\\\/www.altominho.tv\\\/site\\\/\",\"name\":\"Altominho.tv\",\"description\":\"A sua regi\u00e3o \u00e0 dist\u00e2ncia de um clique...\",\"potentialAction\":[{\"@type\":\"SearchAction\",\"target\":{\"@type\":\"EntryPoint\",\"urlTemplate\":\"https:\\\/\\\/www.altominho.tv\\\/site\\\/?s={search_term_string}\"},\"query-input\":{\"@type\":\"PropertyValueSpecification\",\"valueRequired\":true,\"valueName\":\"search_term_string\"}}],\"inLanguage\":\"pt-PT\"},{\"@type\":\"Person\",\"@id\":\"https:\\\/\\\/www.altominho.tv\\\/site\\\/#\\\/schema\\\/person\\\/9e351387b727413d005ccf1152c93539\",\"name\":\"Eduarda Cardoso\",\"image\":{\"@type\":\"ImageObject\",\"inLanguage\":\"pt-PT\",\"@id\":\"https:\\\/\\\/www.altominho.tv\\\/site\\\/wp-content\\\/uploads\\\/2021\\\/01\\\/cropped-Logo-ATV_WEB-150x150.png\",\"url\":\"https:\\\/\\\/www.altominho.tv\\\/site\\\/wp-content\\\/uploads\\\/2021\\\/01\\\/cropped-Logo-ATV_WEB-150x150.png\",\"contentUrl\":\"https:\\\/\\\/www.altominho.tv\\\/site\\\/wp-content\\\/uploads\\\/2021\\\/01\\\/cropped-Logo-ATV_WEB-150x150.png\",\"caption\":\"Eduarda Cardoso\"},\"url\":\"https:\\\/\\\/www.altominho.tv\\\/site\\\/author\\\/eduarda-cardoso\\\/\"}]}<\/script>\n<!-- \/ Yoast SEO Premium plugin. -->","yoast_head_json":{"title":"Funcion\u00e1rios das IPSS de Valen\u00e7a recebem forma\u00e7\u00e3o especializada em dem\u00eancia","description":"A C\u00e2mara Municipal de Valen\u00e7a promoveu duas a\u00e7\u00f5es de capacita\u00e7\u00e3o \u201cA Interven\u00e7\u00e3o Centrada na Pessoa com Dem\u00eancia\u201d, dirigida aos funcion\u00e1rios das IPSS do concelho, com especial enfoque em t\u00e9cnicos, ajudantes de lar e cuidadores.","robots":{"index":"index","follow":"follow","max-snippet":"max-snippet:-1","max-image-preview":"max-image-preview:large","max-video-preview":"max-video-preview:-1"},"canonical":"https:\/\/www.altominho.tv\/site\/2026\/02\/09\/funcionarios-das-ipss-de-valenca-recebem-formacao-especializada-em-demencia\/","og_locale":"pt_PT","og_type":"article","og_title":"Funcion\u00e1rios das IPSS de Valen\u00e7a recebem forma\u00e7\u00e3o especializada em dem\u00eancia","og_description":"A C\u00e2mara Municipal de Valen\u00e7a promoveu duas a\u00e7\u00f5es de capacita\u00e7\u00e3o \u201cA Interven\u00e7\u00e3o Centrada na Pessoa com Dem\u00eancia\u201d, dirigida aos funcion\u00e1rios das IPSS do concelho, com especial enfoque em t\u00e9cnicos, ajudantes de lar e cuidadores.","og_url":"https:\/\/www.altominho.tv\/site\/2026\/02\/09\/funcionarios-das-ipss-de-valenca-recebem-formacao-especializada-em-demencia\/","og_site_name":"Altominho.tv","article_publisher":"https:\/\/www.facebook.com\/altominhotv","article_published_time":"2026-02-09T16:38:55+00:00","article_modified_time":"2026-02-09T16:38:59+00:00","og_image":[{"width":1200,"height":630,"url":"https:\/\/www.altominho.tv\/site\/wp-content\/uploads\/2026\/02\/Design-sem-nome-2026-02-09T162638.938.jpg","type":"image\/jpeg"}],"author":"Eduarda Cardoso","twitter_card":"summary_large_image","twitter_creator":"@altominhoTV","twitter_site":"@altominhoTV","twitter_misc":{"Escrito por":"Eduarda Cardoso","Tempo estimado de leitura":"1 minuto"},"schema":{"@context":"https:\/\/schema.org","@graph":[{"@type":"Article","@id":"https:\/\/www.altominho.tv\/site\/2026\/02\/09\/funcionarios-das-ipss-de-valenca-recebem-formacao-especializada-em-demencia\/#article","isPartOf":{"@id":"https:\/\/www.altominho.tv\/site\/2026\/02\/09\/funcionarios-das-ipss-de-valenca-recebem-formacao-especializada-em-demencia\/"},"author":{"name":"Eduarda Cardoso","@id":"https:\/\/www.altominho.tv\/site\/#\/schema\/person\/9e351387b727413d005ccf1152c93539"},"headline":"Funcion\u00e1rios das IPSS de Valen\u00e7a recebem forma\u00e7\u00e3o especializada em dem\u00eancia","datePublished":"2026-02-09T16:38:55+00:00","dateModified":"2026-02-09T16:38:59+00:00","mainEntityOfPage":{"@id":"https:\/\/www.altominho.tv\/site\/2026\/02\/09\/funcionarios-das-ipss-de-valenca-recebem-formacao-especializada-em-demencia\/"},"wordCount":182,"image":{"@id":"https:\/\/www.altominho.tv\/site\/2026\/02\/09\/funcionarios-das-ipss-de-valenca-recebem-formacao-especializada-em-demencia\/#primaryimage"},"thumbnailUrl":"https:\/\/www.altominho.tv\/site\/wp-content\/uploads\/2026\/02\/Design-sem-nome-2026-02-09T162638.938.jpg","keywords":["Sa\u00fade"],"articleSection":["Valen\u00e7a"],"inLanguage":"pt-PT","copyrightYear":"2026","copyrightHolder":{"@id":"https:\/\/www.altominho.tv\/site\/#organization"}},{"@type":"WebPage","@id":"https:\/\/www.altominho.tv\/site\/2026\/02\/09\/funcionarios-das-ipss-de-valenca-recebem-formacao-especializada-em-demencia\/","url":"https:\/\/www.altominho.tv\/site\/2026\/02\/09\/funcionarios-das-ipss-de-valenca-recebem-formacao-especializada-em-demencia\/","name":"Funcion\u00e1rios das IPSS de Valen\u00e7a recebem forma\u00e7\u00e3o especializada em dem\u00eancia","isPartOf":{"@id":"https:\/\/www.altominho.tv\/site\/#website"},"primaryImageOfPage":{"@id":"https:\/\/www.altominho.tv\/site\/2026\/02\/09\/funcionarios-das-ipss-de-valenca-recebem-formacao-especializada-em-demencia\/#primaryimage"},"image":{"@id":"https:\/\/www.altominho.tv\/site\/2026\/02\/09\/funcionarios-das-ipss-de-valenca-recebem-formacao-especializada-em-demencia\/#primaryimage"},"thumbnailUrl":"https:\/\/www.altominho.tv\/site\/wp-content\/uploads\/2026\/02\/Design-sem-nome-2026-02-09T162638.938.jpg","datePublished":"2026-02-09T16:38:55+00:00","dateModified":"2026-02-09T16:38:59+00:00","author":{"@id":"https:\/\/www.altominho.tv\/site\/#\/schema\/person\/9e351387b727413d005ccf1152c93539"},"description":"A C\u00e2mara Municipal de Valen\u00e7a promoveu duas a\u00e7\u00f5es de capacita\u00e7\u00e3o \u201cA Interven\u00e7\u00e3o Centrada na Pessoa com Dem\u00eancia\u201d, dirigida aos funcion\u00e1rios das IPSS do concelho, com especial enfoque em t\u00e9cnicos, ajudantes de lar e cuidadores.","breadcrumb":{"@id":"https:\/\/www.altominho.tv\/site\/2026\/02\/09\/funcionarios-das-ipss-de-valenca-recebem-formacao-especializada-em-demencia\/#breadcrumb"},"inLanguage":"pt-PT","potentialAction":[{"@type":"ReadAction","target":["https:\/\/www.altominho.tv\/site\/2026\/02\/09\/funcionarios-das-ipss-de-valenca-recebem-formacao-especializada-em-demencia\/"]}]},{"@type":"ImageObject","inLanguage":"pt-PT","@id":"https:\/\/www.altominho.tv\/site\/2026\/02\/09\/funcionarios-das-ipss-de-valenca-recebem-formacao-especializada-em-demencia\/#primaryimage","url":"https:\/\/www.altominho.tv\/site\/wp-content\/uploads\/2026\/02\/Design-sem-nome-2026-02-09T162638.938.jpg","contentUrl":"https:\/\/www.altominho.tv\/site\/wp-content\/uploads\/2026\/02\/Design-sem-nome-2026-02-09T162638.938.jpg","width":1200,"height":630},{"@type":"BreadcrumbList","@id":"https:\/\/www.altominho.tv\/site\/2026\/02\/09\/funcionarios-das-ipss-de-valenca-recebem-formacao-especializada-em-demencia\/#breadcrumb","itemListElement":[{"@type":"ListItem","position":1,"name":"In\u00edcio","item":"https:\/\/www.altominho.tv\/site\/"},{"@type":"ListItem","position":2,"name":"Funcion\u00e1rios das IPSS de Valen\u00e7a recebem forma\u00e7\u00e3o especializada em dem\u00eancia"}]},{"@type":"WebSite","@id":"https:\/\/www.altominho.tv\/site\/#website","url":"https:\/\/www.altominho.tv\/site\/","name":"Altominho.tv","description":"A sua regi\u00e3o \u00e0 dist\u00e2ncia de um clique...","potentialAction":[{"@type":"SearchAction","target":{"@type":"EntryPoint","urlTemplate":"https:\/\/www.altominho.tv\/site\/?s={search_term_string}"},"query-input":{"@type":"PropertyValueSpecification","valueRequired":true,"valueName":"search_term_string"}}],"inLanguage":"pt-PT"},{"@type":"Person","@id":"https:\/\/www.altominho.tv\/site\/#\/schema\/person\/9e351387b727413d005ccf1152c93539","name":"Eduarda Cardoso","image":{"@type":"ImageObject","inLanguage":"pt-PT","@id":"https:\/\/www.altominho.tv\/site\/wp-content\/uploads\/2021\/01\/cropped-Logo-ATV_WEB-150x150.png","url":"https:\/\/www.altominho.tv\/site\/wp-content\/uploads\/2021\/01\/cropped-Logo-ATV_WEB-150x150.png","contentUrl":"https:\/\/www.altominho.tv\/site\/wp-content\/uploads\/2021\/01\/cropped-Logo-ATV_WEB-150x150.png","caption":"Eduarda Cardoso"},"url":"https:\/\/www.altominho.tv\/site\/author\/eduarda-cardoso\/"}]}},"_links":{"self":[{"href":"https:\/\/www.altominho.tv\/site\/wp-json\/wp\/v2\/posts\/128246","targetHints":{"allow":["GET"]}}],"collection":[{"href":"https:\/\/www.altominho.tv\/site\/wp-json\/wp\/v2\/posts"}],"about":[{"href":"https:\/\/www.altominho.tv\/site\/wp-json\/wp\/v2\/types\/post"}],"author":[{"embeddable":true,"href":"https:\/\/www.altominho.tv\/site\/wp-json\/wp\/v2\/users\/30"}],"replies":[{"embeddable":true,"href":"https:\/\/www.altominho.tv\/site\/wp-json\/wp\/v2\/comments?post=128246"}],"version-history":[{"count":1,"href":"https:\/\/www.altominho.tv\/site\/wp-json\/wp\/v2\/posts\/128246\/revisions"}],"predecessor-version":[{"id":128248,"href":"https:\/\/www.altominho.tv\/site\/wp-json\/wp\/v2\/posts\/128246\/revisions\/128248"}],"wp:featuredmedia":[{"embeddable":true,"href":"https:\/\/www.altominho.tv\/site\/wp-json\/wp\/v2\/media\/128247"}],"wp:attachment":[{"href":"https:\/\/www.altominho.tv\/site\/wp-json\/wp\/v2\/media?parent=128246"}],"wp:term":[{"taxonomy":"category","embeddable":true,"href":"https:\/\/www.altominho.tv\/site\/wp-json\/wp\/v2\/categories?post=128246"},{"taxonomy":"post_tag","embeddable":true,"href":"https:\/\/www.altominho.tv\/site\/wp-json\/wp\/v2\/tags?post=128246"}],"curies":[{"name":"wp","href":"https:\/\/api.w.org\/{rel}","templated":true}]}}