{"id":127757,"date":"2026-01-31T11:56:26","date_gmt":"2026-01-31T11:56:26","guid":{"rendered":"https:\/\/www.altominho.tv\/site\/?p=127757"},"modified":"2026-01-31T11:56:30","modified_gmt":"2026-01-31T11:56:30","slug":"ponte-da-barca-amor-dia-de-sao-valentim","status":"publish","type":"post","link":"https:\/\/www.altominho.tv\/site\/2026\/01\/31\/ponte-da-barca-amor-dia-de-sao-valentim\/","title":{"rendered":"Ponte da Barca promove at\u00e9 14 de fevereiro uma iniciativa di\u00e1ria que coloca o amor no centro da programa\u00e7\u00e3o"},"content":{"rendered":"\n<p>Fevereiro \u00e9 o m\u00eas do romance e, em Ponte da Barca, vai ser celebrado com uma iniciativa cultural que une m\u00fasica, livros e comunidade.<\/p>\n\n\n\n<p>O Munic\u00edpio de Ponte da Barca promove, at\u00e9 ao dia 14, Dia de S. Valentim, uma iniciativa di\u00e1ria que coloca o amor no centro da programa\u00e7\u00e3o.<\/p>\n\n\n\n<p>&#8220;As m\u00fasicas ser\u00e3o interpretadas pelos alunos da Academia de M\u00fasica de Ponte da Barca, recordando temas que marcaram gera\u00e7\u00f5es e que permanecem como cl\u00e1ssicos intemporais, enquanto as sugest\u00f5es de leitura convidam \u00e0 descoberta (ou redescoberta) de obras que perduram na mem\u00f3ria coletiva e ser\u00e3o protagonizadas pela comunidade em geral, com destaque para as IPSS do concelho&#8221; deu nota a autarquia.<\/p>\n\n\n\n<p>Esta iniciativa &#8220;pretende envolver todos, incentivar \u00e0 leitura e valorizar a educa\u00e7\u00e3o art\u00edstica, proporcionando aos mais jovens e aos menos jovens o contacto com m\u00fasicas de todos os tempos e afirmando, simultaneamente, os grandes cl\u00e1ssicos da literatura portuguesa e mundial&#8221;.<\/p>\n\n\n\n<p>Acreditando &#8220;que ler continua a ser uma das melhores formas de viajar e aprender, e que a m\u00fasica \u00e9 uma linguagem universal que aproxima pessoas, Ponte da Barca prop\u00f5e, assim, uma celebra\u00e7\u00e3o do m\u00eas do romance onde a conjuga\u00e7\u00e3o entre m\u00fasica e leitura se afirma como a forma mais rica, sens\u00edvel e inspiradora de celebrar o amor&#8221;.<\/p>\n\n\n\n<figure class=\"wp-block-image size-full\"><img loading=\"lazy\" decoding=\"async\" width=\"804\" height=\"1000\" src=\"https:\/\/www.altominho.tv\/site\/wp-content\/uploads\/2026\/01\/cartaz_fevereiro_de_amor-01_jpg.jpeg\" alt=\"\" class=\"wp-image-127758\" srcset=\"https:\/\/www.altominho.tv\/site\/wp-content\/uploads\/2026\/01\/cartaz_fevereiro_de_amor-01_jpg.jpeg 804w, https:\/\/www.altominho.tv\/site\/wp-content\/uploads\/2026\/01\/cartaz_fevereiro_de_amor-01_jpg-348x433.jpeg 348w, https:\/\/www.altominho.tv\/site\/wp-content\/uploads\/2026\/01\/cartaz_fevereiro_de_amor-01_jpg-768x955.jpeg 768w, https:\/\/www.altominho.tv\/site\/wp-content\/uploads\/2026\/01\/cartaz_fevereiro_de_amor-01_jpg-370x460.jpeg 370w, https:\/\/www.altominho.tv\/site\/wp-content\/uploads\/2026\/01\/cartaz_fevereiro_de_amor-01_jpg-270x336.jpeg 270w, https:\/\/www.altominho.tv\/site\/wp-content\/uploads\/2026\/01\/cartaz_fevereiro_de_amor-01_jpg-570x709.jpeg 570w, https:\/\/www.altominho.tv\/site\/wp-content\/uploads\/2026\/01\/cartaz_fevereiro_de_amor-01_jpg-740x920.jpeg 740w\" sizes=\"auto, (max-width: 804px) 100vw, 804px\" \/><\/figure>\n","protected":false},"excerpt":{"rendered":"<p>Fevereiro \u00e9 o m\u00eas do romance e, em Ponte da Barca, vai ser celebrado com uma iniciativa cultural que une m\u00fasica, livros e comunidade. O Munic\u00edpio de Ponte da Barca promove, at\u00e9 ao dia 14, Dia de S. Valentim, uma iniciativa di\u00e1ria que coloca o amor no centro da programa\u00e7\u00e3o. &#8220;As m\u00fasicas ser\u00e3o interpretadas pelos [&hellip;]<\/p>\n","protected":false},"author":7,"featured_media":127759,"comment_status":"closed","ping_status":"closed","sticky":false,"template":"","format":"standard","meta":{"_exactmetrics_skip_tracking":false,"_exactmetrics_sitenote_active":false,"_exactmetrics_sitenote_note":"","_exactmetrics_sitenote_category":0,"footnotes":""},"categories":[11],"tags":[27],"class_list":["post-127757","post","type-post","status-publish","format-standard","has-post-thumbnail","hentry","category-ponte-da-barca","tag-sociedade"],"yoast_head":"<!-- This site is optimized with the Yoast SEO Premium plugin v27.5 (Yoast SEO v27.5) - https:\/\/yoast.com\/product\/yoast-seo-premium-wordpress\/ -->\n<title>Ponte da Barca promove at\u00e9 14 de fevereiro uma iniciativa di\u00e1ria que coloca o amor no centro da programa\u00e7\u00e3o<\/title>\n<meta name=\"description\" content=\"Ponte da Barca promove at\u00e9 14 de fevereiro uma iniciativa di\u00e1ria que coloca o amor no centro da programa\u00e7\u00e3o.\" \/>\n<meta name=\"robots\" content=\"index, follow, max-snippet:-1, max-image-preview:large, max-video-preview:-1\" \/>\n<link rel=\"canonical\" href=\"https:\/\/www.altominho.tv\/site\/2026\/01\/31\/ponte-da-barca-amor-dia-de-sao-valentim\/\" \/>\n<meta property=\"og:locale\" content=\"pt_PT\" \/>\n<meta property=\"og:type\" content=\"article\" \/>\n<meta property=\"og:title\" content=\"Ponte da Barca promove at\u00e9 14 de fevereiro uma iniciativa di\u00e1ria que coloca o amor no centro da programa\u00e7\u00e3o\" \/>\n<meta property=\"og:description\" content=\"Ponte da Barca promove at\u00e9 14 de fevereiro uma iniciativa di\u00e1ria que coloca o amor no centro da programa\u00e7\u00e3o.\" \/>\n<meta property=\"og:url\" content=\"https:\/\/www.altominho.tv\/site\/2026\/01\/31\/ponte-da-barca-amor-dia-de-sao-valentim\/\" \/>\n<meta property=\"og:site_name\" content=\"Altominho.tv\" \/>\n<meta property=\"article:publisher\" content=\"https:\/\/www.facebook.com\/altominhotv\" \/>\n<meta property=\"article:published_time\" content=\"2026-01-31T11:56:26+00:00\" \/>\n<meta property=\"article:modified_time\" content=\"2026-01-31T11:56:30+00:00\" \/>\n<meta property=\"og:image\" content=\"https:\/\/www.altominho.tv\/site\/wp-content\/uploads\/2026\/01\/dia-dos-namorados.png\" \/>\n\t<meta property=\"og:image:width\" content=\"1200\" \/>\n\t<meta property=\"og:image:height\" content=\"630\" \/>\n\t<meta property=\"og:image:type\" content=\"image\/png\" \/>\n<meta name=\"author\" content=\"Andreia Cunha\" \/>\n<meta name=\"twitter:card\" content=\"summary_large_image\" \/>\n<meta name=\"twitter:creator\" content=\"@altominhoTV\" \/>\n<meta name=\"twitter:site\" content=\"@altominhoTV\" \/>\n<meta name=\"twitter:label1\" content=\"Escrito por\" \/>\n\t<meta name=\"twitter:data1\" content=\"Andreia Cunha\" \/>\n\t<meta name=\"twitter:label2\" content=\"Tempo estimado de leitura\" \/>\n\t<meta name=\"twitter:data2\" content=\"2 minutos\" \/>\n<script type=\"application\/ld+json\" class=\"yoast-schema-graph\">{\"@context\":\"https:\\\/\\\/schema.org\",\"@graph\":[{\"@type\":\"Article\",\"@id\":\"https:\\\/\\\/www.altominho.tv\\\/site\\\/2026\\\/01\\\/31\\\/ponte-da-barca-amor-dia-de-sao-valentim\\\/#article\",\"isPartOf\":{\"@id\":\"https:\\\/\\\/www.altominho.tv\\\/site\\\/2026\\\/01\\\/31\\\/ponte-da-barca-amor-dia-de-sao-valentim\\\/\"},\"author\":{\"name\":\"Andreia Cunha\",\"@id\":\"https:\\\/\\\/www.altominho.tv\\\/site\\\/#\\\/schema\\\/person\\\/a0e4ef6d041f98ca284393d8f1d97153\"},\"headline\":\"Ponte da Barca promove at\u00e9 14 de fevereiro uma iniciativa di\u00e1ria que coloca o amor no centro da programa\u00e7\u00e3o\",\"datePublished\":\"2026-01-31T11:56:26+00:00\",\"dateModified\":\"2026-01-31T11:56:30+00:00\",\"mainEntityOfPage\":{\"@id\":\"https:\\\/\\\/www.altominho.tv\\\/site\\\/2026\\\/01\\\/31\\\/ponte-da-barca-amor-dia-de-sao-valentim\\\/\"},\"wordCount\":246,\"image\":{\"@id\":\"https:\\\/\\\/www.altominho.tv\\\/site\\\/2026\\\/01\\\/31\\\/ponte-da-barca-amor-dia-de-sao-valentim\\\/#primaryimage\"},\"thumbnailUrl\":\"https:\\\/\\\/www.altominho.tv\\\/site\\\/wp-content\\\/uploads\\\/2026\\\/01\\\/dia-dos-namorados.png\",\"keywords\":[\"Sociedade\"],\"articleSection\":[\"Ponte da Barca\"],\"inLanguage\":\"pt-PT\",\"copyrightYear\":\"2026\",\"copyrightHolder\":{\"@id\":\"https:\\\/\\\/www.altominho.tv\\\/site\\\/#organization\"}},{\"@type\":\"WebPage\",\"@id\":\"https:\\\/\\\/www.altominho.tv\\\/site\\\/2026\\\/01\\\/31\\\/ponte-da-barca-amor-dia-de-sao-valentim\\\/\",\"url\":\"https:\\\/\\\/www.altominho.tv\\\/site\\\/2026\\\/01\\\/31\\\/ponte-da-barca-amor-dia-de-sao-valentim\\\/\",\"name\":\"Ponte da Barca promove at\u00e9 14 de fevereiro uma iniciativa di\u00e1ria que coloca o amor no centro da programa\u00e7\u00e3o\",\"isPartOf\":{\"@id\":\"https:\\\/\\\/www.altominho.tv\\\/site\\\/#website\"},\"primaryImageOfPage\":{\"@id\":\"https:\\\/\\\/www.altominho.tv\\\/site\\\/2026\\\/01\\\/31\\\/ponte-da-barca-amor-dia-de-sao-valentim\\\/#primaryimage\"},\"image\":{\"@id\":\"https:\\\/\\\/www.altominho.tv\\\/site\\\/2026\\\/01\\\/31\\\/ponte-da-barca-amor-dia-de-sao-valentim\\\/#primaryimage\"},\"thumbnailUrl\":\"https:\\\/\\\/www.altominho.tv\\\/site\\\/wp-content\\\/uploads\\\/2026\\\/01\\\/dia-dos-namorados.png\",\"datePublished\":\"2026-01-31T11:56:26+00:00\",\"dateModified\":\"2026-01-31T11:56:30+00:00\",\"author\":{\"@id\":\"https:\\\/\\\/www.altominho.tv\\\/site\\\/#\\\/schema\\\/person\\\/a0e4ef6d041f98ca284393d8f1d97153\"},\"description\":\"Ponte da Barca promove at\u00e9 14 de fevereiro uma iniciativa di\u00e1ria que coloca o amor no centro da programa\u00e7\u00e3o.\",\"breadcrumb\":{\"@id\":\"https:\\\/\\\/www.altominho.tv\\\/site\\\/2026\\\/01\\\/31\\\/ponte-da-barca-amor-dia-de-sao-valentim\\\/#breadcrumb\"},\"inLanguage\":\"pt-PT\",\"potentialAction\":[{\"@type\":\"ReadAction\",\"target\":[\"https:\\\/\\\/www.altominho.tv\\\/site\\\/2026\\\/01\\\/31\\\/ponte-da-barca-amor-dia-de-sao-valentim\\\/\"]}]},{\"@type\":\"ImageObject\",\"inLanguage\":\"pt-PT\",\"@id\":\"https:\\\/\\\/www.altominho.tv\\\/site\\\/2026\\\/01\\\/31\\\/ponte-da-barca-amor-dia-de-sao-valentim\\\/#primaryimage\",\"url\":\"https:\\\/\\\/www.altominho.tv\\\/site\\\/wp-content\\\/uploads\\\/2026\\\/01\\\/dia-dos-namorados.png\",\"contentUrl\":\"https:\\\/\\\/www.altominho.tv\\\/site\\\/wp-content\\\/uploads\\\/2026\\\/01\\\/dia-dos-namorados.png\",\"width\":1200,\"height\":630},{\"@type\":\"BreadcrumbList\",\"@id\":\"https:\\\/\\\/www.altominho.tv\\\/site\\\/2026\\\/01\\\/31\\\/ponte-da-barca-amor-dia-de-sao-valentim\\\/#breadcrumb\",\"itemListElement\":[{\"@type\":\"ListItem\",\"position\":1,\"name\":\"In\u00edcio\",\"item\":\"https:\\\/\\\/www.altominho.tv\\\/site\\\/\"},{\"@type\":\"ListItem\",\"position\":2,\"name\":\"Ponte da Barca promove at\u00e9 14 de fevereiro uma iniciativa di\u00e1ria que coloca o amor no centro da programa\u00e7\u00e3o\"}]},{\"@type\":\"WebSite\",\"@id\":\"https:\\\/\\\/www.altominho.tv\\\/site\\\/#website\",\"url\":\"https:\\\/\\\/www.altominho.tv\\\/site\\\/\",\"name\":\"Altominho.tv\",\"description\":\"A sua regi\u00e3o \u00e0 dist\u00e2ncia de um clique...\",\"potentialAction\":[{\"@type\":\"SearchAction\",\"target\":{\"@type\":\"EntryPoint\",\"urlTemplate\":\"https:\\\/\\\/www.altominho.tv\\\/site\\\/?s={search_term_string}\"},\"query-input\":{\"@type\":\"PropertyValueSpecification\",\"valueRequired\":true,\"valueName\":\"search_term_string\"}}],\"inLanguage\":\"pt-PT\"},{\"@type\":\"Person\",\"@id\":\"https:\\\/\\\/www.altominho.tv\\\/site\\\/#\\\/schema\\\/person\\\/a0e4ef6d041f98ca284393d8f1d97153\",\"name\":\"Andreia Cunha\",\"image\":{\"@type\":\"ImageObject\",\"inLanguage\":\"pt-PT\",\"@id\":\"https:\\\/\\\/www.altominho.tv\\\/site\\\/wp-content\\\/uploads\\\/2017\\\/11\\\/Andreia_Cunha-1-150x150.jpg\",\"url\":\"https:\\\/\\\/www.altominho.tv\\\/site\\\/wp-content\\\/uploads\\\/2017\\\/11\\\/Andreia_Cunha-1-150x150.jpg\",\"contentUrl\":\"https:\\\/\\\/www.altominho.tv\\\/site\\\/wp-content\\\/uploads\\\/2017\\\/11\\\/Andreia_Cunha-1-150x150.jpg\",\"caption\":\"Andreia Cunha\"},\"url\":\"https:\\\/\\\/www.altominho.tv\\\/site\\\/author\\\/andreiacunha\\\/\"}]}<\/script>\n<!-- \/ Yoast SEO Premium plugin. -->","yoast_head_json":{"title":"Ponte da Barca promove at\u00e9 14 de fevereiro uma iniciativa di\u00e1ria que coloca o amor no centro da programa\u00e7\u00e3o","description":"Ponte da Barca promove at\u00e9 14 de fevereiro uma iniciativa di\u00e1ria que coloca o amor no centro da programa\u00e7\u00e3o.","robots":{"index":"index","follow":"follow","max-snippet":"max-snippet:-1","max-image-preview":"max-image-preview:large","max-video-preview":"max-video-preview:-1"},"canonical":"https:\/\/www.altominho.tv\/site\/2026\/01\/31\/ponte-da-barca-amor-dia-de-sao-valentim\/","og_locale":"pt_PT","og_type":"article","og_title":"Ponte da Barca promove at\u00e9 14 de fevereiro uma iniciativa di\u00e1ria que coloca o amor no centro da programa\u00e7\u00e3o","og_description":"Ponte da Barca promove at\u00e9 14 de fevereiro uma iniciativa di\u00e1ria que coloca o amor no centro da programa\u00e7\u00e3o.","og_url":"https:\/\/www.altominho.tv\/site\/2026\/01\/31\/ponte-da-barca-amor-dia-de-sao-valentim\/","og_site_name":"Altominho.tv","article_publisher":"https:\/\/www.facebook.com\/altominhotv","article_published_time":"2026-01-31T11:56:26+00:00","article_modified_time":"2026-01-31T11:56:30+00:00","og_image":[{"width":1200,"height":630,"url":"https:\/\/www.altominho.tv\/site\/wp-content\/uploads\/2026\/01\/dia-dos-namorados.png","type":"image\/png"}],"author":"Andreia Cunha","twitter_card":"summary_large_image","twitter_creator":"@altominhoTV","twitter_site":"@altominhoTV","twitter_misc":{"Escrito por":"Andreia Cunha","Tempo estimado de leitura":"2 minutos"},"schema":{"@context":"https:\/\/schema.org","@graph":[{"@type":"Article","@id":"https:\/\/www.altominho.tv\/site\/2026\/01\/31\/ponte-da-barca-amor-dia-de-sao-valentim\/#article","isPartOf":{"@id":"https:\/\/www.altominho.tv\/site\/2026\/01\/31\/ponte-da-barca-amor-dia-de-sao-valentim\/"},"author":{"name":"Andreia Cunha","@id":"https:\/\/www.altominho.tv\/site\/#\/schema\/person\/a0e4ef6d041f98ca284393d8f1d97153"},"headline":"Ponte da Barca promove at\u00e9 14 de fevereiro uma iniciativa di\u00e1ria que coloca o amor no centro da programa\u00e7\u00e3o","datePublished":"2026-01-31T11:56:26+00:00","dateModified":"2026-01-31T11:56:30+00:00","mainEntityOfPage":{"@id":"https:\/\/www.altominho.tv\/site\/2026\/01\/31\/ponte-da-barca-amor-dia-de-sao-valentim\/"},"wordCount":246,"image":{"@id":"https:\/\/www.altominho.tv\/site\/2026\/01\/31\/ponte-da-barca-amor-dia-de-sao-valentim\/#primaryimage"},"thumbnailUrl":"https:\/\/www.altominho.tv\/site\/wp-content\/uploads\/2026\/01\/dia-dos-namorados.png","keywords":["Sociedade"],"articleSection":["Ponte da Barca"],"inLanguage":"pt-PT","copyrightYear":"2026","copyrightHolder":{"@id":"https:\/\/www.altominho.tv\/site\/#organization"}},{"@type":"WebPage","@id":"https:\/\/www.altominho.tv\/site\/2026\/01\/31\/ponte-da-barca-amor-dia-de-sao-valentim\/","url":"https:\/\/www.altominho.tv\/site\/2026\/01\/31\/ponte-da-barca-amor-dia-de-sao-valentim\/","name":"Ponte da Barca promove at\u00e9 14 de fevereiro uma iniciativa di\u00e1ria que coloca o amor no centro da programa\u00e7\u00e3o","isPartOf":{"@id":"https:\/\/www.altominho.tv\/site\/#website"},"primaryImageOfPage":{"@id":"https:\/\/www.altominho.tv\/site\/2026\/01\/31\/ponte-da-barca-amor-dia-de-sao-valentim\/#primaryimage"},"image":{"@id":"https:\/\/www.altominho.tv\/site\/2026\/01\/31\/ponte-da-barca-amor-dia-de-sao-valentim\/#primaryimage"},"thumbnailUrl":"https:\/\/www.altominho.tv\/site\/wp-content\/uploads\/2026\/01\/dia-dos-namorados.png","datePublished":"2026-01-31T11:56:26+00:00","dateModified":"2026-01-31T11:56:30+00:00","author":{"@id":"https:\/\/www.altominho.tv\/site\/#\/schema\/person\/a0e4ef6d041f98ca284393d8f1d97153"},"description":"Ponte da Barca promove at\u00e9 14 de fevereiro uma iniciativa di\u00e1ria que coloca o amor no centro da programa\u00e7\u00e3o.","breadcrumb":{"@id":"https:\/\/www.altominho.tv\/site\/2026\/01\/31\/ponte-da-barca-amor-dia-de-sao-valentim\/#breadcrumb"},"inLanguage":"pt-PT","potentialAction":[{"@type":"ReadAction","target":["https:\/\/www.altominho.tv\/site\/2026\/01\/31\/ponte-da-barca-amor-dia-de-sao-valentim\/"]}]},{"@type":"ImageObject","inLanguage":"pt-PT","@id":"https:\/\/www.altominho.tv\/site\/2026\/01\/31\/ponte-da-barca-amor-dia-de-sao-valentim\/#primaryimage","url":"https:\/\/www.altominho.tv\/site\/wp-content\/uploads\/2026\/01\/dia-dos-namorados.png","contentUrl":"https:\/\/www.altominho.tv\/site\/wp-content\/uploads\/2026\/01\/dia-dos-namorados.png","width":1200,"height":630},{"@type":"BreadcrumbList","@id":"https:\/\/www.altominho.tv\/site\/2026\/01\/31\/ponte-da-barca-amor-dia-de-sao-valentim\/#breadcrumb","itemListElement":[{"@type":"ListItem","position":1,"name":"In\u00edcio","item":"https:\/\/www.altominho.tv\/site\/"},{"@type":"ListItem","position":2,"name":"Ponte da Barca promove at\u00e9 14 de fevereiro uma iniciativa di\u00e1ria que coloca o amor no centro da programa\u00e7\u00e3o"}]},{"@type":"WebSite","@id":"https:\/\/www.altominho.tv\/site\/#website","url":"https:\/\/www.altominho.tv\/site\/","name":"Altominho.tv","description":"A sua regi\u00e3o \u00e0 dist\u00e2ncia de um clique...","potentialAction":[{"@type":"SearchAction","target":{"@type":"EntryPoint","urlTemplate":"https:\/\/www.altominho.tv\/site\/?s={search_term_string}"},"query-input":{"@type":"PropertyValueSpecification","valueRequired":true,"valueName":"search_term_string"}}],"inLanguage":"pt-PT"},{"@type":"Person","@id":"https:\/\/www.altominho.tv\/site\/#\/schema\/person\/a0e4ef6d041f98ca284393d8f1d97153","name":"Andreia Cunha","image":{"@type":"ImageObject","inLanguage":"pt-PT","@id":"https:\/\/www.altominho.tv\/site\/wp-content\/uploads\/2017\/11\/Andreia_Cunha-1-150x150.jpg","url":"https:\/\/www.altominho.tv\/site\/wp-content\/uploads\/2017\/11\/Andreia_Cunha-1-150x150.jpg","contentUrl":"https:\/\/www.altominho.tv\/site\/wp-content\/uploads\/2017\/11\/Andreia_Cunha-1-150x150.jpg","caption":"Andreia Cunha"},"url":"https:\/\/www.altominho.tv\/site\/author\/andreiacunha\/"}]}},"_links":{"self":[{"href":"https:\/\/www.altominho.tv\/site\/wp-json\/wp\/v2\/posts\/127757","targetHints":{"allow":["GET"]}}],"collection":[{"href":"https:\/\/www.altominho.tv\/site\/wp-json\/wp\/v2\/posts"}],"about":[{"href":"https:\/\/www.altominho.tv\/site\/wp-json\/wp\/v2\/types\/post"}],"author":[{"embeddable":true,"href":"https:\/\/www.altominho.tv\/site\/wp-json\/wp\/v2\/users\/7"}],"replies":[{"embeddable":true,"href":"https:\/\/www.altominho.tv\/site\/wp-json\/wp\/v2\/comments?post=127757"}],"version-history":[{"count":1,"href":"https:\/\/www.altominho.tv\/site\/wp-json\/wp\/v2\/posts\/127757\/revisions"}],"predecessor-version":[{"id":127760,"href":"https:\/\/www.altominho.tv\/site\/wp-json\/wp\/v2\/posts\/127757\/revisions\/127760"}],"wp:featuredmedia":[{"embeddable":true,"href":"https:\/\/www.altominho.tv\/site\/wp-json\/wp\/v2\/media\/127759"}],"wp:attachment":[{"href":"https:\/\/www.altominho.tv\/site\/wp-json\/wp\/v2\/media?parent=127757"}],"wp:term":[{"taxonomy":"category","embeddable":true,"href":"https:\/\/www.altominho.tv\/site\/wp-json\/wp\/v2\/categories?post=127757"},{"taxonomy":"post_tag","embeddable":true,"href":"https:\/\/www.altominho.tv\/site\/wp-json\/wp\/v2\/tags?post=127757"}],"curies":[{"name":"wp","href":"https:\/\/api.w.org\/{rel}","templated":true}]}}