{"id":127510,"date":"2026-01-26T11:07:17","date_gmt":"2026-01-26T11:07:17","guid":{"rendered":"https:\/\/www.altominho.tv\/site\/?p=127510"},"modified":"2026-01-26T11:07:19","modified_gmt":"2026-01-26T11:07:19","slug":"salas-de-cinema-em-viana-do-castelo-encerradas","status":"publish","type":"post","link":"https:\/\/www.altominho.tv\/site\/2026\/01\/26\/salas-de-cinema-em-viana-do-castelo-encerradas\/","title":{"rendered":"Salas de cinema em Viana do Castelo encerradas apesar de disponibilidade da c\u00e2mara"},"content":{"rendered":"<p>A exibidora Cineplace encerrou as salas de cinema que explorava no Esta\u00e7\u00e3o Viana Shopping, apesar de a C\u00e2mara de Viana do Castelo ter manifestado disponibilidade para assegurar a opera\u00e7\u00e3o de parte das salas, como disse o autarca \u00e0 Lusa.<\/p>\n<p>Contactada hoje pela ag\u00eancia Lusa, fonte do centro comercial confirmou o encerramento das salas de cinema, na semana passada, e disse desconhecer se a exibidora vai reabrir o espa\u00e7o.<\/p>\n<p>\u00c0 Lusa, o presidente da C\u00e2mara de Viana do Castelo, Lu\u00eds Nobre, revelou que tinha solicitado \u00e0 Cineplace o levantamento \u201cdos custos de aluguer de uma ou duas salas que a autarquia suportaria para manter a exibi\u00e7\u00e3o de filmes\u201d na capital de distrito.<\/p>\n<p>\u201cAssumiram [Cineplace] que n\u00e3o tinham condi\u00e7\u00f5es para manter as salas de cinema em funcionamento. Pedi informa\u00e7\u00e3o sobre os custos associados de uma ou duas salas e estou a aguardar. Tive para mim que n\u00e3o [encerrariam] sem voltarmos a falar, nomeadamente para ponderar custos. N\u00e3o fazia sentido fechar para depois reabrir caso a c\u00e2mara assumisse os custos de funcionamento\u201d, afirmou o autarca socialista.<\/p>\n<p>Segundo os dados mais recentes do Instituto do Cinema e do Audiovisual (ICA), em 2025 a Cineplace explorava 62 salas de cinema em 12 complexos, sendo a segunda maior exibidora, atr\u00e1s da NOS Lusomundo Cinemas, l\u00edder do mercado com 218 ecr\u00e3s.<\/p>\n<p>Desses 12 complexos, a Cineplace encerrou em 2025 os cinemas em Portim\u00e3o e no Algarve Shopping, na Guia, ambos no distrito de Faro, assim como no Madeira Shopping, no Funchal, e no Rio Sul Shopping, no Seixal (Set\u00fabal).<\/p>\n<p>Dos cinemas explorados pela Cineplace, a Inspe\u00e7\u00e3o-Geral das Atividades Culturais (IGAC) j\u00e1 tinha adiantado \u00e0 Lusa que o Minist\u00e9rio da Cultura autorizou um pedido de desafeta\u00e7\u00e3o de atividade das quatro salas no Esta\u00e7\u00e3o Viana Shopping, em Viana do Castelo, a pedido dos propriet\u00e1rios deste centro comercial.<\/p>\n<p>Estava ainda em instru\u00e7\u00e3o o pedido de \u201cafeta\u00e7\u00e3o a atividade de natureza diferente\u201d em seis das 12 salas dos cinemas Cineplace em Braga, no centro comercial Nova Arcada.<\/p>\n<p>Cineplace \u00e9 uma marca pertencente \u00e0 exibidora brasileira Grupo Orient, que opera em Portugal desde 2013, depois de ter assinado um acordo com a Sonae Sierra, propriet\u00e1ria de v\u00e1rios centros comerciais no pa\u00eds.<\/p>\n<p>O panorama da exibi\u00e7\u00e3o de cinema comercial tem em 2026 uma reconfigura\u00e7\u00e3o diferente, pelo encerramento de v\u00e1rias salas ocorrido ao longo dos \u00faltimos meses, n\u00e3o s\u00f3 da Cineplace como tamb\u00e9m da NOS Lusomundo Cinemas.<\/p>\n<p>Na sequ\u00eancia do fim da exibi\u00e7\u00e3o de filmes em v\u00e1rios espa\u00e7os, a ministra da Cultura, Margarida Balseiro Lopes, anunciou a cria\u00e7\u00e3o de um grupo de trabalho para refletir sobre a exibi\u00e7\u00e3o de cinema e o encerramento de salas no pa\u00eds.<\/p>\n<p>Em dezembro, Margarida Balseiro Lopes disse \u00e0 Lusa que este grupo de trabalho, que integra a IGAC e o ICA, iria \u201colhar para o hist\u00f3rico dos \u00faltimos tr\u00eas anos\u201d sobre pedidos de desafeta\u00e7\u00e3o, e que ter\u00e1 conclus\u00f5es no primeiro trimestre deste ano.<\/p>\n","protected":false},"excerpt":{"rendered":"<p>A exibidora Cineplace encerrou as salas de cinema que explorava no Esta\u00e7\u00e3o Viana Shopping, apesar de a C\u00e2mara de Viana do Castelo ter manifestado disponibilidade para assegurar a opera\u00e7\u00e3o de parte das salas, como disse o autarca \u00e0 Lusa. Contactada hoje pela ag\u00eancia Lusa, fonte do centro comercial confirmou o encerramento das salas de cinema, [&hellip;]<\/p>\n","protected":false},"author":13,"featured_media":122239,"comment_status":"closed","ping_status":"closed","sticky":false,"template":"","format":"standard","meta":{"_exactmetrics_skip_tracking":false,"_exactmetrics_sitenote_active":false,"_exactmetrics_sitenote_note":"","_exactmetrics_sitenote_category":0,"footnotes":""},"categories":[14],"tags":[27],"class_list":["post-127510","post","type-post","status-publish","format-standard","has-post-thumbnail","hentry","category-viana-do-castelo","tag-sociedade"],"yoast_head":"<!-- This site is optimized with the Yoast SEO Premium plugin v27.4 (Yoast SEO v27.4) - https:\/\/yoast.com\/product\/yoast-seo-premium-wordpress\/ -->\n<title>Salas de cinema em Viana do Castelo encerradas apesar de disponibilidade da c\u00e2mara<\/title>\n<meta name=\"description\" content=\"A exibidora Cineplace encerrou as salas de cinema que explorava no Esta\u00e7\u00e3o Viana Shopping, apesar de a C\u00e2mara de Viana do Castelo ter manifestado disponibilidade para assegurar a opera\u00e7\u00e3o de parte das salas\" \/>\n<meta name=\"robots\" content=\"index, follow, max-snippet:-1, max-image-preview:large, max-video-preview:-1\" \/>\n<link rel=\"canonical\" href=\"https:\/\/www.altominho.tv\/site\/2026\/01\/26\/salas-de-cinema-em-viana-do-castelo-encerradas\/\" \/>\n<meta property=\"og:locale\" content=\"pt_PT\" \/>\n<meta property=\"og:type\" content=\"article\" \/>\n<meta property=\"og:title\" content=\"Salas de cinema em Viana do Castelo encerradas apesar de disponibilidade da c\u00e2mara\" \/>\n<meta property=\"og:description\" content=\"A exibidora Cineplace encerrou as salas de cinema que explorava no Esta\u00e7\u00e3o Viana Shopping, apesar de a C\u00e2mara de Viana do Castelo ter manifestado disponibilidade para assegurar a opera\u00e7\u00e3o de parte das salas\" \/>\n<meta property=\"og:url\" content=\"https:\/\/www.altominho.tv\/site\/2026\/01\/26\/salas-de-cinema-em-viana-do-castelo-encerradas\/\" \/>\n<meta property=\"og:site_name\" content=\"Altominho.tv\" \/>\n<meta property=\"article:publisher\" content=\"https:\/\/www.facebook.com\/altominhotv\" \/>\n<meta property=\"article:published_time\" content=\"2026-01-26T11:07:17+00:00\" \/>\n<meta property=\"article:modified_time\" content=\"2026-01-26T11:07:19+00:00\" \/>\n<meta property=\"og:image\" content=\"https:\/\/www.altominho.tv\/site\/wp-content\/uploads\/2025\/08\/cinema.jpg\" \/>\n\t<meta property=\"og:image:width\" content=\"1200\" \/>\n\t<meta property=\"og:image:height\" content=\"630\" \/>\n\t<meta property=\"og:image:type\" content=\"image\/jpeg\" \/>\n<meta name=\"author\" content=\"Lusa\" \/>\n<meta name=\"twitter:card\" content=\"summary_large_image\" \/>\n<meta name=\"twitter:creator\" content=\"@altominhoTV\" \/>\n<meta name=\"twitter:site\" content=\"@altominhoTV\" \/>\n<meta name=\"twitter:label1\" content=\"Escrito por\" \/>\n\t<meta name=\"twitter:data1\" content=\"Lusa\" \/>\n\t<meta name=\"twitter:label2\" content=\"Tempo estimado de leitura\" \/>\n\t<meta name=\"twitter:data2\" content=\"3 minutos\" \/>\n<script type=\"application\/ld+json\" class=\"yoast-schema-graph\">{\"@context\":\"https:\\\/\\\/schema.org\",\"@graph\":[{\"@type\":\"Article\",\"@id\":\"https:\\\/\\\/www.altominho.tv\\\/site\\\/2026\\\/01\\\/26\\\/salas-de-cinema-em-viana-do-castelo-encerradas\\\/#article\",\"isPartOf\":{\"@id\":\"https:\\\/\\\/www.altominho.tv\\\/site\\\/2026\\\/01\\\/26\\\/salas-de-cinema-em-viana-do-castelo-encerradas\\\/\"},\"author\":{\"name\":\"Lusa\",\"@id\":\"https:\\\/\\\/www.altominho.tv\\\/site\\\/#\\\/schema\\\/person\\\/63f693da3e1899361cbe955c46f3232e\"},\"headline\":\"Salas de cinema em Viana do Castelo encerradas apesar de disponibilidade da c\u00e2mara\",\"datePublished\":\"2026-01-26T11:07:17+00:00\",\"dateModified\":\"2026-01-26T11:07:19+00:00\",\"mainEntityOfPage\":{\"@id\":\"https:\\\/\\\/www.altominho.tv\\\/site\\\/2026\\\/01\\\/26\\\/salas-de-cinema-em-viana-do-castelo-encerradas\\\/\"},\"wordCount\":518,\"image\":{\"@id\":\"https:\\\/\\\/www.altominho.tv\\\/site\\\/2026\\\/01\\\/26\\\/salas-de-cinema-em-viana-do-castelo-encerradas\\\/#primaryimage\"},\"thumbnailUrl\":\"https:\\\/\\\/www.altominho.tv\\\/site\\\/wp-content\\\/uploads\\\/2025\\\/08\\\/cinema.jpg\",\"keywords\":[\"Sociedade\"],\"articleSection\":[\"Viana do Castelo\"],\"inLanguage\":\"pt-PT\",\"copyrightYear\":\"2026\",\"copyrightHolder\":{\"@id\":\"https:\\\/\\\/www.altominho.tv\\\/site\\\/#organization\"}},{\"@type\":\"WebPage\",\"@id\":\"https:\\\/\\\/www.altominho.tv\\\/site\\\/2026\\\/01\\\/26\\\/salas-de-cinema-em-viana-do-castelo-encerradas\\\/\",\"url\":\"https:\\\/\\\/www.altominho.tv\\\/site\\\/2026\\\/01\\\/26\\\/salas-de-cinema-em-viana-do-castelo-encerradas\\\/\",\"name\":\"Salas de cinema em Viana do Castelo encerradas apesar de disponibilidade da c\u00e2mara\",\"isPartOf\":{\"@id\":\"https:\\\/\\\/www.altominho.tv\\\/site\\\/#website\"},\"primaryImageOfPage\":{\"@id\":\"https:\\\/\\\/www.altominho.tv\\\/site\\\/2026\\\/01\\\/26\\\/salas-de-cinema-em-viana-do-castelo-encerradas\\\/#primaryimage\"},\"image\":{\"@id\":\"https:\\\/\\\/www.altominho.tv\\\/site\\\/2026\\\/01\\\/26\\\/salas-de-cinema-em-viana-do-castelo-encerradas\\\/#primaryimage\"},\"thumbnailUrl\":\"https:\\\/\\\/www.altominho.tv\\\/site\\\/wp-content\\\/uploads\\\/2025\\\/08\\\/cinema.jpg\",\"datePublished\":\"2026-01-26T11:07:17+00:00\",\"dateModified\":\"2026-01-26T11:07:19+00:00\",\"author\":{\"@id\":\"https:\\\/\\\/www.altominho.tv\\\/site\\\/#\\\/schema\\\/person\\\/63f693da3e1899361cbe955c46f3232e\"},\"description\":\"A exibidora Cineplace encerrou as salas de cinema que explorava no Esta\u00e7\u00e3o Viana Shopping, apesar de a C\u00e2mara de Viana do Castelo ter manifestado disponibilidade para assegurar a opera\u00e7\u00e3o de parte das salas\",\"breadcrumb\":{\"@id\":\"https:\\\/\\\/www.altominho.tv\\\/site\\\/2026\\\/01\\\/26\\\/salas-de-cinema-em-viana-do-castelo-encerradas\\\/#breadcrumb\"},\"inLanguage\":\"pt-PT\",\"potentialAction\":[{\"@type\":\"ReadAction\",\"target\":[\"https:\\\/\\\/www.altominho.tv\\\/site\\\/2026\\\/01\\\/26\\\/salas-de-cinema-em-viana-do-castelo-encerradas\\\/\"]}]},{\"@type\":\"ImageObject\",\"inLanguage\":\"pt-PT\",\"@id\":\"https:\\\/\\\/www.altominho.tv\\\/site\\\/2026\\\/01\\\/26\\\/salas-de-cinema-em-viana-do-castelo-encerradas\\\/#primaryimage\",\"url\":\"https:\\\/\\\/www.altominho.tv\\\/site\\\/wp-content\\\/uploads\\\/2025\\\/08\\\/cinema.jpg\",\"contentUrl\":\"https:\\\/\\\/www.altominho.tv\\\/site\\\/wp-content\\\/uploads\\\/2025\\\/08\\\/cinema.jpg\",\"width\":1200,\"height\":630},{\"@type\":\"BreadcrumbList\",\"@id\":\"https:\\\/\\\/www.altominho.tv\\\/site\\\/2026\\\/01\\\/26\\\/salas-de-cinema-em-viana-do-castelo-encerradas\\\/#breadcrumb\",\"itemListElement\":[{\"@type\":\"ListItem\",\"position\":1,\"name\":\"In\u00edcio\",\"item\":\"https:\\\/\\\/www.altominho.tv\\\/site\\\/\"},{\"@type\":\"ListItem\",\"position\":2,\"name\":\"Salas de cinema em Viana do Castelo encerradas apesar de disponibilidade da c\u00e2mara\"}]},{\"@type\":\"WebSite\",\"@id\":\"https:\\\/\\\/www.altominho.tv\\\/site\\\/#website\",\"url\":\"https:\\\/\\\/www.altominho.tv\\\/site\\\/\",\"name\":\"Altominho.tv\",\"description\":\"A sua regi\u00e3o \u00e0 dist\u00e2ncia de um clique...\",\"potentialAction\":[{\"@type\":\"SearchAction\",\"target\":{\"@type\":\"EntryPoint\",\"urlTemplate\":\"https:\\\/\\\/www.altominho.tv\\\/site\\\/?s={search_term_string}\"},\"query-input\":{\"@type\":\"PropertyValueSpecification\",\"valueRequired\":true,\"valueName\":\"search_term_string\"}}],\"inLanguage\":\"pt-PT\"},{\"@type\":\"Person\",\"@id\":\"https:\\\/\\\/www.altominho.tv\\\/site\\\/#\\\/schema\\\/person\\\/63f693da3e1899361cbe955c46f3232e\",\"name\":\"Lusa\",\"image\":{\"@type\":\"ImageObject\",\"inLanguage\":\"pt-PT\",\"@id\":\"https:\\\/\\\/www.altominho.tv\\\/site\\\/wp-content\\\/uploads\\\/2019\\\/08\\\/LUSA_Logo.gif\",\"url\":\"https:\\\/\\\/www.altominho.tv\\\/site\\\/wp-content\\\/uploads\\\/2019\\\/08\\\/LUSA_Logo.gif\",\"contentUrl\":\"https:\\\/\\\/www.altominho.tv\\\/site\\\/wp-content\\\/uploads\\\/2019\\\/08\\\/LUSA_Logo.gif\",\"caption\":\"Lusa\"},\"sameAs\":[\"http:\\\/\\\/\\\/\\\/www.altominho.tv\\\/site\"],\"url\":\"https:\\\/\\\/www.altominho.tv\\\/site\\\/author\\\/lusa\\\/\"}]}<\/script>\n<!-- \/ Yoast SEO Premium plugin. -->","yoast_head_json":{"title":"Salas de cinema em Viana do Castelo encerradas apesar de disponibilidade da c\u00e2mara","description":"A exibidora Cineplace encerrou as salas de cinema que explorava no Esta\u00e7\u00e3o Viana Shopping, apesar de a C\u00e2mara de Viana do Castelo ter manifestado disponibilidade para assegurar a opera\u00e7\u00e3o de parte das salas","robots":{"index":"index","follow":"follow","max-snippet":"max-snippet:-1","max-image-preview":"max-image-preview:large","max-video-preview":"max-video-preview:-1"},"canonical":"https:\/\/www.altominho.tv\/site\/2026\/01\/26\/salas-de-cinema-em-viana-do-castelo-encerradas\/","og_locale":"pt_PT","og_type":"article","og_title":"Salas de cinema em Viana do Castelo encerradas apesar de disponibilidade da c\u00e2mara","og_description":"A exibidora Cineplace encerrou as salas de cinema que explorava no Esta\u00e7\u00e3o Viana Shopping, apesar de a C\u00e2mara de Viana do Castelo ter manifestado disponibilidade para assegurar a opera\u00e7\u00e3o de parte das salas","og_url":"https:\/\/www.altominho.tv\/site\/2026\/01\/26\/salas-de-cinema-em-viana-do-castelo-encerradas\/","og_site_name":"Altominho.tv","article_publisher":"https:\/\/www.facebook.com\/altominhotv","article_published_time":"2026-01-26T11:07:17+00:00","article_modified_time":"2026-01-26T11:07:19+00:00","og_image":[{"width":1200,"height":630,"url":"https:\/\/www.altominho.tv\/site\/wp-content\/uploads\/2025\/08\/cinema.jpg","type":"image\/jpeg"}],"author":"Lusa","twitter_card":"summary_large_image","twitter_creator":"@altominhoTV","twitter_site":"@altominhoTV","twitter_misc":{"Escrito por":"Lusa","Tempo estimado de leitura":"3 minutos"},"schema":{"@context":"https:\/\/schema.org","@graph":[{"@type":"Article","@id":"https:\/\/www.altominho.tv\/site\/2026\/01\/26\/salas-de-cinema-em-viana-do-castelo-encerradas\/#article","isPartOf":{"@id":"https:\/\/www.altominho.tv\/site\/2026\/01\/26\/salas-de-cinema-em-viana-do-castelo-encerradas\/"},"author":{"name":"Lusa","@id":"https:\/\/www.altominho.tv\/site\/#\/schema\/person\/63f693da3e1899361cbe955c46f3232e"},"headline":"Salas de cinema em Viana do Castelo encerradas apesar de disponibilidade da c\u00e2mara","datePublished":"2026-01-26T11:07:17+00:00","dateModified":"2026-01-26T11:07:19+00:00","mainEntityOfPage":{"@id":"https:\/\/www.altominho.tv\/site\/2026\/01\/26\/salas-de-cinema-em-viana-do-castelo-encerradas\/"},"wordCount":518,"image":{"@id":"https:\/\/www.altominho.tv\/site\/2026\/01\/26\/salas-de-cinema-em-viana-do-castelo-encerradas\/#primaryimage"},"thumbnailUrl":"https:\/\/www.altominho.tv\/site\/wp-content\/uploads\/2025\/08\/cinema.jpg","keywords":["Sociedade"],"articleSection":["Viana do Castelo"],"inLanguage":"pt-PT","copyrightYear":"2026","copyrightHolder":{"@id":"https:\/\/www.altominho.tv\/site\/#organization"}},{"@type":"WebPage","@id":"https:\/\/www.altominho.tv\/site\/2026\/01\/26\/salas-de-cinema-em-viana-do-castelo-encerradas\/","url":"https:\/\/www.altominho.tv\/site\/2026\/01\/26\/salas-de-cinema-em-viana-do-castelo-encerradas\/","name":"Salas de cinema em Viana do Castelo encerradas apesar de disponibilidade da c\u00e2mara","isPartOf":{"@id":"https:\/\/www.altominho.tv\/site\/#website"},"primaryImageOfPage":{"@id":"https:\/\/www.altominho.tv\/site\/2026\/01\/26\/salas-de-cinema-em-viana-do-castelo-encerradas\/#primaryimage"},"image":{"@id":"https:\/\/www.altominho.tv\/site\/2026\/01\/26\/salas-de-cinema-em-viana-do-castelo-encerradas\/#primaryimage"},"thumbnailUrl":"https:\/\/www.altominho.tv\/site\/wp-content\/uploads\/2025\/08\/cinema.jpg","datePublished":"2026-01-26T11:07:17+00:00","dateModified":"2026-01-26T11:07:19+00:00","author":{"@id":"https:\/\/www.altominho.tv\/site\/#\/schema\/person\/63f693da3e1899361cbe955c46f3232e"},"description":"A exibidora Cineplace encerrou as salas de cinema que explorava no Esta\u00e7\u00e3o Viana Shopping, apesar de a C\u00e2mara de Viana do Castelo ter manifestado disponibilidade para assegurar a opera\u00e7\u00e3o de parte das salas","breadcrumb":{"@id":"https:\/\/www.altominho.tv\/site\/2026\/01\/26\/salas-de-cinema-em-viana-do-castelo-encerradas\/#breadcrumb"},"inLanguage":"pt-PT","potentialAction":[{"@type":"ReadAction","target":["https:\/\/www.altominho.tv\/site\/2026\/01\/26\/salas-de-cinema-em-viana-do-castelo-encerradas\/"]}]},{"@type":"ImageObject","inLanguage":"pt-PT","@id":"https:\/\/www.altominho.tv\/site\/2026\/01\/26\/salas-de-cinema-em-viana-do-castelo-encerradas\/#primaryimage","url":"https:\/\/www.altominho.tv\/site\/wp-content\/uploads\/2025\/08\/cinema.jpg","contentUrl":"https:\/\/www.altominho.tv\/site\/wp-content\/uploads\/2025\/08\/cinema.jpg","width":1200,"height":630},{"@type":"BreadcrumbList","@id":"https:\/\/www.altominho.tv\/site\/2026\/01\/26\/salas-de-cinema-em-viana-do-castelo-encerradas\/#breadcrumb","itemListElement":[{"@type":"ListItem","position":1,"name":"In\u00edcio","item":"https:\/\/www.altominho.tv\/site\/"},{"@type":"ListItem","position":2,"name":"Salas de cinema em Viana do Castelo encerradas apesar de disponibilidade da c\u00e2mara"}]},{"@type":"WebSite","@id":"https:\/\/www.altominho.tv\/site\/#website","url":"https:\/\/www.altominho.tv\/site\/","name":"Altominho.tv","description":"A sua regi\u00e3o \u00e0 dist\u00e2ncia de um clique...","potentialAction":[{"@type":"SearchAction","target":{"@type":"EntryPoint","urlTemplate":"https:\/\/www.altominho.tv\/site\/?s={search_term_string}"},"query-input":{"@type":"PropertyValueSpecification","valueRequired":true,"valueName":"search_term_string"}}],"inLanguage":"pt-PT"},{"@type":"Person","@id":"https:\/\/www.altominho.tv\/site\/#\/schema\/person\/63f693da3e1899361cbe955c46f3232e","name":"Lusa","image":{"@type":"ImageObject","inLanguage":"pt-PT","@id":"https:\/\/www.altominho.tv\/site\/wp-content\/uploads\/2019\/08\/LUSA_Logo.gif","url":"https:\/\/www.altominho.tv\/site\/wp-content\/uploads\/2019\/08\/LUSA_Logo.gif","contentUrl":"https:\/\/www.altominho.tv\/site\/wp-content\/uploads\/2019\/08\/LUSA_Logo.gif","caption":"Lusa"},"sameAs":["http:\/\/\/\/www.altominho.tv\/site"],"url":"https:\/\/www.altominho.tv\/site\/author\/lusa\/"}]}},"_links":{"self":[{"href":"https:\/\/www.altominho.tv\/site\/wp-json\/wp\/v2\/posts\/127510","targetHints":{"allow":["GET"]}}],"collection":[{"href":"https:\/\/www.altominho.tv\/site\/wp-json\/wp\/v2\/posts"}],"about":[{"href":"https:\/\/www.altominho.tv\/site\/wp-json\/wp\/v2\/types\/post"}],"author":[{"embeddable":true,"href":"https:\/\/www.altominho.tv\/site\/wp-json\/wp\/v2\/users\/13"}],"replies":[{"embeddable":true,"href":"https:\/\/www.altominho.tv\/site\/wp-json\/wp\/v2\/comments?post=127510"}],"version-history":[{"count":1,"href":"https:\/\/www.altominho.tv\/site\/wp-json\/wp\/v2\/posts\/127510\/revisions"}],"predecessor-version":[{"id":127512,"href":"https:\/\/www.altominho.tv\/site\/wp-json\/wp\/v2\/posts\/127510\/revisions\/127512"}],"wp:featuredmedia":[{"embeddable":true,"href":"https:\/\/www.altominho.tv\/site\/wp-json\/wp\/v2\/media\/122239"}],"wp:attachment":[{"href":"https:\/\/www.altominho.tv\/site\/wp-json\/wp\/v2\/media?parent=127510"}],"wp:term":[{"taxonomy":"category","embeddable":true,"href":"https:\/\/www.altominho.tv\/site\/wp-json\/wp\/v2\/categories?post=127510"},{"taxonomy":"post_tag","embeddable":true,"href":"https:\/\/www.altominho.tv\/site\/wp-json\/wp\/v2\/tags?post=127510"}],"curies":[{"name":"wp","href":"https:\/\/api.w.org\/{rel}","templated":true}]}}