{"id":127447,"date":"2026-01-23T16:59:11","date_gmt":"2026-01-23T16:59:11","guid":{"rendered":"https:\/\/www.altominho.tv\/site\/?p=127447"},"modified":"2026-01-23T17:00:05","modified_gmt":"2026-01-23T17:00:05","slug":"ponte-de-lima-cipvv-vinho-verde","status":"publish","type":"post","link":"https:\/\/www.altominho.tv\/site\/2026\/01\/23\/ponte-de-lima-cipvv-vinho-verde\/","title":{"rendered":"Centro de Interpreta\u00e7\u00e3o e Promo\u00e7\u00e3o do Vinho Verde celebra uma d\u00e9cada de atividade"},"content":{"rendered":"\n<p>Dez anos ap\u00f3s a sua abertura, o Centro de Interpreta\u00e7\u00e3o e Promo\u00e7\u00e3o do Vinho &#8220;celebra uma d\u00e9cada de crescimento, dinamiza\u00e7\u00e3o cultural e promo\u00e7\u00e3o do Vinho Verde, refor\u00e7ando o seu papel na valoriza\u00e7\u00e3o do territ\u00f3rio e do patrim\u00f3nio vitivin\u00edcola da Regi\u00e3o Demarcada dos Vinhos Verdes&#8221;.<\/p>\n\n\n\n<p>Desde a sua abertura, a 4 de mar\u00e7o de 2016, o CIPVV tem registado um crescimento cont\u00ednuo e at\u00e9 ao momento, recebeu cerca de quarenta e dois mil visitantes.<\/p>\n\n\n\n<p>Ano ap\u00f3s ano, aumentou o n\u00famero de visitantes, de produtores aderentes \u00e0 sala de provas e de refer\u00eancias de vinhos dispon\u00edveis.<\/p>\n\n\n\n<p>No dom\u00ednio educativo, verificou-se um refor\u00e7o da diversidade nas atividades dos servi\u00e7os educativos, traduzido num aumento significativo de escolas participantes.<\/p>\n\n\n\n<p>Ao longo destes dez anos, verificou-se igualmente um aumento das visitas de grupo, bem como do n\u00famero de ag\u00eancias e operadores tur\u00edsticos que trabalham em parceria com CIPVV.<\/p>\n\n\n\n<p>A atividade estendeu-se ainda \u00e0 participa\u00e7\u00e3o e organiza\u00e7\u00e3o de mais eventos culturais, art\u00edsticos, gastron\u00f3micos e v\u00ednicos, refor\u00e7ando a liga\u00e7\u00e3o ao territ\u00f3rio e aos diferentes p\u00fablicos.<\/p>\n\n\n\n<p>Tem ainda atra\u00eddo um n\u00famero crescente de profissionais ligados ao mundo do vinho, incluindo chef\u2019s, sommeliers, importadores e empres\u00e1rios da hotelaria e da restaura\u00e7\u00e3o, entre outros agentes econ\u00f3micos, contribuindo para a proje\u00e7\u00e3o dos Vinhos Verdes em contexto nacional e internacional.<\/p>\n\n\n\n<p>Este percurso tem sido reconhecido atrav\u00e9s de v\u00e1rias distin\u00e7\u00f5es relevantes. Em 2018, o CIPVV foi galardoado com o Best of Wine Tourism Awards, na categoria de Arte e Cultura, e recebeu, no mesmo ano, em Bruxelas, o European Iter Vitis Award. Em 2023, foi distinguido com o Pr\u00e9mio Prest\u00edgio, na categoria Museu do Vinho, atribu\u00eddo pela AMPV.<\/p>\n\n\n\n<p>Mais recentemente, em 2025, recebeu o Pr\u00e9mio Regional na categoria Restaurante\/Enoteca\/Loja de Vinhos do Ano, distin\u00e7\u00e3o que refor\u00e7a a sua trajet\u00f3ria de excel\u00eancia.<\/p>\n\n\n\n<p>Ao longo deste percurso, &#8220;a miss\u00e3o mant\u00e9m-se inalterada: promover a investiga\u00e7\u00e3o do lastro patrimonial de forma din\u00e2mica e afirmar o Vinho Verde, associado ao seu terroir, como um produto de excel\u00eancia&#8221;.<\/p>\n","protected":false},"excerpt":{"rendered":"<p>Dez anos ap\u00f3s a sua abertura, o Centro de Interpreta\u00e7\u00e3o e Promo\u00e7\u00e3o do Vinho &#8220;celebra uma d\u00e9cada de crescimento, dinamiza\u00e7\u00e3o cultural e promo\u00e7\u00e3o do Vinho Verde, refor\u00e7ando o seu papel na valoriza\u00e7\u00e3o do territ\u00f3rio e do patrim\u00f3nio vitivin\u00edcola da Regi\u00e3o Demarcada dos Vinhos Verdes&#8221;. Desde a sua abertura, a 4 de mar\u00e7o de 2016, o [&hellip;]<\/p>\n","protected":false},"author":7,"featured_media":127448,"comment_status":"closed","ping_status":"closed","sticky":false,"template":"","format":"standard","meta":{"_exactmetrics_skip_tracking":false,"_exactmetrics_sitenote_active":false,"_exactmetrics_sitenote_note":"","_exactmetrics_sitenote_category":0,"footnotes":""},"categories":[12],"tags":[27],"class_list":["post-127447","post","type-post","status-publish","format-standard","has-post-thumbnail","hentry","category-ponte-de-lima","tag-sociedade"],"yoast_head":"<!-- This site is optimized with the Yoast SEO Premium plugin v27.5 (Yoast SEO v27.5) - https:\/\/yoast.com\/product\/yoast-seo-premium-wordpress\/ -->\n<title>Centro de Interpreta\u00e7\u00e3o e Promo\u00e7\u00e3o do Vinho Verde celebra uma d\u00e9cada de atividade<\/title>\n<meta name=\"description\" content=\"O Centro de Interpreta\u00e7\u00e3o e Promo\u00e7\u00e3o do Vinho, situado em Ponte de Lima, celebra uma d\u00e9cada de atividade.\" \/>\n<meta name=\"robots\" content=\"index, follow, max-snippet:-1, max-image-preview:large, max-video-preview:-1\" \/>\n<link rel=\"canonical\" href=\"https:\/\/www.altominho.tv\/site\/2026\/01\/23\/ponte-de-lima-cipvv-vinho-verde\/\" \/>\n<meta property=\"og:locale\" content=\"pt_PT\" \/>\n<meta property=\"og:type\" content=\"article\" \/>\n<meta property=\"og:title\" content=\"Centro de Interpreta\u00e7\u00e3o e Promo\u00e7\u00e3o do Vinho Verde celebra uma d\u00e9cada de atividade\" \/>\n<meta property=\"og:description\" content=\"O Centro de Interpreta\u00e7\u00e3o e Promo\u00e7\u00e3o do Vinho, situado em Ponte de Lima, celebra uma d\u00e9cada de atividade.\" \/>\n<meta property=\"og:url\" content=\"https:\/\/www.altominho.tv\/site\/2026\/01\/23\/ponte-de-lima-cipvv-vinho-verde\/\" \/>\n<meta property=\"og:site_name\" content=\"Altominho.tv\" \/>\n<meta property=\"article:publisher\" content=\"https:\/\/www.facebook.com\/altominhotv\" \/>\n<meta property=\"article:published_time\" content=\"2026-01-23T16:59:11+00:00\" \/>\n<meta property=\"article:modified_time\" content=\"2026-01-23T17:00:05+00:00\" \/>\n<meta property=\"og:image\" content=\"https:\/\/www.altominho.tv\/site\/wp-content\/uploads\/2026\/01\/cipvv-ptl.png\" \/>\n\t<meta property=\"og:image:width\" content=\"1200\" \/>\n\t<meta property=\"og:image:height\" content=\"630\" \/>\n\t<meta property=\"og:image:type\" content=\"image\/png\" \/>\n<meta name=\"author\" content=\"Andreia Cunha\" \/>\n<meta name=\"twitter:card\" content=\"summary_large_image\" \/>\n<meta name=\"twitter:creator\" content=\"@altominhoTV\" \/>\n<meta name=\"twitter:site\" content=\"@altominhoTV\" \/>\n<meta name=\"twitter:label1\" content=\"Escrito por\" \/>\n\t<meta name=\"twitter:data1\" content=\"Andreia Cunha\" \/>\n\t<meta name=\"twitter:label2\" content=\"Tempo estimado de leitura\" \/>\n\t<meta name=\"twitter:data2\" content=\"2 minutos\" \/>\n<script type=\"application\/ld+json\" class=\"yoast-schema-graph\">{\"@context\":\"https:\\\/\\\/schema.org\",\"@graph\":[{\"@type\":\"Article\",\"@id\":\"https:\\\/\\\/www.altominho.tv\\\/site\\\/2026\\\/01\\\/23\\\/ponte-de-lima-cipvv-vinho-verde\\\/#article\",\"isPartOf\":{\"@id\":\"https:\\\/\\\/www.altominho.tv\\\/site\\\/2026\\\/01\\\/23\\\/ponte-de-lima-cipvv-vinho-verde\\\/\"},\"author\":{\"name\":\"Andreia Cunha\",\"@id\":\"https:\\\/\\\/www.altominho.tv\\\/site\\\/#\\\/schema\\\/person\\\/a0e4ef6d041f98ca284393d8f1d97153\"},\"headline\":\"Centro de Interpreta\u00e7\u00e3o e Promo\u00e7\u00e3o do Vinho Verde celebra uma d\u00e9cada de atividade\",\"datePublished\":\"2026-01-23T16:59:11+00:00\",\"dateModified\":\"2026-01-23T17:00:05+00:00\",\"mainEntityOfPage\":{\"@id\":\"https:\\\/\\\/www.altominho.tv\\\/site\\\/2026\\\/01\\\/23\\\/ponte-de-lima-cipvv-vinho-verde\\\/\"},\"wordCount\":385,\"image\":{\"@id\":\"https:\\\/\\\/www.altominho.tv\\\/site\\\/2026\\\/01\\\/23\\\/ponte-de-lima-cipvv-vinho-verde\\\/#primaryimage\"},\"thumbnailUrl\":\"https:\\\/\\\/www.altominho.tv\\\/site\\\/wp-content\\\/uploads\\\/2026\\\/01\\\/cipvv-ptl.png\",\"keywords\":[\"Sociedade\"],\"articleSection\":[\"Ponte de Lima\"],\"inLanguage\":\"pt-PT\",\"copyrightYear\":\"2026\",\"copyrightHolder\":{\"@id\":\"https:\\\/\\\/www.altominho.tv\\\/site\\\/#organization\"}},{\"@type\":\"WebPage\",\"@id\":\"https:\\\/\\\/www.altominho.tv\\\/site\\\/2026\\\/01\\\/23\\\/ponte-de-lima-cipvv-vinho-verde\\\/\",\"url\":\"https:\\\/\\\/www.altominho.tv\\\/site\\\/2026\\\/01\\\/23\\\/ponte-de-lima-cipvv-vinho-verde\\\/\",\"name\":\"Centro de Interpreta\u00e7\u00e3o e Promo\u00e7\u00e3o do Vinho Verde celebra uma d\u00e9cada de atividade\",\"isPartOf\":{\"@id\":\"https:\\\/\\\/www.altominho.tv\\\/site\\\/#website\"},\"primaryImageOfPage\":{\"@id\":\"https:\\\/\\\/www.altominho.tv\\\/site\\\/2026\\\/01\\\/23\\\/ponte-de-lima-cipvv-vinho-verde\\\/#primaryimage\"},\"image\":{\"@id\":\"https:\\\/\\\/www.altominho.tv\\\/site\\\/2026\\\/01\\\/23\\\/ponte-de-lima-cipvv-vinho-verde\\\/#primaryimage\"},\"thumbnailUrl\":\"https:\\\/\\\/www.altominho.tv\\\/site\\\/wp-content\\\/uploads\\\/2026\\\/01\\\/cipvv-ptl.png\",\"datePublished\":\"2026-01-23T16:59:11+00:00\",\"dateModified\":\"2026-01-23T17:00:05+00:00\",\"author\":{\"@id\":\"https:\\\/\\\/www.altominho.tv\\\/site\\\/#\\\/schema\\\/person\\\/a0e4ef6d041f98ca284393d8f1d97153\"},\"description\":\"O Centro de Interpreta\u00e7\u00e3o e Promo\u00e7\u00e3o do Vinho, situado em Ponte de Lima, celebra uma d\u00e9cada de atividade.\",\"breadcrumb\":{\"@id\":\"https:\\\/\\\/www.altominho.tv\\\/site\\\/2026\\\/01\\\/23\\\/ponte-de-lima-cipvv-vinho-verde\\\/#breadcrumb\"},\"inLanguage\":\"pt-PT\",\"potentialAction\":[{\"@type\":\"ReadAction\",\"target\":[\"https:\\\/\\\/www.altominho.tv\\\/site\\\/2026\\\/01\\\/23\\\/ponte-de-lima-cipvv-vinho-verde\\\/\"]}]},{\"@type\":\"ImageObject\",\"inLanguage\":\"pt-PT\",\"@id\":\"https:\\\/\\\/www.altominho.tv\\\/site\\\/2026\\\/01\\\/23\\\/ponte-de-lima-cipvv-vinho-verde\\\/#primaryimage\",\"url\":\"https:\\\/\\\/www.altominho.tv\\\/site\\\/wp-content\\\/uploads\\\/2026\\\/01\\\/cipvv-ptl.png\",\"contentUrl\":\"https:\\\/\\\/www.altominho.tv\\\/site\\\/wp-content\\\/uploads\\\/2026\\\/01\\\/cipvv-ptl.png\",\"width\":1200,\"height\":630},{\"@type\":\"BreadcrumbList\",\"@id\":\"https:\\\/\\\/www.altominho.tv\\\/site\\\/2026\\\/01\\\/23\\\/ponte-de-lima-cipvv-vinho-verde\\\/#breadcrumb\",\"itemListElement\":[{\"@type\":\"ListItem\",\"position\":1,\"name\":\"In\u00edcio\",\"item\":\"https:\\\/\\\/www.altominho.tv\\\/site\\\/\"},{\"@type\":\"ListItem\",\"position\":2,\"name\":\"Centro de Interpreta\u00e7\u00e3o e Promo\u00e7\u00e3o do Vinho Verde celebra uma d\u00e9cada de atividade\"}]},{\"@type\":\"WebSite\",\"@id\":\"https:\\\/\\\/www.altominho.tv\\\/site\\\/#website\",\"url\":\"https:\\\/\\\/www.altominho.tv\\\/site\\\/\",\"name\":\"Altominho.tv\",\"description\":\"A sua regi\u00e3o \u00e0 dist\u00e2ncia de um clique...\",\"potentialAction\":[{\"@type\":\"SearchAction\",\"target\":{\"@type\":\"EntryPoint\",\"urlTemplate\":\"https:\\\/\\\/www.altominho.tv\\\/site\\\/?s={search_term_string}\"},\"query-input\":{\"@type\":\"PropertyValueSpecification\",\"valueRequired\":true,\"valueName\":\"search_term_string\"}}],\"inLanguage\":\"pt-PT\"},{\"@type\":\"Person\",\"@id\":\"https:\\\/\\\/www.altominho.tv\\\/site\\\/#\\\/schema\\\/person\\\/a0e4ef6d041f98ca284393d8f1d97153\",\"name\":\"Andreia Cunha\",\"image\":{\"@type\":\"ImageObject\",\"inLanguage\":\"pt-PT\",\"@id\":\"https:\\\/\\\/www.altominho.tv\\\/site\\\/wp-content\\\/uploads\\\/2017\\\/11\\\/Andreia_Cunha-1-150x150.jpg\",\"url\":\"https:\\\/\\\/www.altominho.tv\\\/site\\\/wp-content\\\/uploads\\\/2017\\\/11\\\/Andreia_Cunha-1-150x150.jpg\",\"contentUrl\":\"https:\\\/\\\/www.altominho.tv\\\/site\\\/wp-content\\\/uploads\\\/2017\\\/11\\\/Andreia_Cunha-1-150x150.jpg\",\"caption\":\"Andreia Cunha\"},\"url\":\"https:\\\/\\\/www.altominho.tv\\\/site\\\/author\\\/andreiacunha\\\/\"}]}<\/script>\n<!-- \/ Yoast SEO Premium plugin. -->","yoast_head_json":{"title":"Centro de Interpreta\u00e7\u00e3o e Promo\u00e7\u00e3o do Vinho Verde celebra uma d\u00e9cada de atividade","description":"O Centro de Interpreta\u00e7\u00e3o e Promo\u00e7\u00e3o do Vinho, situado em Ponte de Lima, celebra uma d\u00e9cada de atividade.","robots":{"index":"index","follow":"follow","max-snippet":"max-snippet:-1","max-image-preview":"max-image-preview:large","max-video-preview":"max-video-preview:-1"},"canonical":"https:\/\/www.altominho.tv\/site\/2026\/01\/23\/ponte-de-lima-cipvv-vinho-verde\/","og_locale":"pt_PT","og_type":"article","og_title":"Centro de Interpreta\u00e7\u00e3o e Promo\u00e7\u00e3o do Vinho Verde celebra uma d\u00e9cada de atividade","og_description":"O Centro de Interpreta\u00e7\u00e3o e Promo\u00e7\u00e3o do Vinho, situado em Ponte de Lima, celebra uma d\u00e9cada de atividade.","og_url":"https:\/\/www.altominho.tv\/site\/2026\/01\/23\/ponte-de-lima-cipvv-vinho-verde\/","og_site_name":"Altominho.tv","article_publisher":"https:\/\/www.facebook.com\/altominhotv","article_published_time":"2026-01-23T16:59:11+00:00","article_modified_time":"2026-01-23T17:00:05+00:00","og_image":[{"width":1200,"height":630,"url":"https:\/\/www.altominho.tv\/site\/wp-content\/uploads\/2026\/01\/cipvv-ptl.png","type":"image\/png"}],"author":"Andreia Cunha","twitter_card":"summary_large_image","twitter_creator":"@altominhoTV","twitter_site":"@altominhoTV","twitter_misc":{"Escrito por":"Andreia Cunha","Tempo estimado de leitura":"2 minutos"},"schema":{"@context":"https:\/\/schema.org","@graph":[{"@type":"Article","@id":"https:\/\/www.altominho.tv\/site\/2026\/01\/23\/ponte-de-lima-cipvv-vinho-verde\/#article","isPartOf":{"@id":"https:\/\/www.altominho.tv\/site\/2026\/01\/23\/ponte-de-lima-cipvv-vinho-verde\/"},"author":{"name":"Andreia Cunha","@id":"https:\/\/www.altominho.tv\/site\/#\/schema\/person\/a0e4ef6d041f98ca284393d8f1d97153"},"headline":"Centro de Interpreta\u00e7\u00e3o e Promo\u00e7\u00e3o do Vinho Verde celebra uma d\u00e9cada de atividade","datePublished":"2026-01-23T16:59:11+00:00","dateModified":"2026-01-23T17:00:05+00:00","mainEntityOfPage":{"@id":"https:\/\/www.altominho.tv\/site\/2026\/01\/23\/ponte-de-lima-cipvv-vinho-verde\/"},"wordCount":385,"image":{"@id":"https:\/\/www.altominho.tv\/site\/2026\/01\/23\/ponte-de-lima-cipvv-vinho-verde\/#primaryimage"},"thumbnailUrl":"https:\/\/www.altominho.tv\/site\/wp-content\/uploads\/2026\/01\/cipvv-ptl.png","keywords":["Sociedade"],"articleSection":["Ponte de Lima"],"inLanguage":"pt-PT","copyrightYear":"2026","copyrightHolder":{"@id":"https:\/\/www.altominho.tv\/site\/#organization"}},{"@type":"WebPage","@id":"https:\/\/www.altominho.tv\/site\/2026\/01\/23\/ponte-de-lima-cipvv-vinho-verde\/","url":"https:\/\/www.altominho.tv\/site\/2026\/01\/23\/ponte-de-lima-cipvv-vinho-verde\/","name":"Centro de Interpreta\u00e7\u00e3o e Promo\u00e7\u00e3o do Vinho Verde celebra uma d\u00e9cada de atividade","isPartOf":{"@id":"https:\/\/www.altominho.tv\/site\/#website"},"primaryImageOfPage":{"@id":"https:\/\/www.altominho.tv\/site\/2026\/01\/23\/ponte-de-lima-cipvv-vinho-verde\/#primaryimage"},"image":{"@id":"https:\/\/www.altominho.tv\/site\/2026\/01\/23\/ponte-de-lima-cipvv-vinho-verde\/#primaryimage"},"thumbnailUrl":"https:\/\/www.altominho.tv\/site\/wp-content\/uploads\/2026\/01\/cipvv-ptl.png","datePublished":"2026-01-23T16:59:11+00:00","dateModified":"2026-01-23T17:00:05+00:00","author":{"@id":"https:\/\/www.altominho.tv\/site\/#\/schema\/person\/a0e4ef6d041f98ca284393d8f1d97153"},"description":"O Centro de Interpreta\u00e7\u00e3o e Promo\u00e7\u00e3o do Vinho, situado em Ponte de Lima, celebra uma d\u00e9cada de atividade.","breadcrumb":{"@id":"https:\/\/www.altominho.tv\/site\/2026\/01\/23\/ponte-de-lima-cipvv-vinho-verde\/#breadcrumb"},"inLanguage":"pt-PT","potentialAction":[{"@type":"ReadAction","target":["https:\/\/www.altominho.tv\/site\/2026\/01\/23\/ponte-de-lima-cipvv-vinho-verde\/"]}]},{"@type":"ImageObject","inLanguage":"pt-PT","@id":"https:\/\/www.altominho.tv\/site\/2026\/01\/23\/ponte-de-lima-cipvv-vinho-verde\/#primaryimage","url":"https:\/\/www.altominho.tv\/site\/wp-content\/uploads\/2026\/01\/cipvv-ptl.png","contentUrl":"https:\/\/www.altominho.tv\/site\/wp-content\/uploads\/2026\/01\/cipvv-ptl.png","width":1200,"height":630},{"@type":"BreadcrumbList","@id":"https:\/\/www.altominho.tv\/site\/2026\/01\/23\/ponte-de-lima-cipvv-vinho-verde\/#breadcrumb","itemListElement":[{"@type":"ListItem","position":1,"name":"In\u00edcio","item":"https:\/\/www.altominho.tv\/site\/"},{"@type":"ListItem","position":2,"name":"Centro de Interpreta\u00e7\u00e3o e Promo\u00e7\u00e3o do Vinho Verde celebra uma d\u00e9cada de atividade"}]},{"@type":"WebSite","@id":"https:\/\/www.altominho.tv\/site\/#website","url":"https:\/\/www.altominho.tv\/site\/","name":"Altominho.tv","description":"A sua regi\u00e3o \u00e0 dist\u00e2ncia de um clique...","potentialAction":[{"@type":"SearchAction","target":{"@type":"EntryPoint","urlTemplate":"https:\/\/www.altominho.tv\/site\/?s={search_term_string}"},"query-input":{"@type":"PropertyValueSpecification","valueRequired":true,"valueName":"search_term_string"}}],"inLanguage":"pt-PT"},{"@type":"Person","@id":"https:\/\/www.altominho.tv\/site\/#\/schema\/person\/a0e4ef6d041f98ca284393d8f1d97153","name":"Andreia Cunha","image":{"@type":"ImageObject","inLanguage":"pt-PT","@id":"https:\/\/www.altominho.tv\/site\/wp-content\/uploads\/2017\/11\/Andreia_Cunha-1-150x150.jpg","url":"https:\/\/www.altominho.tv\/site\/wp-content\/uploads\/2017\/11\/Andreia_Cunha-1-150x150.jpg","contentUrl":"https:\/\/www.altominho.tv\/site\/wp-content\/uploads\/2017\/11\/Andreia_Cunha-1-150x150.jpg","caption":"Andreia Cunha"},"url":"https:\/\/www.altominho.tv\/site\/author\/andreiacunha\/"}]}},"_links":{"self":[{"href":"https:\/\/www.altominho.tv\/site\/wp-json\/wp\/v2\/posts\/127447","targetHints":{"allow":["GET"]}}],"collection":[{"href":"https:\/\/www.altominho.tv\/site\/wp-json\/wp\/v2\/posts"}],"about":[{"href":"https:\/\/www.altominho.tv\/site\/wp-json\/wp\/v2\/types\/post"}],"author":[{"embeddable":true,"href":"https:\/\/www.altominho.tv\/site\/wp-json\/wp\/v2\/users\/7"}],"replies":[{"embeddable":true,"href":"https:\/\/www.altominho.tv\/site\/wp-json\/wp\/v2\/comments?post=127447"}],"version-history":[{"count":2,"href":"https:\/\/www.altominho.tv\/site\/wp-json\/wp\/v2\/posts\/127447\/revisions"}],"predecessor-version":[{"id":127450,"href":"https:\/\/www.altominho.tv\/site\/wp-json\/wp\/v2\/posts\/127447\/revisions\/127450"}],"wp:featuredmedia":[{"embeddable":true,"href":"https:\/\/www.altominho.tv\/site\/wp-json\/wp\/v2\/media\/127448"}],"wp:attachment":[{"href":"https:\/\/www.altominho.tv\/site\/wp-json\/wp\/v2\/media?parent=127447"}],"wp:term":[{"taxonomy":"category","embeddable":true,"href":"https:\/\/www.altominho.tv\/site\/wp-json\/wp\/v2\/categories?post=127447"},{"taxonomy":"post_tag","embeddable":true,"href":"https:\/\/www.altominho.tv\/site\/wp-json\/wp\/v2\/tags?post=127447"}],"curies":[{"name":"wp","href":"https:\/\/api.w.org\/{rel}","templated":true}]}}