{"id":127420,"date":"2026-01-22T14:04:52","date_gmt":"2026-01-22T14:04:52","guid":{"rendered":"https:\/\/www.altominho.tv\/site\/?p=127420"},"modified":"2026-01-22T14:04:55","modified_gmt":"2026-01-22T14:04:55","slug":"moncao-quer-apoiar-bombeiros-no-pagamento-do-imi-de-habitacao-propria","status":"publish","type":"post","link":"https:\/\/www.altominho.tv\/site\/2026\/01\/22\/moncao-quer-apoiar-bombeiros-no-pagamento-do-imi-de-habitacao-propria\/","title":{"rendered":"Mon\u00e7\u00e3o quer apoiar bombeiros no pagamento do IMI de habita\u00e7\u00e3o pr\u00f3pria"},"content":{"rendered":"\n<p>A C\u00e2mara de Mon\u00e7\u00e3o vai colocar em discuss\u00e3o p\u00fablica o projeto de regulamento que prev\u00ea apoiar os bombeiros volunt\u00e1rios no pagamento do Imposto Municipal sobre Im\u00f3veis (IMI) da habita\u00e7\u00e3o pr\u00f3pria e permanente, foi hoje divulgado.<\/p>\n\n\n\n<p>Em comunicado, aquela autarquia do distrito de Viana do Castelo, liderada pelo PSD, esclarece que o projeto foi aprovado na reuni\u00e3o do executivo de segunda-feira no sentido de abrir um per\u00edodo de consulta p\u00fablica de 30 dias para apresenta\u00e7\u00e3o de eventuais contributos, antes que possa ser aprovada a vers\u00e3o final.\u00a0<\/p>\n\n\n\n<p>Na p\u00e1gina da Internet, consultada pela Lusa, a C\u00e2mara de Mon\u00e7\u00e3o explica que o apoio ao pagamento do IMI diz respeito aos im\u00f3veis destinados \u201ca habita\u00e7\u00e3o pr\u00f3pria e permanente do bombeiro volunt\u00e1rio e respetivo agregado\u201d e pode chegar aos 750 euros anuais.<\/p>\n\n\n\n<p>O valor do apoio pode chegar \u00e0 totalidade do IMI anual, \u201cat\u00e9 um limite m\u00e1ximo de 750 euros\u201d, para os bombeiros com \u201cpelo menos 25 anos de servi\u00e7o efetivo\u201d, refere o munic\u00edpio no \u2018site\u2019 oficial.<\/p>\n\n\n\n<p>O apoio depende da \u201capresenta\u00e7\u00e3o da nota de cobran\u00e7a e comprovativo de pagamento do IMI dos valores pagos ap\u00f3s a entrada em vigor do regulamento\u201d.<\/p>\n\n\n\n<p>A c\u00e2mara prev\u00ea um apoio \u201cem 30% do valor pago at\u00e9 ao limite m\u00e1ximo de 200 euros por ano\u201d dos bombeiros com \u201cpelo menos tr\u00eas anos de servi\u00e7o efetivo\u201d.<\/p>\n\n\n\n<p>\u201cCom pelo menos 10 anos de servi\u00e7o efetivo, ter\u00e1 o apoio em 50 % do valor pago at\u00e9 um limite m\u00e1ximo de 250 euros por ano\u201d.<\/p>\n\n\n\n<p>Com pelo menos 15 (quinze) anos de servi\u00e7o efetivo, o apoio pode ser de \u201c75% do valor pago, at\u00e9 um limite m\u00e1ximo de 500 euros\u201d anuais.<\/p>\n\n\n\n<p>O documento contempla igualmente a \u201cisen\u00e7\u00e3o de taxas municipais nos pedidos de licenciamento ou comunica\u00e7\u00e3o pr\u00e9via de opera\u00e7\u00f5es urban\u00edsticas de constru\u00e7\u00e3o, reconstru\u00e7\u00e3o, amplia\u00e7\u00e3o, conserva\u00e7\u00e3o, beneficia\u00e7\u00e3o e de utiliza\u00e7\u00e3o, de im\u00f3vel para habita\u00e7\u00e3o pr\u00f3pria e permanente do bombeiro e agregado\u201d.<\/p>\n\n\n\n<p>Isto, desde que haja um \u201ccompromisso de perman\u00eancia pelo per\u00edodo m\u00ednimo de tr\u00eas anos, a contar da data da emiss\u00e3o da licen\u00e7a de utiliza\u00e7\u00e3o ou da conclus\u00e3o dos trabalhos, sob pena de devolu\u00e7\u00e3o\u201d.<\/p>\n\n\n\n<p>O regulamento estipula ainda a \u201cisen\u00e7\u00e3o de taxas de liga\u00e7\u00e3o aos sistemas p\u00fablicos de abastecimento de \u00e1gua e saneamento de \u00e1guas residuais a habita\u00e7\u00e3o pr\u00f3pria e permanente, sempre que os sistemas estejam dispon\u00edveis\u201d.<\/p>\n\n\n\n<p>Por outro lado, refere a atribui\u00e7\u00e3o \u201cde uma tarifa especial de \u00e1gua, id\u00eantica \u00e0 tarifa social, para os consumos nos 1.\u00ba e 2.\u00ba escal\u00f5es, aos bombeiros residentes no concelho, para fornecimento da habita\u00e7\u00e3o pr\u00f3pria e permanente, e desde que o contrato de fornecimento de \u00e1gua esteja em nome do bombeiro volunt\u00e1rio ou do seu c\u00f4njuge\/ unido de facto\u201d.<\/p>\n\n\n\n<p>Est\u00e1 tamb\u00e9m contemplada a atribui\u00e7\u00e3o \u201cde bolsas de estudo, no valor de 250 euros mensais, aos filhos menores de bombeiros falecidos em servi\u00e7o, acidentados em servi\u00e7o ou v\u00edtimas de doen\u00e7a contra\u00edda no desempenho de fun\u00e7\u00f5es e que tenham adquirido incapacidade f\u00edsica, desde que devidamente atestado pelas entidades competentes, e que tenham tido aproveitamento no ano letivo anterior, at\u00e9 atingirem a maioridade\u201d.<\/p>\n\n\n\n<p>A isto, soma-se a \u201cisen\u00e7\u00e3o do pagamento do pre\u00e7o das refei\u00e7\u00f5es escolares servidas nos jardins-de-inf\u00e2ncia, escolas b\u00e1sicas e secund\u00e1ria da responsabilidade do munic\u00edpio, aos descendentes em primeiro grau\u201d do bombeiro.<\/p>\n\n\n\n<p>De acordo com a nota de imprensa, \u201cal\u00e9m de apoio psicol\u00f3gico em situa\u00e7\u00f5es decorrentes da sua fun\u00e7\u00e3o humanit\u00e1ria, as medidas abrangem descontos no acesso \u00e0 piscina municipal e isen\u00e7\u00e3o do pagamento em eventos ou iniciativas de car\u00e1ter desportivo, recreativo e cultural promovidos pelo munic\u00edpio\u201d.<\/p>\n\n\n\n<p>A c\u00e2mara afirma que pretende \u201creconhecer, valorizar e proteger o trabalho dos bombeiros em regime de voluntariado, incentivando a sua perman\u00eancia no quadro da corpora\u00e7\u00e3o, bem como a ades\u00e3o de novos elementos a esta causa humanit\u00e1ria\u201d.<\/p>\n","protected":false},"excerpt":{"rendered":"<p>A C\u00e2mara de Mon\u00e7\u00e3o vai colocar em discuss\u00e3o p\u00fablica o projeto de regulamento que prev\u00ea apoiar os bombeiros volunt\u00e1rios no pagamento do Imposto Municipal sobre Im\u00f3veis (IMI) da habita\u00e7\u00e3o pr\u00f3pria e permanente, foi hoje divulgado. Em comunicado, aquela autarquia do distrito de Viana do Castelo, liderada pelo PSD, esclarece que o projeto foi aprovado na [&hellip;]<\/p>\n","protected":false},"author":1,"featured_media":127421,"comment_status":"closed","ping_status":"closed","sticky":false,"template":"","format":"standard","meta":{"_exactmetrics_skip_tracking":false,"_exactmetrics_sitenote_active":false,"_exactmetrics_sitenote_note":"","_exactmetrics_sitenote_category":0,"footnotes":""},"categories":[9],"tags":[27],"class_list":["post-127420","post","type-post","status-publish","format-standard","has-post-thumbnail","hentry","category-moncao","tag-sociedade"],"yoast_head":"<!-- This site is optimized with the Yoast SEO Premium plugin v27.5 (Yoast SEO v27.5) - https:\/\/yoast.com\/product\/yoast-seo-premium-wordpress\/ -->\n<title>Mon\u00e7\u00e3o quer apoiar bombeiros no pagamento do IMI de habita\u00e7\u00e3o pr\u00f3pria<\/title>\n<meta name=\"robots\" content=\"index, follow, max-snippet:-1, max-image-preview:large, max-video-preview:-1\" \/>\n<link rel=\"canonical\" href=\"https:\/\/www.altominho.tv\/site\/2026\/01\/22\/moncao-quer-apoiar-bombeiros-no-pagamento-do-imi-de-habitacao-propria\/\" \/>\n<meta property=\"og:locale\" content=\"pt_PT\" \/>\n<meta property=\"og:type\" content=\"article\" \/>\n<meta property=\"og:title\" content=\"Mon\u00e7\u00e3o quer apoiar bombeiros no pagamento do IMI de habita\u00e7\u00e3o pr\u00f3pria\" \/>\n<meta property=\"og:description\" content=\"A C\u00e2mara de Mon\u00e7\u00e3o vai colocar em discuss\u00e3o p\u00fablica o projeto de regulamento que prev\u00ea apoiar os bombeiros volunt\u00e1rios no pagamento do Imposto Municipal sobre Im\u00f3veis (IMI) da habita\u00e7\u00e3o pr\u00f3pria e permanente, foi hoje divulgado. Em comunicado, aquela autarquia do distrito de Viana do Castelo, liderada pelo PSD, esclarece que o projeto foi aprovado na [&hellip;]\" \/>\n<meta property=\"og:url\" content=\"https:\/\/www.altominho.tv\/site\/2026\/01\/22\/moncao-quer-apoiar-bombeiros-no-pagamento-do-imi-de-habitacao-propria\/\" \/>\n<meta property=\"og:site_name\" content=\"Altominho.tv\" \/>\n<meta property=\"article:publisher\" content=\"https:\/\/www.facebook.com\/altominhotv\" \/>\n<meta property=\"article:published_time\" content=\"2026-01-22T14:04:52+00:00\" \/>\n<meta property=\"article:modified_time\" content=\"2026-01-22T14:04:55+00:00\" \/>\n<meta property=\"og:image\" content=\"https:\/\/www.altominho.tv\/site\/wp-content\/uploads\/2026\/01\/bombeiros-1.png\" \/>\n\t<meta property=\"og:image:width\" content=\"1200\" \/>\n\t<meta property=\"og:image:height\" content=\"630\" \/>\n\t<meta property=\"og:image:type\" content=\"image\/png\" \/>\n<meta name=\"author\" content=\"Altominho.tv\" \/>\n<meta name=\"twitter:card\" content=\"summary_large_image\" \/>\n<meta name=\"twitter:creator\" content=\"@altominhoTV\" \/>\n<meta name=\"twitter:site\" content=\"@altominhoTV\" \/>\n<meta name=\"twitter:label1\" content=\"Escrito por\" \/>\n\t<meta name=\"twitter:data1\" content=\"Altominho.tv\" \/>\n\t<meta name=\"twitter:label2\" content=\"Tempo estimado de leitura\" \/>\n\t<meta name=\"twitter:data2\" content=\"4 minutos\" \/>\n<script type=\"application\/ld+json\" class=\"yoast-schema-graph\">{\"@context\":\"https:\\\/\\\/schema.org\",\"@graph\":[{\"@type\":\"Article\",\"@id\":\"https:\\\/\\\/www.altominho.tv\\\/site\\\/2026\\\/01\\\/22\\\/moncao-quer-apoiar-bombeiros-no-pagamento-do-imi-de-habitacao-propria\\\/#article\",\"isPartOf\":{\"@id\":\"https:\\\/\\\/www.altominho.tv\\\/site\\\/2026\\\/01\\\/22\\\/moncao-quer-apoiar-bombeiros-no-pagamento-do-imi-de-habitacao-propria\\\/\"},\"author\":{\"name\":\"Altominho.tv\",\"@id\":\"https:\\\/\\\/www.altominho.tv\\\/site\\\/#\\\/schema\\\/person\\\/4e536851627d7914baf3dac752b6af22\"},\"headline\":\"Mon\u00e7\u00e3o quer apoiar bombeiros no pagamento do IMI de habita\u00e7\u00e3o pr\u00f3pria\",\"datePublished\":\"2026-01-22T14:04:52+00:00\",\"dateModified\":\"2026-01-22T14:04:55+00:00\",\"mainEntityOfPage\":{\"@id\":\"https:\\\/\\\/www.altominho.tv\\\/site\\\/2026\\\/01\\\/22\\\/moncao-quer-apoiar-bombeiros-no-pagamento-do-imi-de-habitacao-propria\\\/\"},\"wordCount\":696,\"image\":{\"@id\":\"https:\\\/\\\/www.altominho.tv\\\/site\\\/2026\\\/01\\\/22\\\/moncao-quer-apoiar-bombeiros-no-pagamento-do-imi-de-habitacao-propria\\\/#primaryimage\"},\"thumbnailUrl\":\"https:\\\/\\\/www.altominho.tv\\\/site\\\/wp-content\\\/uploads\\\/2026\\\/01\\\/bombeiros-1.png\",\"keywords\":[\"Sociedade\"],\"articleSection\":[\"Mon\u00e7\u00e3o\"],\"inLanguage\":\"pt-PT\",\"copyrightYear\":\"2026\",\"copyrightHolder\":{\"@id\":\"https:\\\/\\\/www.altominho.tv\\\/site\\\/#organization\"}},{\"@type\":\"WebPage\",\"@id\":\"https:\\\/\\\/www.altominho.tv\\\/site\\\/2026\\\/01\\\/22\\\/moncao-quer-apoiar-bombeiros-no-pagamento-do-imi-de-habitacao-propria\\\/\",\"url\":\"https:\\\/\\\/www.altominho.tv\\\/site\\\/2026\\\/01\\\/22\\\/moncao-quer-apoiar-bombeiros-no-pagamento-do-imi-de-habitacao-propria\\\/\",\"name\":\"Mon\u00e7\u00e3o quer apoiar bombeiros no pagamento do IMI de habita\u00e7\u00e3o pr\u00f3pria\",\"isPartOf\":{\"@id\":\"https:\\\/\\\/www.altominho.tv\\\/site\\\/#website\"},\"primaryImageOfPage\":{\"@id\":\"https:\\\/\\\/www.altominho.tv\\\/site\\\/2026\\\/01\\\/22\\\/moncao-quer-apoiar-bombeiros-no-pagamento-do-imi-de-habitacao-propria\\\/#primaryimage\"},\"image\":{\"@id\":\"https:\\\/\\\/www.altominho.tv\\\/site\\\/2026\\\/01\\\/22\\\/moncao-quer-apoiar-bombeiros-no-pagamento-do-imi-de-habitacao-propria\\\/#primaryimage\"},\"thumbnailUrl\":\"https:\\\/\\\/www.altominho.tv\\\/site\\\/wp-content\\\/uploads\\\/2026\\\/01\\\/bombeiros-1.png\",\"datePublished\":\"2026-01-22T14:04:52+00:00\",\"dateModified\":\"2026-01-22T14:04:55+00:00\",\"author\":{\"@id\":\"https:\\\/\\\/www.altominho.tv\\\/site\\\/#\\\/schema\\\/person\\\/4e536851627d7914baf3dac752b6af22\"},\"breadcrumb\":{\"@id\":\"https:\\\/\\\/www.altominho.tv\\\/site\\\/2026\\\/01\\\/22\\\/moncao-quer-apoiar-bombeiros-no-pagamento-do-imi-de-habitacao-propria\\\/#breadcrumb\"},\"inLanguage\":\"pt-PT\",\"potentialAction\":[{\"@type\":\"ReadAction\",\"target\":[\"https:\\\/\\\/www.altominho.tv\\\/site\\\/2026\\\/01\\\/22\\\/moncao-quer-apoiar-bombeiros-no-pagamento-do-imi-de-habitacao-propria\\\/\"]}]},{\"@type\":\"ImageObject\",\"inLanguage\":\"pt-PT\",\"@id\":\"https:\\\/\\\/www.altominho.tv\\\/site\\\/2026\\\/01\\\/22\\\/moncao-quer-apoiar-bombeiros-no-pagamento-do-imi-de-habitacao-propria\\\/#primaryimage\",\"url\":\"https:\\\/\\\/www.altominho.tv\\\/site\\\/wp-content\\\/uploads\\\/2026\\\/01\\\/bombeiros-1.png\",\"contentUrl\":\"https:\\\/\\\/www.altominho.tv\\\/site\\\/wp-content\\\/uploads\\\/2026\\\/01\\\/bombeiros-1.png\",\"width\":1200,\"height\":630},{\"@type\":\"BreadcrumbList\",\"@id\":\"https:\\\/\\\/www.altominho.tv\\\/site\\\/2026\\\/01\\\/22\\\/moncao-quer-apoiar-bombeiros-no-pagamento-do-imi-de-habitacao-propria\\\/#breadcrumb\",\"itemListElement\":[{\"@type\":\"ListItem\",\"position\":1,\"name\":\"In\u00edcio\",\"item\":\"https:\\\/\\\/www.altominho.tv\\\/site\\\/\"},{\"@type\":\"ListItem\",\"position\":2,\"name\":\"Mon\u00e7\u00e3o quer apoiar bombeiros no pagamento do IMI de habita\u00e7\u00e3o pr\u00f3pria\"}]},{\"@type\":\"WebSite\",\"@id\":\"https:\\\/\\\/www.altominho.tv\\\/site\\\/#website\",\"url\":\"https:\\\/\\\/www.altominho.tv\\\/site\\\/\",\"name\":\"Altominho.tv\",\"description\":\"A sua regi\u00e3o \u00e0 dist\u00e2ncia de um clique...\",\"potentialAction\":[{\"@type\":\"SearchAction\",\"target\":{\"@type\":\"EntryPoint\",\"urlTemplate\":\"https:\\\/\\\/www.altominho.tv\\\/site\\\/?s={search_term_string}\"},\"query-input\":{\"@type\":\"PropertyValueSpecification\",\"valueRequired\":true,\"valueName\":\"search_term_string\"}}],\"inLanguage\":\"pt-PT\"},{\"@type\":\"Person\",\"@id\":\"https:\\\/\\\/www.altominho.tv\\\/site\\\/#\\\/schema\\\/person\\\/4e536851627d7914baf3dac752b6af22\",\"name\":\"Altominho.tv\",\"image\":{\"@type\":\"ImageObject\",\"inLanguage\":\"pt-PT\",\"@id\":\"https:\\\/\\\/www.altominho.tv\\\/site\\\/wp-content\\\/uploads\\\/2019\\\/11\\\/Logo_Avatar_2-150x150.jpg\",\"url\":\"https:\\\/\\\/www.altominho.tv\\\/site\\\/wp-content\\\/uploads\\\/2019\\\/11\\\/Logo_Avatar_2-150x150.jpg\",\"contentUrl\":\"https:\\\/\\\/www.altominho.tv\\\/site\\\/wp-content\\\/uploads\\\/2019\\\/11\\\/Logo_Avatar_2-150x150.jpg\",\"caption\":\"Altominho.tv\"},\"url\":\"https:\\\/\\\/www.altominho.tv\\\/site\\\/author\\\/altominhotv-tecnico\\\/\"}]}<\/script>\n<!-- \/ Yoast SEO Premium plugin. -->","yoast_head_json":{"title":"Mon\u00e7\u00e3o quer apoiar bombeiros no pagamento do IMI de habita\u00e7\u00e3o pr\u00f3pria","robots":{"index":"index","follow":"follow","max-snippet":"max-snippet:-1","max-image-preview":"max-image-preview:large","max-video-preview":"max-video-preview:-1"},"canonical":"https:\/\/www.altominho.tv\/site\/2026\/01\/22\/moncao-quer-apoiar-bombeiros-no-pagamento-do-imi-de-habitacao-propria\/","og_locale":"pt_PT","og_type":"article","og_title":"Mon\u00e7\u00e3o quer apoiar bombeiros no pagamento do IMI de habita\u00e7\u00e3o pr\u00f3pria","og_description":"A C\u00e2mara de Mon\u00e7\u00e3o vai colocar em discuss\u00e3o p\u00fablica o projeto de regulamento que prev\u00ea apoiar os bombeiros volunt\u00e1rios no pagamento do Imposto Municipal sobre Im\u00f3veis (IMI) da habita\u00e7\u00e3o pr\u00f3pria e permanente, foi hoje divulgado. Em comunicado, aquela autarquia do distrito de Viana do Castelo, liderada pelo PSD, esclarece que o projeto foi aprovado na [&hellip;]","og_url":"https:\/\/www.altominho.tv\/site\/2026\/01\/22\/moncao-quer-apoiar-bombeiros-no-pagamento-do-imi-de-habitacao-propria\/","og_site_name":"Altominho.tv","article_publisher":"https:\/\/www.facebook.com\/altominhotv","article_published_time":"2026-01-22T14:04:52+00:00","article_modified_time":"2026-01-22T14:04:55+00:00","og_image":[{"width":1200,"height":630,"url":"https:\/\/www.altominho.tv\/site\/wp-content\/uploads\/2026\/01\/bombeiros-1.png","type":"image\/png"}],"author":"Altominho.tv","twitter_card":"summary_large_image","twitter_creator":"@altominhoTV","twitter_site":"@altominhoTV","twitter_misc":{"Escrito por":"Altominho.tv","Tempo estimado de leitura":"4 minutos"},"schema":{"@context":"https:\/\/schema.org","@graph":[{"@type":"Article","@id":"https:\/\/www.altominho.tv\/site\/2026\/01\/22\/moncao-quer-apoiar-bombeiros-no-pagamento-do-imi-de-habitacao-propria\/#article","isPartOf":{"@id":"https:\/\/www.altominho.tv\/site\/2026\/01\/22\/moncao-quer-apoiar-bombeiros-no-pagamento-do-imi-de-habitacao-propria\/"},"author":{"name":"Altominho.tv","@id":"https:\/\/www.altominho.tv\/site\/#\/schema\/person\/4e536851627d7914baf3dac752b6af22"},"headline":"Mon\u00e7\u00e3o quer apoiar bombeiros no pagamento do IMI de habita\u00e7\u00e3o pr\u00f3pria","datePublished":"2026-01-22T14:04:52+00:00","dateModified":"2026-01-22T14:04:55+00:00","mainEntityOfPage":{"@id":"https:\/\/www.altominho.tv\/site\/2026\/01\/22\/moncao-quer-apoiar-bombeiros-no-pagamento-do-imi-de-habitacao-propria\/"},"wordCount":696,"image":{"@id":"https:\/\/www.altominho.tv\/site\/2026\/01\/22\/moncao-quer-apoiar-bombeiros-no-pagamento-do-imi-de-habitacao-propria\/#primaryimage"},"thumbnailUrl":"https:\/\/www.altominho.tv\/site\/wp-content\/uploads\/2026\/01\/bombeiros-1.png","keywords":["Sociedade"],"articleSection":["Mon\u00e7\u00e3o"],"inLanguage":"pt-PT","copyrightYear":"2026","copyrightHolder":{"@id":"https:\/\/www.altominho.tv\/site\/#organization"}},{"@type":"WebPage","@id":"https:\/\/www.altominho.tv\/site\/2026\/01\/22\/moncao-quer-apoiar-bombeiros-no-pagamento-do-imi-de-habitacao-propria\/","url":"https:\/\/www.altominho.tv\/site\/2026\/01\/22\/moncao-quer-apoiar-bombeiros-no-pagamento-do-imi-de-habitacao-propria\/","name":"Mon\u00e7\u00e3o quer apoiar bombeiros no pagamento do IMI de habita\u00e7\u00e3o pr\u00f3pria","isPartOf":{"@id":"https:\/\/www.altominho.tv\/site\/#website"},"primaryImageOfPage":{"@id":"https:\/\/www.altominho.tv\/site\/2026\/01\/22\/moncao-quer-apoiar-bombeiros-no-pagamento-do-imi-de-habitacao-propria\/#primaryimage"},"image":{"@id":"https:\/\/www.altominho.tv\/site\/2026\/01\/22\/moncao-quer-apoiar-bombeiros-no-pagamento-do-imi-de-habitacao-propria\/#primaryimage"},"thumbnailUrl":"https:\/\/www.altominho.tv\/site\/wp-content\/uploads\/2026\/01\/bombeiros-1.png","datePublished":"2026-01-22T14:04:52+00:00","dateModified":"2026-01-22T14:04:55+00:00","author":{"@id":"https:\/\/www.altominho.tv\/site\/#\/schema\/person\/4e536851627d7914baf3dac752b6af22"},"breadcrumb":{"@id":"https:\/\/www.altominho.tv\/site\/2026\/01\/22\/moncao-quer-apoiar-bombeiros-no-pagamento-do-imi-de-habitacao-propria\/#breadcrumb"},"inLanguage":"pt-PT","potentialAction":[{"@type":"ReadAction","target":["https:\/\/www.altominho.tv\/site\/2026\/01\/22\/moncao-quer-apoiar-bombeiros-no-pagamento-do-imi-de-habitacao-propria\/"]}]},{"@type":"ImageObject","inLanguage":"pt-PT","@id":"https:\/\/www.altominho.tv\/site\/2026\/01\/22\/moncao-quer-apoiar-bombeiros-no-pagamento-do-imi-de-habitacao-propria\/#primaryimage","url":"https:\/\/www.altominho.tv\/site\/wp-content\/uploads\/2026\/01\/bombeiros-1.png","contentUrl":"https:\/\/www.altominho.tv\/site\/wp-content\/uploads\/2026\/01\/bombeiros-1.png","width":1200,"height":630},{"@type":"BreadcrumbList","@id":"https:\/\/www.altominho.tv\/site\/2026\/01\/22\/moncao-quer-apoiar-bombeiros-no-pagamento-do-imi-de-habitacao-propria\/#breadcrumb","itemListElement":[{"@type":"ListItem","position":1,"name":"In\u00edcio","item":"https:\/\/www.altominho.tv\/site\/"},{"@type":"ListItem","position":2,"name":"Mon\u00e7\u00e3o quer apoiar bombeiros no pagamento do IMI de habita\u00e7\u00e3o pr\u00f3pria"}]},{"@type":"WebSite","@id":"https:\/\/www.altominho.tv\/site\/#website","url":"https:\/\/www.altominho.tv\/site\/","name":"Altominho.tv","description":"A sua regi\u00e3o \u00e0 dist\u00e2ncia de um clique...","potentialAction":[{"@type":"SearchAction","target":{"@type":"EntryPoint","urlTemplate":"https:\/\/www.altominho.tv\/site\/?s={search_term_string}"},"query-input":{"@type":"PropertyValueSpecification","valueRequired":true,"valueName":"search_term_string"}}],"inLanguage":"pt-PT"},{"@type":"Person","@id":"https:\/\/www.altominho.tv\/site\/#\/schema\/person\/4e536851627d7914baf3dac752b6af22","name":"Altominho.tv","image":{"@type":"ImageObject","inLanguage":"pt-PT","@id":"https:\/\/www.altominho.tv\/site\/wp-content\/uploads\/2019\/11\/Logo_Avatar_2-150x150.jpg","url":"https:\/\/www.altominho.tv\/site\/wp-content\/uploads\/2019\/11\/Logo_Avatar_2-150x150.jpg","contentUrl":"https:\/\/www.altominho.tv\/site\/wp-content\/uploads\/2019\/11\/Logo_Avatar_2-150x150.jpg","caption":"Altominho.tv"},"url":"https:\/\/www.altominho.tv\/site\/author\/altominhotv-tecnico\/"}]}},"_links":{"self":[{"href":"https:\/\/www.altominho.tv\/site\/wp-json\/wp\/v2\/posts\/127420","targetHints":{"allow":["GET"]}}],"collection":[{"href":"https:\/\/www.altominho.tv\/site\/wp-json\/wp\/v2\/posts"}],"about":[{"href":"https:\/\/www.altominho.tv\/site\/wp-json\/wp\/v2\/types\/post"}],"author":[{"embeddable":true,"href":"https:\/\/www.altominho.tv\/site\/wp-json\/wp\/v2\/users\/1"}],"replies":[{"embeddable":true,"href":"https:\/\/www.altominho.tv\/site\/wp-json\/wp\/v2\/comments?post=127420"}],"version-history":[{"count":1,"href":"https:\/\/www.altominho.tv\/site\/wp-json\/wp\/v2\/posts\/127420\/revisions"}],"predecessor-version":[{"id":127422,"href":"https:\/\/www.altominho.tv\/site\/wp-json\/wp\/v2\/posts\/127420\/revisions\/127422"}],"wp:featuredmedia":[{"embeddable":true,"href":"https:\/\/www.altominho.tv\/site\/wp-json\/wp\/v2\/media\/127421"}],"wp:attachment":[{"href":"https:\/\/www.altominho.tv\/site\/wp-json\/wp\/v2\/media?parent=127420"}],"wp:term":[{"taxonomy":"category","embeddable":true,"href":"https:\/\/www.altominho.tv\/site\/wp-json\/wp\/v2\/categories?post=127420"},{"taxonomy":"post_tag","embeddable":true,"href":"https:\/\/www.altominho.tv\/site\/wp-json\/wp\/v2\/tags?post=127420"}],"curies":[{"name":"wp","href":"https:\/\/api.w.org\/{rel}","templated":true}]}}