{"id":127362,"date":"2026-01-21T12:34:09","date_gmt":"2026-01-21T12:34:09","guid":{"rendered":"https:\/\/www.altominho.tv\/site\/?p=127362"},"modified":"2026-01-21T12:34:15","modified_gmt":"2026-01-21T12:34:15","slug":"funcionarios-da-camara-de-moncao-entregam-donativo-solidario-a-associacao-dinamicamente","status":"publish","type":"post","link":"https:\/\/www.altominho.tv\/site\/2026\/01\/21\/funcionarios-da-camara-de-moncao-entregam-donativo-solidario-a-associacao-dinamicamente\/","title":{"rendered":"Funcion\u00e1rios da C\u00e2mara de Mon\u00e7\u00e3o entregam donativo solid\u00e1rio \u00e0 associa\u00e7\u00e3o Dinamicamente"},"content":{"rendered":"<p data-start=\"93\" data-end=\"365\">Os funcion\u00e1rios da C\u00e2mara Municipal de Mon\u00e7\u00e3o entregaram ontem um donativo no valor de mil euros \u00e0 associa\u00e7\u00e3o Dinamicamente. A verba resulta da contribui\u00e7\u00e3o dos trabalhadores da autarquia no \u00e2mbito do Jantar de Natal, realizado no passado dia 19 de dezembro.<\/p>\n<p data-start=\"367\" data-end=\"666\">Segundo a informa\u00e7\u00e3o divulgada, cada funcion\u00e1rio contribuiu com cinco euros e teve a possibilidade de escolher a institui\u00e7\u00e3o a apoiar. A associa\u00e7\u00e3o Dinamicamente foi a mais votada, entre v\u00e1rias entidades locais, sucedendo a outras associa\u00e7\u00f5es que j\u00e1 beneficiaram da iniciativa em edi\u00e7\u00f5es anteriores.<\/p>\n<p data-start=\"668\" data-end=\"914\">A entrega do cheque solid\u00e1rio foi efetuada pelo vice-presidente da C\u00e2mara Municipal de Mon\u00e7\u00e3o, Roberto Lameira, acompanhado pela chefe de gabinete da presid\u00eancia, C\u00e9lia Rodrigues, e por colaboradores de diferentes divis\u00f5es org\u00e2nicas do munic\u00edpio.<\/p>\n<p data-start=\"916\" data-end=\"1195\" data-is-last-node=\"\" data-is-only-node=\"\">A cerim\u00f3nia decorreu na sede da associa\u00e7\u00e3o Dinamicamente, situada no Mercado Municipal de Mon\u00e7\u00e3o.<\/p>\n<p data-start=\"916\" data-end=\"1195\" data-is-last-node=\"\" data-is-only-node=\"\">Na ocasi\u00e3o, a presidente da dire\u00e7\u00e3o, Paula Alexandra Oliveira, agradeceu o donativo, salientando a import\u00e2ncia do apoio para a continuidade do trabalho desenvolvido pela associa\u00e7\u00e3o.<\/p>\n","protected":false},"excerpt":{"rendered":"<p>Os funcion\u00e1rios da C\u00e2mara Municipal de Mon\u00e7\u00e3o entregaram ontem um donativo no valor de mil euros \u00e0 associa\u00e7\u00e3o Dinamicamente. A verba resulta da contribui\u00e7\u00e3o dos trabalhadores da autarquia no \u00e2mbito do Jantar de Natal, realizado no passado dia 19 de dezembro. Segundo a informa\u00e7\u00e3o divulgada, cada funcion\u00e1rio contribuiu com cinco euros e teve a possibilidade [&hellip;]<\/p>\n","protected":false},"author":1,"featured_media":127363,"comment_status":"closed","ping_status":"closed","sticky":false,"template":"","format":"standard","meta":{"_exactmetrics_skip_tracking":false,"_exactmetrics_sitenote_active":false,"_exactmetrics_sitenote_note":"","_exactmetrics_sitenote_category":0,"footnotes":""},"categories":[9],"tags":[27],"class_list":["post-127362","post","type-post","status-publish","format-standard","has-post-thumbnail","hentry","category-moncao","tag-sociedade"],"yoast_head":"<!-- This site is optimized with the Yoast SEO Premium plugin v27.5 (Yoast SEO v27.5) - https:\/\/yoast.com\/product\/yoast-seo-premium-wordpress\/ -->\n<title>Funcion\u00e1rios da C\u00e2mara de Mon\u00e7\u00e3o entregam donativo solid\u00e1rio \u00e0 associa\u00e7\u00e3o Dinamicamente<\/title>\n<meta name=\"description\" content=\"Os funcion\u00e1rios da C\u00e2mara Municipal de Mon\u00e7\u00e3o entregaram ontem um donativo no valor de mil euros \u00e0 associa\u00e7\u00e3o Dinamicamente. A verba resulta da contribui\u00e7\u00e3o dos trabalhadores da autarquia no \u00e2mbito do Jantar de Natal, realizado no passado dia 19 de dezembro.\" \/>\n<meta name=\"robots\" content=\"index, follow, max-snippet:-1, max-image-preview:large, max-video-preview:-1\" \/>\n<link rel=\"canonical\" href=\"https:\/\/www.altominho.tv\/site\/2026\/01\/21\/funcionarios-da-camara-de-moncao-entregam-donativo-solidario-a-associacao-dinamicamente\/\" \/>\n<meta property=\"og:locale\" content=\"pt_PT\" \/>\n<meta property=\"og:type\" content=\"article\" \/>\n<meta property=\"og:title\" content=\"Funcion\u00e1rios da C\u00e2mara de Mon\u00e7\u00e3o entregam donativo solid\u00e1rio \u00e0 associa\u00e7\u00e3o Dinamicamente\" \/>\n<meta property=\"og:description\" content=\"Os funcion\u00e1rios da C\u00e2mara Municipal de Mon\u00e7\u00e3o entregaram ontem um donativo no valor de mil euros \u00e0 associa\u00e7\u00e3o Dinamicamente. A verba resulta da contribui\u00e7\u00e3o dos trabalhadores da autarquia no \u00e2mbito do Jantar de Natal, realizado no passado dia 19 de dezembro.\" \/>\n<meta property=\"og:url\" content=\"https:\/\/www.altominho.tv\/site\/2026\/01\/21\/funcionarios-da-camara-de-moncao-entregam-donativo-solidario-a-associacao-dinamicamente\/\" \/>\n<meta property=\"og:site_name\" content=\"Altominho.tv\" \/>\n<meta property=\"article:publisher\" content=\"https:\/\/www.facebook.com\/altominhotv\" \/>\n<meta property=\"article:published_time\" content=\"2026-01-21T12:34:09+00:00\" \/>\n<meta property=\"article:modified_time\" content=\"2026-01-21T12:34:15+00:00\" \/>\n<meta property=\"og:image\" content=\"https:\/\/www.altominho.tv\/site\/wp-content\/uploads\/2026\/01\/cheque-moncao.png\" \/>\n\t<meta property=\"og:image:width\" content=\"1200\" \/>\n\t<meta property=\"og:image:height\" content=\"630\" \/>\n\t<meta property=\"og:image:type\" content=\"image\/png\" \/>\n<meta name=\"author\" content=\"Altominho.tv\" \/>\n<meta name=\"twitter:card\" content=\"summary_large_image\" \/>\n<meta name=\"twitter:creator\" content=\"@altominhoTV\" \/>\n<meta name=\"twitter:site\" content=\"@altominhoTV\" \/>\n<meta name=\"twitter:label1\" content=\"Escrito por\" \/>\n\t<meta name=\"twitter:data1\" content=\"Altominho.tv\" \/>\n\t<meta name=\"twitter:label2\" content=\"Tempo estimado de leitura\" \/>\n\t<meta name=\"twitter:data2\" content=\"2 minutos\" \/>\n<script type=\"application\/ld+json\" class=\"yoast-schema-graph\">{\"@context\":\"https:\\\/\\\/schema.org\",\"@graph\":[{\"@type\":\"Article\",\"@id\":\"https:\\\/\\\/www.altominho.tv\\\/site\\\/2026\\\/01\\\/21\\\/funcionarios-da-camara-de-moncao-entregam-donativo-solidario-a-associacao-dinamicamente\\\/#article\",\"isPartOf\":{\"@id\":\"https:\\\/\\\/www.altominho.tv\\\/site\\\/2026\\\/01\\\/21\\\/funcionarios-da-camara-de-moncao-entregam-donativo-solidario-a-associacao-dinamicamente\\\/\"},\"author\":{\"name\":\"Altominho.tv\",\"@id\":\"https:\\\/\\\/www.altominho.tv\\\/site\\\/#\\\/schema\\\/person\\\/4e536851627d7914baf3dac752b6af22\"},\"headline\":\"Funcion\u00e1rios da C\u00e2mara de Mon\u00e7\u00e3o entregam donativo solid\u00e1rio \u00e0 associa\u00e7\u00e3o Dinamicamente\",\"datePublished\":\"2026-01-21T12:34:09+00:00\",\"dateModified\":\"2026-01-21T12:34:15+00:00\",\"mainEntityOfPage\":{\"@id\":\"https:\\\/\\\/www.altominho.tv\\\/site\\\/2026\\\/01\\\/21\\\/funcionarios-da-camara-de-moncao-entregam-donativo-solidario-a-associacao-dinamicamente\\\/\"},\"wordCount\":197,\"image\":{\"@id\":\"https:\\\/\\\/www.altominho.tv\\\/site\\\/2026\\\/01\\\/21\\\/funcionarios-da-camara-de-moncao-entregam-donativo-solidario-a-associacao-dinamicamente\\\/#primaryimage\"},\"thumbnailUrl\":\"https:\\\/\\\/www.altominho.tv\\\/site\\\/wp-content\\\/uploads\\\/2026\\\/01\\\/cheque-moncao.png\",\"keywords\":[\"Sociedade\"],\"articleSection\":[\"Mon\u00e7\u00e3o\"],\"inLanguage\":\"pt-PT\",\"copyrightYear\":\"2026\",\"copyrightHolder\":{\"@id\":\"https:\\\/\\\/www.altominho.tv\\\/site\\\/#organization\"}},{\"@type\":\"WebPage\",\"@id\":\"https:\\\/\\\/www.altominho.tv\\\/site\\\/2026\\\/01\\\/21\\\/funcionarios-da-camara-de-moncao-entregam-donativo-solidario-a-associacao-dinamicamente\\\/\",\"url\":\"https:\\\/\\\/www.altominho.tv\\\/site\\\/2026\\\/01\\\/21\\\/funcionarios-da-camara-de-moncao-entregam-donativo-solidario-a-associacao-dinamicamente\\\/\",\"name\":\"Funcion\u00e1rios da C\u00e2mara de Mon\u00e7\u00e3o entregam donativo solid\u00e1rio \u00e0 associa\u00e7\u00e3o Dinamicamente\",\"isPartOf\":{\"@id\":\"https:\\\/\\\/www.altominho.tv\\\/site\\\/#website\"},\"primaryImageOfPage\":{\"@id\":\"https:\\\/\\\/www.altominho.tv\\\/site\\\/2026\\\/01\\\/21\\\/funcionarios-da-camara-de-moncao-entregam-donativo-solidario-a-associacao-dinamicamente\\\/#primaryimage\"},\"image\":{\"@id\":\"https:\\\/\\\/www.altominho.tv\\\/site\\\/2026\\\/01\\\/21\\\/funcionarios-da-camara-de-moncao-entregam-donativo-solidario-a-associacao-dinamicamente\\\/#primaryimage\"},\"thumbnailUrl\":\"https:\\\/\\\/www.altominho.tv\\\/site\\\/wp-content\\\/uploads\\\/2026\\\/01\\\/cheque-moncao.png\",\"datePublished\":\"2026-01-21T12:34:09+00:00\",\"dateModified\":\"2026-01-21T12:34:15+00:00\",\"author\":{\"@id\":\"https:\\\/\\\/www.altominho.tv\\\/site\\\/#\\\/schema\\\/person\\\/4e536851627d7914baf3dac752b6af22\"},\"description\":\"Os funcion\u00e1rios da C\u00e2mara Municipal de Mon\u00e7\u00e3o entregaram ontem um donativo no valor de mil euros \u00e0 associa\u00e7\u00e3o Dinamicamente. A verba resulta da contribui\u00e7\u00e3o dos trabalhadores da autarquia no \u00e2mbito do Jantar de Natal, realizado no passado dia 19 de dezembro.\",\"breadcrumb\":{\"@id\":\"https:\\\/\\\/www.altominho.tv\\\/site\\\/2026\\\/01\\\/21\\\/funcionarios-da-camara-de-moncao-entregam-donativo-solidario-a-associacao-dinamicamente\\\/#breadcrumb\"},\"inLanguage\":\"pt-PT\",\"potentialAction\":[{\"@type\":\"ReadAction\",\"target\":[\"https:\\\/\\\/www.altominho.tv\\\/site\\\/2026\\\/01\\\/21\\\/funcionarios-da-camara-de-moncao-entregam-donativo-solidario-a-associacao-dinamicamente\\\/\"]}]},{\"@type\":\"ImageObject\",\"inLanguage\":\"pt-PT\",\"@id\":\"https:\\\/\\\/www.altominho.tv\\\/site\\\/2026\\\/01\\\/21\\\/funcionarios-da-camara-de-moncao-entregam-donativo-solidario-a-associacao-dinamicamente\\\/#primaryimage\",\"url\":\"https:\\\/\\\/www.altominho.tv\\\/site\\\/wp-content\\\/uploads\\\/2026\\\/01\\\/cheque-moncao.png\",\"contentUrl\":\"https:\\\/\\\/www.altominho.tv\\\/site\\\/wp-content\\\/uploads\\\/2026\\\/01\\\/cheque-moncao.png\",\"width\":1200,\"height\":630},{\"@type\":\"BreadcrumbList\",\"@id\":\"https:\\\/\\\/www.altominho.tv\\\/site\\\/2026\\\/01\\\/21\\\/funcionarios-da-camara-de-moncao-entregam-donativo-solidario-a-associacao-dinamicamente\\\/#breadcrumb\",\"itemListElement\":[{\"@type\":\"ListItem\",\"position\":1,\"name\":\"In\u00edcio\",\"item\":\"https:\\\/\\\/www.altominho.tv\\\/site\\\/\"},{\"@type\":\"ListItem\",\"position\":2,\"name\":\"Funcion\u00e1rios da C\u00e2mara de Mon\u00e7\u00e3o entregam donativo solid\u00e1rio \u00e0 associa\u00e7\u00e3o Dinamicamente\"}]},{\"@type\":\"WebSite\",\"@id\":\"https:\\\/\\\/www.altominho.tv\\\/site\\\/#website\",\"url\":\"https:\\\/\\\/www.altominho.tv\\\/site\\\/\",\"name\":\"Altominho.tv\",\"description\":\"A sua regi\u00e3o \u00e0 dist\u00e2ncia de um clique...\",\"potentialAction\":[{\"@type\":\"SearchAction\",\"target\":{\"@type\":\"EntryPoint\",\"urlTemplate\":\"https:\\\/\\\/www.altominho.tv\\\/site\\\/?s={search_term_string}\"},\"query-input\":{\"@type\":\"PropertyValueSpecification\",\"valueRequired\":true,\"valueName\":\"search_term_string\"}}],\"inLanguage\":\"pt-PT\"},{\"@type\":\"Person\",\"@id\":\"https:\\\/\\\/www.altominho.tv\\\/site\\\/#\\\/schema\\\/person\\\/4e536851627d7914baf3dac752b6af22\",\"name\":\"Altominho.tv\",\"image\":{\"@type\":\"ImageObject\",\"inLanguage\":\"pt-PT\",\"@id\":\"https:\\\/\\\/www.altominho.tv\\\/site\\\/wp-content\\\/uploads\\\/2019\\\/11\\\/Logo_Avatar_2-150x150.jpg\",\"url\":\"https:\\\/\\\/www.altominho.tv\\\/site\\\/wp-content\\\/uploads\\\/2019\\\/11\\\/Logo_Avatar_2-150x150.jpg\",\"contentUrl\":\"https:\\\/\\\/www.altominho.tv\\\/site\\\/wp-content\\\/uploads\\\/2019\\\/11\\\/Logo_Avatar_2-150x150.jpg\",\"caption\":\"Altominho.tv\"},\"url\":\"https:\\\/\\\/www.altominho.tv\\\/site\\\/author\\\/altominhotv-tecnico\\\/\"}]}<\/script>\n<!-- \/ Yoast SEO Premium plugin. -->","yoast_head_json":{"title":"Funcion\u00e1rios da C\u00e2mara de Mon\u00e7\u00e3o entregam donativo solid\u00e1rio \u00e0 associa\u00e7\u00e3o Dinamicamente","description":"Os funcion\u00e1rios da C\u00e2mara Municipal de Mon\u00e7\u00e3o entregaram ontem um donativo no valor de mil euros \u00e0 associa\u00e7\u00e3o Dinamicamente. A verba resulta da contribui\u00e7\u00e3o dos trabalhadores da autarquia no \u00e2mbito do Jantar de Natal, realizado no passado dia 19 de dezembro.","robots":{"index":"index","follow":"follow","max-snippet":"max-snippet:-1","max-image-preview":"max-image-preview:large","max-video-preview":"max-video-preview:-1"},"canonical":"https:\/\/www.altominho.tv\/site\/2026\/01\/21\/funcionarios-da-camara-de-moncao-entregam-donativo-solidario-a-associacao-dinamicamente\/","og_locale":"pt_PT","og_type":"article","og_title":"Funcion\u00e1rios da C\u00e2mara de Mon\u00e7\u00e3o entregam donativo solid\u00e1rio \u00e0 associa\u00e7\u00e3o Dinamicamente","og_description":"Os funcion\u00e1rios da C\u00e2mara Municipal de Mon\u00e7\u00e3o entregaram ontem um donativo no valor de mil euros \u00e0 associa\u00e7\u00e3o Dinamicamente. A verba resulta da contribui\u00e7\u00e3o dos trabalhadores da autarquia no \u00e2mbito do Jantar de Natal, realizado no passado dia 19 de dezembro.","og_url":"https:\/\/www.altominho.tv\/site\/2026\/01\/21\/funcionarios-da-camara-de-moncao-entregam-donativo-solidario-a-associacao-dinamicamente\/","og_site_name":"Altominho.tv","article_publisher":"https:\/\/www.facebook.com\/altominhotv","article_published_time":"2026-01-21T12:34:09+00:00","article_modified_time":"2026-01-21T12:34:15+00:00","og_image":[{"width":1200,"height":630,"url":"https:\/\/www.altominho.tv\/site\/wp-content\/uploads\/2026\/01\/cheque-moncao.png","type":"image\/png"}],"author":"Altominho.tv","twitter_card":"summary_large_image","twitter_creator":"@altominhoTV","twitter_site":"@altominhoTV","twitter_misc":{"Escrito por":"Altominho.tv","Tempo estimado de leitura":"2 minutos"},"schema":{"@context":"https:\/\/schema.org","@graph":[{"@type":"Article","@id":"https:\/\/www.altominho.tv\/site\/2026\/01\/21\/funcionarios-da-camara-de-moncao-entregam-donativo-solidario-a-associacao-dinamicamente\/#article","isPartOf":{"@id":"https:\/\/www.altominho.tv\/site\/2026\/01\/21\/funcionarios-da-camara-de-moncao-entregam-donativo-solidario-a-associacao-dinamicamente\/"},"author":{"name":"Altominho.tv","@id":"https:\/\/www.altominho.tv\/site\/#\/schema\/person\/4e536851627d7914baf3dac752b6af22"},"headline":"Funcion\u00e1rios da C\u00e2mara de Mon\u00e7\u00e3o entregam donativo solid\u00e1rio \u00e0 associa\u00e7\u00e3o Dinamicamente","datePublished":"2026-01-21T12:34:09+00:00","dateModified":"2026-01-21T12:34:15+00:00","mainEntityOfPage":{"@id":"https:\/\/www.altominho.tv\/site\/2026\/01\/21\/funcionarios-da-camara-de-moncao-entregam-donativo-solidario-a-associacao-dinamicamente\/"},"wordCount":197,"image":{"@id":"https:\/\/www.altominho.tv\/site\/2026\/01\/21\/funcionarios-da-camara-de-moncao-entregam-donativo-solidario-a-associacao-dinamicamente\/#primaryimage"},"thumbnailUrl":"https:\/\/www.altominho.tv\/site\/wp-content\/uploads\/2026\/01\/cheque-moncao.png","keywords":["Sociedade"],"articleSection":["Mon\u00e7\u00e3o"],"inLanguage":"pt-PT","copyrightYear":"2026","copyrightHolder":{"@id":"https:\/\/www.altominho.tv\/site\/#organization"}},{"@type":"WebPage","@id":"https:\/\/www.altominho.tv\/site\/2026\/01\/21\/funcionarios-da-camara-de-moncao-entregam-donativo-solidario-a-associacao-dinamicamente\/","url":"https:\/\/www.altominho.tv\/site\/2026\/01\/21\/funcionarios-da-camara-de-moncao-entregam-donativo-solidario-a-associacao-dinamicamente\/","name":"Funcion\u00e1rios da C\u00e2mara de Mon\u00e7\u00e3o entregam donativo solid\u00e1rio \u00e0 associa\u00e7\u00e3o Dinamicamente","isPartOf":{"@id":"https:\/\/www.altominho.tv\/site\/#website"},"primaryImageOfPage":{"@id":"https:\/\/www.altominho.tv\/site\/2026\/01\/21\/funcionarios-da-camara-de-moncao-entregam-donativo-solidario-a-associacao-dinamicamente\/#primaryimage"},"image":{"@id":"https:\/\/www.altominho.tv\/site\/2026\/01\/21\/funcionarios-da-camara-de-moncao-entregam-donativo-solidario-a-associacao-dinamicamente\/#primaryimage"},"thumbnailUrl":"https:\/\/www.altominho.tv\/site\/wp-content\/uploads\/2026\/01\/cheque-moncao.png","datePublished":"2026-01-21T12:34:09+00:00","dateModified":"2026-01-21T12:34:15+00:00","author":{"@id":"https:\/\/www.altominho.tv\/site\/#\/schema\/person\/4e536851627d7914baf3dac752b6af22"},"description":"Os funcion\u00e1rios da C\u00e2mara Municipal de Mon\u00e7\u00e3o entregaram ontem um donativo no valor de mil euros \u00e0 associa\u00e7\u00e3o Dinamicamente. A verba resulta da contribui\u00e7\u00e3o dos trabalhadores da autarquia no \u00e2mbito do Jantar de Natal, realizado no passado dia 19 de dezembro.","breadcrumb":{"@id":"https:\/\/www.altominho.tv\/site\/2026\/01\/21\/funcionarios-da-camara-de-moncao-entregam-donativo-solidario-a-associacao-dinamicamente\/#breadcrumb"},"inLanguage":"pt-PT","potentialAction":[{"@type":"ReadAction","target":["https:\/\/www.altominho.tv\/site\/2026\/01\/21\/funcionarios-da-camara-de-moncao-entregam-donativo-solidario-a-associacao-dinamicamente\/"]}]},{"@type":"ImageObject","inLanguage":"pt-PT","@id":"https:\/\/www.altominho.tv\/site\/2026\/01\/21\/funcionarios-da-camara-de-moncao-entregam-donativo-solidario-a-associacao-dinamicamente\/#primaryimage","url":"https:\/\/www.altominho.tv\/site\/wp-content\/uploads\/2026\/01\/cheque-moncao.png","contentUrl":"https:\/\/www.altominho.tv\/site\/wp-content\/uploads\/2026\/01\/cheque-moncao.png","width":1200,"height":630},{"@type":"BreadcrumbList","@id":"https:\/\/www.altominho.tv\/site\/2026\/01\/21\/funcionarios-da-camara-de-moncao-entregam-donativo-solidario-a-associacao-dinamicamente\/#breadcrumb","itemListElement":[{"@type":"ListItem","position":1,"name":"In\u00edcio","item":"https:\/\/www.altominho.tv\/site\/"},{"@type":"ListItem","position":2,"name":"Funcion\u00e1rios da C\u00e2mara de Mon\u00e7\u00e3o entregam donativo solid\u00e1rio \u00e0 associa\u00e7\u00e3o Dinamicamente"}]},{"@type":"WebSite","@id":"https:\/\/www.altominho.tv\/site\/#website","url":"https:\/\/www.altominho.tv\/site\/","name":"Altominho.tv","description":"A sua regi\u00e3o \u00e0 dist\u00e2ncia de um clique...","potentialAction":[{"@type":"SearchAction","target":{"@type":"EntryPoint","urlTemplate":"https:\/\/www.altominho.tv\/site\/?s={search_term_string}"},"query-input":{"@type":"PropertyValueSpecification","valueRequired":true,"valueName":"search_term_string"}}],"inLanguage":"pt-PT"},{"@type":"Person","@id":"https:\/\/www.altominho.tv\/site\/#\/schema\/person\/4e536851627d7914baf3dac752b6af22","name":"Altominho.tv","image":{"@type":"ImageObject","inLanguage":"pt-PT","@id":"https:\/\/www.altominho.tv\/site\/wp-content\/uploads\/2019\/11\/Logo_Avatar_2-150x150.jpg","url":"https:\/\/www.altominho.tv\/site\/wp-content\/uploads\/2019\/11\/Logo_Avatar_2-150x150.jpg","contentUrl":"https:\/\/www.altominho.tv\/site\/wp-content\/uploads\/2019\/11\/Logo_Avatar_2-150x150.jpg","caption":"Altominho.tv"},"url":"https:\/\/www.altominho.tv\/site\/author\/altominhotv-tecnico\/"}]}},"_links":{"self":[{"href":"https:\/\/www.altominho.tv\/site\/wp-json\/wp\/v2\/posts\/127362","targetHints":{"allow":["GET"]}}],"collection":[{"href":"https:\/\/www.altominho.tv\/site\/wp-json\/wp\/v2\/posts"}],"about":[{"href":"https:\/\/www.altominho.tv\/site\/wp-json\/wp\/v2\/types\/post"}],"author":[{"embeddable":true,"href":"https:\/\/www.altominho.tv\/site\/wp-json\/wp\/v2\/users\/1"}],"replies":[{"embeddable":true,"href":"https:\/\/www.altominho.tv\/site\/wp-json\/wp\/v2\/comments?post=127362"}],"version-history":[{"count":1,"href":"https:\/\/www.altominho.tv\/site\/wp-json\/wp\/v2\/posts\/127362\/revisions"}],"predecessor-version":[{"id":127364,"href":"https:\/\/www.altominho.tv\/site\/wp-json\/wp\/v2\/posts\/127362\/revisions\/127364"}],"wp:featuredmedia":[{"embeddable":true,"href":"https:\/\/www.altominho.tv\/site\/wp-json\/wp\/v2\/media\/127363"}],"wp:attachment":[{"href":"https:\/\/www.altominho.tv\/site\/wp-json\/wp\/v2\/media?parent=127362"}],"wp:term":[{"taxonomy":"category","embeddable":true,"href":"https:\/\/www.altominho.tv\/site\/wp-json\/wp\/v2\/categories?post=127362"},{"taxonomy":"post_tag","embeddable":true,"href":"https:\/\/www.altominho.tv\/site\/wp-json\/wp\/v2\/tags?post=127362"}],"curies":[{"name":"wp","href":"https:\/\/api.w.org\/{rel}","templated":true}]}}