{"id":127292,"date":"2026-01-20T10:47:19","date_gmt":"2026-01-20T10:47:19","guid":{"rendered":"https:\/\/www.altominho.tv\/site\/?p=127292"},"modified":"2026-01-20T10:47:21","modified_gmt":"2026-01-20T10:47:21","slug":"alvarinho-deu-la-deu-premium-medalha-ouro-concurso-de-vinhos-credito-agricola","status":"publish","type":"post","link":"https:\/\/www.altominho.tv\/site\/2026\/01\/20\/alvarinho-deu-la-deu-premium-medalha-ouro-concurso-de-vinhos-credito-agricola\/","title":{"rendered":"Alvarinho Deu-La-Deu Premium distinguido com Medalha de Ouro no Concurso de Vinhos do Cr\u00e9dito Agr\u00edcola"},"content":{"rendered":"<p class=\"p1\">O Alvarinho Deu-La-Deu Premium, da Adega Cooperativa e Regional de Mon\u00e7\u00e3o, foi distinguido com a Medalha de Ouro na 12\u00aa edi\u00e7\u00e3o do Concurso de Vinhos do Cr\u00e9dito Agr\u00edcola, um dos mais relevantes concursos nacionais dedicados \u00e0 valoriza\u00e7\u00e3o dos vinhos portugueses.<\/p>\n<p class=\"p1\">Os vencedores do Concurso de Vinhos do Cr\u00e9dito Agr\u00edcola, uma iniciativa promovida em parceria com a Associa\u00e7\u00e3o dos Escan\u00e7\u00f5es de Portugal, foram anunciados numa cerim\u00f3nia decorreu no passado dia 9 de Janeiro, no SUD, em Lisboa. Consolidado como uma refer\u00eancia na valoriza\u00e7\u00e3o da vitivinicultura nacional, o Concurso contou com a participa\u00e7\u00e3o de 274 vinhos, entre brancos, tintos e espumantes, apresentados por 102 produtores nacionais, clientes e associados do Cr\u00e9dito Agr\u00edcola, representativos das diversas regi\u00f5es vitivin\u00edcolas do pa\u00eds<\/p>\n<p class=\"p1\">\u201cEste reconhecimento confirma a excel\u00eancia de um vinho que traduz a identidade \u00fanica de Mon\u00e7\u00e3o&amp;Melga\u00e7o e o saber fazer que nos distingue. \u00c9 tamb\u00e9m um reflexo do trabalho rigoroso, da dedica\u00e7\u00e3o e da paix\u00e3o de todos os nossos viticultores e colaboradores, que diariamente contribuem para elevar a qualidade da Adega de Mon\u00e7\u00e3o\u201d, revela a Adega Cooperativa e Regional de Mon\u00e7\u00e3o, destacando ainda que ir\u00e3o continuar \u201ccomprometidos com a produ\u00e7\u00e3o de vinhos de elevada qualidade, fi\u00e9is \u00e0 nossa origem e \u00e0 tradi\u00e7\u00e3o que nos define. Este pr\u00e9mio \u00e9 de todos os que acreditam na Adega de Mon\u00e7\u00e3o e no potencial dos grandes Alvarinhos da nossa sub-regi\u00e3o\u201d.<\/p>\n","protected":false},"excerpt":{"rendered":"<p>O Alvarinho Deu-La-Deu Premium, da Adega Cooperativa e Regional de Mon\u00e7\u00e3o, foi distinguido com a Medalha de Ouro na 12\u00aa edi\u00e7\u00e3o do Concurso de Vinhos do Cr\u00e9dito Agr\u00edcola, um dos mais relevantes concursos nacionais dedicados \u00e0 valoriza\u00e7\u00e3o dos vinhos portugueses. Os vencedores do Concurso de Vinhos do Cr\u00e9dito Agr\u00edcola, uma iniciativa promovida em parceria com [&hellip;]<\/p>\n","protected":false},"author":30,"featured_media":127294,"comment_status":"closed","ping_status":"closed","sticky":false,"template":"","format":"standard","meta":{"_exactmetrics_skip_tracking":false,"_exactmetrics_sitenote_active":false,"_exactmetrics_sitenote_note":"","_exactmetrics_sitenote_category":0,"footnotes":""},"categories":[9],"tags":[27],"class_list":["post-127292","post","type-post","status-publish","format-standard","has-post-thumbnail","hentry","category-moncao","tag-sociedade"],"yoast_head":"<!-- This site is optimized with the Yoast SEO Premium plugin v27.5 (Yoast SEO v27.5) - https:\/\/yoast.com\/product\/yoast-seo-premium-wordpress\/ -->\n<title>Alvarinho Deu-La-Deu Premium distinguido com Medalha de Ouro no Concurso de Vinhos do Cr\u00e9dito Agr\u00edcola<\/title>\n<meta name=\"description\" content=\"O Alvarinho Deu-La-Deu Premium, da Adega Cooperativa e Regional de Mon\u00e7\u00e3o, foi distinguido com a Medalha de Ouro na 12\u00aa edi\u00e7\u00e3o do Concurso de Vinhos do Cr\u00e9dito Agr\u00edcola, um dos mais relevantes concursos nacionais dedicados \u00e0 valoriza\u00e7\u00e3o dos vinhos portugueses.\" \/>\n<meta name=\"robots\" content=\"index, follow, max-snippet:-1, max-image-preview:large, max-video-preview:-1\" \/>\n<link rel=\"canonical\" href=\"https:\/\/www.altominho.tv\/site\/2026\/01\/20\/alvarinho-deu-la-deu-premium-medalha-ouro-concurso-de-vinhos-credito-agricola\/\" \/>\n<meta property=\"og:locale\" content=\"pt_PT\" \/>\n<meta property=\"og:type\" content=\"article\" \/>\n<meta property=\"og:title\" content=\"Alvarinho Deu-La-Deu Premium distinguido com Medalha de Ouro no Concurso de Vinhos do Cr\u00e9dito Agr\u00edcola\" \/>\n<meta property=\"og:description\" content=\"O Alvarinho Deu-La-Deu Premium, da Adega Cooperativa e Regional de Mon\u00e7\u00e3o, foi distinguido com a Medalha de Ouro na 12\u00aa edi\u00e7\u00e3o do Concurso de Vinhos do Cr\u00e9dito Agr\u00edcola, um dos mais relevantes concursos nacionais dedicados \u00e0 valoriza\u00e7\u00e3o dos vinhos portugueses.\" \/>\n<meta property=\"og:url\" content=\"https:\/\/www.altominho.tv\/site\/2026\/01\/20\/alvarinho-deu-la-deu-premium-medalha-ouro-concurso-de-vinhos-credito-agricola\/\" \/>\n<meta property=\"og:site_name\" content=\"Altominho.tv\" \/>\n<meta property=\"article:publisher\" content=\"https:\/\/www.facebook.com\/altominhotv\" \/>\n<meta property=\"article:published_time\" content=\"2026-01-20T10:47:19+00:00\" \/>\n<meta property=\"article:modified_time\" content=\"2026-01-20T10:47:21+00:00\" \/>\n<meta property=\"og:image\" content=\"https:\/\/www.altominho.tv\/site\/wp-content\/uploads\/2026\/01\/alavrinho-deu-la-deu.jpg\" \/>\n\t<meta property=\"og:image:width\" content=\"1200\" \/>\n\t<meta property=\"og:image:height\" content=\"630\" \/>\n\t<meta property=\"og:image:type\" content=\"image\/jpeg\" \/>\n<meta name=\"author\" content=\"Eduarda Cardoso\" \/>\n<meta name=\"twitter:card\" content=\"summary_large_image\" \/>\n<meta name=\"twitter:creator\" content=\"@altominhoTV\" \/>\n<meta name=\"twitter:site\" content=\"@altominhoTV\" \/>\n<meta name=\"twitter:label1\" content=\"Escrito por\" \/>\n\t<meta name=\"twitter:data1\" content=\"Eduarda Cardoso\" \/>\n\t<meta name=\"twitter:label2\" content=\"Tempo estimado de leitura\" \/>\n\t<meta name=\"twitter:data2\" content=\"2 minutos\" \/>\n<script type=\"application\/ld+json\" class=\"yoast-schema-graph\">{\"@context\":\"https:\\\/\\\/schema.org\",\"@graph\":[{\"@type\":\"Article\",\"@id\":\"https:\\\/\\\/www.altominho.tv\\\/site\\\/2026\\\/01\\\/20\\\/alvarinho-deu-la-deu-premium-medalha-ouro-concurso-de-vinhos-credito-agricola\\\/#article\",\"isPartOf\":{\"@id\":\"https:\\\/\\\/www.altominho.tv\\\/site\\\/2026\\\/01\\\/20\\\/alvarinho-deu-la-deu-premium-medalha-ouro-concurso-de-vinhos-credito-agricola\\\/\"},\"author\":{\"name\":\"Eduarda Cardoso\",\"@id\":\"https:\\\/\\\/www.altominho.tv\\\/site\\\/#\\\/schema\\\/person\\\/9e351387b727413d005ccf1152c93539\"},\"headline\":\"Alvarinho Deu-La-Deu Premium distinguido com Medalha de Ouro no Concurso de Vinhos do Cr\u00e9dito Agr\u00edcola\",\"datePublished\":\"2026-01-20T10:47:19+00:00\",\"dateModified\":\"2026-01-20T10:47:21+00:00\",\"mainEntityOfPage\":{\"@id\":\"https:\\\/\\\/www.altominho.tv\\\/site\\\/2026\\\/01\\\/20\\\/alvarinho-deu-la-deu-premium-medalha-ouro-concurso-de-vinhos-credito-agricola\\\/\"},\"wordCount\":265,\"image\":{\"@id\":\"https:\\\/\\\/www.altominho.tv\\\/site\\\/2026\\\/01\\\/20\\\/alvarinho-deu-la-deu-premium-medalha-ouro-concurso-de-vinhos-credito-agricola\\\/#primaryimage\"},\"thumbnailUrl\":\"https:\\\/\\\/www.altominho.tv\\\/site\\\/wp-content\\\/uploads\\\/2026\\\/01\\\/alavrinho-deu-la-deu.jpg\",\"keywords\":[\"Sociedade\"],\"articleSection\":[\"Mon\u00e7\u00e3o\"],\"inLanguage\":\"pt-PT\",\"copyrightYear\":\"2026\",\"copyrightHolder\":{\"@id\":\"https:\\\/\\\/www.altominho.tv\\\/site\\\/#organization\"}},{\"@type\":\"WebPage\",\"@id\":\"https:\\\/\\\/www.altominho.tv\\\/site\\\/2026\\\/01\\\/20\\\/alvarinho-deu-la-deu-premium-medalha-ouro-concurso-de-vinhos-credito-agricola\\\/\",\"url\":\"https:\\\/\\\/www.altominho.tv\\\/site\\\/2026\\\/01\\\/20\\\/alvarinho-deu-la-deu-premium-medalha-ouro-concurso-de-vinhos-credito-agricola\\\/\",\"name\":\"Alvarinho Deu-La-Deu Premium distinguido com Medalha de Ouro no Concurso de Vinhos do Cr\u00e9dito Agr\u00edcola\",\"isPartOf\":{\"@id\":\"https:\\\/\\\/www.altominho.tv\\\/site\\\/#website\"},\"primaryImageOfPage\":{\"@id\":\"https:\\\/\\\/www.altominho.tv\\\/site\\\/2026\\\/01\\\/20\\\/alvarinho-deu-la-deu-premium-medalha-ouro-concurso-de-vinhos-credito-agricola\\\/#primaryimage\"},\"image\":{\"@id\":\"https:\\\/\\\/www.altominho.tv\\\/site\\\/2026\\\/01\\\/20\\\/alvarinho-deu-la-deu-premium-medalha-ouro-concurso-de-vinhos-credito-agricola\\\/#primaryimage\"},\"thumbnailUrl\":\"https:\\\/\\\/www.altominho.tv\\\/site\\\/wp-content\\\/uploads\\\/2026\\\/01\\\/alavrinho-deu-la-deu.jpg\",\"datePublished\":\"2026-01-20T10:47:19+00:00\",\"dateModified\":\"2026-01-20T10:47:21+00:00\",\"author\":{\"@id\":\"https:\\\/\\\/www.altominho.tv\\\/site\\\/#\\\/schema\\\/person\\\/9e351387b727413d005ccf1152c93539\"},\"description\":\"O Alvarinho Deu-La-Deu Premium, da Adega Cooperativa e Regional de Mon\u00e7\u00e3o, foi distinguido com a Medalha de Ouro na 12\u00aa edi\u00e7\u00e3o do Concurso de Vinhos do Cr\u00e9dito Agr\u00edcola, um dos mais relevantes concursos nacionais dedicados \u00e0 valoriza\u00e7\u00e3o dos vinhos portugueses.\",\"breadcrumb\":{\"@id\":\"https:\\\/\\\/www.altominho.tv\\\/site\\\/2026\\\/01\\\/20\\\/alvarinho-deu-la-deu-premium-medalha-ouro-concurso-de-vinhos-credito-agricola\\\/#breadcrumb\"},\"inLanguage\":\"pt-PT\",\"potentialAction\":[{\"@type\":\"ReadAction\",\"target\":[\"https:\\\/\\\/www.altominho.tv\\\/site\\\/2026\\\/01\\\/20\\\/alvarinho-deu-la-deu-premium-medalha-ouro-concurso-de-vinhos-credito-agricola\\\/\"]}]},{\"@type\":\"ImageObject\",\"inLanguage\":\"pt-PT\",\"@id\":\"https:\\\/\\\/www.altominho.tv\\\/site\\\/2026\\\/01\\\/20\\\/alvarinho-deu-la-deu-premium-medalha-ouro-concurso-de-vinhos-credito-agricola\\\/#primaryimage\",\"url\":\"https:\\\/\\\/www.altominho.tv\\\/site\\\/wp-content\\\/uploads\\\/2026\\\/01\\\/alavrinho-deu-la-deu.jpg\",\"contentUrl\":\"https:\\\/\\\/www.altominho.tv\\\/site\\\/wp-content\\\/uploads\\\/2026\\\/01\\\/alavrinho-deu-la-deu.jpg\",\"width\":1200,\"height\":630},{\"@type\":\"BreadcrumbList\",\"@id\":\"https:\\\/\\\/www.altominho.tv\\\/site\\\/2026\\\/01\\\/20\\\/alvarinho-deu-la-deu-premium-medalha-ouro-concurso-de-vinhos-credito-agricola\\\/#breadcrumb\",\"itemListElement\":[{\"@type\":\"ListItem\",\"position\":1,\"name\":\"In\u00edcio\",\"item\":\"https:\\\/\\\/www.altominho.tv\\\/site\\\/\"},{\"@type\":\"ListItem\",\"position\":2,\"name\":\"Alvarinho Deu-La-Deu Premium distinguido com Medalha de Ouro no Concurso de Vinhos do Cr\u00e9dito Agr\u00edcola\"}]},{\"@type\":\"WebSite\",\"@id\":\"https:\\\/\\\/www.altominho.tv\\\/site\\\/#website\",\"url\":\"https:\\\/\\\/www.altominho.tv\\\/site\\\/\",\"name\":\"Altominho.tv\",\"description\":\"A sua regi\u00e3o \u00e0 dist\u00e2ncia de um clique...\",\"potentialAction\":[{\"@type\":\"SearchAction\",\"target\":{\"@type\":\"EntryPoint\",\"urlTemplate\":\"https:\\\/\\\/www.altominho.tv\\\/site\\\/?s={search_term_string}\"},\"query-input\":{\"@type\":\"PropertyValueSpecification\",\"valueRequired\":true,\"valueName\":\"search_term_string\"}}],\"inLanguage\":\"pt-PT\"},{\"@type\":\"Person\",\"@id\":\"https:\\\/\\\/www.altominho.tv\\\/site\\\/#\\\/schema\\\/person\\\/9e351387b727413d005ccf1152c93539\",\"name\":\"Eduarda Cardoso\",\"image\":{\"@type\":\"ImageObject\",\"inLanguage\":\"pt-PT\",\"@id\":\"https:\\\/\\\/www.altominho.tv\\\/site\\\/wp-content\\\/uploads\\\/2021\\\/01\\\/cropped-Logo-ATV_WEB-150x150.png\",\"url\":\"https:\\\/\\\/www.altominho.tv\\\/site\\\/wp-content\\\/uploads\\\/2021\\\/01\\\/cropped-Logo-ATV_WEB-150x150.png\",\"contentUrl\":\"https:\\\/\\\/www.altominho.tv\\\/site\\\/wp-content\\\/uploads\\\/2021\\\/01\\\/cropped-Logo-ATV_WEB-150x150.png\",\"caption\":\"Eduarda Cardoso\"},\"url\":\"https:\\\/\\\/www.altominho.tv\\\/site\\\/author\\\/eduarda-cardoso\\\/\"}]}<\/script>\n<!-- \/ Yoast SEO Premium plugin. -->","yoast_head_json":{"title":"Alvarinho Deu-La-Deu Premium distinguido com Medalha de Ouro no Concurso de Vinhos do Cr\u00e9dito Agr\u00edcola","description":"O Alvarinho Deu-La-Deu Premium, da Adega Cooperativa e Regional de Mon\u00e7\u00e3o, foi distinguido com a Medalha de Ouro na 12\u00aa edi\u00e7\u00e3o do Concurso de Vinhos do Cr\u00e9dito Agr\u00edcola, um dos mais relevantes concursos nacionais dedicados \u00e0 valoriza\u00e7\u00e3o dos vinhos portugueses.","robots":{"index":"index","follow":"follow","max-snippet":"max-snippet:-1","max-image-preview":"max-image-preview:large","max-video-preview":"max-video-preview:-1"},"canonical":"https:\/\/www.altominho.tv\/site\/2026\/01\/20\/alvarinho-deu-la-deu-premium-medalha-ouro-concurso-de-vinhos-credito-agricola\/","og_locale":"pt_PT","og_type":"article","og_title":"Alvarinho Deu-La-Deu Premium distinguido com Medalha de Ouro no Concurso de Vinhos do Cr\u00e9dito Agr\u00edcola","og_description":"O Alvarinho Deu-La-Deu Premium, da Adega Cooperativa e Regional de Mon\u00e7\u00e3o, foi distinguido com a Medalha de Ouro na 12\u00aa edi\u00e7\u00e3o do Concurso de Vinhos do Cr\u00e9dito Agr\u00edcola, um dos mais relevantes concursos nacionais dedicados \u00e0 valoriza\u00e7\u00e3o dos vinhos portugueses.","og_url":"https:\/\/www.altominho.tv\/site\/2026\/01\/20\/alvarinho-deu-la-deu-premium-medalha-ouro-concurso-de-vinhos-credito-agricola\/","og_site_name":"Altominho.tv","article_publisher":"https:\/\/www.facebook.com\/altominhotv","article_published_time":"2026-01-20T10:47:19+00:00","article_modified_time":"2026-01-20T10:47:21+00:00","og_image":[{"width":1200,"height":630,"url":"https:\/\/www.altominho.tv\/site\/wp-content\/uploads\/2026\/01\/alavrinho-deu-la-deu.jpg","type":"image\/jpeg"}],"author":"Eduarda Cardoso","twitter_card":"summary_large_image","twitter_creator":"@altominhoTV","twitter_site":"@altominhoTV","twitter_misc":{"Escrito por":"Eduarda Cardoso","Tempo estimado de leitura":"2 minutos"},"schema":{"@context":"https:\/\/schema.org","@graph":[{"@type":"Article","@id":"https:\/\/www.altominho.tv\/site\/2026\/01\/20\/alvarinho-deu-la-deu-premium-medalha-ouro-concurso-de-vinhos-credito-agricola\/#article","isPartOf":{"@id":"https:\/\/www.altominho.tv\/site\/2026\/01\/20\/alvarinho-deu-la-deu-premium-medalha-ouro-concurso-de-vinhos-credito-agricola\/"},"author":{"name":"Eduarda Cardoso","@id":"https:\/\/www.altominho.tv\/site\/#\/schema\/person\/9e351387b727413d005ccf1152c93539"},"headline":"Alvarinho Deu-La-Deu Premium distinguido com Medalha de Ouro no Concurso de Vinhos do Cr\u00e9dito Agr\u00edcola","datePublished":"2026-01-20T10:47:19+00:00","dateModified":"2026-01-20T10:47:21+00:00","mainEntityOfPage":{"@id":"https:\/\/www.altominho.tv\/site\/2026\/01\/20\/alvarinho-deu-la-deu-premium-medalha-ouro-concurso-de-vinhos-credito-agricola\/"},"wordCount":265,"image":{"@id":"https:\/\/www.altominho.tv\/site\/2026\/01\/20\/alvarinho-deu-la-deu-premium-medalha-ouro-concurso-de-vinhos-credito-agricola\/#primaryimage"},"thumbnailUrl":"https:\/\/www.altominho.tv\/site\/wp-content\/uploads\/2026\/01\/alavrinho-deu-la-deu.jpg","keywords":["Sociedade"],"articleSection":["Mon\u00e7\u00e3o"],"inLanguage":"pt-PT","copyrightYear":"2026","copyrightHolder":{"@id":"https:\/\/www.altominho.tv\/site\/#organization"}},{"@type":"WebPage","@id":"https:\/\/www.altominho.tv\/site\/2026\/01\/20\/alvarinho-deu-la-deu-premium-medalha-ouro-concurso-de-vinhos-credito-agricola\/","url":"https:\/\/www.altominho.tv\/site\/2026\/01\/20\/alvarinho-deu-la-deu-premium-medalha-ouro-concurso-de-vinhos-credito-agricola\/","name":"Alvarinho Deu-La-Deu Premium distinguido com Medalha de Ouro no Concurso de Vinhos do Cr\u00e9dito Agr\u00edcola","isPartOf":{"@id":"https:\/\/www.altominho.tv\/site\/#website"},"primaryImageOfPage":{"@id":"https:\/\/www.altominho.tv\/site\/2026\/01\/20\/alvarinho-deu-la-deu-premium-medalha-ouro-concurso-de-vinhos-credito-agricola\/#primaryimage"},"image":{"@id":"https:\/\/www.altominho.tv\/site\/2026\/01\/20\/alvarinho-deu-la-deu-premium-medalha-ouro-concurso-de-vinhos-credito-agricola\/#primaryimage"},"thumbnailUrl":"https:\/\/www.altominho.tv\/site\/wp-content\/uploads\/2026\/01\/alavrinho-deu-la-deu.jpg","datePublished":"2026-01-20T10:47:19+00:00","dateModified":"2026-01-20T10:47:21+00:00","author":{"@id":"https:\/\/www.altominho.tv\/site\/#\/schema\/person\/9e351387b727413d005ccf1152c93539"},"description":"O Alvarinho Deu-La-Deu Premium, da Adega Cooperativa e Regional de Mon\u00e7\u00e3o, foi distinguido com a Medalha de Ouro na 12\u00aa edi\u00e7\u00e3o do Concurso de Vinhos do Cr\u00e9dito Agr\u00edcola, um dos mais relevantes concursos nacionais dedicados \u00e0 valoriza\u00e7\u00e3o dos vinhos portugueses.","breadcrumb":{"@id":"https:\/\/www.altominho.tv\/site\/2026\/01\/20\/alvarinho-deu-la-deu-premium-medalha-ouro-concurso-de-vinhos-credito-agricola\/#breadcrumb"},"inLanguage":"pt-PT","potentialAction":[{"@type":"ReadAction","target":["https:\/\/www.altominho.tv\/site\/2026\/01\/20\/alvarinho-deu-la-deu-premium-medalha-ouro-concurso-de-vinhos-credito-agricola\/"]}]},{"@type":"ImageObject","inLanguage":"pt-PT","@id":"https:\/\/www.altominho.tv\/site\/2026\/01\/20\/alvarinho-deu-la-deu-premium-medalha-ouro-concurso-de-vinhos-credito-agricola\/#primaryimage","url":"https:\/\/www.altominho.tv\/site\/wp-content\/uploads\/2026\/01\/alavrinho-deu-la-deu.jpg","contentUrl":"https:\/\/www.altominho.tv\/site\/wp-content\/uploads\/2026\/01\/alavrinho-deu-la-deu.jpg","width":1200,"height":630},{"@type":"BreadcrumbList","@id":"https:\/\/www.altominho.tv\/site\/2026\/01\/20\/alvarinho-deu-la-deu-premium-medalha-ouro-concurso-de-vinhos-credito-agricola\/#breadcrumb","itemListElement":[{"@type":"ListItem","position":1,"name":"In\u00edcio","item":"https:\/\/www.altominho.tv\/site\/"},{"@type":"ListItem","position":2,"name":"Alvarinho Deu-La-Deu Premium distinguido com Medalha de Ouro no Concurso de Vinhos do Cr\u00e9dito Agr\u00edcola"}]},{"@type":"WebSite","@id":"https:\/\/www.altominho.tv\/site\/#website","url":"https:\/\/www.altominho.tv\/site\/","name":"Altominho.tv","description":"A sua regi\u00e3o \u00e0 dist\u00e2ncia de um clique...","potentialAction":[{"@type":"SearchAction","target":{"@type":"EntryPoint","urlTemplate":"https:\/\/www.altominho.tv\/site\/?s={search_term_string}"},"query-input":{"@type":"PropertyValueSpecification","valueRequired":true,"valueName":"search_term_string"}}],"inLanguage":"pt-PT"},{"@type":"Person","@id":"https:\/\/www.altominho.tv\/site\/#\/schema\/person\/9e351387b727413d005ccf1152c93539","name":"Eduarda Cardoso","image":{"@type":"ImageObject","inLanguage":"pt-PT","@id":"https:\/\/www.altominho.tv\/site\/wp-content\/uploads\/2021\/01\/cropped-Logo-ATV_WEB-150x150.png","url":"https:\/\/www.altominho.tv\/site\/wp-content\/uploads\/2021\/01\/cropped-Logo-ATV_WEB-150x150.png","contentUrl":"https:\/\/www.altominho.tv\/site\/wp-content\/uploads\/2021\/01\/cropped-Logo-ATV_WEB-150x150.png","caption":"Eduarda Cardoso"},"url":"https:\/\/www.altominho.tv\/site\/author\/eduarda-cardoso\/"}]}},"_links":{"self":[{"href":"https:\/\/www.altominho.tv\/site\/wp-json\/wp\/v2\/posts\/127292","targetHints":{"allow":["GET"]}}],"collection":[{"href":"https:\/\/www.altominho.tv\/site\/wp-json\/wp\/v2\/posts"}],"about":[{"href":"https:\/\/www.altominho.tv\/site\/wp-json\/wp\/v2\/types\/post"}],"author":[{"embeddable":true,"href":"https:\/\/www.altominho.tv\/site\/wp-json\/wp\/v2\/users\/30"}],"replies":[{"embeddable":true,"href":"https:\/\/www.altominho.tv\/site\/wp-json\/wp\/v2\/comments?post=127292"}],"version-history":[{"count":1,"href":"https:\/\/www.altominho.tv\/site\/wp-json\/wp\/v2\/posts\/127292\/revisions"}],"predecessor-version":[{"id":127296,"href":"https:\/\/www.altominho.tv\/site\/wp-json\/wp\/v2\/posts\/127292\/revisions\/127296"}],"wp:featuredmedia":[{"embeddable":true,"href":"https:\/\/www.altominho.tv\/site\/wp-json\/wp\/v2\/media\/127294"}],"wp:attachment":[{"href":"https:\/\/www.altominho.tv\/site\/wp-json\/wp\/v2\/media?parent=127292"}],"wp:term":[{"taxonomy":"category","embeddable":true,"href":"https:\/\/www.altominho.tv\/site\/wp-json\/wp\/v2\/categories?post=127292"},{"taxonomy":"post_tag","embeddable":true,"href":"https:\/\/www.altominho.tv\/site\/wp-json\/wp\/v2\/tags?post=127292"}],"curies":[{"name":"wp","href":"https:\/\/api.w.org\/{rel}","templated":true}]}}