{"id":127154,"date":"2026-01-17T18:17:38","date_gmt":"2026-01-17T18:17:38","guid":{"rendered":"https:\/\/www.altominho.tv\/site\/?p=127154"},"modified":"2026-01-17T18:17:40","modified_gmt":"2026-01-17T18:17:40","slug":"biblioteca-municipal-de-valenca-acolhe-oficina-com-pecas-lego","status":"publish","type":"post","link":"https:\/\/www.altominho.tv\/site\/2026\/01\/17\/biblioteca-municipal-de-valenca-acolhe-oficina-com-pecas-lego\/","title":{"rendered":"Biblioteca Municipal de Valen\u00e7a acolhe oficina com pe\u00e7as LEGO"},"content":{"rendered":"<p class=\"p1\">A Biblioteca Municipal de Valen\u00e7a recebe, nos dias 4 e 5 de fevereiro, a oficina \u201cBrincar \u00e9 Coisa S\u00e9ria! \u2013 Oficina para brincar, criar e transformar a partir das pe\u00e7as LEGO\u201d, uma iniciativa que prop\u00f5e explorar o potencial pedag\u00f3gico, criativo e expressivo dos brinquedos de constru\u00e7\u00e3o em diferentes contextos de aprendizagem.<\/p>\n<p class=\"p1\">Destinada a professores, educadores de inf\u00e2ncia, animadores socioculturais, mediadores, auxiliares de a\u00e7\u00e3o educativa, bem como a curiosos e outros interessados, esta oficina apresenta uma abordagem l\u00fadica e reflexiva que convida os participantes a (re)descobrir as pe\u00e7as LEGO como ferramentas eficazes de aprendizagem, cria\u00e7\u00e3o art\u00edstica e transforma\u00e7\u00e3o pessoal e coletiva.<\/p>\n<p class=\"p1\">Ao longo de seis horas de forma\u00e7\u00e3o, repartidas por dois dias, ser\u00e3o partilhadas experi\u00eancias pr\u00e1ticas e propostas de atividades que evidenciam como o brincar pode estimular compet\u00eancias essenciais como a comunica\u00e7\u00e3o, a colabora\u00e7\u00e3o, a imagina\u00e7\u00e3o, a inova\u00e7\u00e3o e a resolu\u00e7\u00e3o de problemas, promovendo simultaneamente o autoconhecimento, a autonomia e a autoconfian\u00e7a.<\/p>\n<p class=\"p1\">A oficina ser\u00e1 orientada por Lu\u00eds Baixinho e integra-se no Projeto Pedag\u00f3gico das Com\u00e9dias do Minho, refor\u00e7ando a import\u00e2ncia do aprender fazendo, num ambiente acess\u00edvel, inclusivo e emocionalmente envolvente.<\/p>\n<p class=\"p1\">A participa\u00e7\u00e3o \u00e9 gratuita, mediante inscri\u00e7\u00e3o <a href=\"https:\/\/docs.google.com\/forms\/d\/e\/1FAIpQLSc2srT02Rtuv7thZvAG61TLWcqXL-diLFnLgA4C7lmlIOrmDw\/viewform\">online<\/a>, estando o n\u00famero de participantes limitado a 20 pessoas.<\/p>\n","protected":false},"excerpt":{"rendered":"<p>A Biblioteca Municipal de Valen\u00e7a recebe, nos dias 4 e 5 de fevereiro, a oficina \u201cBrincar \u00e9 Coisa S\u00e9ria! \u2013 Oficina para brincar, criar e transformar a partir das pe\u00e7as LEGO\u201d, uma iniciativa que prop\u00f5e explorar o potencial pedag\u00f3gico, criativo e expressivo dos brinquedos de constru\u00e7\u00e3o em diferentes contextos de aprendizagem. Destinada a professores, educadores [&hellip;]<\/p>\n","protected":false},"author":30,"featured_media":127155,"comment_status":"closed","ping_status":"closed","sticky":false,"template":"","format":"standard","meta":{"_exactmetrics_skip_tracking":false,"_exactmetrics_sitenote_active":false,"_exactmetrics_sitenote_note":"","_exactmetrics_sitenote_category":0,"footnotes":""},"categories":[13],"tags":[24],"class_list":["post-127154","post","type-post","status-publish","format-standard","has-post-thumbnail","hentry","category-valenca","tag-lazer"],"yoast_head":"<!-- This site is optimized with the Yoast SEO Premium plugin v27.5 (Yoast SEO v27.5) - https:\/\/yoast.com\/product\/yoast-seo-premium-wordpress\/ -->\n<title>Biblioteca Municipal de Valen\u00e7a acolhe oficina com pe\u00e7as LEGO<\/title>\n<meta name=\"description\" content=\"A Biblioteca Municipal de Valen\u00e7a recebe, nos dias 4 e 5 de fevereiro, a oficina \u201cBrincar \u00e9 Coisa S\u00e9ria! \u2013 Oficina para brincar, criar e transformar a partir das pe\u00e7as LEGO\u201d, uma iniciativa que prop\u00f5e explorar o potencial pedag\u00f3gico, criativo e expressivo dos brinquedos de constru\u00e7\u00e3o em diferentes contextos de aprendizagem.\" \/>\n<meta name=\"robots\" content=\"index, follow, max-snippet:-1, max-image-preview:large, max-video-preview:-1\" \/>\n<link rel=\"canonical\" href=\"https:\/\/www.altominho.tv\/site\/2026\/01\/17\/biblioteca-municipal-de-valenca-acolhe-oficina-com-pecas-lego\/\" \/>\n<meta property=\"og:locale\" content=\"pt_PT\" \/>\n<meta property=\"og:type\" content=\"article\" \/>\n<meta property=\"og:title\" content=\"Biblioteca Municipal de Valen\u00e7a acolhe oficina com pe\u00e7as LEGO\" \/>\n<meta property=\"og:description\" content=\"A Biblioteca Municipal de Valen\u00e7a recebe, nos dias 4 e 5 de fevereiro, a oficina \u201cBrincar \u00e9 Coisa S\u00e9ria! \u2013 Oficina para brincar, criar e transformar a partir das pe\u00e7as LEGO\u201d, uma iniciativa que prop\u00f5e explorar o potencial pedag\u00f3gico, criativo e expressivo dos brinquedos de constru\u00e7\u00e3o em diferentes contextos de aprendizagem.\" \/>\n<meta property=\"og:url\" content=\"https:\/\/www.altominho.tv\/site\/2026\/01\/17\/biblioteca-municipal-de-valenca-acolhe-oficina-com-pecas-lego\/\" \/>\n<meta property=\"og:site_name\" content=\"Altominho.tv\" \/>\n<meta property=\"article:publisher\" content=\"https:\/\/www.facebook.com\/altominhotv\" \/>\n<meta property=\"article:published_time\" content=\"2026-01-17T18:17:38+00:00\" \/>\n<meta property=\"article:modified_time\" content=\"2026-01-17T18:17:40+00:00\" \/>\n<meta property=\"og:image\" content=\"https:\/\/www.altominho.tv\/site\/wp-content\/uploads\/2026\/01\/legos.jpg\" \/>\n\t<meta property=\"og:image:width\" content=\"1200\" \/>\n\t<meta property=\"og:image:height\" content=\"630\" \/>\n\t<meta property=\"og:image:type\" content=\"image\/jpeg\" \/>\n<meta name=\"author\" content=\"Eduarda Cardoso\" \/>\n<meta name=\"twitter:card\" content=\"summary_large_image\" \/>\n<meta name=\"twitter:creator\" content=\"@altominhoTV\" \/>\n<meta name=\"twitter:site\" content=\"@altominhoTV\" \/>\n<meta name=\"twitter:label1\" content=\"Escrito por\" \/>\n\t<meta name=\"twitter:data1\" content=\"Eduarda Cardoso\" \/>\n\t<meta name=\"twitter:label2\" content=\"Tempo estimado de leitura\" \/>\n\t<meta name=\"twitter:data2\" content=\"2 minutos\" \/>\n<script type=\"application\/ld+json\" class=\"yoast-schema-graph\">{\"@context\":\"https:\\\/\\\/schema.org\",\"@graph\":[{\"@type\":\"Article\",\"@id\":\"https:\\\/\\\/www.altominho.tv\\\/site\\\/2026\\\/01\\\/17\\\/biblioteca-municipal-de-valenca-acolhe-oficina-com-pecas-lego\\\/#article\",\"isPartOf\":{\"@id\":\"https:\\\/\\\/www.altominho.tv\\\/site\\\/2026\\\/01\\\/17\\\/biblioteca-municipal-de-valenca-acolhe-oficina-com-pecas-lego\\\/\"},\"author\":{\"name\":\"Eduarda Cardoso\",\"@id\":\"https:\\\/\\\/www.altominho.tv\\\/site\\\/#\\\/schema\\\/person\\\/9e351387b727413d005ccf1152c93539\"},\"headline\":\"Biblioteca Municipal de Valen\u00e7a acolhe oficina com pe\u00e7as LEGO\",\"datePublished\":\"2026-01-17T18:17:38+00:00\",\"dateModified\":\"2026-01-17T18:17:40+00:00\",\"mainEntityOfPage\":{\"@id\":\"https:\\\/\\\/www.altominho.tv\\\/site\\\/2026\\\/01\\\/17\\\/biblioteca-municipal-de-valenca-acolhe-oficina-com-pecas-lego\\\/\"},\"wordCount\":235,\"image\":{\"@id\":\"https:\\\/\\\/www.altominho.tv\\\/site\\\/2026\\\/01\\\/17\\\/biblioteca-municipal-de-valenca-acolhe-oficina-com-pecas-lego\\\/#primaryimage\"},\"thumbnailUrl\":\"https:\\\/\\\/www.altominho.tv\\\/site\\\/wp-content\\\/uploads\\\/2026\\\/01\\\/legos.jpg\",\"keywords\":[\"Lazer\"],\"articleSection\":[\"Valen\u00e7a\"],\"inLanguage\":\"pt-PT\",\"copyrightYear\":\"2026\",\"copyrightHolder\":{\"@id\":\"https:\\\/\\\/www.altominho.tv\\\/site\\\/#organization\"}},{\"@type\":\"WebPage\",\"@id\":\"https:\\\/\\\/www.altominho.tv\\\/site\\\/2026\\\/01\\\/17\\\/biblioteca-municipal-de-valenca-acolhe-oficina-com-pecas-lego\\\/\",\"url\":\"https:\\\/\\\/www.altominho.tv\\\/site\\\/2026\\\/01\\\/17\\\/biblioteca-municipal-de-valenca-acolhe-oficina-com-pecas-lego\\\/\",\"name\":\"Biblioteca Municipal de Valen\u00e7a acolhe oficina com pe\u00e7as LEGO\",\"isPartOf\":{\"@id\":\"https:\\\/\\\/www.altominho.tv\\\/site\\\/#website\"},\"primaryImageOfPage\":{\"@id\":\"https:\\\/\\\/www.altominho.tv\\\/site\\\/2026\\\/01\\\/17\\\/biblioteca-municipal-de-valenca-acolhe-oficina-com-pecas-lego\\\/#primaryimage\"},\"image\":{\"@id\":\"https:\\\/\\\/www.altominho.tv\\\/site\\\/2026\\\/01\\\/17\\\/biblioteca-municipal-de-valenca-acolhe-oficina-com-pecas-lego\\\/#primaryimage\"},\"thumbnailUrl\":\"https:\\\/\\\/www.altominho.tv\\\/site\\\/wp-content\\\/uploads\\\/2026\\\/01\\\/legos.jpg\",\"datePublished\":\"2026-01-17T18:17:38+00:00\",\"dateModified\":\"2026-01-17T18:17:40+00:00\",\"author\":{\"@id\":\"https:\\\/\\\/www.altominho.tv\\\/site\\\/#\\\/schema\\\/person\\\/9e351387b727413d005ccf1152c93539\"},\"description\":\"A Biblioteca Municipal de Valen\u00e7a recebe, nos dias 4 e 5 de fevereiro, a oficina \u201cBrincar \u00e9 Coisa S\u00e9ria! \u2013 Oficina para brincar, criar e transformar a partir das pe\u00e7as LEGO\u201d, uma iniciativa que prop\u00f5e explorar o potencial pedag\u00f3gico, criativo e expressivo dos brinquedos de constru\u00e7\u00e3o em diferentes contextos de aprendizagem.\",\"breadcrumb\":{\"@id\":\"https:\\\/\\\/www.altominho.tv\\\/site\\\/2026\\\/01\\\/17\\\/biblioteca-municipal-de-valenca-acolhe-oficina-com-pecas-lego\\\/#breadcrumb\"},\"inLanguage\":\"pt-PT\",\"potentialAction\":[{\"@type\":\"ReadAction\",\"target\":[\"https:\\\/\\\/www.altominho.tv\\\/site\\\/2026\\\/01\\\/17\\\/biblioteca-municipal-de-valenca-acolhe-oficina-com-pecas-lego\\\/\"]}]},{\"@type\":\"ImageObject\",\"inLanguage\":\"pt-PT\",\"@id\":\"https:\\\/\\\/www.altominho.tv\\\/site\\\/2026\\\/01\\\/17\\\/biblioteca-municipal-de-valenca-acolhe-oficina-com-pecas-lego\\\/#primaryimage\",\"url\":\"https:\\\/\\\/www.altominho.tv\\\/site\\\/wp-content\\\/uploads\\\/2026\\\/01\\\/legos.jpg\",\"contentUrl\":\"https:\\\/\\\/www.altominho.tv\\\/site\\\/wp-content\\\/uploads\\\/2026\\\/01\\\/legos.jpg\",\"width\":1200,\"height\":630},{\"@type\":\"BreadcrumbList\",\"@id\":\"https:\\\/\\\/www.altominho.tv\\\/site\\\/2026\\\/01\\\/17\\\/biblioteca-municipal-de-valenca-acolhe-oficina-com-pecas-lego\\\/#breadcrumb\",\"itemListElement\":[{\"@type\":\"ListItem\",\"position\":1,\"name\":\"In\u00edcio\",\"item\":\"https:\\\/\\\/www.altominho.tv\\\/site\\\/\"},{\"@type\":\"ListItem\",\"position\":2,\"name\":\"Biblioteca Municipal de Valen\u00e7a acolhe oficina com pe\u00e7as LEGO\"}]},{\"@type\":\"WebSite\",\"@id\":\"https:\\\/\\\/www.altominho.tv\\\/site\\\/#website\",\"url\":\"https:\\\/\\\/www.altominho.tv\\\/site\\\/\",\"name\":\"Altominho.tv\",\"description\":\"A sua regi\u00e3o \u00e0 dist\u00e2ncia de um clique...\",\"potentialAction\":[{\"@type\":\"SearchAction\",\"target\":{\"@type\":\"EntryPoint\",\"urlTemplate\":\"https:\\\/\\\/www.altominho.tv\\\/site\\\/?s={search_term_string}\"},\"query-input\":{\"@type\":\"PropertyValueSpecification\",\"valueRequired\":true,\"valueName\":\"search_term_string\"}}],\"inLanguage\":\"pt-PT\"},{\"@type\":\"Person\",\"@id\":\"https:\\\/\\\/www.altominho.tv\\\/site\\\/#\\\/schema\\\/person\\\/9e351387b727413d005ccf1152c93539\",\"name\":\"Eduarda Cardoso\",\"image\":{\"@type\":\"ImageObject\",\"inLanguage\":\"pt-PT\",\"@id\":\"https:\\\/\\\/www.altominho.tv\\\/site\\\/wp-content\\\/uploads\\\/2021\\\/01\\\/cropped-Logo-ATV_WEB-150x150.png\",\"url\":\"https:\\\/\\\/www.altominho.tv\\\/site\\\/wp-content\\\/uploads\\\/2021\\\/01\\\/cropped-Logo-ATV_WEB-150x150.png\",\"contentUrl\":\"https:\\\/\\\/www.altominho.tv\\\/site\\\/wp-content\\\/uploads\\\/2021\\\/01\\\/cropped-Logo-ATV_WEB-150x150.png\",\"caption\":\"Eduarda Cardoso\"},\"url\":\"https:\\\/\\\/www.altominho.tv\\\/site\\\/author\\\/eduarda-cardoso\\\/\"}]}<\/script>\n<!-- \/ Yoast SEO Premium plugin. -->","yoast_head_json":{"title":"Biblioteca Municipal de Valen\u00e7a acolhe oficina com pe\u00e7as LEGO","description":"A Biblioteca Municipal de Valen\u00e7a recebe, nos dias 4 e 5 de fevereiro, a oficina \u201cBrincar \u00e9 Coisa S\u00e9ria! \u2013 Oficina para brincar, criar e transformar a partir das pe\u00e7as LEGO\u201d, uma iniciativa que prop\u00f5e explorar o potencial pedag\u00f3gico, criativo e expressivo dos brinquedos de constru\u00e7\u00e3o em diferentes contextos de aprendizagem.","robots":{"index":"index","follow":"follow","max-snippet":"max-snippet:-1","max-image-preview":"max-image-preview:large","max-video-preview":"max-video-preview:-1"},"canonical":"https:\/\/www.altominho.tv\/site\/2026\/01\/17\/biblioteca-municipal-de-valenca-acolhe-oficina-com-pecas-lego\/","og_locale":"pt_PT","og_type":"article","og_title":"Biblioteca Municipal de Valen\u00e7a acolhe oficina com pe\u00e7as LEGO","og_description":"A Biblioteca Municipal de Valen\u00e7a recebe, nos dias 4 e 5 de fevereiro, a oficina \u201cBrincar \u00e9 Coisa S\u00e9ria! \u2013 Oficina para brincar, criar e transformar a partir das pe\u00e7as LEGO\u201d, uma iniciativa que prop\u00f5e explorar o potencial pedag\u00f3gico, criativo e expressivo dos brinquedos de constru\u00e7\u00e3o em diferentes contextos de aprendizagem.","og_url":"https:\/\/www.altominho.tv\/site\/2026\/01\/17\/biblioteca-municipal-de-valenca-acolhe-oficina-com-pecas-lego\/","og_site_name":"Altominho.tv","article_publisher":"https:\/\/www.facebook.com\/altominhotv","article_published_time":"2026-01-17T18:17:38+00:00","article_modified_time":"2026-01-17T18:17:40+00:00","og_image":[{"width":1200,"height":630,"url":"https:\/\/www.altominho.tv\/site\/wp-content\/uploads\/2026\/01\/legos.jpg","type":"image\/jpeg"}],"author":"Eduarda Cardoso","twitter_card":"summary_large_image","twitter_creator":"@altominhoTV","twitter_site":"@altominhoTV","twitter_misc":{"Escrito por":"Eduarda Cardoso","Tempo estimado de leitura":"2 minutos"},"schema":{"@context":"https:\/\/schema.org","@graph":[{"@type":"Article","@id":"https:\/\/www.altominho.tv\/site\/2026\/01\/17\/biblioteca-municipal-de-valenca-acolhe-oficina-com-pecas-lego\/#article","isPartOf":{"@id":"https:\/\/www.altominho.tv\/site\/2026\/01\/17\/biblioteca-municipal-de-valenca-acolhe-oficina-com-pecas-lego\/"},"author":{"name":"Eduarda Cardoso","@id":"https:\/\/www.altominho.tv\/site\/#\/schema\/person\/9e351387b727413d005ccf1152c93539"},"headline":"Biblioteca Municipal de Valen\u00e7a acolhe oficina com pe\u00e7as LEGO","datePublished":"2026-01-17T18:17:38+00:00","dateModified":"2026-01-17T18:17:40+00:00","mainEntityOfPage":{"@id":"https:\/\/www.altominho.tv\/site\/2026\/01\/17\/biblioteca-municipal-de-valenca-acolhe-oficina-com-pecas-lego\/"},"wordCount":235,"image":{"@id":"https:\/\/www.altominho.tv\/site\/2026\/01\/17\/biblioteca-municipal-de-valenca-acolhe-oficina-com-pecas-lego\/#primaryimage"},"thumbnailUrl":"https:\/\/www.altominho.tv\/site\/wp-content\/uploads\/2026\/01\/legos.jpg","keywords":["Lazer"],"articleSection":["Valen\u00e7a"],"inLanguage":"pt-PT","copyrightYear":"2026","copyrightHolder":{"@id":"https:\/\/www.altominho.tv\/site\/#organization"}},{"@type":"WebPage","@id":"https:\/\/www.altominho.tv\/site\/2026\/01\/17\/biblioteca-municipal-de-valenca-acolhe-oficina-com-pecas-lego\/","url":"https:\/\/www.altominho.tv\/site\/2026\/01\/17\/biblioteca-municipal-de-valenca-acolhe-oficina-com-pecas-lego\/","name":"Biblioteca Municipal de Valen\u00e7a acolhe oficina com pe\u00e7as LEGO","isPartOf":{"@id":"https:\/\/www.altominho.tv\/site\/#website"},"primaryImageOfPage":{"@id":"https:\/\/www.altominho.tv\/site\/2026\/01\/17\/biblioteca-municipal-de-valenca-acolhe-oficina-com-pecas-lego\/#primaryimage"},"image":{"@id":"https:\/\/www.altominho.tv\/site\/2026\/01\/17\/biblioteca-municipal-de-valenca-acolhe-oficina-com-pecas-lego\/#primaryimage"},"thumbnailUrl":"https:\/\/www.altominho.tv\/site\/wp-content\/uploads\/2026\/01\/legos.jpg","datePublished":"2026-01-17T18:17:38+00:00","dateModified":"2026-01-17T18:17:40+00:00","author":{"@id":"https:\/\/www.altominho.tv\/site\/#\/schema\/person\/9e351387b727413d005ccf1152c93539"},"description":"A Biblioteca Municipal de Valen\u00e7a recebe, nos dias 4 e 5 de fevereiro, a oficina \u201cBrincar \u00e9 Coisa S\u00e9ria! \u2013 Oficina para brincar, criar e transformar a partir das pe\u00e7as LEGO\u201d, uma iniciativa que prop\u00f5e explorar o potencial pedag\u00f3gico, criativo e expressivo dos brinquedos de constru\u00e7\u00e3o em diferentes contextos de aprendizagem.","breadcrumb":{"@id":"https:\/\/www.altominho.tv\/site\/2026\/01\/17\/biblioteca-municipal-de-valenca-acolhe-oficina-com-pecas-lego\/#breadcrumb"},"inLanguage":"pt-PT","potentialAction":[{"@type":"ReadAction","target":["https:\/\/www.altominho.tv\/site\/2026\/01\/17\/biblioteca-municipal-de-valenca-acolhe-oficina-com-pecas-lego\/"]}]},{"@type":"ImageObject","inLanguage":"pt-PT","@id":"https:\/\/www.altominho.tv\/site\/2026\/01\/17\/biblioteca-municipal-de-valenca-acolhe-oficina-com-pecas-lego\/#primaryimage","url":"https:\/\/www.altominho.tv\/site\/wp-content\/uploads\/2026\/01\/legos.jpg","contentUrl":"https:\/\/www.altominho.tv\/site\/wp-content\/uploads\/2026\/01\/legos.jpg","width":1200,"height":630},{"@type":"BreadcrumbList","@id":"https:\/\/www.altominho.tv\/site\/2026\/01\/17\/biblioteca-municipal-de-valenca-acolhe-oficina-com-pecas-lego\/#breadcrumb","itemListElement":[{"@type":"ListItem","position":1,"name":"In\u00edcio","item":"https:\/\/www.altominho.tv\/site\/"},{"@type":"ListItem","position":2,"name":"Biblioteca Municipal de Valen\u00e7a acolhe oficina com pe\u00e7as LEGO"}]},{"@type":"WebSite","@id":"https:\/\/www.altominho.tv\/site\/#website","url":"https:\/\/www.altominho.tv\/site\/","name":"Altominho.tv","description":"A sua regi\u00e3o \u00e0 dist\u00e2ncia de um clique...","potentialAction":[{"@type":"SearchAction","target":{"@type":"EntryPoint","urlTemplate":"https:\/\/www.altominho.tv\/site\/?s={search_term_string}"},"query-input":{"@type":"PropertyValueSpecification","valueRequired":true,"valueName":"search_term_string"}}],"inLanguage":"pt-PT"},{"@type":"Person","@id":"https:\/\/www.altominho.tv\/site\/#\/schema\/person\/9e351387b727413d005ccf1152c93539","name":"Eduarda Cardoso","image":{"@type":"ImageObject","inLanguage":"pt-PT","@id":"https:\/\/www.altominho.tv\/site\/wp-content\/uploads\/2021\/01\/cropped-Logo-ATV_WEB-150x150.png","url":"https:\/\/www.altominho.tv\/site\/wp-content\/uploads\/2021\/01\/cropped-Logo-ATV_WEB-150x150.png","contentUrl":"https:\/\/www.altominho.tv\/site\/wp-content\/uploads\/2021\/01\/cropped-Logo-ATV_WEB-150x150.png","caption":"Eduarda Cardoso"},"url":"https:\/\/www.altominho.tv\/site\/author\/eduarda-cardoso\/"}]}},"_links":{"self":[{"href":"https:\/\/www.altominho.tv\/site\/wp-json\/wp\/v2\/posts\/127154","targetHints":{"allow":["GET"]}}],"collection":[{"href":"https:\/\/www.altominho.tv\/site\/wp-json\/wp\/v2\/posts"}],"about":[{"href":"https:\/\/www.altominho.tv\/site\/wp-json\/wp\/v2\/types\/post"}],"author":[{"embeddable":true,"href":"https:\/\/www.altominho.tv\/site\/wp-json\/wp\/v2\/users\/30"}],"replies":[{"embeddable":true,"href":"https:\/\/www.altominho.tv\/site\/wp-json\/wp\/v2\/comments?post=127154"}],"version-history":[{"count":2,"href":"https:\/\/www.altominho.tv\/site\/wp-json\/wp\/v2\/posts\/127154\/revisions"}],"predecessor-version":[{"id":127157,"href":"https:\/\/www.altominho.tv\/site\/wp-json\/wp\/v2\/posts\/127154\/revisions\/127157"}],"wp:featuredmedia":[{"embeddable":true,"href":"https:\/\/www.altominho.tv\/site\/wp-json\/wp\/v2\/media\/127155"}],"wp:attachment":[{"href":"https:\/\/www.altominho.tv\/site\/wp-json\/wp\/v2\/media?parent=127154"}],"wp:term":[{"taxonomy":"category","embeddable":true,"href":"https:\/\/www.altominho.tv\/site\/wp-json\/wp\/v2\/categories?post=127154"},{"taxonomy":"post_tag","embeddable":true,"href":"https:\/\/www.altominho.tv\/site\/wp-json\/wp\/v2\/tags?post=127154"}],"curies":[{"name":"wp","href":"https:\/\/api.w.org\/{rel}","templated":true}]}}