{"id":127123,"date":"2026-01-17T16:06:27","date_gmt":"2026-01-17T16:06:27","guid":{"rendered":"https:\/\/www.altominho.tv\/site\/?p=127123"},"modified":"2026-01-17T16:07:37","modified_gmt":"2026-01-17T16:07:37","slug":"posto-de-assistencia-social-de-alvaraes-dispoe-de-uma-nova-carrinha-adaptada","status":"publish","type":"post","link":"https:\/\/www.altominho.tv\/site\/2026\/01\/17\/posto-de-assistencia-social-de-alvaraes-dispoe-de-uma-nova-carrinha-adaptada\/","title":{"rendered":"Posto de Assist\u00eancia Social de Alvar\u00e3es disp\u00f5e de uma nova carrinha adaptada"},"content":{"rendered":"<p class=\"p1\">O Posto de Assist\u00eancia Social de Alvar\u00e3es, em Viana do Castelo, disp\u00f5e de uma nova viatura el\u00e9trica, adaptada ao transporte de pessoas com mobilidade condicionada, atrav\u00e9s de um investimento apoiado<span class=\"Apple-converted-space\">\u00a0 <\/span>pelo PRR (Plano de Recupera\u00e7\u00e3o e Resili\u00eancia) e pelos Fundos Europeus NextGeneration EU e, ainda, pela C\u00e2mara Municipal de Viana do Castelo.<\/p>\n<p class=\"p1\">A carrinha representa um investimento de 57 mil euros, apoiado pelo munic\u00edpio em dez mil euros, e permite o transporte seguro e digno dos utentes desta IPSS, muitos dos quais apresentam mobilidade reduzida ou necessidades espec\u00edficas de desloca\u00e7\u00e3o.<\/p>\n<p class=\"p1\">\u201cEste investimento ir\u00e1 melhorar as condi\u00e7\u00f5es de funcionamento da ERPI &#8211; Lar S. Jos\u00e9 &#8211; Alvar\u00e3es<span class=\"Apple-converted-space\">\u00a0 <\/span>e do Centro de Dia, favorecendo todas as atividades de<span class=\"Apple-converted-space\">\u00a0 <\/span>transporte realizadas no \u00e2mbito daquelas respostas sociais\u201d, revela a institui\u00e7\u00e3o.<\/p>\n<p class=\"p1\">A autarquia de Viana do Castelo destaca ainda que este apoio \u201cevidencia a import\u00e2ncia de dotar estas institui\u00e7\u00f5es dos meios adequados para cumprirem cabalmente a sua miss\u00e3o e assenta na coopera\u00e7\u00e3o institucional e no trabalho em rede, pilares fundamentais da Rede Social de Viana do Castelo\u201d.<\/p>\n","protected":false},"excerpt":{"rendered":"<p>O Posto de Assist\u00eancia Social de Alvar\u00e3es, em Viana do Castelo, disp\u00f5e de uma nova viatura el\u00e9trica, adaptada ao transporte de pessoas com mobilidade condicionada, atrav\u00e9s de um investimento apoiado\u00a0 pelo PRR (Plano de Recupera\u00e7\u00e3o e Resili\u00eancia) e pelos Fundos Europeus NextGeneration EU e, ainda, pela C\u00e2mara Municipal de Viana do Castelo. A carrinha representa [&hellip;]<\/p>\n","protected":false},"author":30,"featured_media":127149,"comment_status":"closed","ping_status":"closed","sticky":false,"template":"","format":"standard","meta":{"_exactmetrics_skip_tracking":false,"footnotes":""},"categories":[14],"tags":[27],"class_list":["post-127123","post","type-post","status-publish","format-standard","has-post-thumbnail","hentry","category-viana-do-castelo","tag-sociedade"],"yoast_head":"<!-- This site is optimized with the Yoast SEO Premium plugin v28.3 (Yoast SEO v28.3) - https:\/\/yoast.com\/product\/yoast-seo-premium-wordpress\/ -->\n<title>Posto de Assist\u00eancia Social de Alvar\u00e3es disp\u00f5e de uma nova carrinha adaptada<\/title>\n<meta name=\"description\" content=\"O Posto de Assist\u00eancia Social de Alvar\u00e3es, em Viana do Castelo, disp\u00f5e de uma nova viatura el\u00e9trica, adaptada ao transporte de pessoas com mobilidade condicionada, atrav\u00e9s de um investimento apoiado\u00a0 pelo PRR (Plano de Recupera\u00e7\u00e3o e Resili\u00eancia) e pelos Fundos Europeus NextGeneration EU e, ainda, pela C\u00e2mara Municipal de Viana do Castelo.\" \/>\n<meta name=\"robots\" content=\"index, follow, max-snippet:-1, max-image-preview:large, max-video-preview:-1\" \/>\n<link rel=\"canonical\" href=\"https:\/\/www.altominho.tv\/site\/2026\/01\/17\/posto-de-assistencia-social-de-alvaraes-dispoe-de-uma-nova-carrinha-adaptada\/\" \/>\n<meta property=\"og:locale\" content=\"pt_PT\" \/>\n<meta property=\"og:type\" content=\"article\" \/>\n<meta property=\"og:title\" content=\"Posto de Assist\u00eancia Social de Alvar\u00e3es disp\u00f5e de uma nova carrinha adaptada\" \/>\n<meta property=\"og:description\" content=\"O Posto de Assist\u00eancia Social de Alvar\u00e3es, em Viana do Castelo, disp\u00f5e de uma nova viatura el\u00e9trica, adaptada ao transporte de pessoas com mobilidade condicionada, atrav\u00e9s de um investimento apoiado\u00a0 pelo PRR (Plano de Recupera\u00e7\u00e3o e Resili\u00eancia) e pelos Fundos Europeus NextGeneration EU e, ainda, pela C\u00e2mara Municipal de Viana do Castelo.\" \/>\n<meta property=\"og:url\" content=\"https:\/\/www.altominho.tv\/site\/2026\/01\/17\/posto-de-assistencia-social-de-alvaraes-dispoe-de-uma-nova-carrinha-adaptada\/\" \/>\n<meta property=\"og:site_name\" content=\"Altominho.tv\" \/>\n<meta property=\"article:publisher\" content=\"https:\/\/www.facebook.com\/altominhotv\" \/>\n<meta property=\"article:published_time\" content=\"2026-01-17T16:06:27+00:00\" \/>\n<meta property=\"article:modified_time\" content=\"2026-01-17T16:07:37+00:00\" \/>\n<meta property=\"og:image\" content=\"https:\/\/www.altominho.tv\/site\/wp-content\/uploads\/2026\/01\/Design-sem-nome-2026-01-17T160535.438.jpg\" \/>\n\t<meta property=\"og:image:width\" content=\"1200\" \/>\n\t<meta property=\"og:image:height\" content=\"630\" \/>\n\t<meta property=\"og:image:type\" content=\"image\/jpeg\" \/>\n<meta name=\"author\" content=\"Eduarda Cardoso\" \/>\n<meta name=\"twitter:card\" content=\"summary_large_image\" \/>\n<meta name=\"twitter:creator\" content=\"@altominhoTV\" \/>\n<meta name=\"twitter:site\" content=\"@altominhoTV\" \/>\n<meta name=\"twitter:label1\" content=\"Escrito por\" \/>\n\t<meta name=\"twitter:data1\" content=\"Eduarda Cardoso\" \/>\n\t<meta name=\"twitter:label2\" content=\"Tempo estimado de leitura\" \/>\n\t<meta name=\"twitter:data2\" content=\"2 minutos\" \/>\n<script type=\"application\/ld+json\" class=\"yoast-schema-graph\">{\"@context\":\"https:\\\/\\\/schema.org\",\"@graph\":[{\"@type\":\"Article\",\"@id\":\"https:\\\/\\\/www.altominho.tv\\\/site\\\/2026\\\/01\\\/17\\\/posto-de-assistencia-social-de-alvaraes-dispoe-de-uma-nova-carrinha-adaptada\\\/#article\",\"isPartOf\":{\"@id\":\"https:\\\/\\\/www.altominho.tv\\\/site\\\/2026\\\/01\\\/17\\\/posto-de-assistencia-social-de-alvaraes-dispoe-de-uma-nova-carrinha-adaptada\\\/\"},\"author\":{\"name\":\"Eduarda Cardoso\",\"@id\":\"https:\\\/\\\/www.altominho.tv\\\/site\\\/#\\\/schema\\\/person\\\/9e351387b727413d005ccf1152c93539\"},\"headline\":\"Posto de Assist\u00eancia Social de Alvar\u00e3es disp\u00f5e de uma nova carrinha adaptada\",\"datePublished\":\"2026-01-17T16:06:27+00:00\",\"dateModified\":\"2026-01-17T16:07:37+00:00\",\"mainEntityOfPage\":{\"@id\":\"https:\\\/\\\/www.altominho.tv\\\/site\\\/2026\\\/01\\\/17\\\/posto-de-assistencia-social-de-alvaraes-dispoe-de-uma-nova-carrinha-adaptada\\\/\"},\"wordCount\":204,\"image\":{\"@id\":\"https:\\\/\\\/www.altominho.tv\\\/site\\\/2026\\\/01\\\/17\\\/posto-de-assistencia-social-de-alvaraes-dispoe-de-uma-nova-carrinha-adaptada\\\/#primaryimage\"},\"thumbnailUrl\":\"https:\\\/\\\/www.altominho.tv\\\/site\\\/wp-content\\\/uploads\\\/2026\\\/01\\\/Design-sem-nome-2026-01-17T160535.438.jpg\",\"keywords\":[\"Sociedade\"],\"articleSection\":[\"Viana do Castelo\"],\"inLanguage\":\"pt-PT\",\"copyrightYear\":\"2026\",\"copyrightHolder\":{\"@id\":\"https:\\\/\\\/www.altominho.tv\\\/site\\\/#organization\"}},{\"@type\":\"WebPage\",\"@id\":\"https:\\\/\\\/www.altominho.tv\\\/site\\\/2026\\\/01\\\/17\\\/posto-de-assistencia-social-de-alvaraes-dispoe-de-uma-nova-carrinha-adaptada\\\/\",\"url\":\"https:\\\/\\\/www.altominho.tv\\\/site\\\/2026\\\/01\\\/17\\\/posto-de-assistencia-social-de-alvaraes-dispoe-de-uma-nova-carrinha-adaptada\\\/\",\"name\":\"Posto de Assist\u00eancia Social de Alvar\u00e3es disp\u00f5e de uma nova carrinha adaptada\",\"isPartOf\":{\"@id\":\"https:\\\/\\\/www.altominho.tv\\\/site\\\/#website\"},\"primaryImageOfPage\":{\"@id\":\"https:\\\/\\\/www.altominho.tv\\\/site\\\/2026\\\/01\\\/17\\\/posto-de-assistencia-social-de-alvaraes-dispoe-de-uma-nova-carrinha-adaptada\\\/#primaryimage\"},\"image\":{\"@id\":\"https:\\\/\\\/www.altominho.tv\\\/site\\\/2026\\\/01\\\/17\\\/posto-de-assistencia-social-de-alvaraes-dispoe-de-uma-nova-carrinha-adaptada\\\/#primaryimage\"},\"thumbnailUrl\":\"https:\\\/\\\/www.altominho.tv\\\/site\\\/wp-content\\\/uploads\\\/2026\\\/01\\\/Design-sem-nome-2026-01-17T160535.438.jpg\",\"datePublished\":\"2026-01-17T16:06:27+00:00\",\"dateModified\":\"2026-01-17T16:07:37+00:00\",\"author\":{\"@id\":\"https:\\\/\\\/www.altominho.tv\\\/site\\\/#\\\/schema\\\/person\\\/9e351387b727413d005ccf1152c93539\"},\"description\":\"O Posto de Assist\u00eancia Social de Alvar\u00e3es, em Viana do Castelo, disp\u00f5e de uma nova viatura el\u00e9trica, adaptada ao transporte de pessoas com mobilidade condicionada, atrav\u00e9s de um investimento apoiado\u00a0 pelo PRR (Plano de Recupera\u00e7\u00e3o e Resili\u00eancia) e pelos Fundos Europeus NextGeneration EU e, ainda, pela C\u00e2mara Municipal de Viana do Castelo.\",\"breadcrumb\":{\"@id\":\"https:\\\/\\\/www.altominho.tv\\\/site\\\/2026\\\/01\\\/17\\\/posto-de-assistencia-social-de-alvaraes-dispoe-de-uma-nova-carrinha-adaptada\\\/#breadcrumb\"},\"inLanguage\":\"pt-PT\",\"potentialAction\":[{\"@type\":\"ReadAction\",\"target\":[\"https:\\\/\\\/www.altominho.tv\\\/site\\\/2026\\\/01\\\/17\\\/posto-de-assistencia-social-de-alvaraes-dispoe-de-uma-nova-carrinha-adaptada\\\/\"]}]},{\"@type\":\"ImageObject\",\"inLanguage\":\"pt-PT\",\"@id\":\"https:\\\/\\\/www.altominho.tv\\\/site\\\/2026\\\/01\\\/17\\\/posto-de-assistencia-social-de-alvaraes-dispoe-de-uma-nova-carrinha-adaptada\\\/#primaryimage\",\"url\":\"https:\\\/\\\/www.altominho.tv\\\/site\\\/wp-content\\\/uploads\\\/2026\\\/01\\\/Design-sem-nome-2026-01-17T160535.438.jpg\",\"contentUrl\":\"https:\\\/\\\/www.altominho.tv\\\/site\\\/wp-content\\\/uploads\\\/2026\\\/01\\\/Design-sem-nome-2026-01-17T160535.438.jpg\",\"width\":1200,\"height\":630},{\"@type\":\"BreadcrumbList\",\"@id\":\"https:\\\/\\\/www.altominho.tv\\\/site\\\/2026\\\/01\\\/17\\\/posto-de-assistencia-social-de-alvaraes-dispoe-de-uma-nova-carrinha-adaptada\\\/#breadcrumb\",\"itemListElement\":[{\"@type\":\"ListItem\",\"position\":1,\"name\":\"In\u00edcio\",\"item\":\"https:\\\/\\\/www.altominho.tv\\\/site\\\/\"},{\"@type\":\"ListItem\",\"position\":2,\"name\":\"Posto de Assist\u00eancia Social de Alvar\u00e3es disp\u00f5e de uma nova carrinha adaptada\"}]},{\"@type\":\"WebSite\",\"@id\":\"https:\\\/\\\/www.altominho.tv\\\/site\\\/#website\",\"url\":\"https:\\\/\\\/www.altominho.tv\\\/site\\\/\",\"name\":\"Altominho.tv\",\"description\":\"A sua regi\u00e3o \u00e0 dist\u00e2ncia de um clique...\",\"potentialAction\":[{\"@type\":\"SearchAction\",\"target\":{\"@type\":\"EntryPoint\",\"urlTemplate\":\"https:\\\/\\\/www.altominho.tv\\\/site\\\/?s={search_term_string}\"},\"query-input\":{\"@type\":\"PropertyValueSpecification\",\"valueRequired\":true,\"valueName\":\"search_term_string\"}}],\"inLanguage\":\"pt-PT\"},{\"@type\":\"Person\",\"@id\":\"https:\\\/\\\/www.altominho.tv\\\/site\\\/#\\\/schema\\\/person\\\/9e351387b727413d005ccf1152c93539\",\"name\":\"Eduarda Cardoso\",\"image\":{\"@type\":\"ImageObject\",\"inLanguage\":\"pt-PT\",\"@id\":\"https:\\\/\\\/www.altominho.tv\\\/site\\\/wp-content\\\/uploads\\\/2026\\\/07\\\/Eduarda-150x150.jpg\",\"url\":\"https:\\\/\\\/www.altominho.tv\\\/site\\\/wp-content\\\/uploads\\\/2026\\\/07\\\/Eduarda-150x150.jpg\",\"contentUrl\":\"https:\\\/\\\/www.altominho.tv\\\/site\\\/wp-content\\\/uploads\\\/2026\\\/07\\\/Eduarda-150x150.jpg\",\"caption\":\"Eduarda Cardoso\"},\"url\":\"https:\\\/\\\/www.altominho.tv\\\/site\\\/author\\\/eduarda-cardoso\\\/\"}]}<\/script>\n<!-- \/ Yoast SEO Premium plugin. -->","yoast_head_json":{"title":"Posto de Assist\u00eancia Social de Alvar\u00e3es disp\u00f5e de uma nova carrinha adaptada","description":"O Posto de Assist\u00eancia Social de Alvar\u00e3es, em Viana do Castelo, disp\u00f5e de uma nova viatura el\u00e9trica, adaptada ao transporte de pessoas com mobilidade condicionada, atrav\u00e9s de um investimento apoiado\u00a0 pelo PRR (Plano de Recupera\u00e7\u00e3o e Resili\u00eancia) e pelos Fundos Europeus NextGeneration EU e, ainda, pela C\u00e2mara Municipal de Viana do Castelo.","robots":{"index":"index","follow":"follow","max-snippet":"max-snippet:-1","max-image-preview":"max-image-preview:large","max-video-preview":"max-video-preview:-1"},"canonical":"https:\/\/www.altominho.tv\/site\/2026\/01\/17\/posto-de-assistencia-social-de-alvaraes-dispoe-de-uma-nova-carrinha-adaptada\/","og_locale":"pt_PT","og_type":"article","og_title":"Posto de Assist\u00eancia Social de Alvar\u00e3es disp\u00f5e de uma nova carrinha adaptada","og_description":"O Posto de Assist\u00eancia Social de Alvar\u00e3es, em Viana do Castelo, disp\u00f5e de uma nova viatura el\u00e9trica, adaptada ao transporte de pessoas com mobilidade condicionada, atrav\u00e9s de um investimento apoiado\u00a0 pelo PRR (Plano de Recupera\u00e7\u00e3o e Resili\u00eancia) e pelos Fundos Europeus NextGeneration EU e, ainda, pela C\u00e2mara Municipal de Viana do Castelo.","og_url":"https:\/\/www.altominho.tv\/site\/2026\/01\/17\/posto-de-assistencia-social-de-alvaraes-dispoe-de-uma-nova-carrinha-adaptada\/","og_site_name":"Altominho.tv","article_publisher":"https:\/\/www.facebook.com\/altominhotv","article_published_time":"2026-01-17T16:06:27+00:00","article_modified_time":"2026-01-17T16:07:37+00:00","og_image":[{"width":1200,"height":630,"url":"https:\/\/www.altominho.tv\/site\/wp-content\/uploads\/2026\/01\/Design-sem-nome-2026-01-17T160535.438.jpg","type":"image\/jpeg"}],"author":"Eduarda Cardoso","twitter_card":"summary_large_image","twitter_creator":"@altominhoTV","twitter_site":"@altominhoTV","twitter_misc":{"Escrito por":"Eduarda Cardoso","Tempo estimado de leitura":"2 minutos"},"schema":{"@context":"https:\/\/schema.org","@graph":[{"@type":"Article","@id":"https:\/\/www.altominho.tv\/site\/2026\/01\/17\/posto-de-assistencia-social-de-alvaraes-dispoe-de-uma-nova-carrinha-adaptada\/#article","isPartOf":{"@id":"https:\/\/www.altominho.tv\/site\/2026\/01\/17\/posto-de-assistencia-social-de-alvaraes-dispoe-de-uma-nova-carrinha-adaptada\/"},"author":{"name":"Eduarda Cardoso","@id":"https:\/\/www.altominho.tv\/site\/#\/schema\/person\/9e351387b727413d005ccf1152c93539"},"headline":"Posto de Assist\u00eancia Social de Alvar\u00e3es disp\u00f5e de uma nova carrinha adaptada","datePublished":"2026-01-17T16:06:27+00:00","dateModified":"2026-01-17T16:07:37+00:00","mainEntityOfPage":{"@id":"https:\/\/www.altominho.tv\/site\/2026\/01\/17\/posto-de-assistencia-social-de-alvaraes-dispoe-de-uma-nova-carrinha-adaptada\/"},"wordCount":204,"image":{"@id":"https:\/\/www.altominho.tv\/site\/2026\/01\/17\/posto-de-assistencia-social-de-alvaraes-dispoe-de-uma-nova-carrinha-adaptada\/#primaryimage"},"thumbnailUrl":"https:\/\/www.altominho.tv\/site\/wp-content\/uploads\/2026\/01\/Design-sem-nome-2026-01-17T160535.438.jpg","keywords":["Sociedade"],"articleSection":["Viana do Castelo"],"inLanguage":"pt-PT","copyrightYear":"2026","copyrightHolder":{"@id":"https:\/\/www.altominho.tv\/site\/#organization"}},{"@type":"WebPage","@id":"https:\/\/www.altominho.tv\/site\/2026\/01\/17\/posto-de-assistencia-social-de-alvaraes-dispoe-de-uma-nova-carrinha-adaptada\/","url":"https:\/\/www.altominho.tv\/site\/2026\/01\/17\/posto-de-assistencia-social-de-alvaraes-dispoe-de-uma-nova-carrinha-adaptada\/","name":"Posto de Assist\u00eancia Social de Alvar\u00e3es disp\u00f5e de uma nova carrinha adaptada","isPartOf":{"@id":"https:\/\/www.altominho.tv\/site\/#website"},"primaryImageOfPage":{"@id":"https:\/\/www.altominho.tv\/site\/2026\/01\/17\/posto-de-assistencia-social-de-alvaraes-dispoe-de-uma-nova-carrinha-adaptada\/#primaryimage"},"image":{"@id":"https:\/\/www.altominho.tv\/site\/2026\/01\/17\/posto-de-assistencia-social-de-alvaraes-dispoe-de-uma-nova-carrinha-adaptada\/#primaryimage"},"thumbnailUrl":"https:\/\/www.altominho.tv\/site\/wp-content\/uploads\/2026\/01\/Design-sem-nome-2026-01-17T160535.438.jpg","datePublished":"2026-01-17T16:06:27+00:00","dateModified":"2026-01-17T16:07:37+00:00","author":{"@id":"https:\/\/www.altominho.tv\/site\/#\/schema\/person\/9e351387b727413d005ccf1152c93539"},"description":"O Posto de Assist\u00eancia Social de Alvar\u00e3es, em Viana do Castelo, disp\u00f5e de uma nova viatura el\u00e9trica, adaptada ao transporte de pessoas com mobilidade condicionada, atrav\u00e9s de um investimento apoiado\u00a0 pelo PRR (Plano de Recupera\u00e7\u00e3o e Resili\u00eancia) e pelos Fundos Europeus NextGeneration EU e, ainda, pela C\u00e2mara Municipal de Viana do Castelo.","breadcrumb":{"@id":"https:\/\/www.altominho.tv\/site\/2026\/01\/17\/posto-de-assistencia-social-de-alvaraes-dispoe-de-uma-nova-carrinha-adaptada\/#breadcrumb"},"inLanguage":"pt-PT","potentialAction":[{"@type":"ReadAction","target":["https:\/\/www.altominho.tv\/site\/2026\/01\/17\/posto-de-assistencia-social-de-alvaraes-dispoe-de-uma-nova-carrinha-adaptada\/"]}]},{"@type":"ImageObject","inLanguage":"pt-PT","@id":"https:\/\/www.altominho.tv\/site\/2026\/01\/17\/posto-de-assistencia-social-de-alvaraes-dispoe-de-uma-nova-carrinha-adaptada\/#primaryimage","url":"https:\/\/www.altominho.tv\/site\/wp-content\/uploads\/2026\/01\/Design-sem-nome-2026-01-17T160535.438.jpg","contentUrl":"https:\/\/www.altominho.tv\/site\/wp-content\/uploads\/2026\/01\/Design-sem-nome-2026-01-17T160535.438.jpg","width":1200,"height":630},{"@type":"BreadcrumbList","@id":"https:\/\/www.altominho.tv\/site\/2026\/01\/17\/posto-de-assistencia-social-de-alvaraes-dispoe-de-uma-nova-carrinha-adaptada\/#breadcrumb","itemListElement":[{"@type":"ListItem","position":1,"name":"In\u00edcio","item":"https:\/\/www.altominho.tv\/site\/"},{"@type":"ListItem","position":2,"name":"Posto de Assist\u00eancia Social de Alvar\u00e3es disp\u00f5e de uma nova carrinha adaptada"}]},{"@type":"WebSite","@id":"https:\/\/www.altominho.tv\/site\/#website","url":"https:\/\/www.altominho.tv\/site\/","name":"Altominho.tv","description":"A sua regi\u00e3o \u00e0 dist\u00e2ncia de um clique...","potentialAction":[{"@type":"SearchAction","target":{"@type":"EntryPoint","urlTemplate":"https:\/\/www.altominho.tv\/site\/?s={search_term_string}"},"query-input":{"@type":"PropertyValueSpecification","valueRequired":true,"valueName":"search_term_string"}}],"inLanguage":"pt-PT"},{"@type":"Person","@id":"https:\/\/www.altominho.tv\/site\/#\/schema\/person\/9e351387b727413d005ccf1152c93539","name":"Eduarda Cardoso","image":{"@type":"ImageObject","inLanguage":"pt-PT","@id":"https:\/\/www.altominho.tv\/site\/wp-content\/uploads\/2026\/07\/Eduarda-150x150.jpg","url":"https:\/\/www.altominho.tv\/site\/wp-content\/uploads\/2026\/07\/Eduarda-150x150.jpg","contentUrl":"https:\/\/www.altominho.tv\/site\/wp-content\/uploads\/2026\/07\/Eduarda-150x150.jpg","caption":"Eduarda Cardoso"},"url":"https:\/\/www.altominho.tv\/site\/author\/eduarda-cardoso\/"}]}},"_links":{"self":[{"href":"https:\/\/www.altominho.tv\/site\/wp-json\/wp\/v2\/posts\/127123","targetHints":{"allow":["GET"]}}],"collection":[{"href":"https:\/\/www.altominho.tv\/site\/wp-json\/wp\/v2\/posts"}],"about":[{"href":"https:\/\/www.altominho.tv\/site\/wp-json\/wp\/v2\/types\/post"}],"author":[{"embeddable":true,"href":"https:\/\/www.altominho.tv\/site\/wp-json\/wp\/v2\/users\/30"}],"replies":[{"embeddable":true,"href":"https:\/\/www.altominho.tv\/site\/wp-json\/wp\/v2\/comments?post=127123"}],"version-history":[{"count":2,"href":"https:\/\/www.altominho.tv\/site\/wp-json\/wp\/v2\/posts\/127123\/revisions"}],"predecessor-version":[{"id":127153,"href":"https:\/\/www.altominho.tv\/site\/wp-json\/wp\/v2\/posts\/127123\/revisions\/127153"}],"wp:featuredmedia":[{"embeddable":true,"href":"https:\/\/www.altominho.tv\/site\/wp-json\/wp\/v2\/media\/127149"}],"wp:attachment":[{"href":"https:\/\/www.altominho.tv\/site\/wp-json\/wp\/v2\/media?parent=127123"}],"wp:term":[{"taxonomy":"category","embeddable":true,"href":"https:\/\/www.altominho.tv\/site\/wp-json\/wp\/v2\/categories?post=127123"},{"taxonomy":"post_tag","embeddable":true,"href":"https:\/\/www.altominho.tv\/site\/wp-json\/wp\/v2\/tags?post=127123"}],"curies":[{"name":"wp","href":"https:\/\/api.w.org\/{rel}","templated":true}]}}