{"id":127081,"date":"2026-01-16T09:51:49","date_gmt":"2026-01-16T09:51:49","guid":{"rendered":"https:\/\/www.altominho.tv\/site\/?p=127081"},"modified":"2026-01-16T09:51:52","modified_gmt":"2026-01-16T09:51:52","slug":"estudantes-espanhois-intercambio-escola-superior-agraria-do-ipvc","status":"publish","type":"post","link":"https:\/\/www.altominho.tv\/site\/2026\/01\/16\/estudantes-espanhois-intercambio-escola-superior-agraria-do-ipvc\/","title":{"rendered":"Estudantes espanh\u00f3is viveram experi\u00eancia de interc\u00e2mbio na Escola Superior Agr\u00e1ria do IPVC"},"content":{"rendered":"<p class=\"p1\">Durante tr\u00eas dias duas dezenas de estudantes e dois docentes do Centro Integrado de Forma\u00e7\u00e3o Profissional de Alm\u00e1zcara, em Espanha, viveram uma experi\u00eancia de interc\u00e2mbio na Escola Superior Agr\u00e1ria do Instituto Polit\u00e9cnico de Viana do Castelo (ESA-IPVC).<\/p>\n<p class=\"p1\">A estadia em Ponte de Lima integrou um interc\u00e2mbio educativo e formativo transfronteiri\u00e7o, apoiado pelo Interreg POCTEP 2021-2027, pela CCDR Norte e integralmente financiado pela Junta de Castilla y Le\u00f3n, envolvendo tamb\u00e9m estudantes do CTeSP em Gest\u00e3o de Empresas Agr\u00edcolas da ESA-IPVC. Ao longo do programa, os participantes partilharam pr\u00e1ticas, conheceram equipamentos e tecnologias que n\u00e3o existem nas suas institui\u00e7\u00f5es de origem e contactaram com uma oferta formativa marcada pela proximidade ao territ\u00f3rio, pela aplica\u00e7\u00e3o pr\u00e1tica do conhecimento e pela liga\u00e7\u00e3o \u00e0s atuais exig\u00eancias ambientais e florestais, lan\u00e7ando as bases para futuras mobilidades acad\u00e9micas, nomeadamente no \u00e2mbito do Erasmus+.<\/p>\n<p class=\"p1\">\u201cFomos tratados como em casa e sentimo-nos muito integrados. A Escola Superior Agr\u00e1ria cobre uma grande \u00e1rea, com muita diversidade de atividades e recursos que n\u00e3o temos\u201d, refere Andrea Iglesias Gallego, de 36 anos, sublinhando o interesse pelas tecnologias emergentes.<\/p>\n<p class=\"p1\">Do Grupo Disciplinar do CTeSP em Gest\u00e3o de Empresas Agr\u00edcolas, da ESA-IPVC, a docente Susana Mendes, fala da import\u00e2ncia pedag\u00f3gica e estrat\u00e9gica do interc\u00e2mbio com o Centro espanhol, dizendo que \u201cas forma\u00e7\u00f5es s\u00e3o complementares. O CIFP de Alm\u00e1zcara tem uma forte componente florestal, que n\u00e3o est\u00e1 t\u00e3o desenvolvida na nossa Escola, e isso representa uma mais-valia para os nossos estudantes\u201d. A docente defende ainda que o contacto com esta realidade refor\u00e7a a reflex\u00e3o sobre o territ\u00f3rio do Alto Minho.<\/p>\n<p class=\"p1\">Totalmente financiado pela Junta de Castilla y Le\u00f3n, o interc\u00e2mbio incluiu n\u00e3o s\u00f3 visitas \u00e0 Escola Superior Agr\u00e1ria do IPVC, mas tamb\u00e9m atividades t\u00e9cnicas e contacto direto com o territ\u00f3rio, nomeadamente no Parque Nacional da Peneda-Ger\u00eas, com uma visita \u00e0 Porta do Mezio, em Arcos de Valdevez.<\/p>\n<p class=\"p1\">\n","protected":false},"excerpt":{"rendered":"<p>Durante tr\u00eas dias duas dezenas de estudantes e dois docentes do Centro Integrado de Forma\u00e7\u00e3o Profissional de Alm\u00e1zcara, em Espanha, viveram uma experi\u00eancia de interc\u00e2mbio na Escola Superior Agr\u00e1ria do Instituto Polit\u00e9cnico de Viana do Castelo (ESA-IPVC). A estadia em Ponte de Lima integrou um interc\u00e2mbio educativo e formativo transfronteiri\u00e7o, apoiado pelo Interreg POCTEP 2021-2027, [&hellip;]<\/p>\n","protected":false},"author":30,"featured_media":127082,"comment_status":"closed","ping_status":"closed","sticky":false,"template":"","format":"standard","meta":{"_exactmetrics_skip_tracking":false,"_exactmetrics_sitenote_active":false,"_exactmetrics_sitenote_note":"","_exactmetrics_sitenote_category":0,"footnotes":""},"categories":[12],"tags":[22],"class_list":["post-127081","post","type-post","status-publish","format-standard","has-post-thumbnail","hentry","category-ponte-de-lima","tag-educacao"],"yoast_head":"<!-- This site is optimized with the Yoast SEO Premium plugin v27.5 (Yoast SEO v27.5) - https:\/\/yoast.com\/product\/yoast-seo-premium-wordpress\/ -->\n<title>Estudantes espanh\u00f3is viveram experi\u00eancia de interc\u00e2mbio na Escola Superior Agr\u00e1ria do IPVC<\/title>\n<meta name=\"description\" content=\"Durante tr\u00eas dias duas dezenas de estudantes e dois docentes do Centro Integrado de Forma\u00e7\u00e3o Profissional de Alm\u00e1zcara, em Espanha, viveram uma experi\u00eancia de interc\u00e2mbio na Escola Superior Agr\u00e1ria do Instituto Polit\u00e9cnico de Viana do Castelo (ESA-IPVC).\u00a0\" \/>\n<meta name=\"robots\" content=\"index, follow, max-snippet:-1, max-image-preview:large, max-video-preview:-1\" \/>\n<link rel=\"canonical\" href=\"https:\/\/www.altominho.tv\/site\/2026\/01\/16\/estudantes-espanhois-intercambio-escola-superior-agraria-do-ipvc\/\" \/>\n<meta property=\"og:locale\" content=\"pt_PT\" \/>\n<meta property=\"og:type\" content=\"article\" \/>\n<meta property=\"og:title\" content=\"Estudantes espanh\u00f3is viveram experi\u00eancia de interc\u00e2mbio na Escola Superior Agr\u00e1ria do IPVC\" \/>\n<meta property=\"og:description\" content=\"Durante tr\u00eas dias duas dezenas de estudantes e dois docentes do Centro Integrado de Forma\u00e7\u00e3o Profissional de Alm\u00e1zcara, em Espanha, viveram uma experi\u00eancia de interc\u00e2mbio na Escola Superior Agr\u00e1ria do Instituto Polit\u00e9cnico de Viana do Castelo (ESA-IPVC).\u00a0\" \/>\n<meta property=\"og:url\" content=\"https:\/\/www.altominho.tv\/site\/2026\/01\/16\/estudantes-espanhois-intercambio-escola-superior-agraria-do-ipvc\/\" \/>\n<meta property=\"og:site_name\" content=\"Altominho.tv\" \/>\n<meta property=\"article:publisher\" content=\"https:\/\/www.facebook.com\/altominhotv\" \/>\n<meta property=\"article:published_time\" content=\"2026-01-16T09:51:49+00:00\" \/>\n<meta property=\"article:modified_time\" content=\"2026-01-16T09:51:52+00:00\" \/>\n<meta property=\"og:image\" content=\"https:\/\/www.altominho.tv\/site\/wp-content\/uploads\/2026\/01\/Design-sem-nome-58.jpg\" \/>\n\t<meta property=\"og:image:width\" content=\"1200\" \/>\n\t<meta property=\"og:image:height\" content=\"630\" \/>\n\t<meta property=\"og:image:type\" content=\"image\/jpeg\" \/>\n<meta name=\"author\" content=\"Eduarda Cardoso\" \/>\n<meta name=\"twitter:card\" content=\"summary_large_image\" \/>\n<meta name=\"twitter:creator\" content=\"@altominhoTV\" \/>\n<meta name=\"twitter:site\" content=\"@altominhoTV\" \/>\n<meta name=\"twitter:label1\" content=\"Escrito por\" \/>\n\t<meta name=\"twitter:data1\" content=\"Eduarda Cardoso\" \/>\n\t<meta name=\"twitter:label2\" content=\"Tempo estimado de leitura\" \/>\n\t<meta name=\"twitter:data2\" content=\"2 minutos\" \/>\n<script type=\"application\/ld+json\" class=\"yoast-schema-graph\">{\"@context\":\"https:\\\/\\\/schema.org\",\"@graph\":[{\"@type\":\"Article\",\"@id\":\"https:\\\/\\\/www.altominho.tv\\\/site\\\/2026\\\/01\\\/16\\\/estudantes-espanhois-intercambio-escola-superior-agraria-do-ipvc\\\/#article\",\"isPartOf\":{\"@id\":\"https:\\\/\\\/www.altominho.tv\\\/site\\\/2026\\\/01\\\/16\\\/estudantes-espanhois-intercambio-escola-superior-agraria-do-ipvc\\\/\"},\"author\":{\"name\":\"Eduarda Cardoso\",\"@id\":\"https:\\\/\\\/www.altominho.tv\\\/site\\\/#\\\/schema\\\/person\\\/9e351387b727413d005ccf1152c93539\"},\"headline\":\"Estudantes espanh\u00f3is viveram experi\u00eancia de interc\u00e2mbio na Escola Superior Agr\u00e1ria do IPVC\",\"datePublished\":\"2026-01-16T09:51:49+00:00\",\"dateModified\":\"2026-01-16T09:51:52+00:00\",\"mainEntityOfPage\":{\"@id\":\"https:\\\/\\\/www.altominho.tv\\\/site\\\/2026\\\/01\\\/16\\\/estudantes-espanhois-intercambio-escola-superior-agraria-do-ipvc\\\/\"},\"wordCount\":362,\"image\":{\"@id\":\"https:\\\/\\\/www.altominho.tv\\\/site\\\/2026\\\/01\\\/16\\\/estudantes-espanhois-intercambio-escola-superior-agraria-do-ipvc\\\/#primaryimage\"},\"thumbnailUrl\":\"https:\\\/\\\/www.altominho.tv\\\/site\\\/wp-content\\\/uploads\\\/2026\\\/01\\\/Design-sem-nome-58.jpg\",\"keywords\":[\"Educa\u00e7\u00e3o\"],\"articleSection\":[\"Ponte de Lima\"],\"inLanguage\":\"pt-PT\",\"copyrightYear\":\"2026\",\"copyrightHolder\":{\"@id\":\"https:\\\/\\\/www.altominho.tv\\\/site\\\/#organization\"}},{\"@type\":\"WebPage\",\"@id\":\"https:\\\/\\\/www.altominho.tv\\\/site\\\/2026\\\/01\\\/16\\\/estudantes-espanhois-intercambio-escola-superior-agraria-do-ipvc\\\/\",\"url\":\"https:\\\/\\\/www.altominho.tv\\\/site\\\/2026\\\/01\\\/16\\\/estudantes-espanhois-intercambio-escola-superior-agraria-do-ipvc\\\/\",\"name\":\"Estudantes espanh\u00f3is viveram experi\u00eancia de interc\u00e2mbio na Escola Superior Agr\u00e1ria do IPVC\",\"isPartOf\":{\"@id\":\"https:\\\/\\\/www.altominho.tv\\\/site\\\/#website\"},\"primaryImageOfPage\":{\"@id\":\"https:\\\/\\\/www.altominho.tv\\\/site\\\/2026\\\/01\\\/16\\\/estudantes-espanhois-intercambio-escola-superior-agraria-do-ipvc\\\/#primaryimage\"},\"image\":{\"@id\":\"https:\\\/\\\/www.altominho.tv\\\/site\\\/2026\\\/01\\\/16\\\/estudantes-espanhois-intercambio-escola-superior-agraria-do-ipvc\\\/#primaryimage\"},\"thumbnailUrl\":\"https:\\\/\\\/www.altominho.tv\\\/site\\\/wp-content\\\/uploads\\\/2026\\\/01\\\/Design-sem-nome-58.jpg\",\"datePublished\":\"2026-01-16T09:51:49+00:00\",\"dateModified\":\"2026-01-16T09:51:52+00:00\",\"author\":{\"@id\":\"https:\\\/\\\/www.altominho.tv\\\/site\\\/#\\\/schema\\\/person\\\/9e351387b727413d005ccf1152c93539\"},\"description\":\"Durante tr\u00eas dias duas dezenas de estudantes e dois docentes do Centro Integrado de Forma\u00e7\u00e3o Profissional de Alm\u00e1zcara, em Espanha, viveram uma experi\u00eancia de interc\u00e2mbio na Escola Superior Agr\u00e1ria do Instituto Polit\u00e9cnico de Viana do Castelo (ESA-IPVC).\u00a0\",\"breadcrumb\":{\"@id\":\"https:\\\/\\\/www.altominho.tv\\\/site\\\/2026\\\/01\\\/16\\\/estudantes-espanhois-intercambio-escola-superior-agraria-do-ipvc\\\/#breadcrumb\"},\"inLanguage\":\"pt-PT\",\"potentialAction\":[{\"@type\":\"ReadAction\",\"target\":[\"https:\\\/\\\/www.altominho.tv\\\/site\\\/2026\\\/01\\\/16\\\/estudantes-espanhois-intercambio-escola-superior-agraria-do-ipvc\\\/\"]}]},{\"@type\":\"ImageObject\",\"inLanguage\":\"pt-PT\",\"@id\":\"https:\\\/\\\/www.altominho.tv\\\/site\\\/2026\\\/01\\\/16\\\/estudantes-espanhois-intercambio-escola-superior-agraria-do-ipvc\\\/#primaryimage\",\"url\":\"https:\\\/\\\/www.altominho.tv\\\/site\\\/wp-content\\\/uploads\\\/2026\\\/01\\\/Design-sem-nome-58.jpg\",\"contentUrl\":\"https:\\\/\\\/www.altominho.tv\\\/site\\\/wp-content\\\/uploads\\\/2026\\\/01\\\/Design-sem-nome-58.jpg\",\"width\":1200,\"height\":630},{\"@type\":\"BreadcrumbList\",\"@id\":\"https:\\\/\\\/www.altominho.tv\\\/site\\\/2026\\\/01\\\/16\\\/estudantes-espanhois-intercambio-escola-superior-agraria-do-ipvc\\\/#breadcrumb\",\"itemListElement\":[{\"@type\":\"ListItem\",\"position\":1,\"name\":\"In\u00edcio\",\"item\":\"https:\\\/\\\/www.altominho.tv\\\/site\\\/\"},{\"@type\":\"ListItem\",\"position\":2,\"name\":\"Estudantes espanh\u00f3is viveram experi\u00eancia de interc\u00e2mbio na Escola Superior Agr\u00e1ria do IPVC\"}]},{\"@type\":\"WebSite\",\"@id\":\"https:\\\/\\\/www.altominho.tv\\\/site\\\/#website\",\"url\":\"https:\\\/\\\/www.altominho.tv\\\/site\\\/\",\"name\":\"Altominho.tv\",\"description\":\"A sua regi\u00e3o \u00e0 dist\u00e2ncia de um clique...\",\"potentialAction\":[{\"@type\":\"SearchAction\",\"target\":{\"@type\":\"EntryPoint\",\"urlTemplate\":\"https:\\\/\\\/www.altominho.tv\\\/site\\\/?s={search_term_string}\"},\"query-input\":{\"@type\":\"PropertyValueSpecification\",\"valueRequired\":true,\"valueName\":\"search_term_string\"}}],\"inLanguage\":\"pt-PT\"},{\"@type\":\"Person\",\"@id\":\"https:\\\/\\\/www.altominho.tv\\\/site\\\/#\\\/schema\\\/person\\\/9e351387b727413d005ccf1152c93539\",\"name\":\"Eduarda Cardoso\",\"image\":{\"@type\":\"ImageObject\",\"inLanguage\":\"pt-PT\",\"@id\":\"https:\\\/\\\/www.altominho.tv\\\/site\\\/wp-content\\\/uploads\\\/2021\\\/01\\\/cropped-Logo-ATV_WEB-150x150.png\",\"url\":\"https:\\\/\\\/www.altominho.tv\\\/site\\\/wp-content\\\/uploads\\\/2021\\\/01\\\/cropped-Logo-ATV_WEB-150x150.png\",\"contentUrl\":\"https:\\\/\\\/www.altominho.tv\\\/site\\\/wp-content\\\/uploads\\\/2021\\\/01\\\/cropped-Logo-ATV_WEB-150x150.png\",\"caption\":\"Eduarda Cardoso\"},\"url\":\"https:\\\/\\\/www.altominho.tv\\\/site\\\/author\\\/eduarda-cardoso\\\/\"}]}<\/script>\n<!-- \/ Yoast SEO Premium plugin. -->","yoast_head_json":{"title":"Estudantes espanh\u00f3is viveram experi\u00eancia de interc\u00e2mbio na Escola Superior Agr\u00e1ria do IPVC","description":"Durante tr\u00eas dias duas dezenas de estudantes e dois docentes do Centro Integrado de Forma\u00e7\u00e3o Profissional de Alm\u00e1zcara, em Espanha, viveram uma experi\u00eancia de interc\u00e2mbio na Escola Superior Agr\u00e1ria do Instituto Polit\u00e9cnico de Viana do Castelo (ESA-IPVC).\u00a0","robots":{"index":"index","follow":"follow","max-snippet":"max-snippet:-1","max-image-preview":"max-image-preview:large","max-video-preview":"max-video-preview:-1"},"canonical":"https:\/\/www.altominho.tv\/site\/2026\/01\/16\/estudantes-espanhois-intercambio-escola-superior-agraria-do-ipvc\/","og_locale":"pt_PT","og_type":"article","og_title":"Estudantes espanh\u00f3is viveram experi\u00eancia de interc\u00e2mbio na Escola Superior Agr\u00e1ria do IPVC","og_description":"Durante tr\u00eas dias duas dezenas de estudantes e dois docentes do Centro Integrado de Forma\u00e7\u00e3o Profissional de Alm\u00e1zcara, em Espanha, viveram uma experi\u00eancia de interc\u00e2mbio na Escola Superior Agr\u00e1ria do Instituto Polit\u00e9cnico de Viana do Castelo (ESA-IPVC).\u00a0","og_url":"https:\/\/www.altominho.tv\/site\/2026\/01\/16\/estudantes-espanhois-intercambio-escola-superior-agraria-do-ipvc\/","og_site_name":"Altominho.tv","article_publisher":"https:\/\/www.facebook.com\/altominhotv","article_published_time":"2026-01-16T09:51:49+00:00","article_modified_time":"2026-01-16T09:51:52+00:00","og_image":[{"width":1200,"height":630,"url":"https:\/\/www.altominho.tv\/site\/wp-content\/uploads\/2026\/01\/Design-sem-nome-58.jpg","type":"image\/jpeg"}],"author":"Eduarda Cardoso","twitter_card":"summary_large_image","twitter_creator":"@altominhoTV","twitter_site":"@altominhoTV","twitter_misc":{"Escrito por":"Eduarda Cardoso","Tempo estimado de leitura":"2 minutos"},"schema":{"@context":"https:\/\/schema.org","@graph":[{"@type":"Article","@id":"https:\/\/www.altominho.tv\/site\/2026\/01\/16\/estudantes-espanhois-intercambio-escola-superior-agraria-do-ipvc\/#article","isPartOf":{"@id":"https:\/\/www.altominho.tv\/site\/2026\/01\/16\/estudantes-espanhois-intercambio-escola-superior-agraria-do-ipvc\/"},"author":{"name":"Eduarda Cardoso","@id":"https:\/\/www.altominho.tv\/site\/#\/schema\/person\/9e351387b727413d005ccf1152c93539"},"headline":"Estudantes espanh\u00f3is viveram experi\u00eancia de interc\u00e2mbio na Escola Superior Agr\u00e1ria do IPVC","datePublished":"2026-01-16T09:51:49+00:00","dateModified":"2026-01-16T09:51:52+00:00","mainEntityOfPage":{"@id":"https:\/\/www.altominho.tv\/site\/2026\/01\/16\/estudantes-espanhois-intercambio-escola-superior-agraria-do-ipvc\/"},"wordCount":362,"image":{"@id":"https:\/\/www.altominho.tv\/site\/2026\/01\/16\/estudantes-espanhois-intercambio-escola-superior-agraria-do-ipvc\/#primaryimage"},"thumbnailUrl":"https:\/\/www.altominho.tv\/site\/wp-content\/uploads\/2026\/01\/Design-sem-nome-58.jpg","keywords":["Educa\u00e7\u00e3o"],"articleSection":["Ponte de Lima"],"inLanguage":"pt-PT","copyrightYear":"2026","copyrightHolder":{"@id":"https:\/\/www.altominho.tv\/site\/#organization"}},{"@type":"WebPage","@id":"https:\/\/www.altominho.tv\/site\/2026\/01\/16\/estudantes-espanhois-intercambio-escola-superior-agraria-do-ipvc\/","url":"https:\/\/www.altominho.tv\/site\/2026\/01\/16\/estudantes-espanhois-intercambio-escola-superior-agraria-do-ipvc\/","name":"Estudantes espanh\u00f3is viveram experi\u00eancia de interc\u00e2mbio na Escola Superior Agr\u00e1ria do IPVC","isPartOf":{"@id":"https:\/\/www.altominho.tv\/site\/#website"},"primaryImageOfPage":{"@id":"https:\/\/www.altominho.tv\/site\/2026\/01\/16\/estudantes-espanhois-intercambio-escola-superior-agraria-do-ipvc\/#primaryimage"},"image":{"@id":"https:\/\/www.altominho.tv\/site\/2026\/01\/16\/estudantes-espanhois-intercambio-escola-superior-agraria-do-ipvc\/#primaryimage"},"thumbnailUrl":"https:\/\/www.altominho.tv\/site\/wp-content\/uploads\/2026\/01\/Design-sem-nome-58.jpg","datePublished":"2026-01-16T09:51:49+00:00","dateModified":"2026-01-16T09:51:52+00:00","author":{"@id":"https:\/\/www.altominho.tv\/site\/#\/schema\/person\/9e351387b727413d005ccf1152c93539"},"description":"Durante tr\u00eas dias duas dezenas de estudantes e dois docentes do Centro Integrado de Forma\u00e7\u00e3o Profissional de Alm\u00e1zcara, em Espanha, viveram uma experi\u00eancia de interc\u00e2mbio na Escola Superior Agr\u00e1ria do Instituto Polit\u00e9cnico de Viana do Castelo (ESA-IPVC).\u00a0","breadcrumb":{"@id":"https:\/\/www.altominho.tv\/site\/2026\/01\/16\/estudantes-espanhois-intercambio-escola-superior-agraria-do-ipvc\/#breadcrumb"},"inLanguage":"pt-PT","potentialAction":[{"@type":"ReadAction","target":["https:\/\/www.altominho.tv\/site\/2026\/01\/16\/estudantes-espanhois-intercambio-escola-superior-agraria-do-ipvc\/"]}]},{"@type":"ImageObject","inLanguage":"pt-PT","@id":"https:\/\/www.altominho.tv\/site\/2026\/01\/16\/estudantes-espanhois-intercambio-escola-superior-agraria-do-ipvc\/#primaryimage","url":"https:\/\/www.altominho.tv\/site\/wp-content\/uploads\/2026\/01\/Design-sem-nome-58.jpg","contentUrl":"https:\/\/www.altominho.tv\/site\/wp-content\/uploads\/2026\/01\/Design-sem-nome-58.jpg","width":1200,"height":630},{"@type":"BreadcrumbList","@id":"https:\/\/www.altominho.tv\/site\/2026\/01\/16\/estudantes-espanhois-intercambio-escola-superior-agraria-do-ipvc\/#breadcrumb","itemListElement":[{"@type":"ListItem","position":1,"name":"In\u00edcio","item":"https:\/\/www.altominho.tv\/site\/"},{"@type":"ListItem","position":2,"name":"Estudantes espanh\u00f3is viveram experi\u00eancia de interc\u00e2mbio na Escola Superior Agr\u00e1ria do IPVC"}]},{"@type":"WebSite","@id":"https:\/\/www.altominho.tv\/site\/#website","url":"https:\/\/www.altominho.tv\/site\/","name":"Altominho.tv","description":"A sua regi\u00e3o \u00e0 dist\u00e2ncia de um clique...","potentialAction":[{"@type":"SearchAction","target":{"@type":"EntryPoint","urlTemplate":"https:\/\/www.altominho.tv\/site\/?s={search_term_string}"},"query-input":{"@type":"PropertyValueSpecification","valueRequired":true,"valueName":"search_term_string"}}],"inLanguage":"pt-PT"},{"@type":"Person","@id":"https:\/\/www.altominho.tv\/site\/#\/schema\/person\/9e351387b727413d005ccf1152c93539","name":"Eduarda Cardoso","image":{"@type":"ImageObject","inLanguage":"pt-PT","@id":"https:\/\/www.altominho.tv\/site\/wp-content\/uploads\/2021\/01\/cropped-Logo-ATV_WEB-150x150.png","url":"https:\/\/www.altominho.tv\/site\/wp-content\/uploads\/2021\/01\/cropped-Logo-ATV_WEB-150x150.png","contentUrl":"https:\/\/www.altominho.tv\/site\/wp-content\/uploads\/2021\/01\/cropped-Logo-ATV_WEB-150x150.png","caption":"Eduarda Cardoso"},"url":"https:\/\/www.altominho.tv\/site\/author\/eduarda-cardoso\/"}]}},"_links":{"self":[{"href":"https:\/\/www.altominho.tv\/site\/wp-json\/wp\/v2\/posts\/127081","targetHints":{"allow":["GET"]}}],"collection":[{"href":"https:\/\/www.altominho.tv\/site\/wp-json\/wp\/v2\/posts"}],"about":[{"href":"https:\/\/www.altominho.tv\/site\/wp-json\/wp\/v2\/types\/post"}],"author":[{"embeddable":true,"href":"https:\/\/www.altominho.tv\/site\/wp-json\/wp\/v2\/users\/30"}],"replies":[{"embeddable":true,"href":"https:\/\/www.altominho.tv\/site\/wp-json\/wp\/v2\/comments?post=127081"}],"version-history":[{"count":1,"href":"https:\/\/www.altominho.tv\/site\/wp-json\/wp\/v2\/posts\/127081\/revisions"}],"predecessor-version":[{"id":127083,"href":"https:\/\/www.altominho.tv\/site\/wp-json\/wp\/v2\/posts\/127081\/revisions\/127083"}],"wp:featuredmedia":[{"embeddable":true,"href":"https:\/\/www.altominho.tv\/site\/wp-json\/wp\/v2\/media\/127082"}],"wp:attachment":[{"href":"https:\/\/www.altominho.tv\/site\/wp-json\/wp\/v2\/media?parent=127081"}],"wp:term":[{"taxonomy":"category","embeddable":true,"href":"https:\/\/www.altominho.tv\/site\/wp-json\/wp\/v2\/categories?post=127081"},{"taxonomy":"post_tag","embeddable":true,"href":"https:\/\/www.altominho.tv\/site\/wp-json\/wp\/v2\/tags?post=127081"}],"curies":[{"name":"wp","href":"https:\/\/api.w.org\/{rel}","templated":true}]}}