{"id":127072,"date":"2026-01-15T17:51:11","date_gmt":"2026-01-15T17:51:11","guid":{"rendered":"https:\/\/www.altominho.tv\/site\/?p=127072"},"modified":"2026-01-15T17:51:32","modified_gmt":"2026-01-15T17:51:32","slug":"fim-de-semana-gastronomico-promove-o-bacalhau-a-moncao","status":"publish","type":"post","link":"https:\/\/www.altominho.tv\/site\/2026\/01\/15\/fim-de-semana-gastronomico-promove-o-bacalhau-a-moncao\/","title":{"rendered":"Fim de Semana Gastron\u00f3mico promove o Bacalhau \u00e0 Mon\u00e7\u00e3o\u00a0"},"content":{"rendered":"<p class=\"p1\">No pr\u00f3ximo fim de semana, dias 24 e 25 de janeiro, o munic\u00edpio de Mon\u00e7\u00e3o promove mais uma edi\u00e7\u00e3o do \u201cFim de Semana Gastron\u00f3mico\u201d, desta vez dedicado ao \u201cBacalhau \u00e0 Mon\u00e7\u00e3o\u201d.<\/p>\n<p class=\"p1\">Da autoria do chef V\u00edtor Sobral, nome conceituado da gastronomia nacional, conhecido pela forma como reinterpreta e moderniza a cozinha tradicional portuguesa, o \u201cBacalhau \u00e0 Mon\u00e7\u00e3o\u201d tem ganho terreno na culin\u00e1ria local, assumindo-se como um novo tesouro da gastronomia mon\u00e7anense. Lan\u00e7ado em 2023, o \u201cBacalhau \u00e0 Mon\u00e7\u00e3o\u201d, receita com identidade local, cuja confe\u00e7\u00e3o \u00e9 feita com ingredientes t\u00edpicos da terra, tem-se revelado um verdadeiro sucesso.<\/p>\n<p class=\"p1\">Para a sua concretiza\u00e7\u00e3o, o munic\u00edpio de Mon\u00e7\u00e3o conta com a participa\u00e7\u00e3o de 15 restaurantes do concelho. Paralelamente, o munic\u00edpio organizou tamb\u00e9m um programa centrado na valoriza\u00e7\u00e3o deste produto gastron\u00f3mico.<\/p>\n<p class=\"p1\">Assim, no s\u00e1bado, dia 24, entre as 12h00 e as 13h00, decorre uma \u201cDegusta\u00e7\u00e3o de Acepipes de Bacalhau \u00e0 Mon\u00e7\u00e3o\u201d, aberta ao p\u00fablico. \u00c0 tarde, pelas 17h00, s\u00e3o celebrados os espumantes da sub-regi\u00e3o. Com organiza\u00e7\u00e3o da OBI Travel &amp; Experiences, a participa\u00e7\u00e3o tem um custo de dez euros que reverte para a Associa\u00e7\u00e3o \u201cDinamicamente\u201d.<\/p>\n<p class=\"p1\">No domingo, dia 25, com in\u00edcio \u00e0s 15h00, realiza-se o Workshop \u201cTradi\u00e7\u00e3o sem desperd\u00edcio\u201d, orientado pelo chef Rui Ribeiro, aberto ao p\u00fablico. As tr\u00eas iniciativas decorrem no Museu Alvarinho, na Pra\u00e7a Deu-la-Deu Martins.<\/p>\n<div id='gallery-1' class='gallery galleryid-127072 gallery-columns-3 gallery-size-gridlove-single'><figure class='gallery-item'>\n\t\t\t<div class='gallery-icon portrait'>\n\t\t\t\t<a class=\"gridlove-popup\" href='https:\/\/www.altominho.tv\/site\/wp-content\/uploads\/2026\/01\/615544591_1291975026289398_1240077811102173284_n.jpeg'><img loading=\"lazy\" decoding=\"async\" width=\"740\" height=\"925\" src=\"https:\/\/www.altominho.tv\/site\/wp-content\/uploads\/2026\/01\/615544591_1291975026289398_1240077811102173284_n-740x925.jpeg\" class=\"attachment-gridlove-single size-gridlove-single\" alt=\"\" srcset=\"https:\/\/www.altominho.tv\/site\/wp-content\/uploads\/2026\/01\/615544591_1291975026289398_1240077811102173284_n-740x925.jpeg 740w, https:\/\/www.altominho.tv\/site\/wp-content\/uploads\/2026\/01\/615544591_1291975026289398_1240077811102173284_n-346x433.jpeg 346w, https:\/\/www.altominho.tv\/site\/wp-content\/uploads\/2026\/01\/615544591_1291975026289398_1240077811102173284_n-819x1024.jpeg 819w, https:\/\/www.altominho.tv\/site\/wp-content\/uploads\/2026\/01\/615544591_1291975026289398_1240077811102173284_n-768x960.jpeg 768w, https:\/\/www.altominho.tv\/site\/wp-content\/uploads\/2026\/01\/615544591_1291975026289398_1240077811102173284_n-1229x1536.jpeg 1229w, https:\/\/www.altominho.tv\/site\/wp-content\/uploads\/2026\/01\/615544591_1291975026289398_1240077811102173284_n-370x463.jpeg 370w, https:\/\/www.altominho.tv\/site\/wp-content\/uploads\/2026\/01\/615544591_1291975026289398_1240077811102173284_n-270x338.jpeg 270w, https:\/\/www.altominho.tv\/site\/wp-content\/uploads\/2026\/01\/615544591_1291975026289398_1240077811102173284_n-570x713.jpeg 570w, https:\/\/www.altominho.tv\/site\/wp-content\/uploads\/2026\/01\/615544591_1291975026289398_1240077811102173284_n.jpeg 1638w\" sizes=\"auto, (max-width: 740px) 100vw, 740px\" \/><\/a>\n\t\t\t<\/div><\/figure><figure class='gallery-item'>\n\t\t\t<div class='gallery-icon portrait'>\n\t\t\t\t<a class=\"gridlove-popup\" href='https:\/\/www.altominho.tv\/site\/wp-content\/uploads\/2026\/01\/615825311_1291975022956065_7433228983176424209_n.jpeg'><img loading=\"lazy\" decoding=\"async\" width=\"740\" height=\"925\" src=\"https:\/\/www.altominho.tv\/site\/wp-content\/uploads\/2026\/01\/615825311_1291975022956065_7433228983176424209_n-740x925.jpeg\" class=\"attachment-gridlove-single size-gridlove-single\" alt=\"\" srcset=\"https:\/\/www.altominho.tv\/site\/wp-content\/uploads\/2026\/01\/615825311_1291975022956065_7433228983176424209_n-740x925.jpeg 740w, https:\/\/www.altominho.tv\/site\/wp-content\/uploads\/2026\/01\/615825311_1291975022956065_7433228983176424209_n-346x433.jpeg 346w, https:\/\/www.altominho.tv\/site\/wp-content\/uploads\/2026\/01\/615825311_1291975022956065_7433228983176424209_n-819x1024.jpeg 819w, https:\/\/www.altominho.tv\/site\/wp-content\/uploads\/2026\/01\/615825311_1291975022956065_7433228983176424209_n-768x960.jpeg 768w, https:\/\/www.altominho.tv\/site\/wp-content\/uploads\/2026\/01\/615825311_1291975022956065_7433228983176424209_n-1229x1536.jpeg 1229w, https:\/\/www.altominho.tv\/site\/wp-content\/uploads\/2026\/01\/615825311_1291975022956065_7433228983176424209_n-370x463.jpeg 370w, https:\/\/www.altominho.tv\/site\/wp-content\/uploads\/2026\/01\/615825311_1291975022956065_7433228983176424209_n-270x338.jpeg 270w, https:\/\/www.altominho.tv\/site\/wp-content\/uploads\/2026\/01\/615825311_1291975022956065_7433228983176424209_n-570x713.jpeg 570w, https:\/\/www.altominho.tv\/site\/wp-content\/uploads\/2026\/01\/615825311_1291975022956065_7433228983176424209_n.jpeg 1638w\" sizes=\"auto, (max-width: 740px) 100vw, 740px\" \/><\/a>\n\t\t\t<\/div><\/figure><figure class='gallery-item'>\n\t\t\t<div class='gallery-icon portrait'>\n\t\t\t\t<a class=\"gridlove-popup\" href='https:\/\/www.altominho.tv\/site\/wp-content\/uploads\/2026\/01\/597928790_1291975029622731_9149616618471486479_n.jpeg'><img loading=\"lazy\" decoding=\"async\" width=\"740\" height=\"925\" src=\"https:\/\/www.altominho.tv\/site\/wp-content\/uploads\/2026\/01\/597928790_1291975029622731_9149616618471486479_n-740x925.jpeg\" class=\"attachment-gridlove-single size-gridlove-single\" alt=\"\" srcset=\"https:\/\/www.altominho.tv\/site\/wp-content\/uploads\/2026\/01\/597928790_1291975029622731_9149616618471486479_n-740x925.jpeg 740w, https:\/\/www.altominho.tv\/site\/wp-content\/uploads\/2026\/01\/597928790_1291975029622731_9149616618471486479_n-346x433.jpeg 346w, https:\/\/www.altominho.tv\/site\/wp-content\/uploads\/2026\/01\/597928790_1291975029622731_9149616618471486479_n-819x1024.jpeg 819w, https:\/\/www.altominho.tv\/site\/wp-content\/uploads\/2026\/01\/597928790_1291975029622731_9149616618471486479_n-768x960.jpeg 768w, https:\/\/www.altominho.tv\/site\/wp-content\/uploads\/2026\/01\/597928790_1291975029622731_9149616618471486479_n-1229x1536.jpeg 1229w, https:\/\/www.altominho.tv\/site\/wp-content\/uploads\/2026\/01\/597928790_1291975029622731_9149616618471486479_n-370x463.jpeg 370w, https:\/\/www.altominho.tv\/site\/wp-content\/uploads\/2026\/01\/597928790_1291975029622731_9149616618471486479_n-270x338.jpeg 270w, https:\/\/www.altominho.tv\/site\/wp-content\/uploads\/2026\/01\/597928790_1291975029622731_9149616618471486479_n-570x713.jpeg 570w, https:\/\/www.altominho.tv\/site\/wp-content\/uploads\/2026\/01\/597928790_1291975029622731_9149616618471486479_n.jpeg 1638w\" sizes=\"auto, (max-width: 740px) 100vw, 740px\" \/><\/a>\n\t\t\t<\/div><\/figure>\n\t\t<\/div>\n\n","protected":false},"excerpt":{"rendered":"<p>No pr\u00f3ximo fim de semana, dias 24 e 25 de janeiro, o munic\u00edpio de Mon\u00e7\u00e3o promove mais uma edi\u00e7\u00e3o do \u201cFim de Semana Gastron\u00f3mico\u201d, desta vez dedicado ao \u201cBacalhau \u00e0 Mon\u00e7\u00e3o\u201d. Da autoria do chef V\u00edtor Sobral, nome conceituado da gastronomia nacional, conhecido pela forma como reinterpreta e moderniza a cozinha tradicional portuguesa, o \u201cBacalhau [&hellip;]<\/p>\n","protected":false},"author":30,"featured_media":127073,"comment_status":"closed","ping_status":"closed","sticky":false,"template":"","format":"standard","meta":{"_exactmetrics_skip_tracking":false,"_exactmetrics_sitenote_active":false,"_exactmetrics_sitenote_note":"","_exactmetrics_sitenote_category":0,"footnotes":""},"categories":[9],"tags":[81],"class_list":["post-127072","post","type-post","status-publish","format-standard","has-post-thumbnail","hentry","category-moncao","tag-gastronomia"],"yoast_head":"<!-- This site is optimized with the Yoast SEO Premium plugin v27.5 (Yoast SEO v27.5) - https:\/\/yoast.com\/product\/yoast-seo-premium-wordpress\/ -->\n<title>Fim de Semana Gastron\u00f3mico promove o Bacalhau \u00e0 Mon\u00e7\u00e3o\u00a0<\/title>\n<meta name=\"description\" content=\"No pr\u00f3ximo fim de semana, dias 24 e 25 de janeiro, o munic\u00edpio de Mon\u00e7\u00e3o promove mais uma edi\u00e7\u00e3o do \u201cFim de Semana Gastron\u00f3mico\u201d, desta vez dedicado ao \u201cBacalhau \u00e0 Mon\u00e7\u00e3o\u201d.\" \/>\n<meta name=\"robots\" content=\"index, follow, max-snippet:-1, max-image-preview:large, max-video-preview:-1\" \/>\n<link rel=\"canonical\" href=\"https:\/\/www.altominho.tv\/site\/2026\/01\/15\/fim-de-semana-gastronomico-promove-o-bacalhau-a-moncao\/\" \/>\n<meta property=\"og:locale\" content=\"pt_PT\" \/>\n<meta property=\"og:type\" content=\"article\" \/>\n<meta property=\"og:title\" content=\"Fim de Semana Gastron\u00f3mico promove o Bacalhau \u00e0 Mon\u00e7\u00e3o\u00a0\" \/>\n<meta property=\"og:description\" content=\"No pr\u00f3ximo fim de semana, dias 24 e 25 de janeiro, o munic\u00edpio de Mon\u00e7\u00e3o promove mais uma edi\u00e7\u00e3o do \u201cFim de Semana Gastron\u00f3mico\u201d, desta vez dedicado ao \u201cBacalhau \u00e0 Mon\u00e7\u00e3o\u201d.\" \/>\n<meta property=\"og:url\" content=\"https:\/\/www.altominho.tv\/site\/2026\/01\/15\/fim-de-semana-gastronomico-promove-o-bacalhau-a-moncao\/\" \/>\n<meta property=\"og:site_name\" content=\"Altominho.tv\" \/>\n<meta property=\"article:publisher\" content=\"https:\/\/www.facebook.com\/altominhotv\" \/>\n<meta property=\"article:published_time\" content=\"2026-01-15T17:51:11+00:00\" \/>\n<meta property=\"article:modified_time\" content=\"2026-01-15T17:51:32+00:00\" \/>\n<meta property=\"og:image\" content=\"https:\/\/www.altominho.tv\/site\/wp-content\/uploads\/2026\/01\/Bacalhau-a-Moncao.jpg\" \/>\n\t<meta property=\"og:image:width\" content=\"1200\" \/>\n\t<meta property=\"og:image:height\" content=\"630\" \/>\n\t<meta property=\"og:image:type\" content=\"image\/jpeg\" \/>\n<meta name=\"author\" content=\"Eduarda Cardoso\" \/>\n<meta name=\"twitter:card\" content=\"summary_large_image\" \/>\n<meta name=\"twitter:creator\" content=\"@altominhoTV\" \/>\n<meta name=\"twitter:site\" content=\"@altominhoTV\" \/>\n<meta name=\"twitter:label1\" content=\"Escrito por\" \/>\n\t<meta name=\"twitter:data1\" content=\"Eduarda Cardoso\" \/>\n\t<meta name=\"twitter:label2\" content=\"Tempo estimado de leitura\" \/>\n\t<meta name=\"twitter:data2\" content=\"2 minutos\" \/>\n<script type=\"application\/ld+json\" class=\"yoast-schema-graph\">{\"@context\":\"https:\\\/\\\/schema.org\",\"@graph\":[{\"@type\":\"Article\",\"@id\":\"https:\\\/\\\/www.altominho.tv\\\/site\\\/2026\\\/01\\\/15\\\/fim-de-semana-gastronomico-promove-o-bacalhau-a-moncao\\\/#article\",\"isPartOf\":{\"@id\":\"https:\\\/\\\/www.altominho.tv\\\/site\\\/2026\\\/01\\\/15\\\/fim-de-semana-gastronomico-promove-o-bacalhau-a-moncao\\\/\"},\"author\":{\"name\":\"Eduarda Cardoso\",\"@id\":\"https:\\\/\\\/www.altominho.tv\\\/site\\\/#\\\/schema\\\/person\\\/9e351387b727413d005ccf1152c93539\"},\"headline\":\"Fim de Semana Gastron\u00f3mico promove o Bacalhau \u00e0 Mon\u00e7\u00e3o\u00a0\",\"datePublished\":\"2026-01-15T17:51:11+00:00\",\"dateModified\":\"2026-01-15T17:51:32+00:00\",\"mainEntityOfPage\":{\"@id\":\"https:\\\/\\\/www.altominho.tv\\\/site\\\/2026\\\/01\\\/15\\\/fim-de-semana-gastronomico-promove-o-bacalhau-a-moncao\\\/\"},\"wordCount\":248,\"image\":{\"@id\":\"https:\\\/\\\/www.altominho.tv\\\/site\\\/2026\\\/01\\\/15\\\/fim-de-semana-gastronomico-promove-o-bacalhau-a-moncao\\\/#primaryimage\"},\"thumbnailUrl\":\"https:\\\/\\\/www.altominho.tv\\\/site\\\/wp-content\\\/uploads\\\/2026\\\/01\\\/Bacalhau-a-Moncao.jpg\",\"keywords\":[\"Gastronomia\"],\"articleSection\":[\"Mon\u00e7\u00e3o\"],\"inLanguage\":\"pt-PT\",\"copyrightYear\":\"2026\",\"copyrightHolder\":{\"@id\":\"https:\\\/\\\/www.altominho.tv\\\/site\\\/#organization\"}},{\"@type\":\"WebPage\",\"@id\":\"https:\\\/\\\/www.altominho.tv\\\/site\\\/2026\\\/01\\\/15\\\/fim-de-semana-gastronomico-promove-o-bacalhau-a-moncao\\\/\",\"url\":\"https:\\\/\\\/www.altominho.tv\\\/site\\\/2026\\\/01\\\/15\\\/fim-de-semana-gastronomico-promove-o-bacalhau-a-moncao\\\/\",\"name\":\"Fim de Semana Gastron\u00f3mico promove o Bacalhau \u00e0 Mon\u00e7\u00e3o\u00a0\",\"isPartOf\":{\"@id\":\"https:\\\/\\\/www.altominho.tv\\\/site\\\/#website\"},\"primaryImageOfPage\":{\"@id\":\"https:\\\/\\\/www.altominho.tv\\\/site\\\/2026\\\/01\\\/15\\\/fim-de-semana-gastronomico-promove-o-bacalhau-a-moncao\\\/#primaryimage\"},\"image\":{\"@id\":\"https:\\\/\\\/www.altominho.tv\\\/site\\\/2026\\\/01\\\/15\\\/fim-de-semana-gastronomico-promove-o-bacalhau-a-moncao\\\/#primaryimage\"},\"thumbnailUrl\":\"https:\\\/\\\/www.altominho.tv\\\/site\\\/wp-content\\\/uploads\\\/2026\\\/01\\\/Bacalhau-a-Moncao.jpg\",\"datePublished\":\"2026-01-15T17:51:11+00:00\",\"dateModified\":\"2026-01-15T17:51:32+00:00\",\"author\":{\"@id\":\"https:\\\/\\\/www.altominho.tv\\\/site\\\/#\\\/schema\\\/person\\\/9e351387b727413d005ccf1152c93539\"},\"description\":\"No pr\u00f3ximo fim de semana, dias 24 e 25 de janeiro, o munic\u00edpio de Mon\u00e7\u00e3o promove mais uma edi\u00e7\u00e3o do \u201cFim de Semana Gastron\u00f3mico\u201d, desta vez dedicado ao \u201cBacalhau \u00e0 Mon\u00e7\u00e3o\u201d.\",\"breadcrumb\":{\"@id\":\"https:\\\/\\\/www.altominho.tv\\\/site\\\/2026\\\/01\\\/15\\\/fim-de-semana-gastronomico-promove-o-bacalhau-a-moncao\\\/#breadcrumb\"},\"inLanguage\":\"pt-PT\",\"potentialAction\":[{\"@type\":\"ReadAction\",\"target\":[\"https:\\\/\\\/www.altominho.tv\\\/site\\\/2026\\\/01\\\/15\\\/fim-de-semana-gastronomico-promove-o-bacalhau-a-moncao\\\/\"]}]},{\"@type\":\"ImageObject\",\"inLanguage\":\"pt-PT\",\"@id\":\"https:\\\/\\\/www.altominho.tv\\\/site\\\/2026\\\/01\\\/15\\\/fim-de-semana-gastronomico-promove-o-bacalhau-a-moncao\\\/#primaryimage\",\"url\":\"https:\\\/\\\/www.altominho.tv\\\/site\\\/wp-content\\\/uploads\\\/2026\\\/01\\\/Bacalhau-a-Moncao.jpg\",\"contentUrl\":\"https:\\\/\\\/www.altominho.tv\\\/site\\\/wp-content\\\/uploads\\\/2026\\\/01\\\/Bacalhau-a-Moncao.jpg\",\"width\":1200,\"height\":630},{\"@type\":\"BreadcrumbList\",\"@id\":\"https:\\\/\\\/www.altominho.tv\\\/site\\\/2026\\\/01\\\/15\\\/fim-de-semana-gastronomico-promove-o-bacalhau-a-moncao\\\/#breadcrumb\",\"itemListElement\":[{\"@type\":\"ListItem\",\"position\":1,\"name\":\"In\u00edcio\",\"item\":\"https:\\\/\\\/www.altominho.tv\\\/site\\\/\"},{\"@type\":\"ListItem\",\"position\":2,\"name\":\"Fim de Semana Gastron\u00f3mico promove o Bacalhau \u00e0 Mon\u00e7\u00e3o\u00a0\"}]},{\"@type\":\"WebSite\",\"@id\":\"https:\\\/\\\/www.altominho.tv\\\/site\\\/#website\",\"url\":\"https:\\\/\\\/www.altominho.tv\\\/site\\\/\",\"name\":\"Altominho.tv\",\"description\":\"A sua regi\u00e3o \u00e0 dist\u00e2ncia de um clique...\",\"potentialAction\":[{\"@type\":\"SearchAction\",\"target\":{\"@type\":\"EntryPoint\",\"urlTemplate\":\"https:\\\/\\\/www.altominho.tv\\\/site\\\/?s={search_term_string}\"},\"query-input\":{\"@type\":\"PropertyValueSpecification\",\"valueRequired\":true,\"valueName\":\"search_term_string\"}}],\"inLanguage\":\"pt-PT\"},{\"@type\":\"Person\",\"@id\":\"https:\\\/\\\/www.altominho.tv\\\/site\\\/#\\\/schema\\\/person\\\/9e351387b727413d005ccf1152c93539\",\"name\":\"Eduarda Cardoso\",\"image\":{\"@type\":\"ImageObject\",\"inLanguage\":\"pt-PT\",\"@id\":\"https:\\\/\\\/www.altominho.tv\\\/site\\\/wp-content\\\/uploads\\\/2021\\\/01\\\/cropped-Logo-ATV_WEB-150x150.png\",\"url\":\"https:\\\/\\\/www.altominho.tv\\\/site\\\/wp-content\\\/uploads\\\/2021\\\/01\\\/cropped-Logo-ATV_WEB-150x150.png\",\"contentUrl\":\"https:\\\/\\\/www.altominho.tv\\\/site\\\/wp-content\\\/uploads\\\/2021\\\/01\\\/cropped-Logo-ATV_WEB-150x150.png\",\"caption\":\"Eduarda Cardoso\"},\"url\":\"https:\\\/\\\/www.altominho.tv\\\/site\\\/author\\\/eduarda-cardoso\\\/\"}]}<\/script>\n<!-- \/ Yoast SEO Premium plugin. -->","yoast_head_json":{"title":"Fim de Semana Gastron\u00f3mico promove o Bacalhau \u00e0 Mon\u00e7\u00e3o\u00a0","description":"No pr\u00f3ximo fim de semana, dias 24 e 25 de janeiro, o munic\u00edpio de Mon\u00e7\u00e3o promove mais uma edi\u00e7\u00e3o do \u201cFim de Semana Gastron\u00f3mico\u201d, desta vez dedicado ao \u201cBacalhau \u00e0 Mon\u00e7\u00e3o\u201d.","robots":{"index":"index","follow":"follow","max-snippet":"max-snippet:-1","max-image-preview":"max-image-preview:large","max-video-preview":"max-video-preview:-1"},"canonical":"https:\/\/www.altominho.tv\/site\/2026\/01\/15\/fim-de-semana-gastronomico-promove-o-bacalhau-a-moncao\/","og_locale":"pt_PT","og_type":"article","og_title":"Fim de Semana Gastron\u00f3mico promove o Bacalhau \u00e0 Mon\u00e7\u00e3o\u00a0","og_description":"No pr\u00f3ximo fim de semana, dias 24 e 25 de janeiro, o munic\u00edpio de Mon\u00e7\u00e3o promove mais uma edi\u00e7\u00e3o do \u201cFim de Semana Gastron\u00f3mico\u201d, desta vez dedicado ao \u201cBacalhau \u00e0 Mon\u00e7\u00e3o\u201d.","og_url":"https:\/\/www.altominho.tv\/site\/2026\/01\/15\/fim-de-semana-gastronomico-promove-o-bacalhau-a-moncao\/","og_site_name":"Altominho.tv","article_publisher":"https:\/\/www.facebook.com\/altominhotv","article_published_time":"2026-01-15T17:51:11+00:00","article_modified_time":"2026-01-15T17:51:32+00:00","og_image":[{"width":1200,"height":630,"url":"https:\/\/www.altominho.tv\/site\/wp-content\/uploads\/2026\/01\/Bacalhau-a-Moncao.jpg","type":"image\/jpeg"}],"author":"Eduarda Cardoso","twitter_card":"summary_large_image","twitter_creator":"@altominhoTV","twitter_site":"@altominhoTV","twitter_misc":{"Escrito por":"Eduarda Cardoso","Tempo estimado de leitura":"2 minutos"},"schema":{"@context":"https:\/\/schema.org","@graph":[{"@type":"Article","@id":"https:\/\/www.altominho.tv\/site\/2026\/01\/15\/fim-de-semana-gastronomico-promove-o-bacalhau-a-moncao\/#article","isPartOf":{"@id":"https:\/\/www.altominho.tv\/site\/2026\/01\/15\/fim-de-semana-gastronomico-promove-o-bacalhau-a-moncao\/"},"author":{"name":"Eduarda Cardoso","@id":"https:\/\/www.altominho.tv\/site\/#\/schema\/person\/9e351387b727413d005ccf1152c93539"},"headline":"Fim de Semana Gastron\u00f3mico promove o Bacalhau \u00e0 Mon\u00e7\u00e3o\u00a0","datePublished":"2026-01-15T17:51:11+00:00","dateModified":"2026-01-15T17:51:32+00:00","mainEntityOfPage":{"@id":"https:\/\/www.altominho.tv\/site\/2026\/01\/15\/fim-de-semana-gastronomico-promove-o-bacalhau-a-moncao\/"},"wordCount":248,"image":{"@id":"https:\/\/www.altominho.tv\/site\/2026\/01\/15\/fim-de-semana-gastronomico-promove-o-bacalhau-a-moncao\/#primaryimage"},"thumbnailUrl":"https:\/\/www.altominho.tv\/site\/wp-content\/uploads\/2026\/01\/Bacalhau-a-Moncao.jpg","keywords":["Gastronomia"],"articleSection":["Mon\u00e7\u00e3o"],"inLanguage":"pt-PT","copyrightYear":"2026","copyrightHolder":{"@id":"https:\/\/www.altominho.tv\/site\/#organization"}},{"@type":"WebPage","@id":"https:\/\/www.altominho.tv\/site\/2026\/01\/15\/fim-de-semana-gastronomico-promove-o-bacalhau-a-moncao\/","url":"https:\/\/www.altominho.tv\/site\/2026\/01\/15\/fim-de-semana-gastronomico-promove-o-bacalhau-a-moncao\/","name":"Fim de Semana Gastron\u00f3mico promove o Bacalhau \u00e0 Mon\u00e7\u00e3o\u00a0","isPartOf":{"@id":"https:\/\/www.altominho.tv\/site\/#website"},"primaryImageOfPage":{"@id":"https:\/\/www.altominho.tv\/site\/2026\/01\/15\/fim-de-semana-gastronomico-promove-o-bacalhau-a-moncao\/#primaryimage"},"image":{"@id":"https:\/\/www.altominho.tv\/site\/2026\/01\/15\/fim-de-semana-gastronomico-promove-o-bacalhau-a-moncao\/#primaryimage"},"thumbnailUrl":"https:\/\/www.altominho.tv\/site\/wp-content\/uploads\/2026\/01\/Bacalhau-a-Moncao.jpg","datePublished":"2026-01-15T17:51:11+00:00","dateModified":"2026-01-15T17:51:32+00:00","author":{"@id":"https:\/\/www.altominho.tv\/site\/#\/schema\/person\/9e351387b727413d005ccf1152c93539"},"description":"No pr\u00f3ximo fim de semana, dias 24 e 25 de janeiro, o munic\u00edpio de Mon\u00e7\u00e3o promove mais uma edi\u00e7\u00e3o do \u201cFim de Semana Gastron\u00f3mico\u201d, desta vez dedicado ao \u201cBacalhau \u00e0 Mon\u00e7\u00e3o\u201d.","breadcrumb":{"@id":"https:\/\/www.altominho.tv\/site\/2026\/01\/15\/fim-de-semana-gastronomico-promove-o-bacalhau-a-moncao\/#breadcrumb"},"inLanguage":"pt-PT","potentialAction":[{"@type":"ReadAction","target":["https:\/\/www.altominho.tv\/site\/2026\/01\/15\/fim-de-semana-gastronomico-promove-o-bacalhau-a-moncao\/"]}]},{"@type":"ImageObject","inLanguage":"pt-PT","@id":"https:\/\/www.altominho.tv\/site\/2026\/01\/15\/fim-de-semana-gastronomico-promove-o-bacalhau-a-moncao\/#primaryimage","url":"https:\/\/www.altominho.tv\/site\/wp-content\/uploads\/2026\/01\/Bacalhau-a-Moncao.jpg","contentUrl":"https:\/\/www.altominho.tv\/site\/wp-content\/uploads\/2026\/01\/Bacalhau-a-Moncao.jpg","width":1200,"height":630},{"@type":"BreadcrumbList","@id":"https:\/\/www.altominho.tv\/site\/2026\/01\/15\/fim-de-semana-gastronomico-promove-o-bacalhau-a-moncao\/#breadcrumb","itemListElement":[{"@type":"ListItem","position":1,"name":"In\u00edcio","item":"https:\/\/www.altominho.tv\/site\/"},{"@type":"ListItem","position":2,"name":"Fim de Semana Gastron\u00f3mico promove o Bacalhau \u00e0 Mon\u00e7\u00e3o\u00a0"}]},{"@type":"WebSite","@id":"https:\/\/www.altominho.tv\/site\/#website","url":"https:\/\/www.altominho.tv\/site\/","name":"Altominho.tv","description":"A sua regi\u00e3o \u00e0 dist\u00e2ncia de um clique...","potentialAction":[{"@type":"SearchAction","target":{"@type":"EntryPoint","urlTemplate":"https:\/\/www.altominho.tv\/site\/?s={search_term_string}"},"query-input":{"@type":"PropertyValueSpecification","valueRequired":true,"valueName":"search_term_string"}}],"inLanguage":"pt-PT"},{"@type":"Person","@id":"https:\/\/www.altominho.tv\/site\/#\/schema\/person\/9e351387b727413d005ccf1152c93539","name":"Eduarda Cardoso","image":{"@type":"ImageObject","inLanguage":"pt-PT","@id":"https:\/\/www.altominho.tv\/site\/wp-content\/uploads\/2021\/01\/cropped-Logo-ATV_WEB-150x150.png","url":"https:\/\/www.altominho.tv\/site\/wp-content\/uploads\/2021\/01\/cropped-Logo-ATV_WEB-150x150.png","contentUrl":"https:\/\/www.altominho.tv\/site\/wp-content\/uploads\/2021\/01\/cropped-Logo-ATV_WEB-150x150.png","caption":"Eduarda Cardoso"},"url":"https:\/\/www.altominho.tv\/site\/author\/eduarda-cardoso\/"}]}},"_links":{"self":[{"href":"https:\/\/www.altominho.tv\/site\/wp-json\/wp\/v2\/posts\/127072","targetHints":{"allow":["GET"]}}],"collection":[{"href":"https:\/\/www.altominho.tv\/site\/wp-json\/wp\/v2\/posts"}],"about":[{"href":"https:\/\/www.altominho.tv\/site\/wp-json\/wp\/v2\/types\/post"}],"author":[{"embeddable":true,"href":"https:\/\/www.altominho.tv\/site\/wp-json\/wp\/v2\/users\/30"}],"replies":[{"embeddable":true,"href":"https:\/\/www.altominho.tv\/site\/wp-json\/wp\/v2\/comments?post=127072"}],"version-history":[{"count":1,"href":"https:\/\/www.altominho.tv\/site\/wp-json\/wp\/v2\/posts\/127072\/revisions"}],"predecessor-version":[{"id":127077,"href":"https:\/\/www.altominho.tv\/site\/wp-json\/wp\/v2\/posts\/127072\/revisions\/127077"}],"wp:featuredmedia":[{"embeddable":true,"href":"https:\/\/www.altominho.tv\/site\/wp-json\/wp\/v2\/media\/127073"}],"wp:attachment":[{"href":"https:\/\/www.altominho.tv\/site\/wp-json\/wp\/v2\/media?parent=127072"}],"wp:term":[{"taxonomy":"category","embeddable":true,"href":"https:\/\/www.altominho.tv\/site\/wp-json\/wp\/v2\/categories?post=127072"},{"taxonomy":"post_tag","embeddable":true,"href":"https:\/\/www.altominho.tv\/site\/wp-json\/wp\/v2\/tags?post=127072"}],"curies":[{"name":"wp","href":"https:\/\/api.w.org\/{rel}","templated":true}]}}