{"id":127027,"date":"2026-01-14T16:23:59","date_gmt":"2026-01-14T16:23:59","guid":{"rendered":"https:\/\/www.altominho.tv\/site\/?p=127027"},"modified":"2026-01-15T10:48:41","modified_gmt":"2026-01-15T10:48:41","slug":"novo-hotel-de-cinco-estrelas-inaugurado-oficialmente-a-30-de-janeiro-em-moncao","status":"publish","type":"post","link":"https:\/\/www.altominho.tv\/site\/2026\/01\/14\/novo-hotel-de-cinco-estrelas-inaugurado-oficialmente-a-30-de-janeiro-em-moncao\/","title":{"rendered":"Novo hotel de cinco estrelas inaugurado oficialmente a 30 de janeiro em Mon\u00e7\u00e3o"},"content":{"rendered":"<p class=\"p1\">O The Vinea Collection Hotel, hotel rural de cinco estrelas localizado na Uni\u00e3o de Freguesias de Ceiv\u00e3es e Badim, em Mon\u00e7\u00e3o, ser\u00e1 inaugurado oficialmente no pr\u00f3ximo dia 30 de janeiro. Esta nova unidade pertence ao grupo Piemonte Hotels, sendo este o primeiro hotel de cinco estrelas do grupo.<\/p>\n<p class=\"p1\">A unidade hoteleira abriu portas em julho de 2025, em regime de <i>soft opening<\/i>.<\/p>\n<p class=\"p1\">O hotel est\u00e1 integrado na hist\u00f3rica Quinta da Porteleira, um solar do s\u00e9culo XVIII de influ\u00eancia barroca, e disp\u00f5e de 66 quartos. Integra ainda o restaurante Mosto, que homenageia a gastronomia local, o The 1678 Bar, de inspira\u00e7\u00e3o brit\u00e2nica, e o The Vinea Panoramic Spa, com vista panor\u00e2mica sobre a serra.<\/p>\n<p class=\"p1\">Para al\u00e9m destas comodidades, o The Vinea Collection Hotel oferece uma loja onde podem ser adquiridos vinhos e iguarias de v\u00e1rios produtores locais, bem como uma sala com capacidade para at\u00e9 120 pessoas com liga\u00e7\u00e3o a um jardim com vista para a serra.<\/p>\n<p>A cerim\u00f3nia de inaugura\u00e7\u00e3o contar\u00e1 com a presen\u00e7a do presidente da C\u00e2mara Municipal de Mon\u00e7\u00e3o, Ant\u00f3nio Barbosa, e Lu\u00eds Pedro Martins, presidente da Associa\u00e7\u00e3o de Turismo do Porto e Norte.<\/p>\n","protected":false},"excerpt":{"rendered":"<p>O The Vinea Collection Hotel, hotel rural de cinco estrelas localizado na Uni\u00e3o de Freguesias de Ceiv\u00e3es e Badim, em Mon\u00e7\u00e3o, ser\u00e1 inaugurado oficialmente no pr\u00f3ximo dia 30 de janeiro. Esta nova unidade pertence ao grupo Piemonte Hotels, sendo este o primeiro hotel de cinco estrelas do grupo. A unidade hoteleira abriu portas em julho [&hellip;]<\/p>\n","protected":false},"author":30,"featured_media":127030,"comment_status":"closed","ping_status":"closed","sticky":false,"template":"","format":"standard","meta":{"_exactmetrics_skip_tracking":false,"_exactmetrics_sitenote_active":false,"_exactmetrics_sitenote_note":"","_exactmetrics_sitenote_category":0,"footnotes":""},"categories":[9],"tags":[27],"class_list":["post-127027","post","type-post","status-publish","format-standard","has-post-thumbnail","hentry","category-moncao","tag-sociedade"],"yoast_head":"<!-- This site is optimized with the Yoast SEO Premium plugin v27.5 (Yoast SEO v27.5) - https:\/\/yoast.com\/product\/yoast-seo-premium-wordpress\/ -->\n<title>Novo hotel de cinco estrelas inaugurado oficialmente a 30 de janeiro em Mon\u00e7\u00e3o<\/title>\n<meta name=\"description\" content=\"O The Vinea Collection Hotel, hotel rural de cinco estrelas localizado na Uni\u00e3o de Freguesias de Ceiv\u00e3es e Badim, em Mon\u00e7\u00e3o, ser\u00e1 inaugurado oficialmente no pr\u00f3ximo dia 30 de janeiro.\" \/>\n<meta name=\"robots\" content=\"index, follow, max-snippet:-1, max-image-preview:large, max-video-preview:-1\" \/>\n<link rel=\"canonical\" href=\"https:\/\/www.altominho.tv\/site\/2026\/01\/14\/novo-hotel-de-cinco-estrelas-inaugurado-oficialmente-a-30-de-janeiro-em-moncao\/\" \/>\n<meta property=\"og:locale\" content=\"pt_PT\" \/>\n<meta property=\"og:type\" content=\"article\" \/>\n<meta property=\"og:title\" content=\"Novo hotel de cinco estrelas inaugurado oficialmente a 30 de janeiro em Mon\u00e7\u00e3o\" \/>\n<meta property=\"og:description\" content=\"O The Vinea Collection Hotel, hotel rural de cinco estrelas localizado na Uni\u00e3o de Freguesias de Ceiv\u00e3es e Badim, em Mon\u00e7\u00e3o, ser\u00e1 inaugurado oficialmente no pr\u00f3ximo dia 30 de janeiro.\" \/>\n<meta property=\"og:url\" content=\"https:\/\/www.altominho.tv\/site\/2026\/01\/14\/novo-hotel-de-cinco-estrelas-inaugurado-oficialmente-a-30-de-janeiro-em-moncao\/\" \/>\n<meta property=\"og:site_name\" content=\"Altominho.tv\" \/>\n<meta property=\"article:publisher\" content=\"https:\/\/www.facebook.com\/altominhotv\" \/>\n<meta property=\"article:published_time\" content=\"2026-01-14T16:23:59+00:00\" \/>\n<meta property=\"article:modified_time\" content=\"2026-01-15T10:48:41+00:00\" \/>\n<meta property=\"og:image\" content=\"https:\/\/www.altominho.tv\/site\/wp-content\/uploads\/2026\/01\/The-Vinea-Collection-Hotel.jpg\" \/>\n\t<meta property=\"og:image:width\" content=\"1200\" \/>\n\t<meta property=\"og:image:height\" content=\"630\" \/>\n\t<meta property=\"og:image:type\" content=\"image\/jpeg\" \/>\n<meta name=\"author\" content=\"Eduarda Cardoso\" \/>\n<meta name=\"twitter:card\" content=\"summary_large_image\" \/>\n<meta name=\"twitter:creator\" content=\"@altominhoTV\" \/>\n<meta name=\"twitter:site\" content=\"@altominhoTV\" \/>\n<meta name=\"twitter:label1\" content=\"Escrito por\" \/>\n\t<meta name=\"twitter:data1\" content=\"Eduarda Cardoso\" \/>\n\t<meta name=\"twitter:label2\" content=\"Tempo estimado de leitura\" \/>\n\t<meta name=\"twitter:data2\" content=\"2 minutos\" \/>\n<script type=\"application\/ld+json\" class=\"yoast-schema-graph\">{\"@context\":\"https:\\\/\\\/schema.org\",\"@graph\":[{\"@type\":\"Article\",\"@id\":\"https:\\\/\\\/www.altominho.tv\\\/site\\\/2026\\\/01\\\/14\\\/novo-hotel-de-cinco-estrelas-inaugurado-oficialmente-a-30-de-janeiro-em-moncao\\\/#article\",\"isPartOf\":{\"@id\":\"https:\\\/\\\/www.altominho.tv\\\/site\\\/2026\\\/01\\\/14\\\/novo-hotel-de-cinco-estrelas-inaugurado-oficialmente-a-30-de-janeiro-em-moncao\\\/\"},\"author\":{\"name\":\"Eduarda Cardoso\",\"@id\":\"https:\\\/\\\/www.altominho.tv\\\/site\\\/#\\\/schema\\\/person\\\/9e351387b727413d005ccf1152c93539\"},\"headline\":\"Novo hotel de cinco estrelas inaugurado oficialmente a 30 de janeiro em Mon\u00e7\u00e3o\",\"datePublished\":\"2026-01-14T16:23:59+00:00\",\"dateModified\":\"2026-01-15T10:48:41+00:00\",\"mainEntityOfPage\":{\"@id\":\"https:\\\/\\\/www.altominho.tv\\\/site\\\/2026\\\/01\\\/14\\\/novo-hotel-de-cinco-estrelas-inaugurado-oficialmente-a-30-de-janeiro-em-moncao\\\/\"},\"wordCount\":216,\"image\":{\"@id\":\"https:\\\/\\\/www.altominho.tv\\\/site\\\/2026\\\/01\\\/14\\\/novo-hotel-de-cinco-estrelas-inaugurado-oficialmente-a-30-de-janeiro-em-moncao\\\/#primaryimage\"},\"thumbnailUrl\":\"https:\\\/\\\/www.altominho.tv\\\/site\\\/wp-content\\\/uploads\\\/2026\\\/01\\\/The-Vinea-Collection-Hotel.jpg\",\"keywords\":[\"Sociedade\"],\"articleSection\":[\"Mon\u00e7\u00e3o\"],\"inLanguage\":\"pt-PT\",\"copyrightYear\":\"2026\",\"copyrightHolder\":{\"@id\":\"https:\\\/\\\/www.altominho.tv\\\/site\\\/#organization\"}},{\"@type\":\"WebPage\",\"@id\":\"https:\\\/\\\/www.altominho.tv\\\/site\\\/2026\\\/01\\\/14\\\/novo-hotel-de-cinco-estrelas-inaugurado-oficialmente-a-30-de-janeiro-em-moncao\\\/\",\"url\":\"https:\\\/\\\/www.altominho.tv\\\/site\\\/2026\\\/01\\\/14\\\/novo-hotel-de-cinco-estrelas-inaugurado-oficialmente-a-30-de-janeiro-em-moncao\\\/\",\"name\":\"Novo hotel de cinco estrelas inaugurado oficialmente a 30 de janeiro em Mon\u00e7\u00e3o\",\"isPartOf\":{\"@id\":\"https:\\\/\\\/www.altominho.tv\\\/site\\\/#website\"},\"primaryImageOfPage\":{\"@id\":\"https:\\\/\\\/www.altominho.tv\\\/site\\\/2026\\\/01\\\/14\\\/novo-hotel-de-cinco-estrelas-inaugurado-oficialmente-a-30-de-janeiro-em-moncao\\\/#primaryimage\"},\"image\":{\"@id\":\"https:\\\/\\\/www.altominho.tv\\\/site\\\/2026\\\/01\\\/14\\\/novo-hotel-de-cinco-estrelas-inaugurado-oficialmente-a-30-de-janeiro-em-moncao\\\/#primaryimage\"},\"thumbnailUrl\":\"https:\\\/\\\/www.altominho.tv\\\/site\\\/wp-content\\\/uploads\\\/2026\\\/01\\\/The-Vinea-Collection-Hotel.jpg\",\"datePublished\":\"2026-01-14T16:23:59+00:00\",\"dateModified\":\"2026-01-15T10:48:41+00:00\",\"author\":{\"@id\":\"https:\\\/\\\/www.altominho.tv\\\/site\\\/#\\\/schema\\\/person\\\/9e351387b727413d005ccf1152c93539\"},\"description\":\"O The Vinea Collection Hotel, hotel rural de cinco estrelas localizado na Uni\u00e3o de Freguesias de Ceiv\u00e3es e Badim, em Mon\u00e7\u00e3o, ser\u00e1 inaugurado oficialmente no pr\u00f3ximo dia 30 de janeiro.\",\"breadcrumb\":{\"@id\":\"https:\\\/\\\/www.altominho.tv\\\/site\\\/2026\\\/01\\\/14\\\/novo-hotel-de-cinco-estrelas-inaugurado-oficialmente-a-30-de-janeiro-em-moncao\\\/#breadcrumb\"},\"inLanguage\":\"pt-PT\",\"potentialAction\":[{\"@type\":\"ReadAction\",\"target\":[\"https:\\\/\\\/www.altominho.tv\\\/site\\\/2026\\\/01\\\/14\\\/novo-hotel-de-cinco-estrelas-inaugurado-oficialmente-a-30-de-janeiro-em-moncao\\\/\"]}]},{\"@type\":\"ImageObject\",\"inLanguage\":\"pt-PT\",\"@id\":\"https:\\\/\\\/www.altominho.tv\\\/site\\\/2026\\\/01\\\/14\\\/novo-hotel-de-cinco-estrelas-inaugurado-oficialmente-a-30-de-janeiro-em-moncao\\\/#primaryimage\",\"url\":\"https:\\\/\\\/www.altominho.tv\\\/site\\\/wp-content\\\/uploads\\\/2026\\\/01\\\/The-Vinea-Collection-Hotel.jpg\",\"contentUrl\":\"https:\\\/\\\/www.altominho.tv\\\/site\\\/wp-content\\\/uploads\\\/2026\\\/01\\\/The-Vinea-Collection-Hotel.jpg\",\"width\":1200,\"height\":630},{\"@type\":\"BreadcrumbList\",\"@id\":\"https:\\\/\\\/www.altominho.tv\\\/site\\\/2026\\\/01\\\/14\\\/novo-hotel-de-cinco-estrelas-inaugurado-oficialmente-a-30-de-janeiro-em-moncao\\\/#breadcrumb\",\"itemListElement\":[{\"@type\":\"ListItem\",\"position\":1,\"name\":\"In\u00edcio\",\"item\":\"https:\\\/\\\/www.altominho.tv\\\/site\\\/\"},{\"@type\":\"ListItem\",\"position\":2,\"name\":\"Novo hotel de cinco estrelas inaugurado oficialmente a 30 de janeiro em Mon\u00e7\u00e3o\"}]},{\"@type\":\"WebSite\",\"@id\":\"https:\\\/\\\/www.altominho.tv\\\/site\\\/#website\",\"url\":\"https:\\\/\\\/www.altominho.tv\\\/site\\\/\",\"name\":\"Altominho.tv\",\"description\":\"A sua regi\u00e3o \u00e0 dist\u00e2ncia de um clique...\",\"potentialAction\":[{\"@type\":\"SearchAction\",\"target\":{\"@type\":\"EntryPoint\",\"urlTemplate\":\"https:\\\/\\\/www.altominho.tv\\\/site\\\/?s={search_term_string}\"},\"query-input\":{\"@type\":\"PropertyValueSpecification\",\"valueRequired\":true,\"valueName\":\"search_term_string\"}}],\"inLanguage\":\"pt-PT\"},{\"@type\":\"Person\",\"@id\":\"https:\\\/\\\/www.altominho.tv\\\/site\\\/#\\\/schema\\\/person\\\/9e351387b727413d005ccf1152c93539\",\"name\":\"Eduarda Cardoso\",\"image\":{\"@type\":\"ImageObject\",\"inLanguage\":\"pt-PT\",\"@id\":\"https:\\\/\\\/www.altominho.tv\\\/site\\\/wp-content\\\/uploads\\\/2021\\\/01\\\/cropped-Logo-ATV_WEB-150x150.png\",\"url\":\"https:\\\/\\\/www.altominho.tv\\\/site\\\/wp-content\\\/uploads\\\/2021\\\/01\\\/cropped-Logo-ATV_WEB-150x150.png\",\"contentUrl\":\"https:\\\/\\\/www.altominho.tv\\\/site\\\/wp-content\\\/uploads\\\/2021\\\/01\\\/cropped-Logo-ATV_WEB-150x150.png\",\"caption\":\"Eduarda Cardoso\"},\"url\":\"https:\\\/\\\/www.altominho.tv\\\/site\\\/author\\\/eduarda-cardoso\\\/\"}]}<\/script>\n<!-- \/ Yoast SEO Premium plugin. -->","yoast_head_json":{"title":"Novo hotel de cinco estrelas inaugurado oficialmente a 30 de janeiro em Mon\u00e7\u00e3o","description":"O The Vinea Collection Hotel, hotel rural de cinco estrelas localizado na Uni\u00e3o de Freguesias de Ceiv\u00e3es e Badim, em Mon\u00e7\u00e3o, ser\u00e1 inaugurado oficialmente no pr\u00f3ximo dia 30 de janeiro.","robots":{"index":"index","follow":"follow","max-snippet":"max-snippet:-1","max-image-preview":"max-image-preview:large","max-video-preview":"max-video-preview:-1"},"canonical":"https:\/\/www.altominho.tv\/site\/2026\/01\/14\/novo-hotel-de-cinco-estrelas-inaugurado-oficialmente-a-30-de-janeiro-em-moncao\/","og_locale":"pt_PT","og_type":"article","og_title":"Novo hotel de cinco estrelas inaugurado oficialmente a 30 de janeiro em Mon\u00e7\u00e3o","og_description":"O The Vinea Collection Hotel, hotel rural de cinco estrelas localizado na Uni\u00e3o de Freguesias de Ceiv\u00e3es e Badim, em Mon\u00e7\u00e3o, ser\u00e1 inaugurado oficialmente no pr\u00f3ximo dia 30 de janeiro.","og_url":"https:\/\/www.altominho.tv\/site\/2026\/01\/14\/novo-hotel-de-cinco-estrelas-inaugurado-oficialmente-a-30-de-janeiro-em-moncao\/","og_site_name":"Altominho.tv","article_publisher":"https:\/\/www.facebook.com\/altominhotv","article_published_time":"2026-01-14T16:23:59+00:00","article_modified_time":"2026-01-15T10:48:41+00:00","og_image":[{"width":1200,"height":630,"url":"https:\/\/www.altominho.tv\/site\/wp-content\/uploads\/2026\/01\/The-Vinea-Collection-Hotel.jpg","type":"image\/jpeg"}],"author":"Eduarda Cardoso","twitter_card":"summary_large_image","twitter_creator":"@altominhoTV","twitter_site":"@altominhoTV","twitter_misc":{"Escrito por":"Eduarda Cardoso","Tempo estimado de leitura":"2 minutos"},"schema":{"@context":"https:\/\/schema.org","@graph":[{"@type":"Article","@id":"https:\/\/www.altominho.tv\/site\/2026\/01\/14\/novo-hotel-de-cinco-estrelas-inaugurado-oficialmente-a-30-de-janeiro-em-moncao\/#article","isPartOf":{"@id":"https:\/\/www.altominho.tv\/site\/2026\/01\/14\/novo-hotel-de-cinco-estrelas-inaugurado-oficialmente-a-30-de-janeiro-em-moncao\/"},"author":{"name":"Eduarda Cardoso","@id":"https:\/\/www.altominho.tv\/site\/#\/schema\/person\/9e351387b727413d005ccf1152c93539"},"headline":"Novo hotel de cinco estrelas inaugurado oficialmente a 30 de janeiro em Mon\u00e7\u00e3o","datePublished":"2026-01-14T16:23:59+00:00","dateModified":"2026-01-15T10:48:41+00:00","mainEntityOfPage":{"@id":"https:\/\/www.altominho.tv\/site\/2026\/01\/14\/novo-hotel-de-cinco-estrelas-inaugurado-oficialmente-a-30-de-janeiro-em-moncao\/"},"wordCount":216,"image":{"@id":"https:\/\/www.altominho.tv\/site\/2026\/01\/14\/novo-hotel-de-cinco-estrelas-inaugurado-oficialmente-a-30-de-janeiro-em-moncao\/#primaryimage"},"thumbnailUrl":"https:\/\/www.altominho.tv\/site\/wp-content\/uploads\/2026\/01\/The-Vinea-Collection-Hotel.jpg","keywords":["Sociedade"],"articleSection":["Mon\u00e7\u00e3o"],"inLanguage":"pt-PT","copyrightYear":"2026","copyrightHolder":{"@id":"https:\/\/www.altominho.tv\/site\/#organization"}},{"@type":"WebPage","@id":"https:\/\/www.altominho.tv\/site\/2026\/01\/14\/novo-hotel-de-cinco-estrelas-inaugurado-oficialmente-a-30-de-janeiro-em-moncao\/","url":"https:\/\/www.altominho.tv\/site\/2026\/01\/14\/novo-hotel-de-cinco-estrelas-inaugurado-oficialmente-a-30-de-janeiro-em-moncao\/","name":"Novo hotel de cinco estrelas inaugurado oficialmente a 30 de janeiro em Mon\u00e7\u00e3o","isPartOf":{"@id":"https:\/\/www.altominho.tv\/site\/#website"},"primaryImageOfPage":{"@id":"https:\/\/www.altominho.tv\/site\/2026\/01\/14\/novo-hotel-de-cinco-estrelas-inaugurado-oficialmente-a-30-de-janeiro-em-moncao\/#primaryimage"},"image":{"@id":"https:\/\/www.altominho.tv\/site\/2026\/01\/14\/novo-hotel-de-cinco-estrelas-inaugurado-oficialmente-a-30-de-janeiro-em-moncao\/#primaryimage"},"thumbnailUrl":"https:\/\/www.altominho.tv\/site\/wp-content\/uploads\/2026\/01\/The-Vinea-Collection-Hotel.jpg","datePublished":"2026-01-14T16:23:59+00:00","dateModified":"2026-01-15T10:48:41+00:00","author":{"@id":"https:\/\/www.altominho.tv\/site\/#\/schema\/person\/9e351387b727413d005ccf1152c93539"},"description":"O The Vinea Collection Hotel, hotel rural de cinco estrelas localizado na Uni\u00e3o de Freguesias de Ceiv\u00e3es e Badim, em Mon\u00e7\u00e3o, ser\u00e1 inaugurado oficialmente no pr\u00f3ximo dia 30 de janeiro.","breadcrumb":{"@id":"https:\/\/www.altominho.tv\/site\/2026\/01\/14\/novo-hotel-de-cinco-estrelas-inaugurado-oficialmente-a-30-de-janeiro-em-moncao\/#breadcrumb"},"inLanguage":"pt-PT","potentialAction":[{"@type":"ReadAction","target":["https:\/\/www.altominho.tv\/site\/2026\/01\/14\/novo-hotel-de-cinco-estrelas-inaugurado-oficialmente-a-30-de-janeiro-em-moncao\/"]}]},{"@type":"ImageObject","inLanguage":"pt-PT","@id":"https:\/\/www.altominho.tv\/site\/2026\/01\/14\/novo-hotel-de-cinco-estrelas-inaugurado-oficialmente-a-30-de-janeiro-em-moncao\/#primaryimage","url":"https:\/\/www.altominho.tv\/site\/wp-content\/uploads\/2026\/01\/The-Vinea-Collection-Hotel.jpg","contentUrl":"https:\/\/www.altominho.tv\/site\/wp-content\/uploads\/2026\/01\/The-Vinea-Collection-Hotel.jpg","width":1200,"height":630},{"@type":"BreadcrumbList","@id":"https:\/\/www.altominho.tv\/site\/2026\/01\/14\/novo-hotel-de-cinco-estrelas-inaugurado-oficialmente-a-30-de-janeiro-em-moncao\/#breadcrumb","itemListElement":[{"@type":"ListItem","position":1,"name":"In\u00edcio","item":"https:\/\/www.altominho.tv\/site\/"},{"@type":"ListItem","position":2,"name":"Novo hotel de cinco estrelas inaugurado oficialmente a 30 de janeiro em Mon\u00e7\u00e3o"}]},{"@type":"WebSite","@id":"https:\/\/www.altominho.tv\/site\/#website","url":"https:\/\/www.altominho.tv\/site\/","name":"Altominho.tv","description":"A sua regi\u00e3o \u00e0 dist\u00e2ncia de um clique...","potentialAction":[{"@type":"SearchAction","target":{"@type":"EntryPoint","urlTemplate":"https:\/\/www.altominho.tv\/site\/?s={search_term_string}"},"query-input":{"@type":"PropertyValueSpecification","valueRequired":true,"valueName":"search_term_string"}}],"inLanguage":"pt-PT"},{"@type":"Person","@id":"https:\/\/www.altominho.tv\/site\/#\/schema\/person\/9e351387b727413d005ccf1152c93539","name":"Eduarda Cardoso","image":{"@type":"ImageObject","inLanguage":"pt-PT","@id":"https:\/\/www.altominho.tv\/site\/wp-content\/uploads\/2021\/01\/cropped-Logo-ATV_WEB-150x150.png","url":"https:\/\/www.altominho.tv\/site\/wp-content\/uploads\/2021\/01\/cropped-Logo-ATV_WEB-150x150.png","contentUrl":"https:\/\/www.altominho.tv\/site\/wp-content\/uploads\/2021\/01\/cropped-Logo-ATV_WEB-150x150.png","caption":"Eduarda Cardoso"},"url":"https:\/\/www.altominho.tv\/site\/author\/eduarda-cardoso\/"}]}},"_links":{"self":[{"href":"https:\/\/www.altominho.tv\/site\/wp-json\/wp\/v2\/posts\/127027","targetHints":{"allow":["GET"]}}],"collection":[{"href":"https:\/\/www.altominho.tv\/site\/wp-json\/wp\/v2\/posts"}],"about":[{"href":"https:\/\/www.altominho.tv\/site\/wp-json\/wp\/v2\/types\/post"}],"author":[{"embeddable":true,"href":"https:\/\/www.altominho.tv\/site\/wp-json\/wp\/v2\/users\/30"}],"replies":[{"embeddable":true,"href":"https:\/\/www.altominho.tv\/site\/wp-json\/wp\/v2\/comments?post=127027"}],"version-history":[{"count":2,"href":"https:\/\/www.altominho.tv\/site\/wp-json\/wp\/v2\/posts\/127027\/revisions"}],"predecessor-version":[{"id":127052,"href":"https:\/\/www.altominho.tv\/site\/wp-json\/wp\/v2\/posts\/127027\/revisions\/127052"}],"wp:featuredmedia":[{"embeddable":true,"href":"https:\/\/www.altominho.tv\/site\/wp-json\/wp\/v2\/media\/127030"}],"wp:attachment":[{"href":"https:\/\/www.altominho.tv\/site\/wp-json\/wp\/v2\/media?parent=127027"}],"wp:term":[{"taxonomy":"category","embeddable":true,"href":"https:\/\/www.altominho.tv\/site\/wp-json\/wp\/v2\/categories?post=127027"},{"taxonomy":"post_tag","embeddable":true,"href":"https:\/\/www.altominho.tv\/site\/wp-json\/wp\/v2\/tags?post=127027"}],"curies":[{"name":"wp","href":"https:\/\/api.w.org\/{rel}","templated":true}]}}