{"id":126981,"date":"2026-01-18T21:53:15","date_gmt":"2026-01-18T21:53:15","guid":{"rendered":"https:\/\/www.altominho.tv\/site\/?p=126981"},"modified":"2026-01-18T21:53:18","modified_gmt":"2026-01-18T21:53:18","slug":"presidenciais-ponte-de-lima-da-vitoria-a-andre-ventura","status":"publish","type":"post","link":"https:\/\/www.altominho.tv\/site\/2026\/01\/18\/presidenciais-ponte-de-lima-da-vitoria-a-andre-ventura\/","title":{"rendered":"Presidenciais: Ponte de Lima d\u00e1 vit\u00f3ria a Andr\u00e9 Ventura"},"content":{"rendered":"<p class=\"p1\">Andr\u00e9 Ventura, apoiado pelo Chega, foi o candidato mais votado nas elei\u00e7\u00f5es presidenciais realizadas este domingo no concelho de Ponte de Lima, ao reunir<strong> 26,29%<\/strong> dos votos.<\/p>\n<p class=\"p1\">Em segundo lugar ficou Ant\u00f3nio Jos\u00e9 Seguro, candidato apoiado pelo PS,\u00a0 com <strong>24,22%<\/strong> da vota\u00e7\u00e3o. Luis Marques Mendes, apoiado pelo PSD-CDS\/PP, ocupou a terceira posi\u00e7\u00e3o, ao alcan\u00e7ar <strong>19,15%<\/strong> dos votos.<\/p>\n<p class=\"p1\">Seguiram-se Jo\u00e3o Cotrim de Figueiredo, apoiado pela Iniciativa Liberal, com <strong>15,46%<\/strong>, e Henrique Gouveia e Melo, candidato Independente, que obteve <strong>11,54%<\/strong>.<\/p>\n<p class=\"p1\">Registaram-se ainda <strong>1,08%<\/strong> de votos em branco e <strong>1,11%<\/strong> de votos nulos.<\/p>\n\n\n<figure class=\"wp-block-image size-large\"><img loading=\"lazy\" decoding=\"async\" width=\"1024\" height=\"758\" src=\"https:\/\/www.altominho.tv\/site\/wp-content\/uploads\/2026\/01\/Resultados_Pt.Lima_-1024x758.jpg\" alt=\"\" class=\"wp-image-127220\" srcset=\"https:\/\/www.altominho.tv\/site\/wp-content\/uploads\/2026\/01\/Resultados_Pt.Lima_-1024x758.jpg 1024w, https:\/\/www.altominho.tv\/site\/wp-content\/uploads\/2026\/01\/Resultados_Pt.Lima_-585x433.jpg 585w, https:\/\/www.altominho.tv\/site\/wp-content\/uploads\/2026\/01\/Resultados_Pt.Lima_-768x568.jpg 768w, https:\/\/www.altominho.tv\/site\/wp-content\/uploads\/2026\/01\/Resultados_Pt.Lima_-1536x1137.jpg 1536w, https:\/\/www.altominho.tv\/site\/wp-content\/uploads\/2026\/01\/Resultados_Pt.Lima_-370x274.jpg 370w, https:\/\/www.altominho.tv\/site\/wp-content\/uploads\/2026\/01\/Resultados_Pt.Lima_-270x200.jpg 270w, https:\/\/www.altominho.tv\/site\/wp-content\/uploads\/2026\/01\/Resultados_Pt.Lima_-570x422.jpg 570w, https:\/\/www.altominho.tv\/site\/wp-content\/uploads\/2026\/01\/Resultados_Pt.Lima_-740x548.jpg 740w, https:\/\/www.altominho.tv\/site\/wp-content\/uploads\/2026\/01\/Resultados_Pt.Lima_-80x60.jpg 80w, https:\/\/www.altominho.tv\/site\/wp-content\/uploads\/2026\/01\/Resultados_Pt.Lima_.jpg 1616w\" sizes=\"auto, (max-width: 1024px) 100vw, 1024px\" \/><figcaption class=\"wp-element-caption\">Screenshot<\/figcaption><\/figure>\n","protected":false},"excerpt":{"rendered":"<p>Andr\u00e9 Ventura, apoiado pelo Chega, foi o candidato mais votado nas elei\u00e7\u00f5es presidenciais realizadas este domingo no concelho de Ponte de Lima, ao reunir 26,29% dos votos. Em segundo lugar ficou Ant\u00f3nio Jos\u00e9 Seguro, candidato apoiado pelo PS,\u00a0 com 24,22% da vota\u00e7\u00e3o. Luis Marques Mendes, apoiado pelo PSD-CDS\/PP, ocupou a terceira posi\u00e7\u00e3o, ao alcan\u00e7ar 19,15% [&hellip;]<\/p>\n","protected":false},"author":1,"featured_media":127121,"comment_status":"closed","ping_status":"closed","sticky":false,"template":"","format":"standard","meta":{"_exactmetrics_skip_tracking":false,"_exactmetrics_sitenote_active":false,"_exactmetrics_sitenote_note":"","_exactmetrics_sitenote_category":0,"footnotes":""},"categories":[12],"tags":[56326],"class_list":["post-126981","post","type-post","status-publish","format-standard","has-post-thumbnail","hentry","category-ponte-de-lima","tag-politica"],"yoast_head":"<!-- This site is optimized with the Yoast SEO Premium plugin v27.5 (Yoast SEO v27.5) - https:\/\/yoast.com\/product\/yoast-seo-premium-wordpress\/ -->\n<title>Presidenciais: Ponte de Lima d\u00e1 vit\u00f3ria a Andr\u00e9 Ventura<\/title>\n<meta name=\"robots\" content=\"index, follow, max-snippet:-1, max-image-preview:large, max-video-preview:-1\" \/>\n<link rel=\"canonical\" href=\"https:\/\/www.altominho.tv\/site\/2026\/01\/18\/presidenciais-ponte-de-lima-da-vitoria-a-andre-ventura\/\" \/>\n<meta property=\"og:locale\" content=\"pt_PT\" \/>\n<meta property=\"og:type\" content=\"article\" \/>\n<meta property=\"og:title\" content=\"Presidenciais: Ponte de Lima d\u00e1 vit\u00f3ria a Andr\u00e9 Ventura\" \/>\n<meta property=\"og:description\" content=\"Andr\u00e9 Ventura, apoiado pelo Chega, foi o candidato mais votado nas elei\u00e7\u00f5es presidenciais realizadas este domingo no concelho de Ponte de Lima, ao reunir 26,29% dos votos. Em segundo lugar ficou Ant\u00f3nio Jos\u00e9 Seguro, candidato apoiado pelo PS,\u00a0 com 24,22% da vota\u00e7\u00e3o. Luis Marques Mendes, apoiado pelo PSD-CDS\/PP, ocupou a terceira posi\u00e7\u00e3o, ao alcan\u00e7ar 19,15% [&hellip;]\" \/>\n<meta property=\"og:url\" content=\"https:\/\/www.altominho.tv\/site\/2026\/01\/18\/presidenciais-ponte-de-lima-da-vitoria-a-andre-ventura\/\" \/>\n<meta property=\"og:site_name\" content=\"Altominho.tv\" \/>\n<meta property=\"article:publisher\" content=\"https:\/\/www.facebook.com\/altominhotv\" \/>\n<meta property=\"article:published_time\" content=\"2026-01-18T21:53:15+00:00\" \/>\n<meta property=\"article:modified_time\" content=\"2026-01-18T21:53:18+00:00\" \/>\n<meta property=\"og:image\" content=\"https:\/\/www.altominho.tv\/site\/wp-content\/uploads\/2026\/01\/ventura-3.png\" \/>\n\t<meta property=\"og:image:width\" content=\"1200\" \/>\n\t<meta property=\"og:image:height\" content=\"630\" \/>\n\t<meta property=\"og:image:type\" content=\"image\/png\" \/>\n<meta name=\"author\" content=\"Altominho.tv\" \/>\n<meta name=\"twitter:card\" content=\"summary_large_image\" \/>\n<meta name=\"twitter:creator\" content=\"@altominhoTV\" \/>\n<meta name=\"twitter:site\" content=\"@altominhoTV\" \/>\n<meta name=\"twitter:label1\" content=\"Escrito por\" \/>\n\t<meta name=\"twitter:data1\" content=\"Altominho.tv\" \/>\n\t<meta name=\"twitter:label2\" content=\"Tempo estimado de leitura\" \/>\n\t<meta name=\"twitter:data2\" content=\"1 minuto\" \/>\n<script type=\"application\/ld+json\" class=\"yoast-schema-graph\">{\"@context\":\"https:\\\/\\\/schema.org\",\"@graph\":[{\"@type\":\"Article\",\"@id\":\"https:\\\/\\\/www.altominho.tv\\\/site\\\/2026\\\/01\\\/18\\\/presidenciais-ponte-de-lima-da-vitoria-a-andre-ventura\\\/#article\",\"isPartOf\":{\"@id\":\"https:\\\/\\\/www.altominho.tv\\\/site\\\/2026\\\/01\\\/18\\\/presidenciais-ponte-de-lima-da-vitoria-a-andre-ventura\\\/\"},\"author\":{\"name\":\"Altominho.tv\",\"@id\":\"https:\\\/\\\/www.altominho.tv\\\/site\\\/#\\\/schema\\\/person\\\/4e536851627d7914baf3dac752b6af22\"},\"headline\":\"Presidenciais: Ponte de Lima d\u00e1 vit\u00f3ria a Andr\u00e9 Ventura\",\"datePublished\":\"2026-01-18T21:53:15+00:00\",\"dateModified\":\"2026-01-18T21:53:18+00:00\",\"mainEntityOfPage\":{\"@id\":\"https:\\\/\\\/www.altominho.tv\\\/site\\\/2026\\\/01\\\/18\\\/presidenciais-ponte-de-lima-da-vitoria-a-andre-ventura\\\/\"},\"wordCount\":101,\"image\":{\"@id\":\"https:\\\/\\\/www.altominho.tv\\\/site\\\/2026\\\/01\\\/18\\\/presidenciais-ponte-de-lima-da-vitoria-a-andre-ventura\\\/#primaryimage\"},\"thumbnailUrl\":\"https:\\\/\\\/www.altominho.tv\\\/site\\\/wp-content\\\/uploads\\\/2026\\\/01\\\/ventura-3.png\",\"keywords\":[\"Pol\u00edtica\"],\"articleSection\":[\"Ponte de Lima\"],\"inLanguage\":\"pt-PT\",\"copyrightYear\":\"2026\",\"copyrightHolder\":{\"@id\":\"https:\\\/\\\/www.altominho.tv\\\/site\\\/#organization\"}},{\"@type\":\"WebPage\",\"@id\":\"https:\\\/\\\/www.altominho.tv\\\/site\\\/2026\\\/01\\\/18\\\/presidenciais-ponte-de-lima-da-vitoria-a-andre-ventura\\\/\",\"url\":\"https:\\\/\\\/www.altominho.tv\\\/site\\\/2026\\\/01\\\/18\\\/presidenciais-ponte-de-lima-da-vitoria-a-andre-ventura\\\/\",\"name\":\"Presidenciais: Ponte de Lima d\u00e1 vit\u00f3ria a Andr\u00e9 Ventura\",\"isPartOf\":{\"@id\":\"https:\\\/\\\/www.altominho.tv\\\/site\\\/#website\"},\"primaryImageOfPage\":{\"@id\":\"https:\\\/\\\/www.altominho.tv\\\/site\\\/2026\\\/01\\\/18\\\/presidenciais-ponte-de-lima-da-vitoria-a-andre-ventura\\\/#primaryimage\"},\"image\":{\"@id\":\"https:\\\/\\\/www.altominho.tv\\\/site\\\/2026\\\/01\\\/18\\\/presidenciais-ponte-de-lima-da-vitoria-a-andre-ventura\\\/#primaryimage\"},\"thumbnailUrl\":\"https:\\\/\\\/www.altominho.tv\\\/site\\\/wp-content\\\/uploads\\\/2026\\\/01\\\/ventura-3.png\",\"datePublished\":\"2026-01-18T21:53:15+00:00\",\"dateModified\":\"2026-01-18T21:53:18+00:00\",\"author\":{\"@id\":\"https:\\\/\\\/www.altominho.tv\\\/site\\\/#\\\/schema\\\/person\\\/4e536851627d7914baf3dac752b6af22\"},\"breadcrumb\":{\"@id\":\"https:\\\/\\\/www.altominho.tv\\\/site\\\/2026\\\/01\\\/18\\\/presidenciais-ponte-de-lima-da-vitoria-a-andre-ventura\\\/#breadcrumb\"},\"inLanguage\":\"pt-PT\",\"potentialAction\":[{\"@type\":\"ReadAction\",\"target\":[\"https:\\\/\\\/www.altominho.tv\\\/site\\\/2026\\\/01\\\/18\\\/presidenciais-ponte-de-lima-da-vitoria-a-andre-ventura\\\/\"]}]},{\"@type\":\"ImageObject\",\"inLanguage\":\"pt-PT\",\"@id\":\"https:\\\/\\\/www.altominho.tv\\\/site\\\/2026\\\/01\\\/18\\\/presidenciais-ponte-de-lima-da-vitoria-a-andre-ventura\\\/#primaryimage\",\"url\":\"https:\\\/\\\/www.altominho.tv\\\/site\\\/wp-content\\\/uploads\\\/2026\\\/01\\\/ventura-3.png\",\"contentUrl\":\"https:\\\/\\\/www.altominho.tv\\\/site\\\/wp-content\\\/uploads\\\/2026\\\/01\\\/ventura-3.png\",\"width\":1200,\"height\":630},{\"@type\":\"BreadcrumbList\",\"@id\":\"https:\\\/\\\/www.altominho.tv\\\/site\\\/2026\\\/01\\\/18\\\/presidenciais-ponte-de-lima-da-vitoria-a-andre-ventura\\\/#breadcrumb\",\"itemListElement\":[{\"@type\":\"ListItem\",\"position\":1,\"name\":\"In\u00edcio\",\"item\":\"https:\\\/\\\/www.altominho.tv\\\/site\\\/\"},{\"@type\":\"ListItem\",\"position\":2,\"name\":\"Presidenciais: Ponte de Lima d\u00e1 vit\u00f3ria a Andr\u00e9 Ventura\"}]},{\"@type\":\"WebSite\",\"@id\":\"https:\\\/\\\/www.altominho.tv\\\/site\\\/#website\",\"url\":\"https:\\\/\\\/www.altominho.tv\\\/site\\\/\",\"name\":\"Altominho.tv\",\"description\":\"A sua regi\u00e3o \u00e0 dist\u00e2ncia de um clique...\",\"potentialAction\":[{\"@type\":\"SearchAction\",\"target\":{\"@type\":\"EntryPoint\",\"urlTemplate\":\"https:\\\/\\\/www.altominho.tv\\\/site\\\/?s={search_term_string}\"},\"query-input\":{\"@type\":\"PropertyValueSpecification\",\"valueRequired\":true,\"valueName\":\"search_term_string\"}}],\"inLanguage\":\"pt-PT\"},{\"@type\":\"Person\",\"@id\":\"https:\\\/\\\/www.altominho.tv\\\/site\\\/#\\\/schema\\\/person\\\/4e536851627d7914baf3dac752b6af22\",\"name\":\"Altominho.tv\",\"image\":{\"@type\":\"ImageObject\",\"inLanguage\":\"pt-PT\",\"@id\":\"https:\\\/\\\/www.altominho.tv\\\/site\\\/wp-content\\\/uploads\\\/2019\\\/11\\\/Logo_Avatar_2-150x150.jpg\",\"url\":\"https:\\\/\\\/www.altominho.tv\\\/site\\\/wp-content\\\/uploads\\\/2019\\\/11\\\/Logo_Avatar_2-150x150.jpg\",\"contentUrl\":\"https:\\\/\\\/www.altominho.tv\\\/site\\\/wp-content\\\/uploads\\\/2019\\\/11\\\/Logo_Avatar_2-150x150.jpg\",\"caption\":\"Altominho.tv\"},\"url\":\"https:\\\/\\\/www.altominho.tv\\\/site\\\/author\\\/altominhotv-tecnico\\\/\"}]}<\/script>\n<!-- \/ Yoast SEO Premium plugin. -->","yoast_head_json":{"title":"Presidenciais: Ponte de Lima d\u00e1 vit\u00f3ria a Andr\u00e9 Ventura","robots":{"index":"index","follow":"follow","max-snippet":"max-snippet:-1","max-image-preview":"max-image-preview:large","max-video-preview":"max-video-preview:-1"},"canonical":"https:\/\/www.altominho.tv\/site\/2026\/01\/18\/presidenciais-ponte-de-lima-da-vitoria-a-andre-ventura\/","og_locale":"pt_PT","og_type":"article","og_title":"Presidenciais: Ponte de Lima d\u00e1 vit\u00f3ria a Andr\u00e9 Ventura","og_description":"Andr\u00e9 Ventura, apoiado pelo Chega, foi o candidato mais votado nas elei\u00e7\u00f5es presidenciais realizadas este domingo no concelho de Ponte de Lima, ao reunir 26,29% dos votos. Em segundo lugar ficou Ant\u00f3nio Jos\u00e9 Seguro, candidato apoiado pelo PS,\u00a0 com 24,22% da vota\u00e7\u00e3o. Luis Marques Mendes, apoiado pelo PSD-CDS\/PP, ocupou a terceira posi\u00e7\u00e3o, ao alcan\u00e7ar 19,15% [&hellip;]","og_url":"https:\/\/www.altominho.tv\/site\/2026\/01\/18\/presidenciais-ponte-de-lima-da-vitoria-a-andre-ventura\/","og_site_name":"Altominho.tv","article_publisher":"https:\/\/www.facebook.com\/altominhotv","article_published_time":"2026-01-18T21:53:15+00:00","article_modified_time":"2026-01-18T21:53:18+00:00","og_image":[{"width":1200,"height":630,"url":"https:\/\/www.altominho.tv\/site\/wp-content\/uploads\/2026\/01\/ventura-3.png","type":"image\/png"}],"author":"Altominho.tv","twitter_card":"summary_large_image","twitter_creator":"@altominhoTV","twitter_site":"@altominhoTV","twitter_misc":{"Escrito por":"Altominho.tv","Tempo estimado de leitura":"1 minuto"},"schema":{"@context":"https:\/\/schema.org","@graph":[{"@type":"Article","@id":"https:\/\/www.altominho.tv\/site\/2026\/01\/18\/presidenciais-ponte-de-lima-da-vitoria-a-andre-ventura\/#article","isPartOf":{"@id":"https:\/\/www.altominho.tv\/site\/2026\/01\/18\/presidenciais-ponte-de-lima-da-vitoria-a-andre-ventura\/"},"author":{"name":"Altominho.tv","@id":"https:\/\/www.altominho.tv\/site\/#\/schema\/person\/4e536851627d7914baf3dac752b6af22"},"headline":"Presidenciais: Ponte de Lima d\u00e1 vit\u00f3ria a Andr\u00e9 Ventura","datePublished":"2026-01-18T21:53:15+00:00","dateModified":"2026-01-18T21:53:18+00:00","mainEntityOfPage":{"@id":"https:\/\/www.altominho.tv\/site\/2026\/01\/18\/presidenciais-ponte-de-lima-da-vitoria-a-andre-ventura\/"},"wordCount":101,"image":{"@id":"https:\/\/www.altominho.tv\/site\/2026\/01\/18\/presidenciais-ponte-de-lima-da-vitoria-a-andre-ventura\/#primaryimage"},"thumbnailUrl":"https:\/\/www.altominho.tv\/site\/wp-content\/uploads\/2026\/01\/ventura-3.png","keywords":["Pol\u00edtica"],"articleSection":["Ponte de Lima"],"inLanguage":"pt-PT","copyrightYear":"2026","copyrightHolder":{"@id":"https:\/\/www.altominho.tv\/site\/#organization"}},{"@type":"WebPage","@id":"https:\/\/www.altominho.tv\/site\/2026\/01\/18\/presidenciais-ponte-de-lima-da-vitoria-a-andre-ventura\/","url":"https:\/\/www.altominho.tv\/site\/2026\/01\/18\/presidenciais-ponte-de-lima-da-vitoria-a-andre-ventura\/","name":"Presidenciais: Ponte de Lima d\u00e1 vit\u00f3ria a Andr\u00e9 Ventura","isPartOf":{"@id":"https:\/\/www.altominho.tv\/site\/#website"},"primaryImageOfPage":{"@id":"https:\/\/www.altominho.tv\/site\/2026\/01\/18\/presidenciais-ponte-de-lima-da-vitoria-a-andre-ventura\/#primaryimage"},"image":{"@id":"https:\/\/www.altominho.tv\/site\/2026\/01\/18\/presidenciais-ponte-de-lima-da-vitoria-a-andre-ventura\/#primaryimage"},"thumbnailUrl":"https:\/\/www.altominho.tv\/site\/wp-content\/uploads\/2026\/01\/ventura-3.png","datePublished":"2026-01-18T21:53:15+00:00","dateModified":"2026-01-18T21:53:18+00:00","author":{"@id":"https:\/\/www.altominho.tv\/site\/#\/schema\/person\/4e536851627d7914baf3dac752b6af22"},"breadcrumb":{"@id":"https:\/\/www.altominho.tv\/site\/2026\/01\/18\/presidenciais-ponte-de-lima-da-vitoria-a-andre-ventura\/#breadcrumb"},"inLanguage":"pt-PT","potentialAction":[{"@type":"ReadAction","target":["https:\/\/www.altominho.tv\/site\/2026\/01\/18\/presidenciais-ponte-de-lima-da-vitoria-a-andre-ventura\/"]}]},{"@type":"ImageObject","inLanguage":"pt-PT","@id":"https:\/\/www.altominho.tv\/site\/2026\/01\/18\/presidenciais-ponte-de-lima-da-vitoria-a-andre-ventura\/#primaryimage","url":"https:\/\/www.altominho.tv\/site\/wp-content\/uploads\/2026\/01\/ventura-3.png","contentUrl":"https:\/\/www.altominho.tv\/site\/wp-content\/uploads\/2026\/01\/ventura-3.png","width":1200,"height":630},{"@type":"BreadcrumbList","@id":"https:\/\/www.altominho.tv\/site\/2026\/01\/18\/presidenciais-ponte-de-lima-da-vitoria-a-andre-ventura\/#breadcrumb","itemListElement":[{"@type":"ListItem","position":1,"name":"In\u00edcio","item":"https:\/\/www.altominho.tv\/site\/"},{"@type":"ListItem","position":2,"name":"Presidenciais: Ponte de Lima d\u00e1 vit\u00f3ria a Andr\u00e9 Ventura"}]},{"@type":"WebSite","@id":"https:\/\/www.altominho.tv\/site\/#website","url":"https:\/\/www.altominho.tv\/site\/","name":"Altominho.tv","description":"A sua regi\u00e3o \u00e0 dist\u00e2ncia de um clique...","potentialAction":[{"@type":"SearchAction","target":{"@type":"EntryPoint","urlTemplate":"https:\/\/www.altominho.tv\/site\/?s={search_term_string}"},"query-input":{"@type":"PropertyValueSpecification","valueRequired":true,"valueName":"search_term_string"}}],"inLanguage":"pt-PT"},{"@type":"Person","@id":"https:\/\/www.altominho.tv\/site\/#\/schema\/person\/4e536851627d7914baf3dac752b6af22","name":"Altominho.tv","image":{"@type":"ImageObject","inLanguage":"pt-PT","@id":"https:\/\/www.altominho.tv\/site\/wp-content\/uploads\/2019\/11\/Logo_Avatar_2-150x150.jpg","url":"https:\/\/www.altominho.tv\/site\/wp-content\/uploads\/2019\/11\/Logo_Avatar_2-150x150.jpg","contentUrl":"https:\/\/www.altominho.tv\/site\/wp-content\/uploads\/2019\/11\/Logo_Avatar_2-150x150.jpg","caption":"Altominho.tv"},"url":"https:\/\/www.altominho.tv\/site\/author\/altominhotv-tecnico\/"}]}},"_links":{"self":[{"href":"https:\/\/www.altominho.tv\/site\/wp-json\/wp\/v2\/posts\/126981","targetHints":{"allow":["GET"]}}],"collection":[{"href":"https:\/\/www.altominho.tv\/site\/wp-json\/wp\/v2\/posts"}],"about":[{"href":"https:\/\/www.altominho.tv\/site\/wp-json\/wp\/v2\/types\/post"}],"author":[{"embeddable":true,"href":"https:\/\/www.altominho.tv\/site\/wp-json\/wp\/v2\/users\/1"}],"replies":[{"embeddable":true,"href":"https:\/\/www.altominho.tv\/site\/wp-json\/wp\/v2\/comments?post=126981"}],"version-history":[{"count":4,"href":"https:\/\/www.altominho.tv\/site\/wp-json\/wp\/v2\/posts\/126981\/revisions"}],"predecessor-version":[{"id":127224,"href":"https:\/\/www.altominho.tv\/site\/wp-json\/wp\/v2\/posts\/126981\/revisions\/127224"}],"wp:featuredmedia":[{"embeddable":true,"href":"https:\/\/www.altominho.tv\/site\/wp-json\/wp\/v2\/media\/127121"}],"wp:attachment":[{"href":"https:\/\/www.altominho.tv\/site\/wp-json\/wp\/v2\/media?parent=126981"}],"wp:term":[{"taxonomy":"category","embeddable":true,"href":"https:\/\/www.altominho.tv\/site\/wp-json\/wp\/v2\/categories?post=126981"},{"taxonomy":"post_tag","embeddable":true,"href":"https:\/\/www.altominho.tv\/site\/wp-json\/wp\/v2\/tags?post=126981"}],"curies":[{"name":"wp","href":"https:\/\/api.w.org\/{rel}","templated":true}]}}