{"id":126956,"date":"2026-01-13T14:39:09","date_gmt":"2026-01-13T14:39:09","guid":{"rendered":"https:\/\/www.altominho.tv\/site\/?p=126956"},"modified":"2026-01-13T14:39:13","modified_gmt":"2026-01-13T14:39:13","slug":"vila-nova-de-cerveira-cerveira-exportacao","status":"publish","type":"post","link":"https:\/\/www.altominho.tv\/site\/2026\/01\/13\/vila-nova-de-cerveira-cerveira-exportacao\/","title":{"rendered":"Vila Nova de Cerveira consolida dinamismo exportador com crescimento de 10,5%"},"content":{"rendered":"\n<p>A C\u00e2mara de Vila Nova de Cerveira deu hoje nota que a autarquia &#8220;continua a afirmar-se como um concelho de forte dinamismo econ\u00f3mico, registando um crescimento de 10,5% nas exporta\u00e7\u00f5es de bens no terceiro trimestre de 2025, face ao per\u00edodo hom\u00f3logo de 2024&#8221;.<\/p>\n\n\n\n<p>Os dados que corroboram esta trajet\u00f3ria do concelho constam do mais recente relat\u00f3rio \u201cNorte Conjuntura\u201d, publicado pela Comiss\u00e3o de Coordena\u00e7\u00e3o e Desenvolvimento Regional do Norte (CCDR-N), que acompanha a evolu\u00e7\u00e3o econ\u00f3mica da regi\u00e3o Norte.<\/p>\n\n\n\n<p>Com este desempenho, &#8220;o concelho mant\u00e9m-se entre os 20 munic\u00edpios mais exportadores da Regi\u00e3o Norte, ocupando a 17.\u00aa posi\u00e7\u00e3o num universo de 86 munic\u00edpios&#8221;.<\/p>\n\n\n\n<p>De acordo com o relat\u00f3rio, dos 20 principais concelhos exportadores do Norte, onze registaram crescimento das exporta\u00e7\u00f5es no terceiro trimestre de 2025, comparativamente ao mesmo per\u00edodo do ano anterior. Entre os aumentos mais expressivos destacam-se Paredes (15,1%), e de seguida Vila Nova de Cerveira (10,5%).<\/p>\n\n\n\n<p>Para o presidente da C\u00e2mara Municipal de Vila Nova de Cerveira, Rui Teixeira,&#8221;este desempenho confirma que Vila Nova de Cerveira est\u00e1 no caminho certo&#8221;.<\/p>\n\n\n\n<p>&#8220;O crescimento sustentado das exporta\u00e7\u00f5es resulta do esfor\u00e7o, da inova\u00e7\u00e3o e da capacidade competitiva das nossas empresas, aliado ao trabalho cont\u00ednuo do Munic\u00edpio na cria\u00e7\u00e3o de condi\u00e7\u00f5es favor\u00e1veis ao investimento, \u00e0 fixa\u00e7\u00e3o de empresas e \u00e0 valoriza\u00e7\u00e3o do territ\u00f3rio nos contextos regional e nacional&#8221;, disse ainda o presidente da C\u00e2mara.<\/p>\n\n\n\n<p>A regi\u00e3o do Alto Minho apresenta igualmente um desempenho positivo, refor\u00e7ando a trajet\u00f3ria de crescimento observada no trimestre anterior, com um crescimento hom\u00f3logo de 7,7%, ap\u00f3s os 5,0% registados no segundo trimestre de 2025.<\/p>\n\n\n\n<p>A n\u00edvel regional, as exporta\u00e7\u00f5es de bens do Norte registaram uma varia\u00e7\u00e3o positiva de 0,4%, contrariando a tend\u00eancia negativa do trimestre anterior, enquanto a n\u00edvel nacional se observou uma quebra de 0,5%. Este crescimento regional foi impulsionado pelas exporta\u00e7\u00f5es para pa\u00edses da Uni\u00e3o Europeia (+2,1%), com particular destaque para os bens de capital (+5,3%).<\/p>\n","protected":false},"excerpt":{"rendered":"<p>A C\u00e2mara de Vila Nova de Cerveira deu hoje nota que a autarquia &#8220;continua a afirmar-se como um concelho de forte dinamismo econ\u00f3mico, registando um crescimento de 10,5% nas exporta\u00e7\u00f5es de bens no terceiro trimestre de 2025, face ao per\u00edodo hom\u00f3logo de 2024&#8221;. Os dados que corroboram esta trajet\u00f3ria do concelho constam do mais recente [&hellip;]<\/p>\n","protected":false},"author":7,"featured_media":126959,"comment_status":"closed","ping_status":"closed","sticky":false,"template":"","format":"standard","meta":{"_exactmetrics_skip_tracking":false,"_exactmetrics_sitenote_active":false,"_exactmetrics_sitenote_note":"","_exactmetrics_sitenote_category":0,"footnotes":""},"categories":[15],"tags":[21,27],"class_list":["post-126956","post","type-post","status-publish","format-standard","has-post-thumbnail","hentry","category-vila-nova-de-cerveira","tag-economia","tag-sociedade"],"yoast_head":"<!-- This site is optimized with the Yoast SEO Premium plugin v27.5 (Yoast SEO v27.5) - https:\/\/yoast.com\/product\/yoast-seo-premium-wordpress\/ -->\n<title>Vila Nova de Cerveira consolida dinamismo exportador com crescimento de 10,5%<\/title>\n<meta name=\"description\" content=\"Vila Nova de Cerveira consolida dinamismo exportador com crescimento de 10,5%.\" \/>\n<meta name=\"robots\" content=\"index, follow, max-snippet:-1, max-image-preview:large, max-video-preview:-1\" \/>\n<link rel=\"canonical\" href=\"https:\/\/www.altominho.tv\/site\/2026\/01\/13\/vila-nova-de-cerveira-cerveira-exportacao\/\" \/>\n<meta property=\"og:locale\" content=\"pt_PT\" \/>\n<meta property=\"og:type\" content=\"article\" \/>\n<meta property=\"og:title\" content=\"Vila Nova de Cerveira consolida dinamismo exportador com crescimento de 10,5%\" \/>\n<meta property=\"og:description\" content=\"Vila Nova de Cerveira consolida dinamismo exportador com crescimento de 10,5%.\" \/>\n<meta property=\"og:url\" content=\"https:\/\/www.altominho.tv\/site\/2026\/01\/13\/vila-nova-de-cerveira-cerveira-exportacao\/\" \/>\n<meta property=\"og:site_name\" content=\"Altominho.tv\" \/>\n<meta property=\"article:publisher\" content=\"https:\/\/www.facebook.com\/altominhotv\" \/>\n<meta property=\"article:published_time\" content=\"2026-01-13T14:39:09+00:00\" \/>\n<meta property=\"article:modified_time\" content=\"2026-01-13T14:39:13+00:00\" \/>\n<meta property=\"og:image\" content=\"https:\/\/www.altominho.tv\/site\/wp-content\/uploads\/2026\/01\/cerveira-1.png\" \/>\n\t<meta property=\"og:image:width\" content=\"1200\" \/>\n\t<meta property=\"og:image:height\" content=\"630\" \/>\n\t<meta property=\"og:image:type\" content=\"image\/png\" \/>\n<meta name=\"author\" content=\"Andreia Cunha\" \/>\n<meta name=\"twitter:card\" content=\"summary_large_image\" \/>\n<meta name=\"twitter:creator\" content=\"@altominhoTV\" \/>\n<meta name=\"twitter:site\" content=\"@altominhoTV\" \/>\n<meta name=\"twitter:label1\" content=\"Escrito por\" \/>\n\t<meta name=\"twitter:data1\" content=\"Andreia Cunha\" \/>\n\t<meta name=\"twitter:label2\" content=\"Tempo estimado de leitura\" \/>\n\t<meta name=\"twitter:data2\" content=\"2 minutos\" \/>\n<script type=\"application\/ld+json\" class=\"yoast-schema-graph\">{\"@context\":\"https:\\\/\\\/schema.org\",\"@graph\":[{\"@type\":\"Article\",\"@id\":\"https:\\\/\\\/www.altominho.tv\\\/site\\\/2026\\\/01\\\/13\\\/vila-nova-de-cerveira-cerveira-exportacao\\\/#article\",\"isPartOf\":{\"@id\":\"https:\\\/\\\/www.altominho.tv\\\/site\\\/2026\\\/01\\\/13\\\/vila-nova-de-cerveira-cerveira-exportacao\\\/\"},\"author\":{\"name\":\"Andreia Cunha\",\"@id\":\"https:\\\/\\\/www.altominho.tv\\\/site\\\/#\\\/schema\\\/person\\\/a0e4ef6d041f98ca284393d8f1d97153\"},\"headline\":\"Vila Nova de Cerveira consolida dinamismo exportador com crescimento de 10,5%\",\"datePublished\":\"2026-01-13T14:39:09+00:00\",\"dateModified\":\"2026-01-13T14:39:13+00:00\",\"mainEntityOfPage\":{\"@id\":\"https:\\\/\\\/www.altominho.tv\\\/site\\\/2026\\\/01\\\/13\\\/vila-nova-de-cerveira-cerveira-exportacao\\\/\"},\"wordCount\":346,\"image\":{\"@id\":\"https:\\\/\\\/www.altominho.tv\\\/site\\\/2026\\\/01\\\/13\\\/vila-nova-de-cerveira-cerveira-exportacao\\\/#primaryimage\"},\"thumbnailUrl\":\"https:\\\/\\\/www.altominho.tv\\\/site\\\/wp-content\\\/uploads\\\/2026\\\/01\\\/cerveira-1.png\",\"keywords\":[\"Economia\",\"Sociedade\"],\"articleSection\":[\"Vila Nova de Cerveira\"],\"inLanguage\":\"pt-PT\",\"copyrightYear\":\"2026\",\"copyrightHolder\":{\"@id\":\"https:\\\/\\\/www.altominho.tv\\\/site\\\/#organization\"}},{\"@type\":\"WebPage\",\"@id\":\"https:\\\/\\\/www.altominho.tv\\\/site\\\/2026\\\/01\\\/13\\\/vila-nova-de-cerveira-cerveira-exportacao\\\/\",\"url\":\"https:\\\/\\\/www.altominho.tv\\\/site\\\/2026\\\/01\\\/13\\\/vila-nova-de-cerveira-cerveira-exportacao\\\/\",\"name\":\"Vila Nova de Cerveira consolida dinamismo exportador com crescimento de 10,5%\",\"isPartOf\":{\"@id\":\"https:\\\/\\\/www.altominho.tv\\\/site\\\/#website\"},\"primaryImageOfPage\":{\"@id\":\"https:\\\/\\\/www.altominho.tv\\\/site\\\/2026\\\/01\\\/13\\\/vila-nova-de-cerveira-cerveira-exportacao\\\/#primaryimage\"},\"image\":{\"@id\":\"https:\\\/\\\/www.altominho.tv\\\/site\\\/2026\\\/01\\\/13\\\/vila-nova-de-cerveira-cerveira-exportacao\\\/#primaryimage\"},\"thumbnailUrl\":\"https:\\\/\\\/www.altominho.tv\\\/site\\\/wp-content\\\/uploads\\\/2026\\\/01\\\/cerveira-1.png\",\"datePublished\":\"2026-01-13T14:39:09+00:00\",\"dateModified\":\"2026-01-13T14:39:13+00:00\",\"author\":{\"@id\":\"https:\\\/\\\/www.altominho.tv\\\/site\\\/#\\\/schema\\\/person\\\/a0e4ef6d041f98ca284393d8f1d97153\"},\"description\":\"Vila Nova de Cerveira consolida dinamismo exportador com crescimento de 10,5%.\",\"breadcrumb\":{\"@id\":\"https:\\\/\\\/www.altominho.tv\\\/site\\\/2026\\\/01\\\/13\\\/vila-nova-de-cerveira-cerveira-exportacao\\\/#breadcrumb\"},\"inLanguage\":\"pt-PT\",\"potentialAction\":[{\"@type\":\"ReadAction\",\"target\":[\"https:\\\/\\\/www.altominho.tv\\\/site\\\/2026\\\/01\\\/13\\\/vila-nova-de-cerveira-cerveira-exportacao\\\/\"]}]},{\"@type\":\"ImageObject\",\"inLanguage\":\"pt-PT\",\"@id\":\"https:\\\/\\\/www.altominho.tv\\\/site\\\/2026\\\/01\\\/13\\\/vila-nova-de-cerveira-cerveira-exportacao\\\/#primaryimage\",\"url\":\"https:\\\/\\\/www.altominho.tv\\\/site\\\/wp-content\\\/uploads\\\/2026\\\/01\\\/cerveira-1.png\",\"contentUrl\":\"https:\\\/\\\/www.altominho.tv\\\/site\\\/wp-content\\\/uploads\\\/2026\\\/01\\\/cerveira-1.png\",\"width\":1200,\"height\":630},{\"@type\":\"BreadcrumbList\",\"@id\":\"https:\\\/\\\/www.altominho.tv\\\/site\\\/2026\\\/01\\\/13\\\/vila-nova-de-cerveira-cerveira-exportacao\\\/#breadcrumb\",\"itemListElement\":[{\"@type\":\"ListItem\",\"position\":1,\"name\":\"In\u00edcio\",\"item\":\"https:\\\/\\\/www.altominho.tv\\\/site\\\/\"},{\"@type\":\"ListItem\",\"position\":2,\"name\":\"Vila Nova de Cerveira consolida dinamismo exportador com crescimento de 10,5%\"}]},{\"@type\":\"WebSite\",\"@id\":\"https:\\\/\\\/www.altominho.tv\\\/site\\\/#website\",\"url\":\"https:\\\/\\\/www.altominho.tv\\\/site\\\/\",\"name\":\"Altominho.tv\",\"description\":\"A sua regi\u00e3o \u00e0 dist\u00e2ncia de um clique...\",\"potentialAction\":[{\"@type\":\"SearchAction\",\"target\":{\"@type\":\"EntryPoint\",\"urlTemplate\":\"https:\\\/\\\/www.altominho.tv\\\/site\\\/?s={search_term_string}\"},\"query-input\":{\"@type\":\"PropertyValueSpecification\",\"valueRequired\":true,\"valueName\":\"search_term_string\"}}],\"inLanguage\":\"pt-PT\"},{\"@type\":\"Person\",\"@id\":\"https:\\\/\\\/www.altominho.tv\\\/site\\\/#\\\/schema\\\/person\\\/a0e4ef6d041f98ca284393d8f1d97153\",\"name\":\"Andreia Cunha\",\"image\":{\"@type\":\"ImageObject\",\"inLanguage\":\"pt-PT\",\"@id\":\"https:\\\/\\\/www.altominho.tv\\\/site\\\/wp-content\\\/uploads\\\/2017\\\/11\\\/Andreia_Cunha-1-150x150.jpg\",\"url\":\"https:\\\/\\\/www.altominho.tv\\\/site\\\/wp-content\\\/uploads\\\/2017\\\/11\\\/Andreia_Cunha-1-150x150.jpg\",\"contentUrl\":\"https:\\\/\\\/www.altominho.tv\\\/site\\\/wp-content\\\/uploads\\\/2017\\\/11\\\/Andreia_Cunha-1-150x150.jpg\",\"caption\":\"Andreia Cunha\"},\"url\":\"https:\\\/\\\/www.altominho.tv\\\/site\\\/author\\\/andreiacunha\\\/\"}]}<\/script>\n<!-- \/ Yoast SEO Premium plugin. -->","yoast_head_json":{"title":"Vila Nova de Cerveira consolida dinamismo exportador com crescimento de 10,5%","description":"Vila Nova de Cerveira consolida dinamismo exportador com crescimento de 10,5%.","robots":{"index":"index","follow":"follow","max-snippet":"max-snippet:-1","max-image-preview":"max-image-preview:large","max-video-preview":"max-video-preview:-1"},"canonical":"https:\/\/www.altominho.tv\/site\/2026\/01\/13\/vila-nova-de-cerveira-cerveira-exportacao\/","og_locale":"pt_PT","og_type":"article","og_title":"Vila Nova de Cerveira consolida dinamismo exportador com crescimento de 10,5%","og_description":"Vila Nova de Cerveira consolida dinamismo exportador com crescimento de 10,5%.","og_url":"https:\/\/www.altominho.tv\/site\/2026\/01\/13\/vila-nova-de-cerveira-cerveira-exportacao\/","og_site_name":"Altominho.tv","article_publisher":"https:\/\/www.facebook.com\/altominhotv","article_published_time":"2026-01-13T14:39:09+00:00","article_modified_time":"2026-01-13T14:39:13+00:00","og_image":[{"width":1200,"height":630,"url":"https:\/\/www.altominho.tv\/site\/wp-content\/uploads\/2026\/01\/cerveira-1.png","type":"image\/png"}],"author":"Andreia Cunha","twitter_card":"summary_large_image","twitter_creator":"@altominhoTV","twitter_site":"@altominhoTV","twitter_misc":{"Escrito por":"Andreia Cunha","Tempo estimado de leitura":"2 minutos"},"schema":{"@context":"https:\/\/schema.org","@graph":[{"@type":"Article","@id":"https:\/\/www.altominho.tv\/site\/2026\/01\/13\/vila-nova-de-cerveira-cerveira-exportacao\/#article","isPartOf":{"@id":"https:\/\/www.altominho.tv\/site\/2026\/01\/13\/vila-nova-de-cerveira-cerveira-exportacao\/"},"author":{"name":"Andreia Cunha","@id":"https:\/\/www.altominho.tv\/site\/#\/schema\/person\/a0e4ef6d041f98ca284393d8f1d97153"},"headline":"Vila Nova de Cerveira consolida dinamismo exportador com crescimento de 10,5%","datePublished":"2026-01-13T14:39:09+00:00","dateModified":"2026-01-13T14:39:13+00:00","mainEntityOfPage":{"@id":"https:\/\/www.altominho.tv\/site\/2026\/01\/13\/vila-nova-de-cerveira-cerveira-exportacao\/"},"wordCount":346,"image":{"@id":"https:\/\/www.altominho.tv\/site\/2026\/01\/13\/vila-nova-de-cerveira-cerveira-exportacao\/#primaryimage"},"thumbnailUrl":"https:\/\/www.altominho.tv\/site\/wp-content\/uploads\/2026\/01\/cerveira-1.png","keywords":["Economia","Sociedade"],"articleSection":["Vila Nova de Cerveira"],"inLanguage":"pt-PT","copyrightYear":"2026","copyrightHolder":{"@id":"https:\/\/www.altominho.tv\/site\/#organization"}},{"@type":"WebPage","@id":"https:\/\/www.altominho.tv\/site\/2026\/01\/13\/vila-nova-de-cerveira-cerveira-exportacao\/","url":"https:\/\/www.altominho.tv\/site\/2026\/01\/13\/vila-nova-de-cerveira-cerveira-exportacao\/","name":"Vila Nova de Cerveira consolida dinamismo exportador com crescimento de 10,5%","isPartOf":{"@id":"https:\/\/www.altominho.tv\/site\/#website"},"primaryImageOfPage":{"@id":"https:\/\/www.altominho.tv\/site\/2026\/01\/13\/vila-nova-de-cerveira-cerveira-exportacao\/#primaryimage"},"image":{"@id":"https:\/\/www.altominho.tv\/site\/2026\/01\/13\/vila-nova-de-cerveira-cerveira-exportacao\/#primaryimage"},"thumbnailUrl":"https:\/\/www.altominho.tv\/site\/wp-content\/uploads\/2026\/01\/cerveira-1.png","datePublished":"2026-01-13T14:39:09+00:00","dateModified":"2026-01-13T14:39:13+00:00","author":{"@id":"https:\/\/www.altominho.tv\/site\/#\/schema\/person\/a0e4ef6d041f98ca284393d8f1d97153"},"description":"Vila Nova de Cerveira consolida dinamismo exportador com crescimento de 10,5%.","breadcrumb":{"@id":"https:\/\/www.altominho.tv\/site\/2026\/01\/13\/vila-nova-de-cerveira-cerveira-exportacao\/#breadcrumb"},"inLanguage":"pt-PT","potentialAction":[{"@type":"ReadAction","target":["https:\/\/www.altominho.tv\/site\/2026\/01\/13\/vila-nova-de-cerveira-cerveira-exportacao\/"]}]},{"@type":"ImageObject","inLanguage":"pt-PT","@id":"https:\/\/www.altominho.tv\/site\/2026\/01\/13\/vila-nova-de-cerveira-cerveira-exportacao\/#primaryimage","url":"https:\/\/www.altominho.tv\/site\/wp-content\/uploads\/2026\/01\/cerveira-1.png","contentUrl":"https:\/\/www.altominho.tv\/site\/wp-content\/uploads\/2026\/01\/cerveira-1.png","width":1200,"height":630},{"@type":"BreadcrumbList","@id":"https:\/\/www.altominho.tv\/site\/2026\/01\/13\/vila-nova-de-cerveira-cerveira-exportacao\/#breadcrumb","itemListElement":[{"@type":"ListItem","position":1,"name":"In\u00edcio","item":"https:\/\/www.altominho.tv\/site\/"},{"@type":"ListItem","position":2,"name":"Vila Nova de Cerveira consolida dinamismo exportador com crescimento de 10,5%"}]},{"@type":"WebSite","@id":"https:\/\/www.altominho.tv\/site\/#website","url":"https:\/\/www.altominho.tv\/site\/","name":"Altominho.tv","description":"A sua regi\u00e3o \u00e0 dist\u00e2ncia de um clique...","potentialAction":[{"@type":"SearchAction","target":{"@type":"EntryPoint","urlTemplate":"https:\/\/www.altominho.tv\/site\/?s={search_term_string}"},"query-input":{"@type":"PropertyValueSpecification","valueRequired":true,"valueName":"search_term_string"}}],"inLanguage":"pt-PT"},{"@type":"Person","@id":"https:\/\/www.altominho.tv\/site\/#\/schema\/person\/a0e4ef6d041f98ca284393d8f1d97153","name":"Andreia Cunha","image":{"@type":"ImageObject","inLanguage":"pt-PT","@id":"https:\/\/www.altominho.tv\/site\/wp-content\/uploads\/2017\/11\/Andreia_Cunha-1-150x150.jpg","url":"https:\/\/www.altominho.tv\/site\/wp-content\/uploads\/2017\/11\/Andreia_Cunha-1-150x150.jpg","contentUrl":"https:\/\/www.altominho.tv\/site\/wp-content\/uploads\/2017\/11\/Andreia_Cunha-1-150x150.jpg","caption":"Andreia Cunha"},"url":"https:\/\/www.altominho.tv\/site\/author\/andreiacunha\/"}]}},"_links":{"self":[{"href":"https:\/\/www.altominho.tv\/site\/wp-json\/wp\/v2\/posts\/126956","targetHints":{"allow":["GET"]}}],"collection":[{"href":"https:\/\/www.altominho.tv\/site\/wp-json\/wp\/v2\/posts"}],"about":[{"href":"https:\/\/www.altominho.tv\/site\/wp-json\/wp\/v2\/types\/post"}],"author":[{"embeddable":true,"href":"https:\/\/www.altominho.tv\/site\/wp-json\/wp\/v2\/users\/7"}],"replies":[{"embeddable":true,"href":"https:\/\/www.altominho.tv\/site\/wp-json\/wp\/v2\/comments?post=126956"}],"version-history":[{"count":1,"href":"https:\/\/www.altominho.tv\/site\/wp-json\/wp\/v2\/posts\/126956\/revisions"}],"predecessor-version":[{"id":126963,"href":"https:\/\/www.altominho.tv\/site\/wp-json\/wp\/v2\/posts\/126956\/revisions\/126963"}],"wp:featuredmedia":[{"embeddable":true,"href":"https:\/\/www.altominho.tv\/site\/wp-json\/wp\/v2\/media\/126959"}],"wp:attachment":[{"href":"https:\/\/www.altominho.tv\/site\/wp-json\/wp\/v2\/media?parent=126956"}],"wp:term":[{"taxonomy":"category","embeddable":true,"href":"https:\/\/www.altominho.tv\/site\/wp-json\/wp\/v2\/categories?post=126956"},{"taxonomy":"post_tag","embeddable":true,"href":"https:\/\/www.altominho.tv\/site\/wp-json\/wp\/v2\/tags?post=126956"}],"curies":[{"name":"wp","href":"https:\/\/api.w.org\/{rel}","templated":true}]}}