{"id":126891,"date":"2026-01-12T09:32:50","date_gmt":"2026-01-12T09:32:50","guid":{"rendered":"https:\/\/www.altominho.tv\/site\/?p=126891"},"modified":"2026-01-12T09:32:52","modified_gmt":"2026-01-12T09:32:52","slug":"alto-minho-sob-aviso-amarelo-devido-a-chuva-2","status":"publish","type":"post","link":"https:\/\/www.altominho.tv\/site\/2026\/01\/12\/alto-minho-sob-aviso-amarelo-devido-a-chuva-2\/","title":{"rendered":"Alto Minho sob aviso amarelo devido \u00e0 chuva"},"content":{"rendered":"<p class=\"p1\">O distrito de Viana do Castelo vai estar sob aviso amarelo devido \u00e0 previs\u00e3o de chuva por vezes forte, j\u00e1 a partir das 21h00 de hoje e at\u00e9 \u00e0s 09h00 de ter\u00e7a-feira, segundo o Instituto Portugu\u00eas do Mar e da Atmosfera (IPMA).<\/p>\n<p class=\"p1\">O IPMA emitiu tamb\u00e9m aviso amarelo para este distrito entre as 21h00 de hoje e as 06h00 de ter\u00e7a-feira por causa do vento, prevendo-se rajadas at\u00e9 75 quil\u00f3metros por hora (km\/h) na faixa costeira e at\u00e9 90 km\/h nas serras.<\/p>\n<p class=\"p1\">O aviso amarelo \u00e9 emitido pelo IPMA sempre que existe uma situa\u00e7\u00e3o de risco para determinadas atividades dependentes da situa\u00e7\u00e3o meteorol\u00f3gica.<\/p>\n","protected":false},"excerpt":{"rendered":"<p>O distrito de Viana do Castelo vai estar sob aviso amarelo devido \u00e0 previs\u00e3o de chuva por vezes forte, j\u00e1 a partir das 21h00 de hoje e at\u00e9 \u00e0s 09h00 de ter\u00e7a-feira, segundo o Instituto Portugu\u00eas do Mar e da Atmosfera (IPMA). O IPMA emitiu tamb\u00e9m aviso amarelo para este distrito entre as 21h00 de [&hellip;]<\/p>\n","protected":false},"author":13,"featured_media":125134,"comment_status":"closed","ping_status":"closed","sticky":false,"template":"","format":"standard","meta":{"_exactmetrics_skip_tracking":false,"_exactmetrics_sitenote_active":false,"_exactmetrics_sitenote_note":"","_exactmetrics_sitenote_category":0,"footnotes":""},"categories":[73],"tags":[27],"class_list":["post-126891","post","type-post","status-publish","format-standard","has-post-thumbnail","hentry","category-alto-minho","tag-sociedade"],"yoast_head":"<!-- This site is optimized with the Yoast SEO Premium plugin v27.5 (Yoast SEO v27.5) - https:\/\/yoast.com\/product\/yoast-seo-premium-wordpress\/ -->\n<title>Alto Minho sob aviso amarelo devido \u00e0 chuva<\/title>\n<meta name=\"description\" content=\"O distrito de Viana do Castelo vai estar sob aviso amarelo devido \u00e0 previs\u00e3o de chuva por vezes forte, j\u00e1 a partir das 21h00 de hoje e at\u00e9 \u00e0s 09h00 de ter\u00e7a-feira, segundo o Instituto Portugu\u00eas do Mar e da Atmosfera (IPMA).\" \/>\n<meta name=\"robots\" content=\"index, follow, max-snippet:-1, max-image-preview:large, max-video-preview:-1\" \/>\n<link rel=\"canonical\" href=\"https:\/\/www.altominho.tv\/site\/2026\/01\/12\/alto-minho-sob-aviso-amarelo-devido-a-chuva-2\/\" \/>\n<meta property=\"og:locale\" content=\"pt_PT\" \/>\n<meta property=\"og:type\" content=\"article\" \/>\n<meta property=\"og:title\" content=\"Alto Minho sob aviso amarelo devido \u00e0 chuva\" \/>\n<meta property=\"og:description\" content=\"O distrito de Viana do Castelo vai estar sob aviso amarelo devido \u00e0 previs\u00e3o de chuva por vezes forte, j\u00e1 a partir das 21h00 de hoje e at\u00e9 \u00e0s 09h00 de ter\u00e7a-feira, segundo o Instituto Portugu\u00eas do Mar e da Atmosfera (IPMA).\" \/>\n<meta property=\"og:url\" content=\"https:\/\/www.altominho.tv\/site\/2026\/01\/12\/alto-minho-sob-aviso-amarelo-devido-a-chuva-2\/\" \/>\n<meta property=\"og:site_name\" content=\"Altominho.tv\" \/>\n<meta property=\"article:publisher\" content=\"https:\/\/www.facebook.com\/altominhotv\" \/>\n<meta property=\"article:published_time\" content=\"2026-01-12T09:32:50+00:00\" \/>\n<meta property=\"article:modified_time\" content=\"2026-01-12T09:32:52+00:00\" \/>\n<meta property=\"og:image\" content=\"https:\/\/www.altominho.tv\/site\/wp-content\/uploads\/2025\/11\/chuva-intensa-1200-x-630-px-2.png\" \/>\n\t<meta property=\"og:image:width\" content=\"1200\" \/>\n\t<meta property=\"og:image:height\" content=\"630\" \/>\n\t<meta property=\"og:image:type\" content=\"image\/png\" \/>\n<meta name=\"author\" content=\"Lusa\" \/>\n<meta name=\"twitter:card\" content=\"summary_large_image\" \/>\n<meta name=\"twitter:creator\" content=\"@altominhoTV\" \/>\n<meta name=\"twitter:site\" content=\"@altominhoTV\" \/>\n<meta name=\"twitter:label1\" content=\"Escrito por\" \/>\n\t<meta name=\"twitter:data1\" content=\"Lusa\" \/>\n\t<meta name=\"twitter:label2\" content=\"Tempo estimado de leitura\" \/>\n\t<meta name=\"twitter:data2\" content=\"1 minuto\" \/>\n<script type=\"application\/ld+json\" class=\"yoast-schema-graph\">{\"@context\":\"https:\\\/\\\/schema.org\",\"@graph\":[{\"@type\":\"Article\",\"@id\":\"https:\\\/\\\/www.altominho.tv\\\/site\\\/2026\\\/01\\\/12\\\/alto-minho-sob-aviso-amarelo-devido-a-chuva-2\\\/#article\",\"isPartOf\":{\"@id\":\"https:\\\/\\\/www.altominho.tv\\\/site\\\/2026\\\/01\\\/12\\\/alto-minho-sob-aviso-amarelo-devido-a-chuva-2\\\/\"},\"author\":{\"name\":\"Lusa\",\"@id\":\"https:\\\/\\\/www.altominho.tv\\\/site\\\/#\\\/schema\\\/person\\\/63f693da3e1899361cbe955c46f3232e\"},\"headline\":\"Alto Minho sob aviso amarelo devido \u00e0 chuva\",\"datePublished\":\"2026-01-12T09:32:50+00:00\",\"dateModified\":\"2026-01-12T09:32:52+00:00\",\"mainEntityOfPage\":{\"@id\":\"https:\\\/\\\/www.altominho.tv\\\/site\\\/2026\\\/01\\\/12\\\/alto-minho-sob-aviso-amarelo-devido-a-chuva-2\\\/\"},\"wordCount\":117,\"image\":{\"@id\":\"https:\\\/\\\/www.altominho.tv\\\/site\\\/2026\\\/01\\\/12\\\/alto-minho-sob-aviso-amarelo-devido-a-chuva-2\\\/#primaryimage\"},\"thumbnailUrl\":\"https:\\\/\\\/www.altominho.tv\\\/site\\\/wp-content\\\/uploads\\\/2025\\\/11\\\/chuva-intensa-1200-x-630-px-2.png\",\"keywords\":[\"Sociedade\"],\"articleSection\":[\"Alto Minho\"],\"inLanguage\":\"pt-PT\",\"copyrightYear\":\"2026\",\"copyrightHolder\":{\"@id\":\"https:\\\/\\\/www.altominho.tv\\\/site\\\/#organization\"}},{\"@type\":\"WebPage\",\"@id\":\"https:\\\/\\\/www.altominho.tv\\\/site\\\/2026\\\/01\\\/12\\\/alto-minho-sob-aviso-amarelo-devido-a-chuva-2\\\/\",\"url\":\"https:\\\/\\\/www.altominho.tv\\\/site\\\/2026\\\/01\\\/12\\\/alto-minho-sob-aviso-amarelo-devido-a-chuva-2\\\/\",\"name\":\"Alto Minho sob aviso amarelo devido \u00e0 chuva\",\"isPartOf\":{\"@id\":\"https:\\\/\\\/www.altominho.tv\\\/site\\\/#website\"},\"primaryImageOfPage\":{\"@id\":\"https:\\\/\\\/www.altominho.tv\\\/site\\\/2026\\\/01\\\/12\\\/alto-minho-sob-aviso-amarelo-devido-a-chuva-2\\\/#primaryimage\"},\"image\":{\"@id\":\"https:\\\/\\\/www.altominho.tv\\\/site\\\/2026\\\/01\\\/12\\\/alto-minho-sob-aviso-amarelo-devido-a-chuva-2\\\/#primaryimage\"},\"thumbnailUrl\":\"https:\\\/\\\/www.altominho.tv\\\/site\\\/wp-content\\\/uploads\\\/2025\\\/11\\\/chuva-intensa-1200-x-630-px-2.png\",\"datePublished\":\"2026-01-12T09:32:50+00:00\",\"dateModified\":\"2026-01-12T09:32:52+00:00\",\"author\":{\"@id\":\"https:\\\/\\\/www.altominho.tv\\\/site\\\/#\\\/schema\\\/person\\\/63f693da3e1899361cbe955c46f3232e\"},\"description\":\"O distrito de Viana do Castelo vai estar sob aviso amarelo devido \u00e0 previs\u00e3o de chuva por vezes forte, j\u00e1 a partir das 21h00 de hoje e at\u00e9 \u00e0s 09h00 de ter\u00e7a-feira, segundo o Instituto Portugu\u00eas do Mar e da Atmosfera (IPMA).\",\"breadcrumb\":{\"@id\":\"https:\\\/\\\/www.altominho.tv\\\/site\\\/2026\\\/01\\\/12\\\/alto-minho-sob-aviso-amarelo-devido-a-chuva-2\\\/#breadcrumb\"},\"inLanguage\":\"pt-PT\",\"potentialAction\":[{\"@type\":\"ReadAction\",\"target\":[\"https:\\\/\\\/www.altominho.tv\\\/site\\\/2026\\\/01\\\/12\\\/alto-minho-sob-aviso-amarelo-devido-a-chuva-2\\\/\"]}]},{\"@type\":\"ImageObject\",\"inLanguage\":\"pt-PT\",\"@id\":\"https:\\\/\\\/www.altominho.tv\\\/site\\\/2026\\\/01\\\/12\\\/alto-minho-sob-aviso-amarelo-devido-a-chuva-2\\\/#primaryimage\",\"url\":\"https:\\\/\\\/www.altominho.tv\\\/site\\\/wp-content\\\/uploads\\\/2025\\\/11\\\/chuva-intensa-1200-x-630-px-2.png\",\"contentUrl\":\"https:\\\/\\\/www.altominho.tv\\\/site\\\/wp-content\\\/uploads\\\/2025\\\/11\\\/chuva-intensa-1200-x-630-px-2.png\",\"width\":1200,\"height\":630},{\"@type\":\"BreadcrumbList\",\"@id\":\"https:\\\/\\\/www.altominho.tv\\\/site\\\/2026\\\/01\\\/12\\\/alto-minho-sob-aviso-amarelo-devido-a-chuva-2\\\/#breadcrumb\",\"itemListElement\":[{\"@type\":\"ListItem\",\"position\":1,\"name\":\"In\u00edcio\",\"item\":\"https:\\\/\\\/www.altominho.tv\\\/site\\\/\"},{\"@type\":\"ListItem\",\"position\":2,\"name\":\"Alto Minho sob aviso amarelo devido \u00e0 chuva\"}]},{\"@type\":\"WebSite\",\"@id\":\"https:\\\/\\\/www.altominho.tv\\\/site\\\/#website\",\"url\":\"https:\\\/\\\/www.altominho.tv\\\/site\\\/\",\"name\":\"Altominho.tv\",\"description\":\"A sua regi\u00e3o \u00e0 dist\u00e2ncia de um clique...\",\"potentialAction\":[{\"@type\":\"SearchAction\",\"target\":{\"@type\":\"EntryPoint\",\"urlTemplate\":\"https:\\\/\\\/www.altominho.tv\\\/site\\\/?s={search_term_string}\"},\"query-input\":{\"@type\":\"PropertyValueSpecification\",\"valueRequired\":true,\"valueName\":\"search_term_string\"}}],\"inLanguage\":\"pt-PT\"},{\"@type\":\"Person\",\"@id\":\"https:\\\/\\\/www.altominho.tv\\\/site\\\/#\\\/schema\\\/person\\\/63f693da3e1899361cbe955c46f3232e\",\"name\":\"Lusa\",\"image\":{\"@type\":\"ImageObject\",\"inLanguage\":\"pt-PT\",\"@id\":\"https:\\\/\\\/www.altominho.tv\\\/site\\\/wp-content\\\/uploads\\\/2019\\\/08\\\/LUSA_Logo.gif\",\"url\":\"https:\\\/\\\/www.altominho.tv\\\/site\\\/wp-content\\\/uploads\\\/2019\\\/08\\\/LUSA_Logo.gif\",\"contentUrl\":\"https:\\\/\\\/www.altominho.tv\\\/site\\\/wp-content\\\/uploads\\\/2019\\\/08\\\/LUSA_Logo.gif\",\"caption\":\"Lusa\"},\"sameAs\":[\"http:\\\/\\\/\\\/\\\/www.altominho.tv\\\/site\"],\"url\":\"https:\\\/\\\/www.altominho.tv\\\/site\\\/author\\\/lusa\\\/\"}]}<\/script>\n<!-- \/ Yoast SEO Premium plugin. -->","yoast_head_json":{"title":"Alto Minho sob aviso amarelo devido \u00e0 chuva","description":"O distrito de Viana do Castelo vai estar sob aviso amarelo devido \u00e0 previs\u00e3o de chuva por vezes forte, j\u00e1 a partir das 21h00 de hoje e at\u00e9 \u00e0s 09h00 de ter\u00e7a-feira, segundo o Instituto Portugu\u00eas do Mar e da Atmosfera (IPMA).","robots":{"index":"index","follow":"follow","max-snippet":"max-snippet:-1","max-image-preview":"max-image-preview:large","max-video-preview":"max-video-preview:-1"},"canonical":"https:\/\/www.altominho.tv\/site\/2026\/01\/12\/alto-minho-sob-aviso-amarelo-devido-a-chuva-2\/","og_locale":"pt_PT","og_type":"article","og_title":"Alto Minho sob aviso amarelo devido \u00e0 chuva","og_description":"O distrito de Viana do Castelo vai estar sob aviso amarelo devido \u00e0 previs\u00e3o de chuva por vezes forte, j\u00e1 a partir das 21h00 de hoje e at\u00e9 \u00e0s 09h00 de ter\u00e7a-feira, segundo o Instituto Portugu\u00eas do Mar e da Atmosfera (IPMA).","og_url":"https:\/\/www.altominho.tv\/site\/2026\/01\/12\/alto-minho-sob-aviso-amarelo-devido-a-chuva-2\/","og_site_name":"Altominho.tv","article_publisher":"https:\/\/www.facebook.com\/altominhotv","article_published_time":"2026-01-12T09:32:50+00:00","article_modified_time":"2026-01-12T09:32:52+00:00","og_image":[{"width":1200,"height":630,"url":"https:\/\/www.altominho.tv\/site\/wp-content\/uploads\/2025\/11\/chuva-intensa-1200-x-630-px-2.png","type":"image\/png"}],"author":"Lusa","twitter_card":"summary_large_image","twitter_creator":"@altominhoTV","twitter_site":"@altominhoTV","twitter_misc":{"Escrito por":"Lusa","Tempo estimado de leitura":"1 minuto"},"schema":{"@context":"https:\/\/schema.org","@graph":[{"@type":"Article","@id":"https:\/\/www.altominho.tv\/site\/2026\/01\/12\/alto-minho-sob-aviso-amarelo-devido-a-chuva-2\/#article","isPartOf":{"@id":"https:\/\/www.altominho.tv\/site\/2026\/01\/12\/alto-minho-sob-aviso-amarelo-devido-a-chuva-2\/"},"author":{"name":"Lusa","@id":"https:\/\/www.altominho.tv\/site\/#\/schema\/person\/63f693da3e1899361cbe955c46f3232e"},"headline":"Alto Minho sob aviso amarelo devido \u00e0 chuva","datePublished":"2026-01-12T09:32:50+00:00","dateModified":"2026-01-12T09:32:52+00:00","mainEntityOfPage":{"@id":"https:\/\/www.altominho.tv\/site\/2026\/01\/12\/alto-minho-sob-aviso-amarelo-devido-a-chuva-2\/"},"wordCount":117,"image":{"@id":"https:\/\/www.altominho.tv\/site\/2026\/01\/12\/alto-minho-sob-aviso-amarelo-devido-a-chuva-2\/#primaryimage"},"thumbnailUrl":"https:\/\/www.altominho.tv\/site\/wp-content\/uploads\/2025\/11\/chuva-intensa-1200-x-630-px-2.png","keywords":["Sociedade"],"articleSection":["Alto Minho"],"inLanguage":"pt-PT","copyrightYear":"2026","copyrightHolder":{"@id":"https:\/\/www.altominho.tv\/site\/#organization"}},{"@type":"WebPage","@id":"https:\/\/www.altominho.tv\/site\/2026\/01\/12\/alto-minho-sob-aviso-amarelo-devido-a-chuva-2\/","url":"https:\/\/www.altominho.tv\/site\/2026\/01\/12\/alto-minho-sob-aviso-amarelo-devido-a-chuva-2\/","name":"Alto Minho sob aviso amarelo devido \u00e0 chuva","isPartOf":{"@id":"https:\/\/www.altominho.tv\/site\/#website"},"primaryImageOfPage":{"@id":"https:\/\/www.altominho.tv\/site\/2026\/01\/12\/alto-minho-sob-aviso-amarelo-devido-a-chuva-2\/#primaryimage"},"image":{"@id":"https:\/\/www.altominho.tv\/site\/2026\/01\/12\/alto-minho-sob-aviso-amarelo-devido-a-chuva-2\/#primaryimage"},"thumbnailUrl":"https:\/\/www.altominho.tv\/site\/wp-content\/uploads\/2025\/11\/chuva-intensa-1200-x-630-px-2.png","datePublished":"2026-01-12T09:32:50+00:00","dateModified":"2026-01-12T09:32:52+00:00","author":{"@id":"https:\/\/www.altominho.tv\/site\/#\/schema\/person\/63f693da3e1899361cbe955c46f3232e"},"description":"O distrito de Viana do Castelo vai estar sob aviso amarelo devido \u00e0 previs\u00e3o de chuva por vezes forte, j\u00e1 a partir das 21h00 de hoje e at\u00e9 \u00e0s 09h00 de ter\u00e7a-feira, segundo o Instituto Portugu\u00eas do Mar e da Atmosfera (IPMA).","breadcrumb":{"@id":"https:\/\/www.altominho.tv\/site\/2026\/01\/12\/alto-minho-sob-aviso-amarelo-devido-a-chuva-2\/#breadcrumb"},"inLanguage":"pt-PT","potentialAction":[{"@type":"ReadAction","target":["https:\/\/www.altominho.tv\/site\/2026\/01\/12\/alto-minho-sob-aviso-amarelo-devido-a-chuva-2\/"]}]},{"@type":"ImageObject","inLanguage":"pt-PT","@id":"https:\/\/www.altominho.tv\/site\/2026\/01\/12\/alto-minho-sob-aviso-amarelo-devido-a-chuva-2\/#primaryimage","url":"https:\/\/www.altominho.tv\/site\/wp-content\/uploads\/2025\/11\/chuva-intensa-1200-x-630-px-2.png","contentUrl":"https:\/\/www.altominho.tv\/site\/wp-content\/uploads\/2025\/11\/chuva-intensa-1200-x-630-px-2.png","width":1200,"height":630},{"@type":"BreadcrumbList","@id":"https:\/\/www.altominho.tv\/site\/2026\/01\/12\/alto-minho-sob-aviso-amarelo-devido-a-chuva-2\/#breadcrumb","itemListElement":[{"@type":"ListItem","position":1,"name":"In\u00edcio","item":"https:\/\/www.altominho.tv\/site\/"},{"@type":"ListItem","position":2,"name":"Alto Minho sob aviso amarelo devido \u00e0 chuva"}]},{"@type":"WebSite","@id":"https:\/\/www.altominho.tv\/site\/#website","url":"https:\/\/www.altominho.tv\/site\/","name":"Altominho.tv","description":"A sua regi\u00e3o \u00e0 dist\u00e2ncia de um clique...","potentialAction":[{"@type":"SearchAction","target":{"@type":"EntryPoint","urlTemplate":"https:\/\/www.altominho.tv\/site\/?s={search_term_string}"},"query-input":{"@type":"PropertyValueSpecification","valueRequired":true,"valueName":"search_term_string"}}],"inLanguage":"pt-PT"},{"@type":"Person","@id":"https:\/\/www.altominho.tv\/site\/#\/schema\/person\/63f693da3e1899361cbe955c46f3232e","name":"Lusa","image":{"@type":"ImageObject","inLanguage":"pt-PT","@id":"https:\/\/www.altominho.tv\/site\/wp-content\/uploads\/2019\/08\/LUSA_Logo.gif","url":"https:\/\/www.altominho.tv\/site\/wp-content\/uploads\/2019\/08\/LUSA_Logo.gif","contentUrl":"https:\/\/www.altominho.tv\/site\/wp-content\/uploads\/2019\/08\/LUSA_Logo.gif","caption":"Lusa"},"sameAs":["http:\/\/\/\/www.altominho.tv\/site"],"url":"https:\/\/www.altominho.tv\/site\/author\/lusa\/"}]}},"_links":{"self":[{"href":"https:\/\/www.altominho.tv\/site\/wp-json\/wp\/v2\/posts\/126891","targetHints":{"allow":["GET"]}}],"collection":[{"href":"https:\/\/www.altominho.tv\/site\/wp-json\/wp\/v2\/posts"}],"about":[{"href":"https:\/\/www.altominho.tv\/site\/wp-json\/wp\/v2\/types\/post"}],"author":[{"embeddable":true,"href":"https:\/\/www.altominho.tv\/site\/wp-json\/wp\/v2\/users\/13"}],"replies":[{"embeddable":true,"href":"https:\/\/www.altominho.tv\/site\/wp-json\/wp\/v2\/comments?post=126891"}],"version-history":[{"count":1,"href":"https:\/\/www.altominho.tv\/site\/wp-json\/wp\/v2\/posts\/126891\/revisions"}],"predecessor-version":[{"id":126892,"href":"https:\/\/www.altominho.tv\/site\/wp-json\/wp\/v2\/posts\/126891\/revisions\/126892"}],"wp:featuredmedia":[{"embeddable":true,"href":"https:\/\/www.altominho.tv\/site\/wp-json\/wp\/v2\/media\/125134"}],"wp:attachment":[{"href":"https:\/\/www.altominho.tv\/site\/wp-json\/wp\/v2\/media?parent=126891"}],"wp:term":[{"taxonomy":"category","embeddable":true,"href":"https:\/\/www.altominho.tv\/site\/wp-json\/wp\/v2\/categories?post=126891"},{"taxonomy":"post_tag","embeddable":true,"href":"https:\/\/www.altominho.tv\/site\/wp-json\/wp\/v2\/tags?post=126891"}],"curies":[{"name":"wp","href":"https:\/\/api.w.org\/{rel}","templated":true}]}}